{"id":130214,"date":"2015-06-05T11:00:33","date_gmt":"2015-06-05T14:00:33","guid":{"rendered":"http:\/\/www.agrund.com\/?p=130214"},"modified":"2015-06-05T10:57:27","modified_gmt":"2015-06-05T13:57:27","slug":"desfile-gucci-desfila-em-nova-york","status":"publish","type":"post","link":"https:\/\/agrund.com\/index.php\/desfile-gucci-desfila-em-nova-york\/","title":{"rendered":"Desfile :: Gucci desfila em Nova York"},"content":{"rendered":"<p>Por Arlindo Grund<\/p>\n<p>A Gucci mais uma vez causou frisson no mundo da moda. A apresenta\u00e7\u00e3o da cole\u00e7\u00e3o Resort 2016 aconteceu em Nova York num clima bem vintage &#8211; anos 60 e depois viajando para os anos 70. Esse foi o primeiro desfile de Alessandro Michele depois de Frida Giannini ter comandado a casa italiana por 10 anos.<\/p>\n<p>As estampas em cores mais s\u00f3brias apareceram com efeitos \u00f3ticos. Uma \u00f3tima maneira de revisitar os arquivos da marca, mas com um olhar para o consumidor jovem que frequenta o jet set. Bordados tamb\u00e9m n\u00e3o faltaram nessa cole\u00e7\u00e3o que privilegiou, ainda, an\u00e9is e brincos. A logomarca aparece em metal com textura de animal, que ali\u00e1s, traz a sensualidade que foi quase perdida na d\u00e9cada inspiradora. E a\u00ed cabem muitas transpar\u00eancias e rendas delicadas.<br \/>\nDepois a viagem continua nos anos 70, onde o streetwear e o esportivo se firmam nas produ\u00e7\u00f5es mais descoladas da \u00e9poca. O estilista italiano recria essa atmosfera e mostra boas combina\u00e7\u00f5es com cara de antigas, mas com informa\u00e7\u00f5es bem contempor\u00e2neas.\u00a0Mas acho o mais importante \u00e9 que mesmo trazendo uma nova identidade para a marca, Alesandro Michele, tanto nas propostas masculinas quanto femininas, faz voc\u00ea enxergar o DNA Gucci e toda essa aura de glamour que clientes mundo afora pedem e \u201cnecessitam\u201d. Confiram algumas imagens do desfile!<\/p>\n<div id=\"attachment_130215\" style=\"width: 560px\" class=\"wp-caption aligncenter\"><a href=\"https:\/\/i0.wp.com\/www.agrund.com\/wp-content\/uploads\/sites\/6\/2015\/06\/Gucci-1.jpg\"><img aria-describedby=\"caption-attachment-130215\" data-attachment-id=\"130215\" data-permalink=\"https:\/\/agrund.com\/index.php\/desfile-gucci-desfila-em-nova-york\/gucci-1-4\/\" data-orig-file=\"https:\/\/i0.wp.com\/agrund.com\/wp-content\/uploads\/sites\/6\/2015\/06\/Gucci-1.jpg?fit=1366%2C2048&amp;ssl=1\" data-orig-size=\"1366,2048\" data-comments-opened=\"1\" data-image-meta=\"{&quot;aperture&quot;:&quot;0&quot;,&quot;credit&quot;:&quot;&quot;,&quot;camera&quot;:&quot;&quot;,&quot;caption&quot;:&quot;&quot;,&quot;created_timestamp&quot;:&quot;0&quot;,&quot;copyright&quot;:&quot;Photo: Courtesy of Gucci&quot;,&quot;focal_length&quot;:&quot;0&quot;,&quot;iso&quot;:&quot;0&quot;,&quot;shutter_speed&quot;:&quot;0&quot;,&quot;title&quot;:&quot;&quot;,&quot;orientation&quot;:&quot;0&quot;}\" data-image-title=\"Desfile :: Gucci desfila em Nova York\" data-image-description=\"\" data-image-caption=\"&lt;p&gt;Desfile :: Gucci desfila em Nova York &lt;\/p&gt;\n\" data-medium-file=\"https:\/\/i0.wp.com\/agrund.com\/wp-content\/uploads\/sites\/6\/2015\/06\/Gucci-1.jpg?fit=200%2C300&amp;ssl=1\" data-large-file=\"https:\/\/i0.wp.com\/agrund.com\/wp-content\/uploads\/sites\/6\/2015\/06\/Gucci-1.jpg?fit=683%2C1024&amp;ssl=1\" decoding=\"async\" loading=\"lazy\" class=\"wp-image-130215\" src=\"https:\/\/i0.wp.com\/www.agrund.com\/wp-content\/uploads\/sites\/6\/2015\/06\/Gucci-1.jpg?resize=550%2C825\" alt=\"Desfile :: Gucci desfila em Nova York \" width=\"550\" height=\"825\" srcset=\"https:\/\/i0.wp.com\/agrund.com\/wp-content\/uploads\/sites\/6\/2015\/06\/Gucci-1.jpg?w=1366&amp;ssl=1 1366w, https:\/\/i0.wp.com\/agrund.com\/wp-content\/uploads\/sites\/6\/2015\/06\/Gucci-1.jpg?resize=200%2C300&amp;ssl=1 200w, https:\/\/i0.wp.com\/agrund.com\/wp-content\/uploads\/sites\/6\/2015\/06\/Gucci-1.jpg?resize=683%2C1024&amp;ssl=1 683w\" sizes=\"(max-width: 550px) 100vw, 550px\" data-recalc-dims=\"1\" \/><\/a><p id=\"caption-attachment-130215\" class=\"wp-caption-text\">Desfile :: Gucci desfila em Nova York<\/p><\/div>\n<div id=\"attachment_130216\" style=\"width: 560px\" class=\"wp-caption aligncenter\"><a href=\"https:\/\/i0.wp.com\/www.agrund.com\/wp-content\/uploads\/sites\/6\/2015\/06\/Gucci-2-H.jpg\"><img aria-describedby=\"caption-attachment-130216\" data-attachment-id=\"130216\" data-permalink=\"https:\/\/agrund.com\/index.php\/desfile-gucci-desfila-em-nova-york\/gucci-2-h\/\" data-orig-file=\"https:\/\/i0.wp.com\/agrund.com\/wp-content\/uploads\/sites\/6\/2015\/06\/Gucci-2-H.jpg?fit=1366%2C2048&amp;ssl=1\" data-orig-size=\"1366,2048\" data-comments-opened=\"1\" data-image-meta=\"{&quot;aperture&quot;:&quot;0&quot;,&quot;credit&quot;:&quot;&quot;,&quot;camera&quot;:&quot;&quot;,&quot;caption&quot;:&quot;&quot;,&quot;created_timestamp&quot;:&quot;0&quot;,&quot;copyright&quot;:&quot;Photo: Courtesy of Gucci&quot;,&quot;focal_length&quot;:&quot;0&quot;,&quot;iso&quot;:&quot;0&quot;,&quot;shutter_speed&quot;:&quot;0&quot;,&quot;title&quot;:&quot;&quot;,&quot;orientation&quot;:&quot;0&quot;}\" data-image-title=\"Desfile :: Gucci desfila em Nova York\" data-image-description=\"\" data-image-caption=\"&lt;p&gt;Desfile :: Gucci desfila em Nova York &lt;\/p&gt;\n\" data-medium-file=\"https:\/\/i0.wp.com\/agrund.com\/wp-content\/uploads\/sites\/6\/2015\/06\/Gucci-2-H.jpg?fit=200%2C300&amp;ssl=1\" data-large-file=\"https:\/\/i0.wp.com\/agrund.com\/wp-content\/uploads\/sites\/6\/2015\/06\/Gucci-2-H.jpg?fit=683%2C1024&amp;ssl=1\" decoding=\"async\" loading=\"lazy\" class=\"wp-image-130216\" src=\"https:\/\/i0.wp.com\/www.agrund.com\/wp-content\/uploads\/sites\/6\/2015\/06\/Gucci-2-H.jpg?resize=550%2C825\" alt=\"Desfile :: Gucci desfila em Nova York \" width=\"550\" height=\"825\" srcset=\"https:\/\/i0.wp.com\/agrund.com\/wp-content\/uploads\/sites\/6\/2015\/06\/Gucci-2-H.jpg?w=1366&amp;ssl=1 1366w, https:\/\/i0.wp.com\/agrund.com\/wp-content\/uploads\/sites\/6\/2015\/06\/Gucci-2-H.jpg?resize=200%2C300&amp;ssl=1 200w, https:\/\/i0.wp.com\/agrund.com\/wp-content\/uploads\/sites\/6\/2015\/06\/Gucci-2-H.jpg?resize=683%2C1024&amp;ssl=1 683w\" sizes=\"(max-width: 550px) 100vw, 550px\" data-recalc-dims=\"1\" \/><\/a><p id=\"caption-attachment-130216\" class=\"wp-caption-text\">Desfile :: Gucci desfila em Nova York<\/p><\/div>\n<div id=\"attachment_130217\" style=\"width: 560px\" class=\"wp-caption aligncenter\"><a href=\"https:\/\/i0.wp.com\/www.agrund.com\/wp-content\/uploads\/sites\/6\/2015\/06\/Gucci-2.jpg\"><img aria-describedby=\"caption-attachment-130217\" data-attachment-id=\"130217\" data-permalink=\"https:\/\/agrund.com\/index.php\/desfile-gucci-desfila-em-nova-york\/gucci-2-4\/\" data-orig-file=\"https:\/\/i0.wp.com\/agrund.com\/wp-content\/uploads\/sites\/6\/2015\/06\/Gucci-2.jpg?fit=1366%2C2048&amp;ssl=1\" data-orig-size=\"1366,2048\" data-comments-opened=\"1\" data-image-meta=\"{&quot;aperture&quot;:&quot;0&quot;,&quot;credit&quot;:&quot;&quot;,&quot;camera&quot;:&quot;&quot;,&quot;caption&quot;:&quot;&quot;,&quot;created_timestamp&quot;:&quot;0&quot;,&quot;copyright&quot;:&quot;Photo: Courtesy of Gucci&quot;,&quot;focal_length&quot;:&quot;0&quot;,&quot;iso&quot;:&quot;0&quot;,&quot;shutter_speed&quot;:&quot;0&quot;,&quot;title&quot;:&quot;&quot;,&quot;orientation&quot;:&quot;0&quot;}\" data-image-title=\"Desfile :: Gucci desfila em Nova York\" data-image-description=\"\" data-image-caption=\"&lt;p&gt;Desfile :: Gucci desfila em Nova York &lt;\/p&gt;\n\" data-medium-file=\"https:\/\/i0.wp.com\/agrund.com\/wp-content\/uploads\/sites\/6\/2015\/06\/Gucci-2.jpg?fit=200%2C300&amp;ssl=1\" data-large-file=\"https:\/\/i0.wp.com\/agrund.com\/wp-content\/uploads\/sites\/6\/2015\/06\/Gucci-2.jpg?fit=683%2C1024&amp;ssl=1\" decoding=\"async\" loading=\"lazy\" class=\"wp-image-130217\" src=\"https:\/\/i0.wp.com\/www.agrund.com\/wp-content\/uploads\/sites\/6\/2015\/06\/Gucci-2.jpg?resize=550%2C825\" alt=\"Desfile :: Gucci desfila em Nova York \" width=\"550\" height=\"825\" srcset=\"https:\/\/i0.wp.com\/agrund.com\/wp-content\/uploads\/sites\/6\/2015\/06\/Gucci-2.jpg?w=1366&amp;ssl=1 1366w, https:\/\/i0.wp.com\/agrund.com\/wp-content\/uploads\/sites\/6\/2015\/06\/Gucci-2.jpg?resize=200%2C300&amp;ssl=1 200w, https:\/\/i0.wp.com\/agrund.com\/wp-content\/uploads\/sites\/6\/2015\/06\/Gucci-2.jpg?resize=683%2C1024&amp;ssl=1 683w\" sizes=\"(max-width: 550px) 100vw, 550px\" data-recalc-dims=\"1\" \/><\/a><p id=\"caption-attachment-130217\" class=\"wp-caption-text\">Desfile :: Gucci desfila em Nova York<\/p><\/div>\n<div id=\"attachment_130218\" style=\"width: 560px\" class=\"wp-caption aligncenter\"><a href=\"https:\/\/i0.wp.com\/www.agrund.com\/wp-content\/uploads\/sites\/6\/2015\/06\/Gucci-4.jpg\"><img aria-describedby=\"caption-attachment-130218\" data-attachment-id=\"130218\" data-permalink=\"https:\/\/agrund.com\/index.php\/desfile-gucci-desfila-em-nova-york\/gucci-4-4\/\" data-orig-file=\"https:\/\/i0.wp.com\/agrund.com\/wp-content\/uploads\/sites\/6\/2015\/06\/Gucci-4.jpg?fit=1366%2C2048&amp;ssl=1\" data-orig-size=\"1366,2048\" data-comments-opened=\"1\" data-image-meta=\"{&quot;aperture&quot;:&quot;0&quot;,&quot;credit&quot;:&quot;&quot;,&quot;camera&quot;:&quot;&quot;,&quot;caption&quot;:&quot;&quot;,&quot;created_timestamp&quot;:&quot;0&quot;,&quot;copyright&quot;:&quot;Photo: Courtesy of Gucci&quot;,&quot;focal_length&quot;:&quot;0&quot;,&quot;iso&quot;:&quot;0&quot;,&quot;shutter_speed&quot;:&quot;0&quot;,&quot;title&quot;:&quot;&quot;,&quot;orientation&quot;:&quot;0&quot;}\" data-image-title=\"Desfile :: Gucci desfila em Nova York\" data-image-description=\"\" data-image-caption=\"&lt;p&gt;Desfile :: Gucci desfila em Nova York &lt;\/p&gt;\n\" data-medium-file=\"https:\/\/i0.wp.com\/agrund.com\/wp-content\/uploads\/sites\/6\/2015\/06\/Gucci-4.jpg?fit=200%2C300&amp;ssl=1\" data-large-file=\"https:\/\/i0.wp.com\/agrund.com\/wp-content\/uploads\/sites\/6\/2015\/06\/Gucci-4.jpg?fit=683%2C1024&amp;ssl=1\" decoding=\"async\" loading=\"lazy\" class=\"wp-image-130218\" src=\"https:\/\/i0.wp.com\/www.agrund.com\/wp-content\/uploads\/sites\/6\/2015\/06\/Gucci-4.jpg?resize=550%2C825\" alt=\"Desfile :: Gucci desfila em Nova York \" width=\"550\" height=\"825\" srcset=\"https:\/\/i0.wp.com\/agrund.com\/wp-content\/uploads\/sites\/6\/2015\/06\/Gucci-4.jpg?w=1366&amp;ssl=1 1366w, https:\/\/i0.wp.com\/agrund.com\/wp-content\/uploads\/sites\/6\/2015\/06\/Gucci-4.jpg?resize=200%2C300&amp;ssl=1 200w, https:\/\/i0.wp.com\/agrund.com\/wp-content\/uploads\/sites\/6\/2015\/06\/Gucci-4.jpg?resize=683%2C1024&amp;ssl=1 683w\" sizes=\"(max-width: 550px) 100vw, 550px\" data-recalc-dims=\"1\" \/><\/a><p id=\"caption-attachment-130218\" class=\"wp-caption-text\">Desfile :: Gucci desfila em Nova York<\/p><\/div>\n<div id=\"attachment_130219\" style=\"width: 560px\" class=\"wp-caption aligncenter\"><a href=\"https:\/\/i0.wp.com\/www.agrund.com\/wp-content\/uploads\/sites\/6\/2015\/06\/Gucci-6.jpg\"><img aria-describedby=\"caption-attachment-130219\" data-attachment-id=\"130219\" data-permalink=\"https:\/\/agrund.com\/index.php\/desfile-gucci-desfila-em-nova-york\/gucci-6-4\/\" data-orig-file=\"https:\/\/i0.wp.com\/agrund.com\/wp-content\/uploads\/sites\/6\/2015\/06\/Gucci-6.jpg?fit=1366%2C2048&amp;ssl=1\" data-orig-size=\"1366,2048\" data-comments-opened=\"1\" data-image-meta=\"{&quot;aperture&quot;:&quot;0&quot;,&quot;credit&quot;:&quot;&quot;,&quot;camera&quot;:&quot;&quot;,&quot;caption&quot;:&quot;&quot;,&quot;created_timestamp&quot;:&quot;0&quot;,&quot;copyright&quot;:&quot;Photo: Courtesy of Gucci&quot;,&quot;focal_length&quot;:&quot;0&quot;,&quot;iso&quot;:&quot;0&quot;,&quot;shutter_speed&quot;:&quot;0&quot;,&quot;title&quot;:&quot;&quot;,&quot;orientation&quot;:&quot;0&quot;}\" data-image-title=\"Desfile :: Gucci desfila em Nova York\" data-image-description=\"\" data-image-caption=\"&lt;p&gt;Desfile :: Gucci desfila em Nova York &lt;\/p&gt;\n\" data-medium-file=\"https:\/\/i0.wp.com\/agrund.com\/wp-content\/uploads\/sites\/6\/2015\/06\/Gucci-6.jpg?fit=200%2C300&amp;ssl=1\" data-large-file=\"https:\/\/i0.wp.com\/agrund.com\/wp-content\/uploads\/sites\/6\/2015\/06\/Gucci-6.jpg?fit=683%2C1024&amp;ssl=1\" decoding=\"async\" loading=\"lazy\" class=\"wp-image-130219\" src=\"https:\/\/i0.wp.com\/www.agrund.com\/wp-content\/uploads\/sites\/6\/2015\/06\/Gucci-6.jpg?resize=550%2C825\" alt=\"Desfile :: Gucci desfila em Nova York \" width=\"550\" height=\"825\" srcset=\"https:\/\/i0.wp.com\/agrund.com\/wp-content\/uploads\/sites\/6\/2015\/06\/Gucci-6.jpg?w=1366&amp;ssl=1 1366w, https:\/\/i0.wp.com\/agrund.com\/wp-content\/uploads\/sites\/6\/2015\/06\/Gucci-6.jpg?resize=200%2C300&amp;ssl=1 200w, https:\/\/i0.wp.com\/agrund.com\/wp-content\/uploads\/sites\/6\/2015\/06\/Gucci-6.jpg?resize=683%2C1024&amp;ssl=1 683w\" sizes=\"(max-width: 550px) 100vw, 550px\" data-recalc-dims=\"1\" \/><\/a><p id=\"caption-attachment-130219\" class=\"wp-caption-text\">Desfile :: Gucci desfila em Nova York<\/p><\/div>\n<div id=\"attachment_130220\" style=\"width: 560px\" class=\"wp-caption aligncenter\"><a href=\"https:\/\/i0.wp.com\/www.agrund.com\/wp-content\/uploads\/sites\/6\/2015\/06\/Gucci-6H.jpg\"><img aria-describedby=\"caption-attachment-130220\" data-attachment-id=\"130220\" data-permalink=\"https:\/\/agrund.com\/index.php\/desfile-gucci-desfila-em-nova-york\/gucci-6h\/\" data-orig-file=\"https:\/\/i0.wp.com\/agrund.com\/wp-content\/uploads\/sites\/6\/2015\/06\/Gucci-6H.jpg?fit=1366%2C2048&amp;ssl=1\" data-orig-size=\"1366,2048\" data-comments-opened=\"1\" data-image-meta=\"{&quot;aperture&quot;:&quot;0&quot;,&quot;credit&quot;:&quot;&quot;,&quot;camera&quot;:&quot;&quot;,&quot;caption&quot;:&quot;&quot;,&quot;created_timestamp&quot;:&quot;0&quot;,&quot;copyright&quot;:&quot;Photo: Courtesy of Gucci&quot;,&quot;focal_length&quot;:&quot;0&quot;,&quot;iso&quot;:&quot;0&quot;,&quot;shutter_speed&quot;:&quot;0&quot;,&quot;title&quot;:&quot;&quot;,&quot;orientation&quot;:&quot;0&quot;}\" data-image-title=\"Desfile :: Gucci desfila em Nova York\" data-image-description=\"\" data-image-caption=\"&lt;p&gt;Desfile :: Gucci desfila em Nova York &lt;\/p&gt;\n\" data-medium-file=\"https:\/\/i0.wp.com\/agrund.com\/wp-content\/uploads\/sites\/6\/2015\/06\/Gucci-6H.jpg?fit=200%2C300&amp;ssl=1\" data-large-file=\"https:\/\/i0.wp.com\/agrund.com\/wp-content\/uploads\/sites\/6\/2015\/06\/Gucci-6H.jpg?fit=683%2C1024&amp;ssl=1\" decoding=\"async\" loading=\"lazy\" class=\"wp-image-130220\" src=\"https:\/\/i0.wp.com\/www.agrund.com\/wp-content\/uploads\/sites\/6\/2015\/06\/Gucci-6H.jpg?resize=550%2C825\" alt=\"Desfile :: Gucci desfila em Nova York \" width=\"550\" height=\"825\" srcset=\"https:\/\/i0.wp.com\/agrund.com\/wp-content\/uploads\/sites\/6\/2015\/06\/Gucci-6H.jpg?w=1366&amp;ssl=1 1366w, https:\/\/i0.wp.com\/agrund.com\/wp-content\/uploads\/sites\/6\/2015\/06\/Gucci-6H.jpg?resize=200%2C300&amp;ssl=1 200w, https:\/\/i0.wp.com\/agrund.com\/wp-content\/uploads\/sites\/6\/2015\/06\/Gucci-6H.jpg?resize=683%2C1024&amp;ssl=1 683w\" sizes=\"(max-width: 550px) 100vw, 550px\" data-recalc-dims=\"1\" \/><\/a><p id=\"caption-attachment-130220\" class=\"wp-caption-text\">Desfile :: Gucci desfila em Nova York<\/p><\/div>\n<div id=\"attachment_130221\" style=\"width: 560px\" class=\"wp-caption aligncenter\"><a href=\"https:\/\/i0.wp.com\/www.agrund.com\/wp-content\/uploads\/sites\/6\/2015\/06\/Gucci-7.jpg\"><img aria-describedby=\"caption-attachment-130221\" data-attachment-id=\"130221\" data-permalink=\"https:\/\/agrund.com\/index.php\/desfile-gucci-desfila-em-nova-york\/gucci-7-4\/\" data-orig-file=\"https:\/\/i0.wp.com\/agrund.com\/wp-content\/uploads\/sites\/6\/2015\/06\/Gucci-7.jpg?fit=1366%2C2048&amp;ssl=1\" data-orig-size=\"1366,2048\" data-comments-opened=\"1\" data-image-meta=\"{&quot;aperture&quot;:&quot;0&quot;,&quot;credit&quot;:&quot;&quot;,&quot;camera&quot;:&quot;&quot;,&quot;caption&quot;:&quot;&quot;,&quot;created_timestamp&quot;:&quot;0&quot;,&quot;copyright&quot;:&quot;Photo: Courtesy of Gucci&quot;,&quot;focal_length&quot;:&quot;0&quot;,&quot;iso&quot;:&quot;0&quot;,&quot;shutter_speed&quot;:&quot;0&quot;,&quot;title&quot;:&quot;&quot;,&quot;orientation&quot;:&quot;0&quot;}\" data-image-title=\"Desfile :: Gucci desfila em Nova York\" data-image-description=\"\" data-image-caption=\"&lt;p&gt;Desfile :: Gucci desfila em Nova York &lt;\/p&gt;\n\" data-medium-file=\"https:\/\/i0.wp.com\/agrund.com\/wp-content\/uploads\/sites\/6\/2015\/06\/Gucci-7.jpg?fit=200%2C300&amp;ssl=1\" data-large-file=\"https:\/\/i0.wp.com\/agrund.com\/wp-content\/uploads\/sites\/6\/2015\/06\/Gucci-7.jpg?fit=683%2C1024&amp;ssl=1\" decoding=\"async\" loading=\"lazy\" class=\"wp-image-130221\" src=\"https:\/\/i0.wp.com\/www.agrund.com\/wp-content\/uploads\/sites\/6\/2015\/06\/Gucci-7.jpg?resize=550%2C825\" alt=\"Desfile :: Gucci desfila em Nova York \" width=\"550\" height=\"825\" srcset=\"https:\/\/i0.wp.com\/agrund.com\/wp-content\/uploads\/sites\/6\/2015\/06\/Gucci-7.jpg?w=1366&amp;ssl=1 1366w, https:\/\/i0.wp.com\/agrund.com\/wp-content\/uploads\/sites\/6\/2015\/06\/Gucci-7.jpg?resize=200%2C300&amp;ssl=1 200w, https:\/\/i0.wp.com\/agrund.com\/wp-content\/uploads\/sites\/6\/2015\/06\/Gucci-7.jpg?resize=683%2C1024&amp;ssl=1 683w\" sizes=\"(max-width: 550px) 100vw, 550px\" data-recalc-dims=\"1\" \/><\/a><p id=\"caption-attachment-130221\" class=\"wp-caption-text\">Desfile :: Gucci desfila em Nova York<\/p><\/div>\n<div id=\"attachment_130222\" style=\"width: 560px\" class=\"wp-caption aligncenter\"><a href=\"https:\/\/i0.wp.com\/www.agrund.com\/wp-content\/uploads\/sites\/6\/2015\/06\/Gucci-9H.jpg\"><img aria-describedby=\"caption-attachment-130222\" data-attachment-id=\"130222\" data-permalink=\"https:\/\/agrund.com\/index.php\/desfile-gucci-desfila-em-nova-york\/gucci-9h\/\" data-orig-file=\"https:\/\/i0.wp.com\/agrund.com\/wp-content\/uploads\/sites\/6\/2015\/06\/Gucci-9H.jpg?fit=1366%2C2048&amp;ssl=1\" data-orig-size=\"1366,2048\" data-comments-opened=\"1\" data-image-meta=\"{&quot;aperture&quot;:&quot;0&quot;,&quot;credit&quot;:&quot;&quot;,&quot;camera&quot;:&quot;&quot;,&quot;caption&quot;:&quot;&quot;,&quot;created_timestamp&quot;:&quot;0&quot;,&quot;copyright&quot;:&quot;Photo: Courtesy of Gucci&quot;,&quot;focal_length&quot;:&quot;0&quot;,&quot;iso&quot;:&quot;0&quot;,&quot;shutter_speed&quot;:&quot;0&quot;,&quot;title&quot;:&quot;&quot;,&quot;orientation&quot;:&quot;0&quot;}\" data-image-title=\"Desfile :: Gucci desfila em Nova York\" data-image-description=\"\" data-image-caption=\"&lt;p&gt;Desfile :: Gucci desfila em Nova York &lt;\/p&gt;\n\" data-medium-file=\"https:\/\/i0.wp.com\/agrund.com\/wp-content\/uploads\/sites\/6\/2015\/06\/Gucci-9H.jpg?fit=200%2C300&amp;ssl=1\" data-large-file=\"https:\/\/i0.wp.com\/agrund.com\/wp-content\/uploads\/sites\/6\/2015\/06\/Gucci-9H.jpg?fit=683%2C1024&amp;ssl=1\" decoding=\"async\" loading=\"lazy\" class=\"wp-image-130222\" src=\"https:\/\/i0.wp.com\/www.agrund.com\/wp-content\/uploads\/sites\/6\/2015\/06\/Gucci-9H.jpg?resize=550%2C825\" alt=\"Desfile :: Gucci desfila em Nova York \" width=\"550\" height=\"825\" srcset=\"https:\/\/i0.wp.com\/agrund.com\/wp-content\/uploads\/sites\/6\/2015\/06\/Gucci-9H.jpg?w=1366&amp;ssl=1 1366w, https:\/\/i0.wp.com\/agrund.com\/wp-content\/uploads\/sites\/6\/2015\/06\/Gucci-9H.jpg?resize=200%2C300&amp;ssl=1 200w, https:\/\/i0.wp.com\/agrund.com\/wp-content\/uploads\/sites\/6\/2015\/06\/Gucci-9H.jpg?resize=683%2C1024&amp;ssl=1 683w\" sizes=\"(max-width: 550px) 100vw, 550px\" data-recalc-dims=\"1\" \/><\/a><p id=\"caption-attachment-130222\" class=\"wp-caption-text\">Desfile :: Gucci desfila em Nova York<\/p><\/div>\n<div id=\"attachment_130223\" style=\"width: 560px\" class=\"wp-caption aligncenter\"><a href=\"https:\/\/i0.wp.com\/www.agrund.com\/wp-content\/uploads\/sites\/6\/2015\/06\/Gucci-10.jpg\"><img aria-describedby=\"caption-attachment-130223\" data-attachment-id=\"130223\" data-permalink=\"https:\/\/agrund.com\/index.php\/desfile-gucci-desfila-em-nova-york\/gucci-10-4\/\" data-orig-file=\"https:\/\/i0.wp.com\/agrund.com\/wp-content\/uploads\/sites\/6\/2015\/06\/Gucci-10.jpg?fit=1366%2C2048&amp;ssl=1\" data-orig-size=\"1366,2048\" data-comments-opened=\"1\" data-image-meta=\"{&quot;aperture&quot;:&quot;0&quot;,&quot;credit&quot;:&quot;&quot;,&quot;camera&quot;:&quot;&quot;,&quot;caption&quot;:&quot;&quot;,&quot;created_timestamp&quot;:&quot;0&quot;,&quot;copyright&quot;:&quot;Photo: Courtesy of Gucci&quot;,&quot;focal_length&quot;:&quot;0&quot;,&quot;iso&quot;:&quot;0&quot;,&quot;shutter_speed&quot;:&quot;0&quot;,&quot;title&quot;:&quot;&quot;,&quot;orientation&quot;:&quot;0&quot;}\" data-image-title=\"Desfile :: Gucci desfila em Nova York\" data-image-description=\"\" data-image-caption=\"&lt;p&gt;Desfile :: Gucci desfila em Nova York &lt;\/p&gt;\n\" data-medium-file=\"https:\/\/i0.wp.com\/agrund.com\/wp-content\/uploads\/sites\/6\/2015\/06\/Gucci-10.jpg?fit=200%2C300&amp;ssl=1\" data-large-file=\"https:\/\/i0.wp.com\/agrund.com\/wp-content\/uploads\/sites\/6\/2015\/06\/Gucci-10.jpg?fit=683%2C1024&amp;ssl=1\" decoding=\"async\" loading=\"lazy\" class=\"wp-image-130223\" src=\"https:\/\/i0.wp.com\/www.agrund.com\/wp-content\/uploads\/sites\/6\/2015\/06\/Gucci-10.jpg?resize=550%2C825\" alt=\"Desfile :: Gucci desfila em Nova York \" width=\"550\" height=\"825\" srcset=\"https:\/\/i0.wp.com\/agrund.com\/wp-content\/uploads\/sites\/6\/2015\/06\/Gucci-10.jpg?w=1366&amp;ssl=1 1366w, https:\/\/i0.wp.com\/agrund.com\/wp-content\/uploads\/sites\/6\/2015\/06\/Gucci-10.jpg?resize=200%2C300&amp;ssl=1 200w, https:\/\/i0.wp.com\/agrund.com\/wp-content\/uploads\/sites\/6\/2015\/06\/Gucci-10.jpg?resize=683%2C1024&amp;ssl=1 683w\" sizes=\"(max-width: 550px) 100vw, 550px\" data-recalc-dims=\"1\" \/><\/a><p id=\"caption-attachment-130223\" class=\"wp-caption-text\">Desfile :: Gucci desfila em Nova York<\/p><\/div>\n<div id=\"attachment_130224\" style=\"width: 560px\" class=\"wp-caption aligncenter\"><a href=\"https:\/\/i0.wp.com\/www.agrund.com\/wp-content\/uploads\/sites\/6\/2015\/06\/Gucci-12.jpg\"><img aria-describedby=\"caption-attachment-130224\" data-attachment-id=\"130224\" data-permalink=\"https:\/\/agrund.com\/index.php\/desfile-gucci-desfila-em-nova-york\/gucci-12\/\" data-orig-file=\"https:\/\/i0.wp.com\/agrund.com\/wp-content\/uploads\/sites\/6\/2015\/06\/Gucci-12.jpg?fit=1366%2C2048&amp;ssl=1\" data-orig-size=\"1366,2048\" data-comments-opened=\"1\" data-image-meta=\"{&quot;aperture&quot;:&quot;0&quot;,&quot;credit&quot;:&quot;&quot;,&quot;camera&quot;:&quot;&quot;,&quot;caption&quot;:&quot;&quot;,&quot;created_timestamp&quot;:&quot;0&quot;,&quot;copyright&quot;:&quot;Photo: Courtesy of Gucci&quot;,&quot;focal_length&quot;:&quot;0&quot;,&quot;iso&quot;:&quot;0&quot;,&quot;shutter_speed&quot;:&quot;0&quot;,&quot;title&quot;:&quot;&quot;,&quot;orientation&quot;:&quot;0&quot;}\" data-image-title=\"Desfile :: Gucci desfila em Nova York\" data-image-description=\"\" data-image-caption=\"&lt;p&gt;Desfile :: Gucci desfila em Nova York &lt;\/p&gt;\n\" data-medium-file=\"https:\/\/i0.wp.com\/agrund.com\/wp-content\/uploads\/sites\/6\/2015\/06\/Gucci-12.jpg?fit=200%2C300&amp;ssl=1\" data-large-file=\"https:\/\/i0.wp.com\/agrund.com\/wp-content\/uploads\/sites\/6\/2015\/06\/Gucci-12.jpg?fit=683%2C1024&amp;ssl=1\" decoding=\"async\" loading=\"lazy\" class=\"wp-image-130224\" src=\"https:\/\/i0.wp.com\/www.agrund.com\/wp-content\/uploads\/sites\/6\/2015\/06\/Gucci-12.jpg?resize=550%2C825\" alt=\"Desfile :: Gucci desfila em Nova York \" width=\"550\" height=\"825\" srcset=\"https:\/\/i0.wp.com\/agrund.com\/wp-content\/uploads\/sites\/6\/2015\/06\/Gucci-12.jpg?w=1366&amp;ssl=1 1366w, https:\/\/i0.wp.com\/agrund.com\/wp-content\/uploads\/sites\/6\/2015\/06\/Gucci-12.jpg?resize=200%2C300&amp;ssl=1 200w, https:\/\/i0.wp.com\/agrund.com\/wp-content\/uploads\/sites\/6\/2015\/06\/Gucci-12.jpg?resize=683%2C1024&amp;ssl=1 683w\" sizes=\"(max-width: 550px) 100vw, 550px\" data-recalc-dims=\"1\" \/><\/a><p id=\"caption-attachment-130224\" class=\"wp-caption-text\">Desfile :: Gucci desfila em Nova York<\/p><\/div>\n<div id=\"attachment_130225\" style=\"width: 560px\" class=\"wp-caption aligncenter\"><a href=\"https:\/\/i0.wp.com\/www.agrund.com\/wp-content\/uploads\/sites\/6\/2015\/06\/Gucci-12H.jpg\"><img aria-describedby=\"caption-attachment-130225\" data-attachment-id=\"130225\" data-permalink=\"https:\/\/agrund.com\/index.php\/desfile-gucci-desfila-em-nova-york\/gucci-12h\/\" data-orig-file=\"https:\/\/i0.wp.com\/agrund.com\/wp-content\/uploads\/sites\/6\/2015\/06\/Gucci-12H.jpg?fit=1366%2C2048&amp;ssl=1\" data-orig-size=\"1366,2048\" data-comments-opened=\"1\" data-image-meta=\"{&quot;aperture&quot;:&quot;0&quot;,&quot;credit&quot;:&quot;&quot;,&quot;camera&quot;:&quot;&quot;,&quot;caption&quot;:&quot;&quot;,&quot;created_timestamp&quot;:&quot;0&quot;,&quot;copyright&quot;:&quot;Photo: Courtesy of Gucci&quot;,&quot;focal_length&quot;:&quot;0&quot;,&quot;iso&quot;:&quot;0&quot;,&quot;shutter_speed&quot;:&quot;0&quot;,&quot;title&quot;:&quot;&quot;,&quot;orientation&quot;:&quot;0&quot;}\" data-image-title=\"Desfile :: Gucci desfila em Nova York\" data-image-description=\"\" data-image-caption=\"&lt;p&gt;Desfile :: Gucci desfila em Nova York &lt;\/p&gt;\n\" data-medium-file=\"https:\/\/i0.wp.com\/agrund.com\/wp-content\/uploads\/sites\/6\/2015\/06\/Gucci-12H.jpg?fit=200%2C300&amp;ssl=1\" data-large-file=\"https:\/\/i0.wp.com\/agrund.com\/wp-content\/uploads\/sites\/6\/2015\/06\/Gucci-12H.jpg?fit=683%2C1024&amp;ssl=1\" decoding=\"async\" loading=\"lazy\" class=\"wp-image-130225\" src=\"https:\/\/i0.wp.com\/www.agrund.com\/wp-content\/uploads\/sites\/6\/2015\/06\/Gucci-12H.jpg?resize=550%2C825\" alt=\"Desfile :: Gucci desfila em Nova York \" width=\"550\" height=\"825\" srcset=\"https:\/\/i0.wp.com\/agrund.com\/wp-content\/uploads\/sites\/6\/2015\/06\/Gucci-12H.jpg?w=1366&amp;ssl=1 1366w, https:\/\/i0.wp.com\/agrund.com\/wp-content\/uploads\/sites\/6\/2015\/06\/Gucci-12H.jpg?resize=200%2C300&amp;ssl=1 200w, https:\/\/i0.wp.com\/agrund.com\/wp-content\/uploads\/sites\/6\/2015\/06\/Gucci-12H.jpg?resize=683%2C1024&amp;ssl=1 683w\" sizes=\"(max-width: 550px) 100vw, 550px\" data-recalc-dims=\"1\" \/><\/a><p id=\"caption-attachment-130225\" class=\"wp-caption-text\">Desfile :: Gucci desfila em Nova York<\/p><\/div>\n<div id=\"attachment_130226\" style=\"width: 560px\" class=\"wp-caption aligncenter\"><a href=\"https:\/\/i0.wp.com\/www.agrund.com\/wp-content\/uploads\/sites\/6\/2015\/06\/Gucci-13.jpg\"><img aria-describedby=\"caption-attachment-130226\" data-attachment-id=\"130226\" data-permalink=\"https:\/\/agrund.com\/index.php\/desfile-gucci-desfila-em-nova-york\/gucci-13\/\" data-orig-file=\"https:\/\/i0.wp.com\/agrund.com\/wp-content\/uploads\/sites\/6\/2015\/06\/Gucci-13.jpg?fit=1366%2C2048&amp;ssl=1\" data-orig-size=\"1366,2048\" data-comments-opened=\"1\" data-image-meta=\"{&quot;aperture&quot;:&quot;0&quot;,&quot;credit&quot;:&quot;&quot;,&quot;camera&quot;:&quot;&quot;,&quot;caption&quot;:&quot;&quot;,&quot;created_timestamp&quot;:&quot;0&quot;,&quot;copyright&quot;:&quot;Photo: Courtesy of Gucci&quot;,&quot;focal_length&quot;:&quot;0&quot;,&quot;iso&quot;:&quot;0&quot;,&quot;shutter_speed&quot;:&quot;0&quot;,&quot;title&quot;:&quot;&quot;,&quot;orientation&quot;:&quot;0&quot;}\" data-image-title=\"Desfile :: Gucci desfila em Nova York\" data-image-description=\"\" data-image-caption=\"&lt;p&gt;Desfile :: Gucci desfila em Nova York &lt;\/p&gt;\n\" data-medium-file=\"https:\/\/i0.wp.com\/agrund.com\/wp-content\/uploads\/sites\/6\/2015\/06\/Gucci-13.jpg?fit=200%2C300&amp;ssl=1\" data-large-file=\"https:\/\/i0.wp.com\/agrund.com\/wp-content\/uploads\/sites\/6\/2015\/06\/Gucci-13.jpg?fit=683%2C1024&amp;ssl=1\" decoding=\"async\" loading=\"lazy\" class=\"wp-image-130226\" src=\"https:\/\/i0.wp.com\/www.agrund.com\/wp-content\/uploads\/sites\/6\/2015\/06\/Gucci-13.jpg?resize=550%2C825\" alt=\"Desfile :: Gucci desfila em Nova York \" width=\"550\" height=\"825\" srcset=\"https:\/\/i0.wp.com\/agrund.com\/wp-content\/uploads\/sites\/6\/2015\/06\/Gucci-13.jpg?w=1366&amp;ssl=1 1366w, https:\/\/i0.wp.com\/agrund.com\/wp-content\/uploads\/sites\/6\/2015\/06\/Gucci-13.jpg?resize=200%2C300&amp;ssl=1 200w, https:\/\/i0.wp.com\/agrund.com\/wp-content\/uploads\/sites\/6\/2015\/06\/Gucci-13.jpg?resize=683%2C1024&amp;ssl=1 683w\" sizes=\"(max-width: 550px) 100vw, 550px\" data-recalc-dims=\"1\" \/><\/a><p id=\"caption-attachment-130226\" class=\"wp-caption-text\">Desfile :: Gucci desfila em Nova York<\/p><\/div>\n<div id=\"attachment_130227\" style=\"width: 560px\" class=\"wp-caption aligncenter\"><a href=\"https:\/\/i0.wp.com\/www.agrund.com\/wp-content\/uploads\/sites\/6\/2015\/06\/Gucci-15.jpg\"><img aria-describedby=\"caption-attachment-130227\" data-attachment-id=\"130227\" data-permalink=\"https:\/\/agrund.com\/index.php\/desfile-gucci-desfila-em-nova-york\/gucci-15\/\" data-orig-file=\"https:\/\/i0.wp.com\/agrund.com\/wp-content\/uploads\/sites\/6\/2015\/06\/Gucci-15.jpg?fit=1366%2C2048&amp;ssl=1\" data-orig-size=\"1366,2048\" data-comments-opened=\"1\" data-image-meta=\"{&quot;aperture&quot;:&quot;0&quot;,&quot;credit&quot;:&quot;&quot;,&quot;camera&quot;:&quot;&quot;,&quot;caption&quot;:&quot;&quot;,&quot;created_timestamp&quot;:&quot;0&quot;,&quot;copyright&quot;:&quot;Photo: Courtesy of Gucci&quot;,&quot;focal_length&quot;:&quot;0&quot;,&quot;iso&quot;:&quot;0&quot;,&quot;shutter_speed&quot;:&quot;0&quot;,&quot;title&quot;:&quot;&quot;,&quot;orientation&quot;:&quot;0&quot;}\" data-image-title=\"Desfile :: Gucci desfila em Nova York\" data-image-description=\"\" data-image-caption=\"&lt;p&gt;Desfile :: Gucci desfila em Nova York &lt;\/p&gt;\n\" data-medium-file=\"https:\/\/i0.wp.com\/agrund.com\/wp-content\/uploads\/sites\/6\/2015\/06\/Gucci-15.jpg?fit=200%2C300&amp;ssl=1\" data-large-file=\"https:\/\/i0.wp.com\/agrund.com\/wp-content\/uploads\/sites\/6\/2015\/06\/Gucci-15.jpg?fit=683%2C1024&amp;ssl=1\" decoding=\"async\" loading=\"lazy\" class=\"wp-image-130227\" src=\"https:\/\/i0.wp.com\/www.agrund.com\/wp-content\/uploads\/sites\/6\/2015\/06\/Gucci-15.jpg?resize=550%2C825\" alt=\"Desfile :: Gucci desfila em Nova York \" width=\"550\" height=\"825\" srcset=\"https:\/\/i0.wp.com\/agrund.com\/wp-content\/uploads\/sites\/6\/2015\/06\/Gucci-15.jpg?w=1366&amp;ssl=1 1366w, https:\/\/i0.wp.com\/agrund.com\/wp-content\/uploads\/sites\/6\/2015\/06\/Gucci-15.jpg?resize=200%2C300&amp;ssl=1 200w, https:\/\/i0.wp.com\/agrund.com\/wp-content\/uploads\/sites\/6\/2015\/06\/Gucci-15.jpg?resize=683%2C1024&amp;ssl=1 683w\" sizes=\"(max-width: 550px) 100vw, 550px\" data-recalc-dims=\"1\" \/><\/a><p id=\"caption-attachment-130227\" class=\"wp-caption-text\">Desfile :: Gucci desfila em Nova York<\/p><\/div>\n<p>Imagens: Reprodu\u00e7\u00e3o.<\/p>\n","protected":false},"excerpt":{"rendered":"<p>Por Arlindo Grund A Gucci mais uma vez causou frisson no mundo da moda. A apresenta\u00e7\u00e3o da cole\u00e7\u00e3o Resort 2016 aconteceu em Nova York num clima bem vintage &#8211; anos 60 e depois viajando para os anos 70. Esse foi o primeiro desfile de Alessandro Michele depois de Frida Giannini ter comandado a casa italiana [&hellip;]<\/p>\n","protected":false},"author":8,"featured_media":130228,"comment_status":"open","ping_status":"open","sticky":false,"template":"","format":"standard","meta":{"jetpack_post_was_ever_published":false,"_jetpack_newsletter_access":"","jetpack_publicize_message":"Desfile :: Gucci desfila em Nova York http:\/\/wp.me\/p3Hz0n-xSe","jetpack_is_tweetstorm":false,"jetpack_publicize_feature_enabled":true,"jetpack_social_post_already_shared":true,"jetpack_social_options":{"image_generator_settings":{"template":"highway","enabled":false}}},"categories":[9,2],"tags":[],"jetpack_publicize_connections":[],"jetpack_featured_media_url":"https:\/\/i0.wp.com\/agrund.com\/wp-content\/uploads\/sites\/6\/2015\/06\/slide34.jpg?fit=960%2C300&ssl=1","jetpack_sharing_enabled":true,"jetpack_shortlink":"https:\/\/wp.me\/p3Hz0n-xSe","jetpack_likes_enabled":true,"_links":{"self":[{"href":"https:\/\/agrund.com\/index.php\/wp-json\/wp\/v2\/posts\/130214"}],"collection":[{"href":"https:\/\/agrund.com\/index.php\/wp-json\/wp\/v2\/posts"}],"about":[{"href":"https:\/\/agrund.com\/index.php\/wp-json\/wp\/v2\/types\/post"}],"author":[{"embeddable":true,"href":"https:\/\/agrund.com\/index.php\/wp-json\/wp\/v2\/users\/8"}],"replies":[{"embeddable":true,"href":"https:\/\/agrund.com\/index.php\/wp-json\/wp\/v2\/comments?post=130214"}],"version-history":[{"count":0,"href":"https:\/\/agrund.com\/index.php\/wp-json\/wp\/v2\/posts\/130214\/revisions"}],"wp:featuredmedia":[{"embeddable":true,"href":"https:\/\/agrund.com\/index.php\/wp-json\/wp\/v2\/media\/130228"}],"wp:attachment":[{"href":"https:\/\/agrund.com\/index.php\/wp-json\/wp\/v2\/media?parent=130214"}],"wp:term":[{"taxonomy":"category","embeddable":true,"href":"https:\/\/agrund.com\/index.php\/wp-json\/wp\/v2\/categories?post=130214"},{"taxonomy":"post_tag","embeddable":true,"href":"https:\/\/agrund.com\/index.php\/wp-json\/wp\/v2\/tags?post=130214"}],"curies":[{"name":"wp","href":"https:\/\/api.w.org\/{rel}","templated":true}]}}