{"id":12938,"date":"2011-07-05T15:04:42","date_gmt":"2011-07-05T18:04:42","guid":{"rendered":"http:\/\/www.agrund.com\/blogs\/notas\/?p=12938"},"modified":"2011-07-05T15:04:42","modified_gmt":"2011-07-05T18:04:42","slug":"monica-salgado-uma-fashionista-incansavel","status":"publish","type":"post","link":"https:\/\/agrund.com\/index.php\/monica-salgado-uma-fashionista-incansavel\/","title":{"rendered":"M\u00f4nica Salgado : uma fashionista incans\u00e1vel!"},"content":{"rendered":"<p style=\"text-align: right\"><strong>por Andr\u00e9ia Meneguete<\/strong><\/p>\n<p style=\"text-align: left\">Na corte da realeza fashion tupiniquim M\u00f4nica Salgado, 32 anos, redatora-chefe da Vogue Brasil, \u00e9 rainha. E desempenha tal papel com muita maestria e louvor. Uma prova f\u00e1cil de ser detectada. Basta ver o seu trabalho nas p\u00e1ginas do principal produto editorial do segmento de moda no Pa\u00eds para perceber que a mo\u00e7a n\u00e3o veio ao mundo a passeio.\u00a0 E o melhor: tem a aprova\u00e7\u00e3o dos seus s\u00faditos!<\/p>\n<p>Pe\u00e7o licen\u00e7a \u00e0s tradicionais figuras do alto escal\u00e3o do jornalismo de moda, mas agora o momento &#8211; que est\u00e1 longe de ter uma data de expira\u00e7\u00e3o &#8211; \u00e9 dela. A justificativa para tal afirma\u00e7\u00e3o (e com muita propriedade) s\u00e3o as del\u00edcias em formas de textos assinadas pela persona em quest\u00e3o. Quem l\u00ea, sabe: M\u00f4nica Salgado consegue unir estilo de reda\u00e7\u00e3o e boa informa\u00e7\u00e3o numa virada de p\u00e1gina, fazendo da leitura algo leve sem perder m\u00e3o do que \u00e9 necess\u00e1rio. Coisa essencial para o cen\u00e1rio jornal\u00edstico contempor\u00e2neo, onde din\u00e2mica, repert\u00f3rio e doses extras de tempero ling\u00fc\u00edstico fazem a diferen\u00e7a. Tamanha aceita\u00e7\u00e3o, tanto dentro quanto fora da revista, deve-se \u00e0 intensa dedica\u00e7\u00e3o ao trabalho que, segundo ela, \u00e9 sua vida \u2013 claro, somado ao filho Bernardo e ao marido, Afonso Nigro.<\/p>\n<p style=\"text-align: left\"><img decoding=\"async\" loading=\"lazy\" class=\"aligncenter size-full wp-image-12942\" src=\"https:\/\/i0.wp.com\/www.agrund.com\/arquivo\/notas\/files\/2011\/07\/monica.jpg?resize=469%2C334\" alt=\"\" width=\"469\" height=\"334\" data-recalc-dims=\"1\" \/><\/p>\n<p style=\"text-align: left\">A trajet\u00f3ria de M\u00f4nica, desde a \u00e9poca quando cursava jornalismo pela PUC, foi marcada por muita vontade, sede por aprendizado e alguns obst\u00e1culos. \u201cNada foi f\u00e1cil para mim. Enfrentei preconceitos por gostar e querer escrever sobre moda dentro de universidade de tradi\u00e7\u00e3o esquerdista, lugar no qual as pessoas ainda, por incr\u00edvel que pare\u00e7a, veem a moda como algo menor. Mas nunca abri m\u00e3o de ir atr\u00e1s do que queria. Comecei minha carreira num jornal pequeno, passei por assessoria de imprensa, \u00e1rea de marketing de moda, mas sempre fazendo trabalho freelancer para revistas femininas\u201d, pontua. O curr\u00edculo deluxe da jornalista tem registros de atua\u00e7\u00e3o em grandes empresas do varejo fashion, como Arezzo, Lita Mortari, al\u00e9m das revistas TPM, Elle, Veja, Contigo e Exame.<\/p>\n<p style=\"text-align: center\"><img decoding=\"async\" loading=\"lazy\" src=\"https:\/\/i0.wp.com\/www.agrund.com\/arquivo\/notas\/files\/2011\/07\/Monica-Salgado.jpg?resize=333%2C500\" alt=\"\" width=\"333\" height=\"500\" data-recalc-dims=\"1\" \/><\/p>\n<p style=\"text-align: left\">Dona de uma eleg\u00e2ncia elevada \u00e0 en\u00e9sima pot\u00eancia e de falar muito r\u00e1pido, M\u00f4nica n\u00e3o desliga um segundo. Ela sem qualquer esfor\u00e7o entusiasma quem est\u00e1 por perto. Durante os cinq\u00fcenta minutos de entrevista, seu olhar acompanhava todo o movimento ao redor do caf\u00e9 que estava, mas sem deixar de dar aten\u00e7\u00e3o \u00e0 rep\u00f3rter. Entretanto, ela tem foco no olhar, n\u00e3o desprende energia com aquilo que n\u00e3o lhe serve. M\u00f4nica est\u00e1 longe de ter uma vis\u00e3o m\u00edope da realidade que a cerca. \u201cSou muito feliz, n\u00e3o ligo muito para o azedume alheio. Concentro toda a minha for\u00e7a e aten\u00e7\u00e3o para aquilo que me interessa\u201d. S\u00e1bia e bem decidida, ela mostra em todas as atitudes que perder tempo n\u00e3o \u00e9 com ela. \u201cEnquanto algumas pessoas optam por ver televis\u00e3o no hor\u00e1rio livre, eu estou lendo, devorando revistas e livros do mundo inteiro\u201d, afirma.<\/p>\n<p>Nas entrelinhas da conversa, detecta-se que M\u00f4nica tamb\u00e9m \u00e9 exigente e incans\u00e1vel. \u201cHoje em dia, tempo em que tudo acontece de forma muito veloz, n\u00e3o entendo quem se permite a ter pregui\u00e7a, de realizar trabalhos medianos. Sinceramente, acho que as pessoas n\u00e3o t\u00eam este direito\u201d, diz.<\/p>\n<p>Sobre os planos para a carreira, ela os tem, mas sabe que tudo tem o tempo certo para acontecer. \u201cEu almejo outras oportunidades e possibilidades profissionais, claro! Mas ainda tenho muito que fazer e amadurecer no cargo que exer\u00e7o. Hoje, estou exatamente onde eu queria estar e fazendo o que eu sempre quis fazer\u201d, ressalta. E pode ter certeza, M\u00f4nica, n\u00f3s estamos adorando o seu trabalho!<\/p>\n<p style=\"text-align: left\"><img decoding=\"async\" loading=\"lazy\" class=\"aligncenter size-full wp-image-12940\" src=\"https:\/\/i0.wp.com\/www.agrund.com\/arquivo\/notas\/files\/2011\/07\/moni.jpg?resize=468%2C626\" alt=\"\" width=\"468\" height=\"626\" data-recalc-dims=\"1\" \/><\/p>\n","protected":false},"excerpt":{"rendered":"<p>por Andr\u00e9ia Meneguete Na corte da realeza fashion tupiniquim M\u00f4nica Salgado, 32 anos, redatora-chefe da Vogue Brasil, \u00e9 rainha. E desempenha tal papel com muita maestria e louvor. Uma prova f\u00e1cil de ser detectada. Basta ver o seu trabalho nas p\u00e1ginas do principal produto editorial do segmento de moda no Pa\u00eds para perceber que a [&hellip;]<\/p>\n","protected":false},"author":8,"featured_media":12942,"comment_status":"open","ping_status":"open","sticky":false,"template":"","format":"standard","meta":{"jetpack_post_was_ever_published":false,"_jetpack_newsletter_access":"","jetpack_publicize_message":"","jetpack_is_tweetstorm":false,"jetpack_publicize_feature_enabled":true,"jetpack_social_post_already_shared":false,"jetpack_social_options":{"image_generator_settings":{"template":"highway","enabled":false}}},"categories":[2],"tags":[],"jetpack_publicize_connections":[],"jetpack_featured_media_url":"","jetpack_sharing_enabled":true,"jetpack_shortlink":"https:\/\/wp.me\/p3Hz0n-3mG","jetpack_likes_enabled":true,"_links":{"self":[{"href":"https:\/\/agrund.com\/index.php\/wp-json\/wp\/v2\/posts\/12938"}],"collection":[{"href":"https:\/\/agrund.com\/index.php\/wp-json\/wp\/v2\/posts"}],"about":[{"href":"https:\/\/agrund.com\/index.php\/wp-json\/wp\/v2\/types\/post"}],"author":[{"embeddable":true,"href":"https:\/\/agrund.com\/index.php\/wp-json\/wp\/v2\/users\/8"}],"replies":[{"embeddable":true,"href":"https:\/\/agrund.com\/index.php\/wp-json\/wp\/v2\/comments?post=12938"}],"version-history":[{"count":0,"href":"https:\/\/agrund.com\/index.php\/wp-json\/wp\/v2\/posts\/12938\/revisions"}],"wp:featuredmedia":[{"embeddable":true,"href":"https:\/\/agrund.com\/index.php\/wp-json\/"}],"wp:attachment":[{"href":"https:\/\/agrund.com\/index.php\/wp-json\/wp\/v2\/media?parent=12938"}],"wp:term":[{"taxonomy":"category","embeddable":true,"href":"https:\/\/agrund.com\/index.php\/wp-json\/wp\/v2\/categories?post=12938"},{"taxonomy":"post_tag","embeddable":true,"href":"https:\/\/agrund.com\/index.php\/wp-json\/wp\/v2\/tags?post=12938"}],"curies":[{"name":"wp","href":"https:\/\/api.w.org\/{rel}","templated":true}]}}