{"id":129257,"date":"2015-05-15T17:00:18","date_gmt":"2015-05-15T20:00:18","guid":{"rendered":"http:\/\/www.agrund.com\/?p=129257"},"modified":"2015-05-15T17:07:18","modified_gmt":"2015-05-15T20:07:18","slug":"a-beleza-pop-ideal-para-o-rock-in-rio-las-vegas","status":"publish","type":"post","link":"https:\/\/agrund.com\/index.php\/a-beleza-pop-ideal-para-o-rock-in-rio-las-vegas\/","title":{"rendered":"A beleza pop ideal para o Rock in Rio Las Vegas"},"content":{"rendered":"<p style=\"text-align: right\">Por Anna Lee, de Las Vegas<\/p>\n<p style=\"text-align: left\">Neste final de semana \u00e9 a vez do pop fechar o Rock in Rio Las Vegas, e isso promete um desfile de beleza super fashionista, com muita cor e brilho.<br \/>\nAs f\u00e3s da Taylor Swift podem copiar a marca registrada da cantora: delineador gatinho com boca vermelha! Mas por se tratar de um festival, o glamour extra fica por conta da sombra com glitter.<\/p>\n<div id=\"attachment_129260\" style=\"width: 420px\" class=\"wp-caption aligncenter\"><a href=\"https:\/\/i0.wp.com\/www.agrund.com\/wp-content\/uploads\/sites\/6\/2015\/05\/unnamed7.jpg\"><img aria-describedby=\"caption-attachment-129260\" data-attachment-id=\"129260\" data-permalink=\"https:\/\/agrund.com\/index.php\/a-beleza-pop-ideal-para-o-rock-in-rio-las-vegas\/unnamed-21\/\" data-orig-file=\"https:\/\/i0.wp.com\/agrund.com\/wp-content\/uploads\/sites\/6\/2015\/05\/unnamed7.jpg?fit=600%2C600&amp;ssl=1\" data-orig-size=\"600,600\" data-comments-opened=\"1\" data-image-meta=\"{&quot;aperture&quot;:&quot;0&quot;,&quot;credit&quot;:&quot;&quot;,&quot;camera&quot;:&quot;&quot;,&quot;caption&quot;:&quot;&quot;,&quot;created_timestamp&quot;:&quot;0&quot;,&quot;copyright&quot;:&quot;&quot;,&quot;focal_length&quot;:&quot;0&quot;,&quot;iso&quot;:&quot;0&quot;,&quot;shutter_speed&quot;:&quot;0&quot;,&quot;title&quot;:&quot;&quot;,&quot;orientation&quot;:&quot;0&quot;}\" data-image-title=\"A beleza pop ideal para o Rock in Rio Las Vegas\" data-image-description=\"\" data-image-caption=\"&lt;p&gt;A beleza pop ideal para o Rock in Rio Las Vegas  &lt;\/p&gt;\n\" data-medium-file=\"https:\/\/i0.wp.com\/agrund.com\/wp-content\/uploads\/sites\/6\/2015\/05\/unnamed7.jpg?fit=300%2C300&amp;ssl=1\" data-large-file=\"https:\/\/i0.wp.com\/agrund.com\/wp-content\/uploads\/sites\/6\/2015\/05\/unnamed7.jpg?fit=600%2C600&amp;ssl=1\" decoding=\"async\" loading=\"lazy\" class=\"wp-image-129260\" src=\"https:\/\/i0.wp.com\/www.agrund.com\/wp-content\/uploads\/sites\/6\/2015\/05\/unnamed7.jpg?resize=410%2C410\" alt=\"A beleza pop ideal para o Rock in Rio Las Vegas  \" width=\"410\" height=\"410\" srcset=\"https:\/\/i0.wp.com\/agrund.com\/wp-content\/uploads\/sites\/6\/2015\/05\/unnamed7.jpg?w=600&amp;ssl=1 600w, https:\/\/i0.wp.com\/agrund.com\/wp-content\/uploads\/sites\/6\/2015\/05\/unnamed7.jpg?resize=150%2C150&amp;ssl=1 150w, https:\/\/i0.wp.com\/agrund.com\/wp-content\/uploads\/sites\/6\/2015\/05\/unnamed7.jpg?resize=300%2C300&amp;ssl=1 300w\" sizes=\"(max-width: 410px) 100vw, 410px\" data-recalc-dims=\"1\" \/><\/a><p id=\"caption-attachment-129260\" class=\"wp-caption-text\">A beleza pop ideal para o Rock in Rio Las Vegas<\/p><\/div>\n<p style=\"text-align: left\">Outra aposta \u00e9 se inspirar no desfile primavera\/ver\u00e3o 2015 da Fendi e investir no delineador duplo com cores, como o azul &#8211; que \u00e9 a cor do momento &#8211; nos detalhes da maquiagem, seja nos olhos ou na pele!<\/p>\n<div id=\"attachment_129259\" style=\"width: 420px\" class=\"wp-caption aligncenter\"><a href=\"https:\/\/i0.wp.com\/www.agrund.com\/wp-content\/uploads\/sites\/6\/2015\/05\/22.jpg\"><img aria-describedby=\"caption-attachment-129259\" data-attachment-id=\"129259\" data-permalink=\"https:\/\/agrund.com\/index.php\/a-beleza-pop-ideal-para-o-rock-in-rio-las-vegas\/2-199\/\" data-orig-file=\"https:\/\/i0.wp.com\/agrund.com\/wp-content\/uploads\/sites\/6\/2015\/05\/22.jpg?fit=590%2C884&amp;ssl=1\" data-orig-size=\"590,884\" data-comments-opened=\"1\" data-image-meta=\"{&quot;aperture&quot;:&quot;0&quot;,&quot;credit&quot;:&quot;&quot;,&quot;camera&quot;:&quot;&quot;,&quot;caption&quot;:&quot;&quot;,&quot;created_timestamp&quot;:&quot;0&quot;,&quot;copyright&quot;:&quot;&quot;,&quot;focal_length&quot;:&quot;0&quot;,&quot;iso&quot;:&quot;0&quot;,&quot;shutter_speed&quot;:&quot;0&quot;,&quot;title&quot;:&quot;&quot;,&quot;orientation&quot;:&quot;0&quot;}\" data-image-title=\"A beleza pop ideal para o Rock in Rio Las Vegas\" data-image-description=\"\" data-image-caption=\"&lt;p&gt;A beleza pop ideal para o Rock in Rio Las Vegas  &lt;\/p&gt;\n\" data-medium-file=\"https:\/\/i0.wp.com\/agrund.com\/wp-content\/uploads\/sites\/6\/2015\/05\/22.jpg?fit=200%2C300&amp;ssl=1\" data-large-file=\"https:\/\/i0.wp.com\/agrund.com\/wp-content\/uploads\/sites\/6\/2015\/05\/22.jpg?fit=590%2C884&amp;ssl=1\" decoding=\"async\" loading=\"lazy\" class=\"wp-image-129259\" src=\"https:\/\/i0.wp.com\/www.agrund.com\/wp-content\/uploads\/sites\/6\/2015\/05\/22.jpg?resize=410%2C614\" alt=\"A beleza pop ideal para o Rock in Rio Las Vegas  \" width=\"410\" height=\"614\" srcset=\"https:\/\/i0.wp.com\/agrund.com\/wp-content\/uploads\/sites\/6\/2015\/05\/22.jpg?w=590&amp;ssl=1 590w, https:\/\/i0.wp.com\/agrund.com\/wp-content\/uploads\/sites\/6\/2015\/05\/22.jpg?resize=200%2C300&amp;ssl=1 200w\" sizes=\"(max-width: 410px) 100vw, 410px\" data-recalc-dims=\"1\" \/><\/a><p id=\"caption-attachment-129259\" class=\"wp-caption-text\">A beleza pop ideal para o Rock in Rio Las Vegas<\/p><\/div>\n<p style=\"text-align: left\">Por fim, voc\u00eas lembram das flash tattoos que falamos AQUI? Agora a vers\u00e3o metalizada com colorido tem feito a cabe\u00e7a das moderninhas em Vegas, e as com azul s\u00e3o as mais procuradas! Com certeza veremos muito no rock in rio!<\/p>\n<div id=\"attachment_129258\" style=\"width: 420px\" class=\"wp-caption aligncenter\"><a href=\"https:\/\/i0.wp.com\/www.agrund.com\/wp-content\/uploads\/sites\/6\/2015\/05\/13.jpg\"><img aria-describedby=\"caption-attachment-129258\" data-attachment-id=\"129258\" data-permalink=\"https:\/\/agrund.com\/index.php\/a-beleza-pop-ideal-para-o-rock-in-rio-las-vegas\/1-222\/\" data-orig-file=\"https:\/\/i0.wp.com\/agrund.com\/wp-content\/uploads\/sites\/6\/2015\/05\/13.jpg?fit=354%2C354&amp;ssl=1\" data-orig-size=\"354,354\" data-comments-opened=\"1\" data-image-meta=\"{&quot;aperture&quot;:&quot;0&quot;,&quot;credit&quot;:&quot;&quot;,&quot;camera&quot;:&quot;&quot;,&quot;caption&quot;:&quot;&quot;,&quot;created_timestamp&quot;:&quot;0&quot;,&quot;copyright&quot;:&quot;&quot;,&quot;focal_length&quot;:&quot;0&quot;,&quot;iso&quot;:&quot;0&quot;,&quot;shutter_speed&quot;:&quot;0&quot;,&quot;title&quot;:&quot;&quot;,&quot;orientation&quot;:&quot;0&quot;}\" data-image-title=\"A beleza pop ideal para o Rock in Rio Las Vegas\" data-image-description=\"\" data-image-caption=\"&lt;p&gt;A beleza pop ideal para o Rock in Rio Las Vegas  &lt;\/p&gt;\n\" data-medium-file=\"https:\/\/i0.wp.com\/agrund.com\/wp-content\/uploads\/sites\/6\/2015\/05\/13.jpg?fit=300%2C300&amp;ssl=1\" data-large-file=\"https:\/\/i0.wp.com\/agrund.com\/wp-content\/uploads\/sites\/6\/2015\/05\/13.jpg?fit=354%2C354&amp;ssl=1\" decoding=\"async\" loading=\"lazy\" class=\"wp-image-129258\" src=\"https:\/\/i0.wp.com\/www.agrund.com\/wp-content\/uploads\/sites\/6\/2015\/05\/13.jpg?resize=410%2C410\" alt=\"A beleza pop ideal para o Rock in Rio Las Vegas  \" width=\"410\" height=\"410\" srcset=\"https:\/\/i0.wp.com\/agrund.com\/wp-content\/uploads\/sites\/6\/2015\/05\/13.jpg?w=354&amp;ssl=1 354w, https:\/\/i0.wp.com\/agrund.com\/wp-content\/uploads\/sites\/6\/2015\/05\/13.jpg?resize=150%2C150&amp;ssl=1 150w, https:\/\/i0.wp.com\/agrund.com\/wp-content\/uploads\/sites\/6\/2015\/05\/13.jpg?resize=300%2C300&amp;ssl=1 300w\" sizes=\"(max-width: 410px) 100vw, 410px\" data-recalc-dims=\"1\" \/><\/a><p id=\"caption-attachment-129258\" class=\"wp-caption-text\">A beleza pop ideal para o Rock in Rio Las Vegas<\/p><\/div>\n","protected":false},"excerpt":{"rendered":"<p>Por Anna Lee, de Las Vegas Neste final de semana \u00e9 a vez do pop fechar o Rock in Rio Las Vegas, e isso promete um desfile de beleza super fashionista, com muita cor e brilho. As f\u00e3s da Taylor Swift podem copiar a marca registrada da cantora: delineador gatinho com boca vermelha! Mas por [&hellip;]<\/p>\n","protected":false},"author":8,"featured_media":129261,"comment_status":"open","ping_status":"open","sticky":false,"template":"","format":"standard","meta":{"jetpack_post_was_ever_published":false,"_jetpack_newsletter_access":"","jetpack_publicize_message":"direto de Las Vegas, Anna Lee conta qual a beleza pop ideal para o Rock in Rio: http:\/\/wp.me\/p3Hz0n-xCN","jetpack_is_tweetstorm":false,"jetpack_publicize_feature_enabled":true,"jetpack_social_post_already_shared":true,"jetpack_social_options":{"image_generator_settings":{"template":"highway","enabled":false}}},"categories":[2],"tags":[],"jetpack_publicize_connections":[],"jetpack_featured_media_url":"https:\/\/i0.wp.com\/agrund.com\/wp-content\/uploads\/sites\/6\/2015\/05\/slide96.jpg?fit=960%2C300&ssl=1","jetpack_sharing_enabled":true,"jetpack_shortlink":"https:\/\/wp.me\/p3Hz0n-xCN","jetpack_likes_enabled":true,"_links":{"self":[{"href":"https:\/\/agrund.com\/index.php\/wp-json\/wp\/v2\/posts\/129257"}],"collection":[{"href":"https:\/\/agrund.com\/index.php\/wp-json\/wp\/v2\/posts"}],"about":[{"href":"https:\/\/agrund.com\/index.php\/wp-json\/wp\/v2\/types\/post"}],"author":[{"embeddable":true,"href":"https:\/\/agrund.com\/index.php\/wp-json\/wp\/v2\/users\/8"}],"replies":[{"embeddable":true,"href":"https:\/\/agrund.com\/index.php\/wp-json\/wp\/v2\/comments?post=129257"}],"version-history":[{"count":0,"href":"https:\/\/agrund.com\/index.php\/wp-json\/wp\/v2\/posts\/129257\/revisions"}],"wp:featuredmedia":[{"embeddable":true,"href":"https:\/\/agrund.com\/index.php\/wp-json\/wp\/v2\/media\/129261"}],"wp:attachment":[{"href":"https:\/\/agrund.com\/index.php\/wp-json\/wp\/v2\/media?parent=129257"}],"wp:term":[{"taxonomy":"category","embeddable":true,"href":"https:\/\/agrund.com\/index.php\/wp-json\/wp\/v2\/categories?post=129257"},{"taxonomy":"post_tag","embeddable":true,"href":"https:\/\/agrund.com\/index.php\/wp-json\/wp\/v2\/tags?post=129257"}],"curies":[{"name":"wp","href":"https:\/\/api.w.org\/{rel}","templated":true}]}}