{"id":129232,"date":"2015-05-15T13:00:08","date_gmt":"2015-05-15T16:00:08","guid":{"rendered":"http:\/\/www.agrund.com\/?p=129232"},"modified":"2015-05-15T10:42:58","modified_gmt":"2015-05-15T13:42:58","slug":"conheca-a-nova-garota-propaganda-da-miu-miu","status":"publish","type":"post","link":"https:\/\/agrund.com\/index.php\/conheca-a-nova-garota-propaganda-da-miu-miu\/","title":{"rendered":"Conhe\u00e7a a nova garota-propaganda da Miu Miu"},"content":{"rendered":"<div id=\"attachment_129234\" style=\"width: 499px\" class=\"wp-caption aligncenter\"><a href=\"https:\/\/i0.wp.com\/www.agrund.com\/wp-content\/uploads\/sites\/6\/2015\/05\/13-stacy-martin-miu-miiu.w245.h368.2x.jpg\"><img aria-describedby=\"caption-attachment-129234\" data-attachment-id=\"129234\" data-permalink=\"https:\/\/agrund.com\/index.php\/conheca-a-nova-garota-propaganda-da-miu-miu\/13-stacy-martin-miu-miiu-w245-h368-2x\/\" data-orig-file=\"https:\/\/i0.wp.com\/agrund.com\/wp-content\/uploads\/sites\/6\/2015\/05\/13-stacy-martin-miu-miiu.w245.h368.2x.jpg?fit=489%2C736&amp;ssl=1\" data-orig-size=\"489,736\" data-comments-opened=\"1\" data-image-meta=\"{&quot;aperture&quot;:&quot;0&quot;,&quot;credit&quot;:&quot;&quot;,&quot;camera&quot;:&quot;&quot;,&quot;caption&quot;:&quot;&quot;,&quot;created_timestamp&quot;:&quot;0&quot;,&quot;copyright&quot;:&quot;&quot;,&quot;focal_length&quot;:&quot;0&quot;,&quot;iso&quot;:&quot;0&quot;,&quot;shutter_speed&quot;:&quot;0&quot;,&quot;title&quot;:&quot;&quot;,&quot;orientation&quot;:&quot;0&quot;}\" data-image-title=\"Conhe\u00e7a a nova garota-propaganda da Miu Miu\" data-image-description=\"\" data-image-caption=\"&lt;p&gt;Conhe\u00e7a a nova garota-propaganda da Miu Miu&lt;\/p&gt;\n\" data-medium-file=\"https:\/\/i0.wp.com\/agrund.com\/wp-content\/uploads\/sites\/6\/2015\/05\/13-stacy-martin-miu-miiu.w245.h368.2x.jpg?fit=199%2C300&amp;ssl=1\" data-large-file=\"https:\/\/i0.wp.com\/agrund.com\/wp-content\/uploads\/sites\/6\/2015\/05\/13-stacy-martin-miu-miiu.w245.h368.2x.jpg?fit=489%2C736&amp;ssl=1\" decoding=\"async\" loading=\"lazy\" class=\"size-full wp-image-129234\" src=\"https:\/\/i0.wp.com\/www.agrund.com\/wp-content\/uploads\/sites\/6\/2015\/05\/13-stacy-martin-miu-miiu.w245.h368.2x.jpg?resize=489%2C736\" alt=\"Conhe\u00e7a a nova garota-propaganda da Miu Miu\" width=\"489\" height=\"736\" srcset=\"https:\/\/i0.wp.com\/agrund.com\/wp-content\/uploads\/sites\/6\/2015\/05\/13-stacy-martin-miu-miiu.w245.h368.2x.jpg?w=489&amp;ssl=1 489w, https:\/\/i0.wp.com\/agrund.com\/wp-content\/uploads\/sites\/6\/2015\/05\/13-stacy-martin-miu-miiu.w245.h368.2x.jpg?resize=199%2C300&amp;ssl=1 199w\" sizes=\"(max-width: 489px) 100vw, 489px\" data-recalc-dims=\"1\" \/><\/a><p id=\"caption-attachment-129234\" class=\"wp-caption-text\">Conhe\u00e7a a nova garota-propaganda da Miu Miu<\/p><\/div>\n<p>Prestes a lan\u00e7ar sua primeira fragr\u00e2ncia, a Miu Miu divulgou quem ser\u00e1 sua garota-propaganda. A escolhida foi a atriz Stacy Martin, queridinha do diretor de cinema Lars von Trier.\u00a0Em um comunicado oficial, Stacy confessou que ficou lisonjeada com o convite e contou o que mais gosta na marca: &#8220;Sem d\u00favida \u00e9 o contato entre cinema e arte. O compromisso da Miu Miu com curta metragens, entre outros projetos\u201d.<br \/>\nA fragr\u00e2ncia, ainda sem nome, chega ao mercado no m\u00eas de setembro.<\/p>\n<p>Imagem: Reprodu\u00e7\u00e3o.<\/p>\n","protected":false},"excerpt":{"rendered":"<p>Prestes a lan\u00e7ar sua primeira fragr\u00e2ncia, a Miu Miu divulgou quem ser\u00e1 sua garota-propaganda. A escolhida foi a atriz Stacy Martin, queridinha do diretor de cinema Lars von Trier.\u00a0Em um comunicado oficial, Stacy confessou que ficou lisonjeada com o convite e contou o que mais gosta na marca: &#8220;Sem d\u00favida \u00e9 o contato entre cinema [&hellip;]<\/p>\n","protected":false},"author":8,"featured_media":129237,"comment_status":"open","ping_status":"open","sticky":false,"template":"","format":"standard","meta":{"jetpack_post_was_ever_published":false,"_jetpack_newsletter_access":"","jetpack_publicize_message":"","jetpack_is_tweetstorm":false,"jetpack_publicize_feature_enabled":true,"jetpack_social_post_already_shared":true,"jetpack_social_options":{"image_generator_settings":{"template":"highway","enabled":false}}},"categories":[2],"tags":[],"jetpack_publicize_connections":[],"jetpack_featured_media_url":"https:\/\/i0.wp.com\/agrund.com\/wp-content\/uploads\/sites\/6\/2015\/05\/slide93.jpg?fit=960%2C300&ssl=1","jetpack_sharing_enabled":true,"jetpack_shortlink":"https:\/\/wp.me\/p3Hz0n-xCo","jetpack_likes_enabled":true,"_links":{"self":[{"href":"https:\/\/agrund.com\/index.php\/wp-json\/wp\/v2\/posts\/129232"}],"collection":[{"href":"https:\/\/agrund.com\/index.php\/wp-json\/wp\/v2\/posts"}],"about":[{"href":"https:\/\/agrund.com\/index.php\/wp-json\/wp\/v2\/types\/post"}],"author":[{"embeddable":true,"href":"https:\/\/agrund.com\/index.php\/wp-json\/wp\/v2\/users\/8"}],"replies":[{"embeddable":true,"href":"https:\/\/agrund.com\/index.php\/wp-json\/wp\/v2\/comments?post=129232"}],"version-history":[{"count":0,"href":"https:\/\/agrund.com\/index.php\/wp-json\/wp\/v2\/posts\/129232\/revisions"}],"wp:featuredmedia":[{"embeddable":true,"href":"https:\/\/agrund.com\/index.php\/wp-json\/wp\/v2\/media\/129237"}],"wp:attachment":[{"href":"https:\/\/agrund.com\/index.php\/wp-json\/wp\/v2\/media?parent=129232"}],"wp:term":[{"taxonomy":"category","embeddable":true,"href":"https:\/\/agrund.com\/index.php\/wp-json\/wp\/v2\/categories?post=129232"},{"taxonomy":"post_tag","embeddable":true,"href":"https:\/\/agrund.com\/index.php\/wp-json\/wp\/v2\/tags?post=129232"}],"curies":[{"name":"wp","href":"https:\/\/api.w.org\/{rel}","templated":true}]}}