{"id":129154,"date":"2015-05-14T12:00:59","date_gmt":"2015-05-14T15:00:59","guid":{"rendered":"http:\/\/www.agrund.com\/?p=129154"},"modified":"2015-05-14T10:38:53","modified_gmt":"2015-05-14T13:38:53","slug":"o-tapete-vermelho-de-cannes","status":"publish","type":"post","link":"https:\/\/agrund.com\/index.php\/o-tapete-vermelho-de-cannes\/","title":{"rendered":"O tapete vermelho de Cannes"},"content":{"rendered":"<p style=\"text-align: right\">Por Arlindo Grund<\/p>\n<p>Ontem (13) come\u00e7ou o Festival de Cinema de Cannes e claro que n\u00f3s ficamos de olhos bem abertos para a passagem de algumas poderosas pelo tapete vermelho. O que mais chamou aten\u00e7\u00e3o foi o derrame de marcas de luxo e j\u00f3ias que deixaram qualquer um de queixo ca\u00eddo. Acima de tudo, aqui vale comentar a beleza e os corpos que vestem algumas pe\u00e7as. Ent\u00e3o, sem perder tempo, vamos l\u00e1!<\/p>\n<p>Para come\u00e7ar, aquela que desde sua primeira apari\u00e7\u00e3o virou a queridinha dos fashionistas. Lupita Nyongo apareceu radiante num vestido plissado Gucci. O que chamou aten\u00e7\u00e3o foram seus movimentos com a pe\u00e7a, que lembrava sua primeira apari\u00e7\u00e3o com um plissado azul clarinho Prada. 10 para a atriz.<\/p>\n<div id=\"attachment_129157\" style=\"width: 570px\" class=\"wp-caption aligncenter\"><a href=\"https:\/\/i0.wp.com\/www.agrund.com\/wp-content\/uploads\/sites\/6\/2015\/05\/Lupita-de-Gucci.jpg\"><img aria-describedby=\"caption-attachment-129157\" data-attachment-id=\"129157\" data-permalink=\"https:\/\/agrund.com\/index.php\/o-tapete-vermelho-de-cannes\/lupita-de-gucci\/\" data-orig-file=\"https:\/\/i0.wp.com\/agrund.com\/wp-content\/uploads\/sites\/6\/2015\/05\/Lupita-de-Gucci.jpg?fit=2048%2C1363&amp;ssl=1\" data-orig-size=\"2048,1363\" data-comments-opened=\"1\" data-image-meta=\"{&quot;aperture&quot;:&quot;0&quot;,&quot;credit&quot;:&quot;&quot;,&quot;camera&quot;:&quot;&quot;,&quot;caption&quot;:&quot;&quot;,&quot;created_timestamp&quot;:&quot;0&quot;,&quot;copyright&quot;:&quot;&quot;,&quot;focal_length&quot;:&quot;0&quot;,&quot;iso&quot;:&quot;0&quot;,&quot;shutter_speed&quot;:&quot;0&quot;,&quot;title&quot;:&quot;&quot;,&quot;orientation&quot;:&quot;0&quot;}\" data-image-title=\"O tapete vermelho de Cannes\" data-image-description=\"\" data-image-caption=\"&lt;p&gt;O tapete vermelho de Cannes  &lt;\/p&gt;\n\" data-medium-file=\"https:\/\/i0.wp.com\/agrund.com\/wp-content\/uploads\/sites\/6\/2015\/05\/Lupita-de-Gucci.jpg?fit=300%2C200&amp;ssl=1\" data-large-file=\"https:\/\/i0.wp.com\/agrund.com\/wp-content\/uploads\/sites\/6\/2015\/05\/Lupita-de-Gucci.jpg?fit=1024%2C682&amp;ssl=1\" decoding=\"async\" loading=\"lazy\" class=\"wp-image-129157\" src=\"https:\/\/i0.wp.com\/www.agrund.com\/wp-content\/uploads\/sites\/6\/2015\/05\/Lupita-de-Gucci.jpg?resize=560%2C373\" alt=\"O tapete vermelho de Cannes  \" width=\"560\" height=\"373\" srcset=\"https:\/\/i0.wp.com\/agrund.com\/wp-content\/uploads\/sites\/6\/2015\/05\/Lupita-de-Gucci.jpg?w=2048&amp;ssl=1 2048w, https:\/\/i0.wp.com\/agrund.com\/wp-content\/uploads\/sites\/6\/2015\/05\/Lupita-de-Gucci.jpg?resize=300%2C200&amp;ssl=1 300w, https:\/\/i0.wp.com\/agrund.com\/wp-content\/uploads\/sites\/6\/2015\/05\/Lupita-de-Gucci.jpg?resize=1024%2C682&amp;ssl=1 1024w\" sizes=\"(max-width: 560px) 100vw, 560px\" data-recalc-dims=\"1\" \/><\/a><p id=\"caption-attachment-129157\" class=\"wp-caption-text\">Lupita Nyongo<\/p><\/div>\n<p>&nbsp;<\/p>\n<p>A modelo Liya Kebede, que esbanja charme por onde passa, escolheu um curto &#8211; mas n\u00e3o menos poderoso &#8211; da Louis Vuitton. Sensacional!<\/p>\n<div id=\"attachment_129158\" style=\"width: 570px\" class=\"wp-caption aligncenter\"><a href=\"https:\/\/i0.wp.com\/www.agrund.com\/wp-content\/uploads\/sites\/6\/2015\/05\/Liya-Kebede-in-Louis-Vuitton.jpg\"><img aria-describedby=\"caption-attachment-129158\" data-attachment-id=\"129158\" data-permalink=\"https:\/\/agrund.com\/index.php\/o-tapete-vermelho-de-cannes\/liya-kebede-in-louis-vuitton\/\" data-orig-file=\"https:\/\/i0.wp.com\/agrund.com\/wp-content\/uploads\/sites\/6\/2015\/05\/Liya-Kebede-in-Louis-Vuitton.jpg?fit=1239%2C2048&amp;ssl=1\" data-orig-size=\"1239,2048\" data-comments-opened=\"1\" data-image-meta=\"{&quot;aperture&quot;:&quot;0&quot;,&quot;credit&quot;:&quot;&quot;,&quot;camera&quot;:&quot;&quot;,&quot;caption&quot;:&quot;&quot;,&quot;created_timestamp&quot;:&quot;0&quot;,&quot;copyright&quot;:&quot;&quot;,&quot;focal_length&quot;:&quot;0&quot;,&quot;iso&quot;:&quot;0&quot;,&quot;shutter_speed&quot;:&quot;0&quot;,&quot;title&quot;:&quot;&quot;,&quot;orientation&quot;:&quot;0&quot;}\" data-image-title=\"O tapete vermelho de Cannes\" data-image-description=\"\" data-image-caption=\"&lt;p&gt;O tapete vermelho de Cannes  &lt;\/p&gt;\n\" data-medium-file=\"https:\/\/i0.wp.com\/agrund.com\/wp-content\/uploads\/sites\/6\/2015\/05\/Liya-Kebede-in-Louis-Vuitton.jpg?fit=181%2C300&amp;ssl=1\" data-large-file=\"https:\/\/i0.wp.com\/agrund.com\/wp-content\/uploads\/sites\/6\/2015\/05\/Liya-Kebede-in-Louis-Vuitton.jpg?fit=620%2C1024&amp;ssl=1\" decoding=\"async\" loading=\"lazy\" class=\"wp-image-129158\" src=\"https:\/\/i0.wp.com\/www.agrund.com\/wp-content\/uploads\/sites\/6\/2015\/05\/Liya-Kebede-in-Louis-Vuitton.jpg?resize=560%2C926\" alt=\"O tapete vermelho de Cannes  \" width=\"560\" height=\"926\" srcset=\"https:\/\/i0.wp.com\/agrund.com\/wp-content\/uploads\/sites\/6\/2015\/05\/Liya-Kebede-in-Louis-Vuitton.jpg?w=1239&amp;ssl=1 1239w, https:\/\/i0.wp.com\/agrund.com\/wp-content\/uploads\/sites\/6\/2015\/05\/Liya-Kebede-in-Louis-Vuitton.jpg?resize=181%2C300&amp;ssl=1 181w, https:\/\/i0.wp.com\/agrund.com\/wp-content\/uploads\/sites\/6\/2015\/05\/Liya-Kebede-in-Louis-Vuitton.jpg?resize=620%2C1024&amp;ssl=1 620w\" sizes=\"(max-width: 560px) 100vw, 560px\" data-recalc-dims=\"1\" \/><\/a><p id=\"caption-attachment-129158\" class=\"wp-caption-text\">Liya Kebede<\/p><\/div>\n<p>&nbsp;<\/p>\n<p>Doutzen kroes e Karlie Kloss derramaram sensualidade em suas passagens pelo tapete vermelho. Ambas foram de Atelier Versace, o que j\u00e1 significa roupas pra l\u00e1 de sexy! E elas podem.<\/p>\n<div id=\"attachment_129155\" style=\"width: 570px\" class=\"wp-caption aligncenter\"><a href=\"https:\/\/i0.wp.com\/www.agrund.com\/wp-content\/uploads\/sites\/6\/2015\/05\/Doutzen-Kroes-in-Atelier-Versace-with-Chopard-jewels-and-Jimmy-Choo-shoes.jpg\"><img aria-describedby=\"caption-attachment-129155\" data-attachment-id=\"129155\" data-permalink=\"https:\/\/agrund.com\/index.php\/o-tapete-vermelho-de-cannes\/doutzen-kroes-in-atelier-versace-with-chopard-jewels-and-jimmy-choo-shoes\/\" data-orig-file=\"https:\/\/i0.wp.com\/agrund.com\/wp-content\/uploads\/sites\/6\/2015\/05\/Doutzen-Kroes-in-Atelier-Versace-with-Chopard-jewels-and-Jimmy-Choo-shoes.jpg?fit=1239%2C2048&amp;ssl=1\" data-orig-size=\"1239,2048\" data-comments-opened=\"1\" data-image-meta=\"{&quot;aperture&quot;:&quot;0&quot;,&quot;credit&quot;:&quot;&quot;,&quot;camera&quot;:&quot;&quot;,&quot;caption&quot;:&quot;&quot;,&quot;created_timestamp&quot;:&quot;0&quot;,&quot;copyright&quot;:&quot;&quot;,&quot;focal_length&quot;:&quot;0&quot;,&quot;iso&quot;:&quot;0&quot;,&quot;shutter_speed&quot;:&quot;0&quot;,&quot;title&quot;:&quot;&quot;,&quot;orientation&quot;:&quot;0&quot;}\" data-image-title=\"Doutzen Kroes in Atelier Versace with Chopard jewels and Jimmy Choo shoes\" data-image-description=\"\" data-image-caption=\"&lt;p&gt;Doutzen Kroes&lt;\/p&gt;\n\" data-medium-file=\"https:\/\/i0.wp.com\/agrund.com\/wp-content\/uploads\/sites\/6\/2015\/05\/Doutzen-Kroes-in-Atelier-Versace-with-Chopard-jewels-and-Jimmy-Choo-shoes.jpg?fit=181%2C300&amp;ssl=1\" data-large-file=\"https:\/\/i0.wp.com\/agrund.com\/wp-content\/uploads\/sites\/6\/2015\/05\/Doutzen-Kroes-in-Atelier-Versace-with-Chopard-jewels-and-Jimmy-Choo-shoes.jpg?fit=620%2C1024&amp;ssl=1\" decoding=\"async\" loading=\"lazy\" class=\"wp-image-129155\" src=\"https:\/\/i0.wp.com\/www.agrund.com\/wp-content\/uploads\/sites\/6\/2015\/05\/Doutzen-Kroes-in-Atelier-Versace-with-Chopard-jewels-and-Jimmy-Choo-shoes.jpg?resize=560%2C926\" alt=\"Doutzen Kroes\" width=\"560\" height=\"926\" srcset=\"https:\/\/i0.wp.com\/agrund.com\/wp-content\/uploads\/sites\/6\/2015\/05\/Doutzen-Kroes-in-Atelier-Versace-with-Chopard-jewels-and-Jimmy-Choo-shoes.jpg?w=1239&amp;ssl=1 1239w, https:\/\/i0.wp.com\/agrund.com\/wp-content\/uploads\/sites\/6\/2015\/05\/Doutzen-Kroes-in-Atelier-Versace-with-Chopard-jewels-and-Jimmy-Choo-shoes.jpg?resize=181%2C300&amp;ssl=1 181w, https:\/\/i0.wp.com\/agrund.com\/wp-content\/uploads\/sites\/6\/2015\/05\/Doutzen-Kroes-in-Atelier-Versace-with-Chopard-jewels-and-Jimmy-Choo-shoes.jpg?resize=620%2C1024&amp;ssl=1 620w\" sizes=\"(max-width: 560px) 100vw, 560px\" data-recalc-dims=\"1\" \/><\/a><p id=\"caption-attachment-129155\" class=\"wp-caption-text\">Doutzen Kroes<\/p><\/div>\n<div id=\"attachment_129156\" style=\"width: 570px\" class=\"wp-caption aligncenter\"><a href=\"https:\/\/i0.wp.com\/www.agrund.com\/wp-content\/uploads\/sites\/6\/2015\/05\/Karlie-Kloss-Atelier-Versace.jpg\"><img aria-describedby=\"caption-attachment-129156\" data-attachment-id=\"129156\" data-permalink=\"https:\/\/agrund.com\/index.php\/o-tapete-vermelho-de-cannes\/karlie-kloss-atelier-versace\/\" data-orig-file=\"https:\/\/i0.wp.com\/agrund.com\/wp-content\/uploads\/sites\/6\/2015\/05\/Karlie-Kloss-Atelier-Versace.jpg?fit=1239%2C2048&amp;ssl=1\" data-orig-size=\"1239,2048\" data-comments-opened=\"1\" data-image-meta=\"{&quot;aperture&quot;:&quot;0&quot;,&quot;credit&quot;:&quot;&quot;,&quot;camera&quot;:&quot;&quot;,&quot;caption&quot;:&quot;&quot;,&quot;created_timestamp&quot;:&quot;0&quot;,&quot;copyright&quot;:&quot;&quot;,&quot;focal_length&quot;:&quot;0&quot;,&quot;iso&quot;:&quot;0&quot;,&quot;shutter_speed&quot;:&quot;0&quot;,&quot;title&quot;:&quot;&quot;,&quot;orientation&quot;:&quot;0&quot;}\" data-image-title=\"Karlie Kloss Atelier Versace\" data-image-description=\"\" data-image-caption=\"&lt;p&gt;Karlie Kloss&lt;\/p&gt;\n\" data-medium-file=\"https:\/\/i0.wp.com\/agrund.com\/wp-content\/uploads\/sites\/6\/2015\/05\/Karlie-Kloss-Atelier-Versace.jpg?fit=181%2C300&amp;ssl=1\" data-large-file=\"https:\/\/i0.wp.com\/agrund.com\/wp-content\/uploads\/sites\/6\/2015\/05\/Karlie-Kloss-Atelier-Versace.jpg?fit=620%2C1024&amp;ssl=1\" decoding=\"async\" loading=\"lazy\" class=\"wp-image-129156\" src=\"https:\/\/i0.wp.com\/www.agrund.com\/wp-content\/uploads\/sites\/6\/2015\/05\/Karlie-Kloss-Atelier-Versace.jpg?resize=560%2C926\" alt=\"Karlie Kloss\" width=\"560\" height=\"926\" srcset=\"https:\/\/i0.wp.com\/agrund.com\/wp-content\/uploads\/sites\/6\/2015\/05\/Karlie-Kloss-Atelier-Versace.jpg?w=1239&amp;ssl=1 1239w, https:\/\/i0.wp.com\/agrund.com\/wp-content\/uploads\/sites\/6\/2015\/05\/Karlie-Kloss-Atelier-Versace.jpg?resize=181%2C300&amp;ssl=1 181w, https:\/\/i0.wp.com\/agrund.com\/wp-content\/uploads\/sites\/6\/2015\/05\/Karlie-Kloss-Atelier-Versace.jpg?resize=620%2C1024&amp;ssl=1 620w\" sizes=\"(max-width: 560px) 100vw, 560px\" data-recalc-dims=\"1\" \/><\/a><p id=\"caption-attachment-129156\" class=\"wp-caption-text\">Karlie Kloss<\/p><\/div>\n<p>&nbsp;<\/p>\n<p>J\u00e1 Julianne Moore e Naomi Watts preferiram a delicadeza e a suavidade das penas aplicadas em seus vestidos. Legal porque ambas estavam com decotes profundos, mas as texturas e os bordados das pe\u00e7as sa\u00edram na frente no quesito chamar aten\u00e7\u00e3o.<\/p>\n<div id=\"attachment_129159\" style=\"width: 570px\" class=\"wp-caption aligncenter\"><a href=\"https:\/\/i0.wp.com\/www.agrund.com\/wp-content\/uploads\/sites\/6\/2015\/05\/Julianne-Moore-in-Armani-Priv\u00e9-with-Chopard-jewels.jpg\"><img aria-describedby=\"caption-attachment-129159\" data-attachment-id=\"129159\" data-permalink=\"https:\/\/agrund.com\/index.php\/o-tapete-vermelho-de-cannes\/julianne-moore-in-armani-prive-with-chopard-jewels\/\" data-orig-file=\"https:\/\/i0.wp.com\/agrund.com\/wp-content\/uploads\/sites\/6\/2015\/05\/Julianne-Moore-in-Armani-Priv\u00e9-with-Chopard-jewels.jpg?fit=1239%2C2048&amp;ssl=1\" data-orig-size=\"1239,2048\" data-comments-opened=\"1\" data-image-meta=\"{&quot;aperture&quot;:&quot;0&quot;,&quot;credit&quot;:&quot;&quot;,&quot;camera&quot;:&quot;&quot;,&quot;caption&quot;:&quot;&quot;,&quot;created_timestamp&quot;:&quot;0&quot;,&quot;copyright&quot;:&quot;&quot;,&quot;focal_length&quot;:&quot;0&quot;,&quot;iso&quot;:&quot;0&quot;,&quot;shutter_speed&quot;:&quot;0&quot;,&quot;title&quot;:&quot;&quot;,&quot;orientation&quot;:&quot;0&quot;}\" data-image-title=\"Julianne Moore in Armani Priv\u00e9 with Chopard jewels\" data-image-description=\"\" data-image-caption=\"&lt;p&gt;Julianne Moore&lt;\/p&gt;\n\" data-medium-file=\"https:\/\/i0.wp.com\/agrund.com\/wp-content\/uploads\/sites\/6\/2015\/05\/Julianne-Moore-in-Armani-Priv\u00e9-with-Chopard-jewels.jpg?fit=181%2C300&amp;ssl=1\" data-large-file=\"https:\/\/i0.wp.com\/agrund.com\/wp-content\/uploads\/sites\/6\/2015\/05\/Julianne-Moore-in-Armani-Priv\u00e9-with-Chopard-jewels.jpg?fit=620%2C1024&amp;ssl=1\" decoding=\"async\" loading=\"lazy\" class=\"wp-image-129159\" src=\"https:\/\/i0.wp.com\/www.agrund.com\/wp-content\/uploads\/sites\/6\/2015\/05\/Julianne-Moore-in-Armani-Priv\u00e9-with-Chopard-jewels.jpg?resize=560%2C926\" alt=\"Julianne Moore\" width=\"560\" height=\"926\" srcset=\"https:\/\/i0.wp.com\/agrund.com\/wp-content\/uploads\/sites\/6\/2015\/05\/Julianne-Moore-in-Armani-Priv\u00e9-with-Chopard-jewels.jpg?w=1239&amp;ssl=1 1239w, https:\/\/i0.wp.com\/agrund.com\/wp-content\/uploads\/sites\/6\/2015\/05\/Julianne-Moore-in-Armani-Priv\u00e9-with-Chopard-jewels.jpg?resize=181%2C300&amp;ssl=1 181w, https:\/\/i0.wp.com\/agrund.com\/wp-content\/uploads\/sites\/6\/2015\/05\/Julianne-Moore-in-Armani-Priv\u00e9-with-Chopard-jewels.jpg?resize=620%2C1024&amp;ssl=1 620w\" sizes=\"(max-width: 560px) 100vw, 560px\" data-recalc-dims=\"1\" \/><\/a><p id=\"caption-attachment-129159\" class=\"wp-caption-text\">Julianne Moore<\/p><\/div>\n<div id=\"attachment_129160\" style=\"width: 570px\" class=\"wp-caption aligncenter\"><a href=\"https:\/\/i0.wp.com\/www.agrund.com\/wp-content\/uploads\/sites\/6\/2015\/05\/Naomi-Watts.jpg\"><img aria-describedby=\"caption-attachment-129160\" data-attachment-id=\"129160\" data-permalink=\"https:\/\/agrund.com\/index.php\/o-tapete-vermelho-de-cannes\/naomi-watts-7\/\" data-orig-file=\"https:\/\/i0.wp.com\/agrund.com\/wp-content\/uploads\/sites\/6\/2015\/05\/Naomi-Watts.jpg?fit=1359%2C2048&amp;ssl=1\" data-orig-size=\"1359,2048\" data-comments-opened=\"1\" data-image-meta=\"{&quot;aperture&quot;:&quot;0&quot;,&quot;credit&quot;:&quot;&quot;,&quot;camera&quot;:&quot;&quot;,&quot;caption&quot;:&quot;&quot;,&quot;created_timestamp&quot;:&quot;0&quot;,&quot;copyright&quot;:&quot;&quot;,&quot;focal_length&quot;:&quot;0&quot;,&quot;iso&quot;:&quot;0&quot;,&quot;shutter_speed&quot;:&quot;0&quot;,&quot;title&quot;:&quot;&quot;,&quot;orientation&quot;:&quot;0&quot;}\" data-image-title=\"Naomi Watts\" data-image-description=\"\" data-image-caption=\"&lt;p&gt;Naomi Watts&lt;\/p&gt;\n\" data-medium-file=\"https:\/\/i0.wp.com\/agrund.com\/wp-content\/uploads\/sites\/6\/2015\/05\/Naomi-Watts.jpg?fit=199%2C300&amp;ssl=1\" data-large-file=\"https:\/\/i0.wp.com\/agrund.com\/wp-content\/uploads\/sites\/6\/2015\/05\/Naomi-Watts.jpg?fit=680%2C1024&amp;ssl=1\" decoding=\"async\" loading=\"lazy\" class=\"wp-image-129160\" src=\"https:\/\/i0.wp.com\/www.agrund.com\/wp-content\/uploads\/sites\/6\/2015\/05\/Naomi-Watts.jpg?resize=560%2C844\" alt=\"Naomi Watts\" width=\"560\" height=\"844\" srcset=\"https:\/\/i0.wp.com\/agrund.com\/wp-content\/uploads\/sites\/6\/2015\/05\/Naomi-Watts.jpg?w=1359&amp;ssl=1 1359w, https:\/\/i0.wp.com\/agrund.com\/wp-content\/uploads\/sites\/6\/2015\/05\/Naomi-Watts.jpg?resize=199%2C300&amp;ssl=1 199w, https:\/\/i0.wp.com\/agrund.com\/wp-content\/uploads\/sites\/6\/2015\/05\/Naomi-Watts.jpg?resize=680%2C1024&amp;ssl=1 680w\" sizes=\"(max-width: 560px) 100vw, 560px\" data-recalc-dims=\"1\" \/><\/a><p id=\"caption-attachment-129160\" class=\"wp-caption-text\">Naomi Watts<\/p><\/div>\n<p>E a\u00ed? Qual voc\u00ea mais gostou?<\/p>\n<p>&nbsp;<\/p>\n<p>Imagens: Reprodu\u00e7\u00e3o.<\/p>\n","protected":false},"excerpt":{"rendered":"<p>Por Arlindo Grund Ontem (13) come\u00e7ou o Festival de Cinema de Cannes e claro que n\u00f3s ficamos de olhos bem abertos para a passagem de algumas poderosas pelo tapete vermelho. O que mais chamou aten\u00e7\u00e3o foi o derrame de marcas de luxo e j\u00f3ias que deixaram qualquer um de queixo ca\u00eddo. Acima de tudo, aqui [&hellip;]<\/p>\n","protected":false},"author":8,"featured_media":129162,"comment_status":"open","ping_status":"open","sticky":false,"template":"","format":"standard","meta":{"jetpack_post_was_ever_published":false,"_jetpack_newsletter_access":"","jetpack_publicize_message":"Arlindo Grund comenta os looks do tapete vermelho de Cannes: http:\/\/wp.me\/p3Hz0n-xB8","jetpack_is_tweetstorm":false,"jetpack_publicize_feature_enabled":true,"jetpack_social_post_already_shared":true,"jetpack_social_options":{"image_generator_settings":{"template":"highway","enabled":false}}},"categories":[2],"tags":[],"jetpack_publicize_connections":[],"jetpack_featured_media_url":"https:\/\/i0.wp.com\/agrund.com\/wp-content\/uploads\/sites\/6\/2015\/05\/slidecannes1.jpg?fit=960%2C300&ssl=1","jetpack_sharing_enabled":true,"jetpack_shortlink":"https:\/\/wp.me\/p3Hz0n-xB8","jetpack_likes_enabled":true,"_links":{"self":[{"href":"https:\/\/agrund.com\/index.php\/wp-json\/wp\/v2\/posts\/129154"}],"collection":[{"href":"https:\/\/agrund.com\/index.php\/wp-json\/wp\/v2\/posts"}],"about":[{"href":"https:\/\/agrund.com\/index.php\/wp-json\/wp\/v2\/types\/post"}],"author":[{"embeddable":true,"href":"https:\/\/agrund.com\/index.php\/wp-json\/wp\/v2\/users\/8"}],"replies":[{"embeddable":true,"href":"https:\/\/agrund.com\/index.php\/wp-json\/wp\/v2\/comments?post=129154"}],"version-history":[{"count":0,"href":"https:\/\/agrund.com\/index.php\/wp-json\/wp\/v2\/posts\/129154\/revisions"}],"wp:featuredmedia":[{"embeddable":true,"href":"https:\/\/agrund.com\/index.php\/wp-json\/wp\/v2\/media\/129162"}],"wp:attachment":[{"href":"https:\/\/agrund.com\/index.php\/wp-json\/wp\/v2\/media?parent=129154"}],"wp:term":[{"taxonomy":"category","embeddable":true,"href":"https:\/\/agrund.com\/index.php\/wp-json\/wp\/v2\/categories?post=129154"},{"taxonomy":"post_tag","embeddable":true,"href":"https:\/\/agrund.com\/index.php\/wp-json\/wp\/v2\/tags?post=129154"}],"curies":[{"name":"wp","href":"https:\/\/api.w.org\/{rel}","templated":true}]}}