{"id":129093,"date":"2015-05-13T17:00:49","date_gmt":"2015-05-13T20:00:49","guid":{"rendered":"http:\/\/www.agrund.com\/?p=129093"},"modified":"2015-05-13T16:53:52","modified_gmt":"2015-05-13T19:53:52","slug":"as-primeiras-imagens-de-rihanna-na-campanha-da-dior","status":"publish","type":"post","link":"https:\/\/agrund.com\/index.php\/as-primeiras-imagens-de-rihanna-na-campanha-da-dior\/","title":{"rendered":"As primeiras imagens de Rihanna na campanha da Dior"},"content":{"rendered":"<p>Voc\u00ea lembra quando contamos AQUI que a Rihanna seria a nova garota-propaganda da Dior? Agora finalmente as primeiras imagens da campanha &#8220;Secret Garden IV &#8211; Versailles&#8221; foram divulgadas!<br \/>\nO local escolhido para fazer os cliques n\u00e3o poderia ser outro se n\u00e3o o pr\u00f3prio Pal\u00e1cio de Versalhes. Riri posou bel\u00edssima n\u00e3o apenas nos luxuosos c\u00f4modos da propriedade, mas tamb\u00e9m em seus famosos jardins.<br \/>\nA fotografia \u00e9 de Steven Meisel e voc\u00ea confere todos detalhes na galeria abaixo:<\/p>\n<div id=\"attachment_129094\" style=\"width: 570px\" class=\"wp-caption aligncenter\"><a href=\"https:\/\/i0.wp.com\/www.agrund.com\/wp-content\/uploads\/sites\/6\/2015\/05\/6a00e54ef96453883401bb082dd139970d-700wi.jpg\"><img aria-describedby=\"caption-attachment-129094\" data-attachment-id=\"129094\" data-permalink=\"https:\/\/agrund.com\/index.php\/as-primeiras-imagens-de-rihanna-na-campanha-da-dior\/6a00e54ef96453883401bb082dd139970d-700wi\/\" data-orig-file=\"https:\/\/i0.wp.com\/agrund.com\/wp-content\/uploads\/sites\/6\/2015\/05\/6a00e54ef96453883401bb082dd139970d-700wi.jpg?fit=700%2C908&amp;ssl=1\" data-orig-size=\"700,908\" data-comments-opened=\"1\" data-image-meta=\"{&quot;aperture&quot;:&quot;0&quot;,&quot;credit&quot;:&quot;&quot;,&quot;camera&quot;:&quot;&quot;,&quot;caption&quot;:&quot;&quot;,&quot;created_timestamp&quot;:&quot;0&quot;,&quot;copyright&quot;:&quot;&quot;,&quot;focal_length&quot;:&quot;0&quot;,&quot;iso&quot;:&quot;0&quot;,&quot;shutter_speed&quot;:&quot;0&quot;,&quot;title&quot;:&quot;&quot;,&quot;orientation&quot;:&quot;0&quot;}\" data-image-title=\"As primeiras imagens de Rihanna na campanha da Dior\" data-image-description=\"\" data-image-caption=\"&lt;p&gt;As primeiras imagens de Rihanna na campanha da Dior &lt;\/p&gt;\n\" data-medium-file=\"https:\/\/i0.wp.com\/agrund.com\/wp-content\/uploads\/sites\/6\/2015\/05\/6a00e54ef96453883401bb082dd139970d-700wi.jpg?fit=231%2C300&amp;ssl=1\" data-large-file=\"https:\/\/i0.wp.com\/agrund.com\/wp-content\/uploads\/sites\/6\/2015\/05\/6a00e54ef96453883401bb082dd139970d-700wi.jpg?fit=700%2C908&amp;ssl=1\" decoding=\"async\" loading=\"lazy\" class=\"wp-image-129094\" src=\"https:\/\/i0.wp.com\/www.agrund.com\/wp-content\/uploads\/sites\/6\/2015\/05\/6a00e54ef96453883401bb082dd139970d-700wi.jpg?resize=560%2C726\" alt=\"As primeiras imagens de Rihanna na campanha da Dior \" width=\"560\" height=\"726\" srcset=\"https:\/\/i0.wp.com\/agrund.com\/wp-content\/uploads\/sites\/6\/2015\/05\/6a00e54ef96453883401bb082dd139970d-700wi.jpg?w=700&amp;ssl=1 700w, https:\/\/i0.wp.com\/agrund.com\/wp-content\/uploads\/sites\/6\/2015\/05\/6a00e54ef96453883401bb082dd139970d-700wi.jpg?resize=231%2C300&amp;ssl=1 231w\" sizes=\"(max-width: 560px) 100vw, 560px\" data-recalc-dims=\"1\" \/><\/a><p id=\"caption-attachment-129094\" class=\"wp-caption-text\">As primeiras imagens de Rihanna na campanha da Dior<\/p><\/div>\n<div id=\"attachment_129095\" style=\"width: 570px\" class=\"wp-caption aligncenter\"><a href=\"https:\/\/i0.wp.com\/www.agrund.com\/wp-content\/uploads\/sites\/6\/2015\/05\/rihanna-steven-klein-dior-secret-garden-2015-2.jpg\"><img aria-describedby=\"caption-attachment-129095\" data-attachment-id=\"129095\" data-permalink=\"https:\/\/agrund.com\/index.php\/as-primeiras-imagens-de-rihanna-na-campanha-da-dior\/rihanna-steven-klein-dior-secret-garden-2015-2\/\" data-orig-file=\"https:\/\/i0.wp.com\/agrund.com\/wp-content\/uploads\/sites\/6\/2015\/05\/rihanna-steven-klein-dior-secret-garden-2015-2.jpg?fit=780%2C505&amp;ssl=1\" data-orig-size=\"780,505\" data-comments-opened=\"1\" data-image-meta=\"{&quot;aperture&quot;:&quot;0&quot;,&quot;credit&quot;:&quot;&quot;,&quot;camera&quot;:&quot;&quot;,&quot;caption&quot;:&quot;&quot;,&quot;created_timestamp&quot;:&quot;0&quot;,&quot;copyright&quot;:&quot;&quot;,&quot;focal_length&quot;:&quot;0&quot;,&quot;iso&quot;:&quot;0&quot;,&quot;shutter_speed&quot;:&quot;0&quot;,&quot;title&quot;:&quot;&quot;,&quot;orientation&quot;:&quot;0&quot;}\" data-image-title=\"As primeiras imagens de Rihanna na campanha da Dior\" data-image-description=\"\" data-image-caption=\"&lt;p&gt;As primeiras imagens de Rihanna na campanha da Dior &lt;\/p&gt;\n\" data-medium-file=\"https:\/\/i0.wp.com\/agrund.com\/wp-content\/uploads\/sites\/6\/2015\/05\/rihanna-steven-klein-dior-secret-garden-2015-2.jpg?fit=300%2C194&amp;ssl=1\" data-large-file=\"https:\/\/i0.wp.com\/agrund.com\/wp-content\/uploads\/sites\/6\/2015\/05\/rihanna-steven-klein-dior-secret-garden-2015-2.jpg?fit=780%2C505&amp;ssl=1\" decoding=\"async\" loading=\"lazy\" class=\"wp-image-129095\" src=\"https:\/\/i0.wp.com\/www.agrund.com\/wp-content\/uploads\/sites\/6\/2015\/05\/rihanna-steven-klein-dior-secret-garden-2015-2.jpg?resize=560%2C363\" alt=\"As primeiras imagens de Rihanna na campanha da Dior \" width=\"560\" height=\"363\" srcset=\"https:\/\/i0.wp.com\/agrund.com\/wp-content\/uploads\/sites\/6\/2015\/05\/rihanna-steven-klein-dior-secret-garden-2015-2.jpg?w=780&amp;ssl=1 780w, https:\/\/i0.wp.com\/agrund.com\/wp-content\/uploads\/sites\/6\/2015\/05\/rihanna-steven-klein-dior-secret-garden-2015-2.jpg?resize=300%2C194&amp;ssl=1 300w\" sizes=\"(max-width: 560px) 100vw, 560px\" data-recalc-dims=\"1\" \/><\/a><p id=\"caption-attachment-129095\" class=\"wp-caption-text\">As primeiras imagens de Rihanna na campanha da Dior<\/p><\/div>\n<div id=\"attachment_129096\" style=\"width: 570px\" class=\"wp-caption aligncenter\"><a href=\"https:\/\/i0.wp.com\/www.agrund.com\/wp-content\/uploads\/sites\/6\/2015\/05\/rihanna-steven-klein-dior-secret-garden-2015-3.jpg\"><img aria-describedby=\"caption-attachment-129096\" data-attachment-id=\"129096\" data-permalink=\"https:\/\/agrund.com\/index.php\/as-primeiras-imagens-de-rihanna-na-campanha-da-dior\/rihanna-steven-klein-dior-secret-garden-2015-3\/\" data-orig-file=\"https:\/\/i0.wp.com\/agrund.com\/wp-content\/uploads\/sites\/6\/2015\/05\/rihanna-steven-klein-dior-secret-garden-2015-3.jpg?fit=780%2C568&amp;ssl=1\" data-orig-size=\"780,568\" data-comments-opened=\"1\" data-image-meta=\"{&quot;aperture&quot;:&quot;0&quot;,&quot;credit&quot;:&quot;&quot;,&quot;camera&quot;:&quot;&quot;,&quot;caption&quot;:&quot;&quot;,&quot;created_timestamp&quot;:&quot;0&quot;,&quot;copyright&quot;:&quot;&quot;,&quot;focal_length&quot;:&quot;0&quot;,&quot;iso&quot;:&quot;0&quot;,&quot;shutter_speed&quot;:&quot;0&quot;,&quot;title&quot;:&quot;&quot;,&quot;orientation&quot;:&quot;0&quot;}\" data-image-title=\"As primeiras imagens de Rihanna na campanha da Dior\" data-image-description=\"\" data-image-caption=\"&lt;p&gt;As primeiras imagens de Rihanna na campanha da Dior &lt;\/p&gt;\n\" data-medium-file=\"https:\/\/i0.wp.com\/agrund.com\/wp-content\/uploads\/sites\/6\/2015\/05\/rihanna-steven-klein-dior-secret-garden-2015-3.jpg?fit=300%2C218&amp;ssl=1\" data-large-file=\"https:\/\/i0.wp.com\/agrund.com\/wp-content\/uploads\/sites\/6\/2015\/05\/rihanna-steven-klein-dior-secret-garden-2015-3.jpg?fit=780%2C568&amp;ssl=1\" decoding=\"async\" loading=\"lazy\" class=\"wp-image-129096\" src=\"https:\/\/i0.wp.com\/www.agrund.com\/wp-content\/uploads\/sites\/6\/2015\/05\/rihanna-steven-klein-dior-secret-garden-2015-3.jpg?resize=560%2C408\" alt=\"As primeiras imagens de Rihanna na campanha da Dior \" width=\"560\" height=\"408\" srcset=\"https:\/\/i0.wp.com\/agrund.com\/wp-content\/uploads\/sites\/6\/2015\/05\/rihanna-steven-klein-dior-secret-garden-2015-3.jpg?w=780&amp;ssl=1 780w, https:\/\/i0.wp.com\/agrund.com\/wp-content\/uploads\/sites\/6\/2015\/05\/rihanna-steven-klein-dior-secret-garden-2015-3.jpg?resize=300%2C218&amp;ssl=1 300w\" sizes=\"(max-width: 560px) 100vw, 560px\" data-recalc-dims=\"1\" \/><\/a><p id=\"caption-attachment-129096\" class=\"wp-caption-text\">As primeiras imagens de Rihanna na campanha da Dior<\/p><\/div>\n<div id=\"attachment_129097\" style=\"width: 570px\" class=\"wp-caption aligncenter\"><a href=\"https:\/\/i0.wp.com\/www.agrund.com\/wp-content\/uploads\/sites\/6\/2015\/05\/rihanna-steven-klein-dior-secret-garden-2015-4.jpg\"><img aria-describedby=\"caption-attachment-129097\" data-attachment-id=\"129097\" data-permalink=\"https:\/\/agrund.com\/index.php\/as-primeiras-imagens-de-rihanna-na-campanha-da-dior\/rihanna-steven-klein-dior-secret-garden-2015-4\/\" data-orig-file=\"https:\/\/i0.wp.com\/agrund.com\/wp-content\/uploads\/sites\/6\/2015\/05\/rihanna-steven-klein-dior-secret-garden-2015-4.jpg?fit=780%2C505&amp;ssl=1\" data-orig-size=\"780,505\" data-comments-opened=\"1\" data-image-meta=\"{&quot;aperture&quot;:&quot;0&quot;,&quot;credit&quot;:&quot;&quot;,&quot;camera&quot;:&quot;&quot;,&quot;caption&quot;:&quot;&quot;,&quot;created_timestamp&quot;:&quot;0&quot;,&quot;copyright&quot;:&quot;&quot;,&quot;focal_length&quot;:&quot;0&quot;,&quot;iso&quot;:&quot;0&quot;,&quot;shutter_speed&quot;:&quot;0&quot;,&quot;title&quot;:&quot;&quot;,&quot;orientation&quot;:&quot;0&quot;}\" data-image-title=\"As primeiras imagens de Rihanna na campanha da Dior\" data-image-description=\"\" data-image-caption=\"&lt;p&gt;As primeiras imagens de Rihanna na campanha da Dior &lt;\/p&gt;\n\" data-medium-file=\"https:\/\/i0.wp.com\/agrund.com\/wp-content\/uploads\/sites\/6\/2015\/05\/rihanna-steven-klein-dior-secret-garden-2015-4.jpg?fit=300%2C194&amp;ssl=1\" data-large-file=\"https:\/\/i0.wp.com\/agrund.com\/wp-content\/uploads\/sites\/6\/2015\/05\/rihanna-steven-klein-dior-secret-garden-2015-4.jpg?fit=780%2C505&amp;ssl=1\" decoding=\"async\" loading=\"lazy\" class=\"wp-image-129097\" src=\"https:\/\/i0.wp.com\/www.agrund.com\/wp-content\/uploads\/sites\/6\/2015\/05\/rihanna-steven-klein-dior-secret-garden-2015-4.jpg?resize=560%2C363\" alt=\"As primeiras imagens de Rihanna na campanha da Dior \" width=\"560\" height=\"363\" srcset=\"https:\/\/i0.wp.com\/agrund.com\/wp-content\/uploads\/sites\/6\/2015\/05\/rihanna-steven-klein-dior-secret-garden-2015-4.jpg?w=780&amp;ssl=1 780w, https:\/\/i0.wp.com\/agrund.com\/wp-content\/uploads\/sites\/6\/2015\/05\/rihanna-steven-klein-dior-secret-garden-2015-4.jpg?resize=300%2C194&amp;ssl=1 300w\" sizes=\"(max-width: 560px) 100vw, 560px\" data-recalc-dims=\"1\" \/><\/a><p id=\"caption-attachment-129097\" class=\"wp-caption-text\">As primeiras imagens de Rihanna na campanha da Dior<\/p><\/div>\n<p>Imagens: Reprodu\u00e7\u00e3o.<\/p>\n","protected":false},"excerpt":{"rendered":"<p>Voc\u00ea lembra quando contamos AQUI que a Rihanna seria a nova garota-propaganda da Dior? Agora finalmente as primeiras imagens da campanha &#8220;Secret Garden IV &#8211; Versailles&#8221; foram divulgadas! O local escolhido para fazer os cliques n\u00e3o poderia ser outro se n\u00e3o o pr\u00f3prio Pal\u00e1cio de Versalhes. Riri posou bel\u00edssima n\u00e3o apenas nos luxuosos c\u00f4modos da [&hellip;]<\/p>\n","protected":false},"author":8,"featured_media":129099,"comment_status":"open","ping_status":"open","sticky":false,"template":"","format":"standard","meta":{"jetpack_post_was_ever_published":false,"_jetpack_newsletter_access":"","jetpack_publicize_message":"","jetpack_is_tweetstorm":false,"jetpack_publicize_feature_enabled":true,"jetpack_social_post_already_shared":true,"jetpack_social_options":{"image_generator_settings":{"template":"highway","enabled":false}}},"categories":[2],"tags":[],"jetpack_publicize_connections":[],"jetpack_featured_media_url":"https:\/\/i0.wp.com\/agrund.com\/wp-content\/uploads\/sites\/6\/2015\/05\/slide84.jpg?fit=960%2C300&ssl=1","jetpack_sharing_enabled":true,"jetpack_shortlink":"https:\/\/wp.me\/p3Hz0n-xA9","jetpack_likes_enabled":true,"_links":{"self":[{"href":"https:\/\/agrund.com\/index.php\/wp-json\/wp\/v2\/posts\/129093"}],"collection":[{"href":"https:\/\/agrund.com\/index.php\/wp-json\/wp\/v2\/posts"}],"about":[{"href":"https:\/\/agrund.com\/index.php\/wp-json\/wp\/v2\/types\/post"}],"author":[{"embeddable":true,"href":"https:\/\/agrund.com\/index.php\/wp-json\/wp\/v2\/users\/8"}],"replies":[{"embeddable":true,"href":"https:\/\/agrund.com\/index.php\/wp-json\/wp\/v2\/comments?post=129093"}],"version-history":[{"count":0,"href":"https:\/\/agrund.com\/index.php\/wp-json\/wp\/v2\/posts\/129093\/revisions"}],"wp:featuredmedia":[{"embeddable":true,"href":"https:\/\/agrund.com\/index.php\/wp-json\/wp\/v2\/media\/129099"}],"wp:attachment":[{"href":"https:\/\/agrund.com\/index.php\/wp-json\/wp\/v2\/media?parent=129093"}],"wp:term":[{"taxonomy":"category","embeddable":true,"href":"https:\/\/agrund.com\/index.php\/wp-json\/wp\/v2\/categories?post=129093"},{"taxonomy":"post_tag","embeddable":true,"href":"https:\/\/agrund.com\/index.php\/wp-json\/wp\/v2\/tags?post=129093"}],"curies":[{"name":"wp","href":"https:\/\/api.w.org\/{rel}","templated":true}]}}