{"id":128945,"date":"2015-05-11T15:00:45","date_gmt":"2015-05-11T18:00:45","guid":{"rendered":"http:\/\/www.agrund.com\/?p=128945"},"modified":"2015-05-11T15:44:27","modified_gmt":"2015-05-11T18:44:27","slug":"o-dia-das-maes-de-kim-kardashian-no-brasil","status":"publish","type":"post","link":"https:\/\/agrund.com\/index.php\/o-dia-das-maes-de-kim-kardashian-no-brasil\/","title":{"rendered":"O dia das m\u00e3es de Kim Kardashian no Brasil"},"content":{"rendered":"<p>Kim Kardashian desembarcou em S\u00e3o Paulo ontem (10) para participar do lan\u00e7amento de sua cole\u00e7\u00e3o para a C&amp;A (reveja <a href=\"http:\/\/www.agrund.com\/kim-kardashian-assina-colecao-para-a-ca\/\" target=\"_blank\">AQUI<\/a>). Mas n\u00e3o pense que ela n\u00e3o comemorou o Dia das M\u00e3es. Apesar de estar longe da fam\u00edlia, seu marido Kanye West preparou surpresas para ela aqui no Brasil.<br \/>\nEm seu Instagram, a socialite compartilhou uma foto de seu quarto de hotel com duas mil rosas brancas que o marido mandou. E n\u00e3o p\u00e1ra por a\u00ed! Quando Kim chegou a um restaurante para jantar, uma orquestra estava esperando por ela ao som de Sam Smith e todos os gar\u00e7ons que iam atend\u00ea-la diziam &#8220;Isto \u00e9 do Sr. West para a melhor m\u00e3e do mundo&#8221;. \u00c9 ou n\u00e3o \u00e9 uma fam\u00edlia linda essa?<\/p>\n<div id=\"attachment_128948\" style=\"width: 560px\" class=\"wp-caption aligncenter\"><a href=\"https:\/\/i0.wp.com\/www.agrund.com\/wp-content\/uploads\/sites\/6\/2015\/05\/Captura-de-Tela-2015-05-11-\u00e0s-13.54.36.jpg\"><img aria-describedby=\"caption-attachment-128948\" data-attachment-id=\"128948\" data-permalink=\"https:\/\/agrund.com\/index.php\/o-dia-das-maes-de-kim-kardashian-no-brasil\/captura-de-tela-2015-05-11-as-13-54-36\/\" data-orig-file=\"https:\/\/i0.wp.com\/agrund.com\/wp-content\/uploads\/sites\/6\/2015\/05\/Captura-de-Tela-2015-05-11-\u00e0s-13.54.36.jpg?fit=550%2C546&amp;ssl=1\" data-orig-size=\"550,546\" data-comments-opened=\"1\" data-image-meta=\"{&quot;aperture&quot;:&quot;0&quot;,&quot;credit&quot;:&quot;&quot;,&quot;camera&quot;:&quot;&quot;,&quot;caption&quot;:&quot;&quot;,&quot;created_timestamp&quot;:&quot;0&quot;,&quot;copyright&quot;:&quot;&quot;,&quot;focal_length&quot;:&quot;0&quot;,&quot;iso&quot;:&quot;0&quot;,&quot;shutter_speed&quot;:&quot;0&quot;,&quot;title&quot;:&quot;&quot;,&quot;orientation&quot;:&quot;0&quot;}\" data-image-title=\"O dia das m\u00e3es de Kim Kardashian no Brasil\" data-image-description=\"\" data-image-caption=\"&lt;p&gt;O dia das m\u00e3es de Kim Kardashian no Brasil  &lt;\/p&gt;\n\" data-medium-file=\"https:\/\/i0.wp.com\/agrund.com\/wp-content\/uploads\/sites\/6\/2015\/05\/Captura-de-Tela-2015-05-11-\u00e0s-13.54.36.jpg?fit=300%2C298&amp;ssl=1\" data-large-file=\"https:\/\/i0.wp.com\/agrund.com\/wp-content\/uploads\/sites\/6\/2015\/05\/Captura-de-Tela-2015-05-11-\u00e0s-13.54.36.jpg?fit=550%2C546&amp;ssl=1\" decoding=\"async\" loading=\"lazy\" class=\"size-full wp-image-128948\" src=\"https:\/\/i0.wp.com\/www.agrund.com\/wp-content\/uploads\/sites\/6\/2015\/05\/Captura-de-Tela-2015-05-11-\u00e0s-13.54.36.jpg?resize=550%2C546\" alt=\"O dia das m\u00e3es de Kim Kardashian no Brasil  \" width=\"550\" height=\"546\" srcset=\"https:\/\/i0.wp.com\/agrund.com\/wp-content\/uploads\/sites\/6\/2015\/05\/Captura-de-Tela-2015-05-11-\u00e0s-13.54.36.jpg?w=550&amp;ssl=1 550w, https:\/\/i0.wp.com\/agrund.com\/wp-content\/uploads\/sites\/6\/2015\/05\/Captura-de-Tela-2015-05-11-\u00e0s-13.54.36.jpg?resize=150%2C150&amp;ssl=1 150w, https:\/\/i0.wp.com\/agrund.com\/wp-content\/uploads\/sites\/6\/2015\/05\/Captura-de-Tela-2015-05-11-\u00e0s-13.54.36.jpg?resize=300%2C298&amp;ssl=1 300w\" sizes=\"(max-width: 550px) 100vw, 550px\" data-recalc-dims=\"1\" \/><\/a><p id=\"caption-attachment-128948\" class=\"wp-caption-text\">O dia das m\u00e3es de Kim Kardashian no Brasil<\/p><\/div>\n<div id=\"attachment_128949\" style=\"width: 560px\" class=\"wp-caption aligncenter\"><a href=\"https:\/\/i0.wp.com\/www.agrund.com\/wp-content\/uploads\/sites\/6\/2015\/05\/Captura-de-Tela-2015-05-11-\u00e0s-13.54.41.jpg\"><img aria-describedby=\"caption-attachment-128949\" data-attachment-id=\"128949\" data-permalink=\"https:\/\/agrund.com\/index.php\/o-dia-das-maes-de-kim-kardashian-no-brasil\/captura-de-tela-2015-05-11-as-13-54-41\/\" data-orig-file=\"https:\/\/i0.wp.com\/agrund.com\/wp-content\/uploads\/sites\/6\/2015\/05\/Captura-de-Tela-2015-05-11-\u00e0s-13.54.41.jpg?fit=550%2C545&amp;ssl=1\" data-orig-size=\"550,545\" data-comments-opened=\"1\" data-image-meta=\"{&quot;aperture&quot;:&quot;0&quot;,&quot;credit&quot;:&quot;&quot;,&quot;camera&quot;:&quot;&quot;,&quot;caption&quot;:&quot;&quot;,&quot;created_timestamp&quot;:&quot;0&quot;,&quot;copyright&quot;:&quot;&quot;,&quot;focal_length&quot;:&quot;0&quot;,&quot;iso&quot;:&quot;0&quot;,&quot;shutter_speed&quot;:&quot;0&quot;,&quot;title&quot;:&quot;&quot;,&quot;orientation&quot;:&quot;0&quot;}\" data-image-title=\"O dia das m\u00e3es de Kim Kardashian no Brasil\" data-image-description=\"\" data-image-caption=\"&lt;p&gt;O dia das m\u00e3es de Kim Kardashian no Brasil  &lt;\/p&gt;\n\" data-medium-file=\"https:\/\/i0.wp.com\/agrund.com\/wp-content\/uploads\/sites\/6\/2015\/05\/Captura-de-Tela-2015-05-11-\u00e0s-13.54.41.jpg?fit=300%2C297&amp;ssl=1\" data-large-file=\"https:\/\/i0.wp.com\/agrund.com\/wp-content\/uploads\/sites\/6\/2015\/05\/Captura-de-Tela-2015-05-11-\u00e0s-13.54.41.jpg?fit=550%2C545&amp;ssl=1\" decoding=\"async\" loading=\"lazy\" class=\"size-full wp-image-128949\" src=\"https:\/\/i0.wp.com\/www.agrund.com\/wp-content\/uploads\/sites\/6\/2015\/05\/Captura-de-Tela-2015-05-11-\u00e0s-13.54.41.jpg?resize=550%2C545\" alt=\"O dia das m\u00e3es de Kim Kardashian no Brasil  \" width=\"550\" height=\"545\" srcset=\"https:\/\/i0.wp.com\/agrund.com\/wp-content\/uploads\/sites\/6\/2015\/05\/Captura-de-Tela-2015-05-11-\u00e0s-13.54.41.jpg?w=550&amp;ssl=1 550w, https:\/\/i0.wp.com\/agrund.com\/wp-content\/uploads\/sites\/6\/2015\/05\/Captura-de-Tela-2015-05-11-\u00e0s-13.54.41.jpg?resize=150%2C150&amp;ssl=1 150w, https:\/\/i0.wp.com\/agrund.com\/wp-content\/uploads\/sites\/6\/2015\/05\/Captura-de-Tela-2015-05-11-\u00e0s-13.54.41.jpg?resize=300%2C297&amp;ssl=1 300w\" sizes=\"(max-width: 550px) 100vw, 550px\" data-recalc-dims=\"1\" \/><\/a><p id=\"caption-attachment-128949\" class=\"wp-caption-text\">O dia das m\u00e3es de Kim Kardashian no Brasil<\/p><\/div>\n<p>&nbsp;<\/p>\n<p>Em tempo: o lan\u00e7amento da cole\u00e7\u00e3o &#8220;Kim Kardashian para a C&amp;A&#8221; acontece hoje e o Agrund.com estar\u00e1 l\u00e1. Fique de olho nas novidades!<\/p>\n<p>Imagens: Reprodu\u00e7\u00e3o.<\/p>\n","protected":false},"excerpt":{"rendered":"<p>Kim Kardashian desembarcou em S\u00e3o Paulo ontem (10) para participar do lan\u00e7amento de sua cole\u00e7\u00e3o para a C&amp;A (reveja AQUI). Mas n\u00e3o pense que ela n\u00e3o comemorou o Dia das M\u00e3es. Apesar de estar longe da fam\u00edlia, seu marido Kanye West preparou surpresas para ela aqui no Brasil. Em seu Instagram, a socialite compartilhou uma [&hellip;]<\/p>\n","protected":false},"author":8,"featured_media":128952,"comment_status":"open","ping_status":"open","sticky":false,"template":"","format":"standard","meta":{"jetpack_post_was_ever_published":false,"_jetpack_newsletter_access":"","jetpack_publicize_message":"","jetpack_is_tweetstorm":false,"jetpack_publicize_feature_enabled":true,"jetpack_social_post_already_shared":true,"jetpack_social_options":{"image_generator_settings":{"template":"highway","enabled":false}}},"categories":[2],"tags":[],"jetpack_publicize_connections":[],"jetpack_featured_media_url":"https:\/\/i0.wp.com\/agrund.com\/wp-content\/uploads\/sites\/6\/2015\/05\/slide71.jpg?fit=960%2C300&ssl=1","jetpack_sharing_enabled":true,"jetpack_shortlink":"https:\/\/wp.me\/p3Hz0n-xxL","jetpack_likes_enabled":true,"_links":{"self":[{"href":"https:\/\/agrund.com\/index.php\/wp-json\/wp\/v2\/posts\/128945"}],"collection":[{"href":"https:\/\/agrund.com\/index.php\/wp-json\/wp\/v2\/posts"}],"about":[{"href":"https:\/\/agrund.com\/index.php\/wp-json\/wp\/v2\/types\/post"}],"author":[{"embeddable":true,"href":"https:\/\/agrund.com\/index.php\/wp-json\/wp\/v2\/users\/8"}],"replies":[{"embeddable":true,"href":"https:\/\/agrund.com\/index.php\/wp-json\/wp\/v2\/comments?post=128945"}],"version-history":[{"count":0,"href":"https:\/\/agrund.com\/index.php\/wp-json\/wp\/v2\/posts\/128945\/revisions"}],"wp:featuredmedia":[{"embeddable":true,"href":"https:\/\/agrund.com\/index.php\/wp-json\/wp\/v2\/media\/128952"}],"wp:attachment":[{"href":"https:\/\/agrund.com\/index.php\/wp-json\/wp\/v2\/media?parent=128945"}],"wp:term":[{"taxonomy":"category","embeddable":true,"href":"https:\/\/agrund.com\/index.php\/wp-json\/wp\/v2\/categories?post=128945"},{"taxonomy":"post_tag","embeddable":true,"href":"https:\/\/agrund.com\/index.php\/wp-json\/wp\/v2\/tags?post=128945"}],"curies":[{"name":"wp","href":"https:\/\/api.w.org\/{rel}","templated":true}]}}