{"id":128894,"date":"2015-05-08T21:00:08","date_gmt":"2015-05-09T00:00:08","guid":{"rendered":"http:\/\/www.agrund.com\/?p=128894"},"modified":"2015-05-08T18:59:03","modified_gmt":"2015-05-08T21:59:03","slug":"de-fernanda-lima-a-sophie-charlotte-vote-na-mais-bem-vestida","status":"publish","type":"post","link":"https:\/\/agrund.com\/index.php\/de-fernanda-lima-a-sophie-charlotte-vote-na-mais-bem-vestida\/","title":{"rendered":"De Fernanda Lima a Sophie Charlotte: vote na mais bem vestida!"},"content":{"rendered":"<p style=\"text-align: right\">Por Ros\u00e2ngela Espinossi<\/p>\n<p>As famosas apostaram em looks bem variados nesta semana: longos, curtos, macac\u00f5es, cal\u00e7as jeans, casacos, coletes de pele, shorts, saias, vestido tipo blazer e com a barra trompete \u2013 ou seja, para todos os gostos e corpos! Nos p\u00e9s tamb\u00e9m n\u00e3o faltou variedade, indo de sand\u00e1lias a escarpins e botas, muitas delas acima do joelho \u2013 tend\u00eancia, mas dif\u00edcil de ser usada por todo mundo.<\/p>\n<p>Com Fernanda Lima, Marina Ruy Barbosa, Mariana Rios, Sophie Charlotte, Deborah Secco, Adriane Galisteu, Fiorella Mattheis, Giovanna Lancellotti, Fernanda Keulla e Fernanda Paes Leme, n\u00f3s do Elas no Tapete Vermelho queremos saber qual voc\u00ea achou a mais bem vestida. Veja as fotos abaixo e depois entra <a href=\"http:\/\/www.elasnotapetevermelho.com.br\/novo\/qual-e-a-famosa-mais-bem-vestida-da-semana-17\/\" target=\"_blank\">AQUI<\/a> para votar!<\/p>\n<p>Fernanda Lima apostou em vestido longo e preto decotado. Marina Ruy Barbosa exibiu blusa preta com saia xadrez.<\/p>\n<div id=\"attachment_128896\" style=\"width: 570px\" class=\"wp-caption aligncenter\"><a href=\"https:\/\/i0.wp.com\/www.agrund.com\/wp-content\/uploads\/sites\/6\/2015\/05\/foto-11.jpg\"><img aria-describedby=\"caption-attachment-128896\" data-attachment-id=\"128896\" data-permalink=\"https:\/\/agrund.com\/index.php\/de-fernanda-lima-a-sophie-charlotte-vote-na-mais-bem-vestida\/foto-11-4\/\" data-orig-file=\"https:\/\/i0.wp.com\/agrund.com\/wp-content\/uploads\/sites\/6\/2015\/05\/foto-11.jpg?fit=1024%2C768&amp;ssl=1\" data-orig-size=\"1024,768\" data-comments-opened=\"1\" data-image-meta=\"{&quot;aperture&quot;:&quot;0&quot;,&quot;credit&quot;:&quot;&quot;,&quot;camera&quot;:&quot;&quot;,&quot;caption&quot;:&quot;&quot;,&quot;created_timestamp&quot;:&quot;0&quot;,&quot;copyright&quot;:&quot;&quot;,&quot;focal_length&quot;:&quot;0&quot;,&quot;iso&quot;:&quot;0&quot;,&quot;shutter_speed&quot;:&quot;0&quot;,&quot;title&quot;:&quot;&quot;,&quot;orientation&quot;:&quot;0&quot;}\" data-image-title=\"De Fernanda Lima a Sophie Charlotte: vote na mais bem vestida!\" data-image-description=\"\" data-image-caption=\"&lt;p&gt;De Fernanda Lima a Sophie Charlotte: vote na mais bem vestida! &lt;\/p&gt;\n\" data-medium-file=\"https:\/\/i0.wp.com\/agrund.com\/wp-content\/uploads\/sites\/6\/2015\/05\/foto-11.jpg?fit=300%2C225&amp;ssl=1\" data-large-file=\"https:\/\/i0.wp.com\/agrund.com\/wp-content\/uploads\/sites\/6\/2015\/05\/foto-11.jpg?fit=1024%2C768&amp;ssl=1\" decoding=\"async\" loading=\"lazy\" class=\"wp-image-128896\" src=\"https:\/\/i0.wp.com\/www.agrund.com\/wp-content\/uploads\/sites\/6\/2015\/05\/foto-11.jpg?resize=560%2C420\" alt=\"De Fernanda Lima a Sophie Charlotte: vote na mais bem vestida! \" width=\"560\" height=\"420\" srcset=\"https:\/\/i0.wp.com\/agrund.com\/wp-content\/uploads\/sites\/6\/2015\/05\/foto-11.jpg?w=1024&amp;ssl=1 1024w, https:\/\/i0.wp.com\/agrund.com\/wp-content\/uploads\/sites\/6\/2015\/05\/foto-11.jpg?resize=300%2C225&amp;ssl=1 300w\" sizes=\"(max-width: 560px) 100vw, 560px\" data-recalc-dims=\"1\" \/><\/a><p id=\"caption-attachment-128896\" class=\"wp-caption-text\">De Fernanda Lima a Sophie Charlotte: vote na mais bem vestida!<\/p><\/div>\n<p>&nbsp;<\/p>\n<p>Mariana Rios preferiu look preto com toque de brilho fenda. Sophie Charlotte foi clicada com vestido listrado.<\/p>\n<div id=\"attachment_128897\" style=\"width: 570px\" class=\"wp-caption aligncenter\"><a href=\"https:\/\/i0.wp.com\/www.agrund.com\/wp-content\/uploads\/sites\/6\/2015\/05\/foto-21.jpg\"><img aria-describedby=\"caption-attachment-128897\" data-attachment-id=\"128897\" data-permalink=\"https:\/\/agrund.com\/index.php\/de-fernanda-lima-a-sophie-charlotte-vote-na-mais-bem-vestida\/foto-21-2\/\" data-orig-file=\"https:\/\/i0.wp.com\/agrund.com\/wp-content\/uploads\/sites\/6\/2015\/05\/foto-21.jpg?fit=1024%2C768&amp;ssl=1\" data-orig-size=\"1024,768\" data-comments-opened=\"1\" data-image-meta=\"{&quot;aperture&quot;:&quot;0&quot;,&quot;credit&quot;:&quot;&quot;,&quot;camera&quot;:&quot;&quot;,&quot;caption&quot;:&quot;&quot;,&quot;created_timestamp&quot;:&quot;0&quot;,&quot;copyright&quot;:&quot;&quot;,&quot;focal_length&quot;:&quot;0&quot;,&quot;iso&quot;:&quot;0&quot;,&quot;shutter_speed&quot;:&quot;0&quot;,&quot;title&quot;:&quot;&quot;,&quot;orientation&quot;:&quot;0&quot;}\" data-image-title=\"De Fernanda Lima a Sophie Charlotte: vote na mais bem vestida!\" data-image-description=\"\" data-image-caption=\"&lt;p&gt;De Fernanda Lima a Sophie Charlotte: vote na mais bem vestida! &lt;\/p&gt;\n\" data-medium-file=\"https:\/\/i0.wp.com\/agrund.com\/wp-content\/uploads\/sites\/6\/2015\/05\/foto-21.jpg?fit=300%2C225&amp;ssl=1\" data-large-file=\"https:\/\/i0.wp.com\/agrund.com\/wp-content\/uploads\/sites\/6\/2015\/05\/foto-21.jpg?fit=1024%2C768&amp;ssl=1\" decoding=\"async\" loading=\"lazy\" class=\"wp-image-128897\" src=\"https:\/\/i0.wp.com\/www.agrund.com\/wp-content\/uploads\/sites\/6\/2015\/05\/foto-21.jpg?resize=560%2C420\" alt=\"De Fernanda Lima a Sophie Charlotte: vote na mais bem vestida! \" width=\"560\" height=\"420\" srcset=\"https:\/\/i0.wp.com\/agrund.com\/wp-content\/uploads\/sites\/6\/2015\/05\/foto-21.jpg?w=1024&amp;ssl=1 1024w, https:\/\/i0.wp.com\/agrund.com\/wp-content\/uploads\/sites\/6\/2015\/05\/foto-21.jpg?resize=300%2C225&amp;ssl=1 300w\" sizes=\"(max-width: 560px) 100vw, 560px\" data-recalc-dims=\"1\" \/><\/a><p id=\"caption-attachment-128897\" class=\"wp-caption-text\">De Fernanda Lima a Sophie Charlotte: vote na mais bem vestida!<\/p><\/div>\n<p>&nbsp;<\/p>\n<p>Deborah Secco escolheu trench coat azul e cal\u00e7a rasgada no joelho. Adriane Galisteu marcou presen\u00e7a em evento com macac\u00e3o.<\/p>\n<div id=\"attachment_128898\" style=\"width: 570px\" class=\"wp-caption aligncenter\"><a href=\"https:\/\/i0.wp.com\/www.agrund.com\/wp-content\/uploads\/sites\/6\/2015\/05\/foto-31.jpg\"><img aria-describedby=\"caption-attachment-128898\" data-attachment-id=\"128898\" data-permalink=\"https:\/\/agrund.com\/index.php\/de-fernanda-lima-a-sophie-charlotte-vote-na-mais-bem-vestida\/foto-31-2\/\" data-orig-file=\"https:\/\/i0.wp.com\/agrund.com\/wp-content\/uploads\/sites\/6\/2015\/05\/foto-31.jpg?fit=1024%2C768&amp;ssl=1\" data-orig-size=\"1024,768\" data-comments-opened=\"1\" data-image-meta=\"{&quot;aperture&quot;:&quot;0&quot;,&quot;credit&quot;:&quot;&quot;,&quot;camera&quot;:&quot;&quot;,&quot;caption&quot;:&quot;&quot;,&quot;created_timestamp&quot;:&quot;0&quot;,&quot;copyright&quot;:&quot;&quot;,&quot;focal_length&quot;:&quot;0&quot;,&quot;iso&quot;:&quot;0&quot;,&quot;shutter_speed&quot;:&quot;0&quot;,&quot;title&quot;:&quot;&quot;,&quot;orientation&quot;:&quot;0&quot;}\" data-image-title=\"De Fernanda Lima a Sophie Charlotte: vote na mais bem vestida!\" data-image-description=\"\" data-image-caption=\"&lt;p&gt;De Fernanda Lima a Sophie Charlotte: vote na mais bem vestida! &lt;\/p&gt;\n\" data-medium-file=\"https:\/\/i0.wp.com\/agrund.com\/wp-content\/uploads\/sites\/6\/2015\/05\/foto-31.jpg?fit=300%2C225&amp;ssl=1\" data-large-file=\"https:\/\/i0.wp.com\/agrund.com\/wp-content\/uploads\/sites\/6\/2015\/05\/foto-31.jpg?fit=1024%2C768&amp;ssl=1\" decoding=\"async\" loading=\"lazy\" class=\"wp-image-128898\" src=\"https:\/\/i0.wp.com\/www.agrund.com\/wp-content\/uploads\/sites\/6\/2015\/05\/foto-31.jpg?resize=560%2C420\" alt=\"De Fernanda Lima a Sophie Charlotte: vote na mais bem vestida! \" width=\"560\" height=\"420\" srcset=\"https:\/\/i0.wp.com\/agrund.com\/wp-content\/uploads\/sites\/6\/2015\/05\/foto-31.jpg?w=1024&amp;ssl=1 1024w, https:\/\/i0.wp.com\/agrund.com\/wp-content\/uploads\/sites\/6\/2015\/05\/foto-31.jpg?resize=300%2C225&amp;ssl=1 300w\" sizes=\"(max-width: 560px) 100vw, 560px\" data-recalc-dims=\"1\" \/><\/a><p id=\"caption-attachment-128898\" class=\"wp-caption-text\">De Fernanda Lima a Sophie Charlotte: vote na mais bem vestida!<\/p><\/div>\n<p>&nbsp;<\/p>\n<p>Fiorella Mattheis e Giovanna Lancellotti posaram com bota cuissarde e coletes de pele fake.<\/p>\n<div id=\"attachment_128899\" style=\"width: 570px\" class=\"wp-caption aligncenter\"><a href=\"https:\/\/i0.wp.com\/www.agrund.com\/wp-content\/uploads\/sites\/6\/2015\/05\/foto-41.jpg\"><img aria-describedby=\"caption-attachment-128899\" data-attachment-id=\"128899\" data-permalink=\"https:\/\/agrund.com\/index.php\/de-fernanda-lima-a-sophie-charlotte-vote-na-mais-bem-vestida\/foto-41-3\/\" data-orig-file=\"https:\/\/i0.wp.com\/agrund.com\/wp-content\/uploads\/sites\/6\/2015\/05\/foto-41.jpg?fit=1024%2C768&amp;ssl=1\" data-orig-size=\"1024,768\" data-comments-opened=\"1\" data-image-meta=\"{&quot;aperture&quot;:&quot;0&quot;,&quot;credit&quot;:&quot;&quot;,&quot;camera&quot;:&quot;&quot;,&quot;caption&quot;:&quot;&quot;,&quot;created_timestamp&quot;:&quot;0&quot;,&quot;copyright&quot;:&quot;&quot;,&quot;focal_length&quot;:&quot;0&quot;,&quot;iso&quot;:&quot;0&quot;,&quot;shutter_speed&quot;:&quot;0&quot;,&quot;title&quot;:&quot;&quot;,&quot;orientation&quot;:&quot;0&quot;}\" data-image-title=\"De Fernanda Lima a Sophie Charlotte: vote na mais bem vestida!\" data-image-description=\"\" data-image-caption=\"&lt;p&gt;De Fernanda Lima a Sophie Charlotte: vote na mais bem vestida! &lt;\/p&gt;\n\" data-medium-file=\"https:\/\/i0.wp.com\/agrund.com\/wp-content\/uploads\/sites\/6\/2015\/05\/foto-41.jpg?fit=300%2C225&amp;ssl=1\" data-large-file=\"https:\/\/i0.wp.com\/agrund.com\/wp-content\/uploads\/sites\/6\/2015\/05\/foto-41.jpg?fit=1024%2C768&amp;ssl=1\" decoding=\"async\" loading=\"lazy\" class=\"wp-image-128899\" src=\"https:\/\/i0.wp.com\/www.agrund.com\/wp-content\/uploads\/sites\/6\/2015\/05\/foto-41.jpg?resize=560%2C420\" alt=\"De Fernanda Lima a Sophie Charlotte: vote na mais bem vestida! \" width=\"560\" height=\"420\" srcset=\"https:\/\/i0.wp.com\/agrund.com\/wp-content\/uploads\/sites\/6\/2015\/05\/foto-41.jpg?w=1024&amp;ssl=1 1024w, https:\/\/i0.wp.com\/agrund.com\/wp-content\/uploads\/sites\/6\/2015\/05\/foto-41.jpg?resize=300%2C225&amp;ssl=1 300w\" sizes=\"(max-width: 560px) 100vw, 560px\" data-recalc-dims=\"1\" \/><\/a><p id=\"caption-attachment-128899\" class=\"wp-caption-text\">De Fernanda Lima a Sophie Charlotte: vote na mais bem vestida!<\/p><\/div>\n<p>&nbsp;<\/p>\n<p>Fernanda Keulla usou vestido com listras geom\u00e9tricas e barra trompete. Fernanda Paes Leme escolheu vestido-blazer preto, com botas tamb\u00e9m at\u00e9 as coxas.<\/p>\n<div id=\"attachment_128895\" style=\"width: 570px\" class=\"wp-caption aligncenter\"><a href=\"https:\/\/i0.wp.com\/www.agrund.com\/wp-content\/uploads\/sites\/6\/2015\/05\/foto-5.jpg\"><img aria-describedby=\"caption-attachment-128895\" data-attachment-id=\"128895\" data-permalink=\"https:\/\/agrund.com\/index.php\/de-fernanda-lima-a-sophie-charlotte-vote-na-mais-bem-vestida\/foto-5-11\/\" data-orig-file=\"https:\/\/i0.wp.com\/agrund.com\/wp-content\/uploads\/sites\/6\/2015\/05\/foto-5.jpg?fit=1024%2C768&amp;ssl=1\" data-orig-size=\"1024,768\" data-comments-opened=\"1\" data-image-meta=\"{&quot;aperture&quot;:&quot;0&quot;,&quot;credit&quot;:&quot;&quot;,&quot;camera&quot;:&quot;&quot;,&quot;caption&quot;:&quot;&quot;,&quot;created_timestamp&quot;:&quot;0&quot;,&quot;copyright&quot;:&quot;&quot;,&quot;focal_length&quot;:&quot;0&quot;,&quot;iso&quot;:&quot;0&quot;,&quot;shutter_speed&quot;:&quot;0&quot;,&quot;title&quot;:&quot;&quot;,&quot;orientation&quot;:&quot;0&quot;}\" data-image-title=\"De Fernanda Lima a Sophie Charlotte: vote na mais bem vestida!\" data-image-description=\"\" data-image-caption=\"&lt;p&gt;De Fernanda Lima a Sophie Charlotte: vote na mais bem vestida! &lt;\/p&gt;\n\" data-medium-file=\"https:\/\/i0.wp.com\/agrund.com\/wp-content\/uploads\/sites\/6\/2015\/05\/foto-5.jpg?fit=300%2C225&amp;ssl=1\" data-large-file=\"https:\/\/i0.wp.com\/agrund.com\/wp-content\/uploads\/sites\/6\/2015\/05\/foto-5.jpg?fit=1024%2C768&amp;ssl=1\" decoding=\"async\" loading=\"lazy\" class=\"wp-image-128895\" src=\"https:\/\/i0.wp.com\/www.agrund.com\/wp-content\/uploads\/sites\/6\/2015\/05\/foto-5.jpg?resize=560%2C420\" alt=\"De Fernanda Lima a Sophie Charlotte: vote na mais bem vestida! \" width=\"560\" height=\"420\" srcset=\"https:\/\/i0.wp.com\/agrund.com\/wp-content\/uploads\/sites\/6\/2015\/05\/foto-5.jpg?w=1024&amp;ssl=1 1024w, https:\/\/i0.wp.com\/agrund.com\/wp-content\/uploads\/sites\/6\/2015\/05\/foto-5.jpg?resize=300%2C225&amp;ssl=1 300w\" sizes=\"(max-width: 560px) 100vw, 560px\" data-recalc-dims=\"1\" \/><\/a><p id=\"caption-attachment-128895\" class=\"wp-caption-text\">De Fernanda Lima a Sophie Charlotte: vote na mais bem vestida!<\/p><\/div>\n<p>Imagens: Divulga\u00e7\u00e3o.<\/p>\n","protected":false},"excerpt":{"rendered":"<p>Por Ros\u00e2ngela Espinossi As famosas apostaram em looks bem variados nesta semana: longos, curtos, macac\u00f5es, cal\u00e7as jeans, casacos, coletes de pele, shorts, saias, vestido tipo blazer e com a barra trompete \u2013 ou seja, para todos os gostos e corpos! Nos p\u00e9s tamb\u00e9m n\u00e3o faltou variedade, indo de sand\u00e1lias a escarpins e botas, muitas delas [&hellip;]<\/p>\n","protected":false},"author":8,"featured_media":128901,"comment_status":"open","ping_status":"open","sticky":false,"template":"","format":"standard","meta":{"jetpack_post_was_ever_published":false,"_jetpack_newsletter_access":"","jetpack_publicize_message":"Qual a famosa mais bem vestida da semana? Tem @fernandakeulla, @mariruybarbosa, @dedesecco e mais: http:\/\/wp.me\/p3Hz0n-xwW","jetpack_is_tweetstorm":false,"jetpack_publicize_feature_enabled":true,"jetpack_social_post_already_shared":true,"jetpack_social_options":{"image_generator_settings":{"template":"highway","enabled":false}}},"categories":[2],"tags":[],"jetpack_publicize_connections":[],"jetpack_featured_media_url":"https:\/\/i0.wp.com\/agrund.com\/wp-content\/uploads\/sites\/6\/2015\/05\/slide67.jpg?fit=960%2C300&ssl=1","jetpack_sharing_enabled":true,"jetpack_shortlink":"https:\/\/wp.me\/p3Hz0n-xwW","jetpack_likes_enabled":true,"_links":{"self":[{"href":"https:\/\/agrund.com\/index.php\/wp-json\/wp\/v2\/posts\/128894"}],"collection":[{"href":"https:\/\/agrund.com\/index.php\/wp-json\/wp\/v2\/posts"}],"about":[{"href":"https:\/\/agrund.com\/index.php\/wp-json\/wp\/v2\/types\/post"}],"author":[{"embeddable":true,"href":"https:\/\/agrund.com\/index.php\/wp-json\/wp\/v2\/users\/8"}],"replies":[{"embeddable":true,"href":"https:\/\/agrund.com\/index.php\/wp-json\/wp\/v2\/comments?post=128894"}],"version-history":[{"count":0,"href":"https:\/\/agrund.com\/index.php\/wp-json\/wp\/v2\/posts\/128894\/revisions"}],"wp:featuredmedia":[{"embeddable":true,"href":"https:\/\/agrund.com\/index.php\/wp-json\/wp\/v2\/media\/128901"}],"wp:attachment":[{"href":"https:\/\/agrund.com\/index.php\/wp-json\/wp\/v2\/media?parent=128894"}],"wp:term":[{"taxonomy":"category","embeddable":true,"href":"https:\/\/agrund.com\/index.php\/wp-json\/wp\/v2\/categories?post=128894"},{"taxonomy":"post_tag","embeddable":true,"href":"https:\/\/agrund.com\/index.php\/wp-json\/wp\/v2\/tags?post=128894"}],"curies":[{"name":"wp","href":"https:\/\/api.w.org\/{rel}","templated":true}]}}