{"id":128852,"date":"2015-05-08T15:00:05","date_gmt":"2015-05-08T18:00:05","guid":{"rendered":"http:\/\/www.agrund.com\/?p=128852"},"modified":"2015-05-08T14:25:04","modified_gmt":"2015-05-08T17:25:04","slug":"taylor-swift-e-capa-da-elle-americana","status":"publish","type":"post","link":"https:\/\/agrund.com\/index.php\/taylor-swift-e-capa-da-elle-americana\/","title":{"rendered":"Taylor Swift \u00e9 capa da &#8220;Elle&#8221; americana"},"content":{"rendered":"<p>Taylor Swift continua no topo das paradas com seu mais recente \u00e1lbum &#8220;1989&#8221; e nada mais normal que todas as revistas queiram colocar ela em sua capa n\u00e3o \u00e9 mesmo? A &#8220;Elle&#8221; americana conseguiu o feito e a cantora \u00e9 a estrela da edi\u00e7\u00e3o junho 2015 da publica\u00e7\u00e3o.<br \/>\nNo clique de Michael Thompson, Taylor aparece deslumbrante segurando seu viol\u00e3o e vestindo um macac\u00e3o bordado de paet\u00eas dourado da Dior. O agrund.com adorou o resultado e voc\u00ea?<\/p>\n<div id=\"attachment_128854\" style=\"width: 570px\" class=\"wp-caption aligncenter\"><a href=\"https:\/\/i0.wp.com\/www.agrund.com\/wp-content\/uploads\/sites\/6\/2015\/05\/taylor-swift-elle-june-2015-photoshoot05.jpg\"><img aria-describedby=\"caption-attachment-128854\" data-attachment-id=\"128854\" data-permalink=\"https:\/\/agrund.com\/index.php\/taylor-swift-e-capa-da-elle-americana\/taylor-swift-elle-june-2015-photoshoot05\/\" data-orig-file=\"https:\/\/i0.wp.com\/agrund.com\/wp-content\/uploads\/sites\/6\/2015\/05\/taylor-swift-elle-june-2015-photoshoot05.jpg?fit=800%2C1123&amp;ssl=1\" data-orig-size=\"800,1123\" data-comments-opened=\"1\" data-image-meta=\"{&quot;aperture&quot;:&quot;0&quot;,&quot;credit&quot;:&quot;&quot;,&quot;camera&quot;:&quot;&quot;,&quot;caption&quot;:&quot;&quot;,&quot;created_timestamp&quot;:&quot;0&quot;,&quot;copyright&quot;:&quot;&quot;,&quot;focal_length&quot;:&quot;0&quot;,&quot;iso&quot;:&quot;0&quot;,&quot;shutter_speed&quot;:&quot;0&quot;,&quot;title&quot;:&quot;&quot;,&quot;orientation&quot;:&quot;0&quot;}\" data-image-title=\"Taylor Swift \u00e9 capa da &#8220;Elle&#8221; americana\" data-image-description=\"\" data-image-caption=\"&lt;p&gt;Taylor Swift \u00e9 capa da &#8220;Elle&#8221; americana  &lt;\/p&gt;\n\" data-medium-file=\"https:\/\/i0.wp.com\/agrund.com\/wp-content\/uploads\/sites\/6\/2015\/05\/taylor-swift-elle-june-2015-photoshoot05.jpg?fit=214%2C300&amp;ssl=1\" data-large-file=\"https:\/\/i0.wp.com\/agrund.com\/wp-content\/uploads\/sites\/6\/2015\/05\/taylor-swift-elle-june-2015-photoshoot05.jpg?fit=729%2C1024&amp;ssl=1\" decoding=\"async\" loading=\"lazy\" class=\"wp-image-128854\" src=\"https:\/\/i0.wp.com\/www.agrund.com\/wp-content\/uploads\/sites\/6\/2015\/05\/taylor-swift-elle-june-2015-photoshoot05.jpg?resize=560%2C786\" alt=\"Taylor Swift \u00e9 capa da &quot;Elle&quot; americana  \" width=\"560\" height=\"786\" srcset=\"https:\/\/i0.wp.com\/agrund.com\/wp-content\/uploads\/sites\/6\/2015\/05\/taylor-swift-elle-june-2015-photoshoot05.jpg?w=800&amp;ssl=1 800w, https:\/\/i0.wp.com\/agrund.com\/wp-content\/uploads\/sites\/6\/2015\/05\/taylor-swift-elle-june-2015-photoshoot05.jpg?resize=214%2C300&amp;ssl=1 214w, https:\/\/i0.wp.com\/agrund.com\/wp-content\/uploads\/sites\/6\/2015\/05\/taylor-swift-elle-june-2015-photoshoot05.jpg?resize=729%2C1024&amp;ssl=1 729w\" sizes=\"(max-width: 560px) 100vw, 560px\" data-recalc-dims=\"1\" \/><\/a><p id=\"caption-attachment-128854\" class=\"wp-caption-text\">Taylor Swift \u00e9 capa da &#8220;Elle&#8221; americana<\/p><\/div>\n<div id=\"attachment_128853\" style=\"width: 570px\" class=\"wp-caption aligncenter\"><a href=\"https:\/\/i0.wp.com\/www.agrund.com\/wp-content\/uploads\/sites\/6\/2015\/05\/taylor-swift-elle-june-2015-photoshoot03.jpg\"><img aria-describedby=\"caption-attachment-128853\" data-attachment-id=\"128853\" data-permalink=\"https:\/\/agrund.com\/index.php\/taylor-swift-e-capa-da-elle-americana\/elm060115_194\/\" data-orig-file=\"https:\/\/i0.wp.com\/agrund.com\/wp-content\/uploads\/sites\/6\/2015\/05\/taylor-swift-elle-june-2015-photoshoot03.jpg?fit=800%2C542&amp;ssl=1\" data-orig-size=\"800,542\" data-comments-opened=\"1\" data-image-meta=\"{&quot;aperture&quot;:&quot;0&quot;,&quot;credit&quot;:&quot;&quot;,&quot;camera&quot;:&quot;&quot;,&quot;caption&quot;:&quot;&quot;,&quot;created_timestamp&quot;:&quot;1423748339&quot;,&quot;copyright&quot;:&quot;&quot;,&quot;focal_length&quot;:&quot;0&quot;,&quot;iso&quot;:&quot;0&quot;,&quot;shutter_speed&quot;:&quot;0&quot;,&quot;title&quot;:&quot;ELM060115_194&quot;,&quot;orientation&quot;:&quot;0&quot;}\" data-image-title=\"Taylor Swift \u00e9 capa da &#8220;Elle&#8221; americana\" data-image-description=\"\" data-image-caption=\"&lt;p&gt;Taylor Swift \u00e9 capa da &#8220;Elle&#8221; americana  &lt;\/p&gt;\n\" data-medium-file=\"https:\/\/i0.wp.com\/agrund.com\/wp-content\/uploads\/sites\/6\/2015\/05\/taylor-swift-elle-june-2015-photoshoot03.jpg?fit=300%2C203&amp;ssl=1\" data-large-file=\"https:\/\/i0.wp.com\/agrund.com\/wp-content\/uploads\/sites\/6\/2015\/05\/taylor-swift-elle-june-2015-photoshoot03.jpg?fit=800%2C542&amp;ssl=1\" decoding=\"async\" loading=\"lazy\" class=\"wp-image-128853\" src=\"https:\/\/i0.wp.com\/www.agrund.com\/wp-content\/uploads\/sites\/6\/2015\/05\/taylor-swift-elle-june-2015-photoshoot03.jpg?resize=560%2C379\" alt=\"Taylor Swift \u00e9 capa da &quot;Elle&quot; americana  \" width=\"560\" height=\"379\" srcset=\"https:\/\/i0.wp.com\/agrund.com\/wp-content\/uploads\/sites\/6\/2015\/05\/taylor-swift-elle-june-2015-photoshoot03.jpg?w=800&amp;ssl=1 800w, https:\/\/i0.wp.com\/agrund.com\/wp-content\/uploads\/sites\/6\/2015\/05\/taylor-swift-elle-june-2015-photoshoot03.jpg?resize=300%2C203&amp;ssl=1 300w\" sizes=\"(max-width: 560px) 100vw, 560px\" data-recalc-dims=\"1\" \/><\/a><p id=\"caption-attachment-128853\" class=\"wp-caption-text\">Taylor Swift \u00e9 capa da &#8220;Elle&#8221; americana<\/p><\/div>\n<p>Imagens: Reprodu\u00e7\u00e3o.<\/p>\n","protected":false},"excerpt":{"rendered":"<p>Taylor Swift continua no topo das paradas com seu mais recente \u00e1lbum &#8220;1989&#8221; e nada mais normal que todas as revistas queiram colocar ela em sua capa n\u00e3o \u00e9 mesmo? A &#8220;Elle&#8221; americana conseguiu o feito e a cantora \u00e9 a estrela da edi\u00e7\u00e3o junho 2015 da publica\u00e7\u00e3o. No clique de Michael Thompson, Taylor aparece [&hellip;]<\/p>\n","protected":false},"author":8,"featured_media":128855,"comment_status":"open","ping_status":"open","sticky":false,"template":"","format":"standard","meta":{"jetpack_post_was_ever_published":false,"_jetpack_newsletter_access":"","jetpack_publicize_message":"Taylor Swift est\u00e1 deslumbrante na capa da \"Elle\" americana: http:\/\/wp.me\/p3Hz0n-xwg","jetpack_is_tweetstorm":false,"jetpack_publicize_feature_enabled":true,"jetpack_social_post_already_shared":true,"jetpack_social_options":{"image_generator_settings":{"template":"highway","enabled":false}}},"categories":[2],"tags":[],"jetpack_publicize_connections":[],"jetpack_featured_media_url":"https:\/\/i0.wp.com\/agrund.com\/wp-content\/uploads\/sites\/6\/2015\/05\/slide59.jpg?fit=960%2C300&ssl=1","jetpack_sharing_enabled":true,"jetpack_shortlink":"https:\/\/wp.me\/p3Hz0n-xwg","jetpack_likes_enabled":true,"_links":{"self":[{"href":"https:\/\/agrund.com\/index.php\/wp-json\/wp\/v2\/posts\/128852"}],"collection":[{"href":"https:\/\/agrund.com\/index.php\/wp-json\/wp\/v2\/posts"}],"about":[{"href":"https:\/\/agrund.com\/index.php\/wp-json\/wp\/v2\/types\/post"}],"author":[{"embeddable":true,"href":"https:\/\/agrund.com\/index.php\/wp-json\/wp\/v2\/users\/8"}],"replies":[{"embeddable":true,"href":"https:\/\/agrund.com\/index.php\/wp-json\/wp\/v2\/comments?post=128852"}],"version-history":[{"count":0,"href":"https:\/\/agrund.com\/index.php\/wp-json\/wp\/v2\/posts\/128852\/revisions"}],"wp:featuredmedia":[{"embeddable":true,"href":"https:\/\/agrund.com\/index.php\/wp-json\/wp\/v2\/media\/128855"}],"wp:attachment":[{"href":"https:\/\/agrund.com\/index.php\/wp-json\/wp\/v2\/media?parent=128852"}],"wp:term":[{"taxonomy":"category","embeddable":true,"href":"https:\/\/agrund.com\/index.php\/wp-json\/wp\/v2\/categories?post=128852"},{"taxonomy":"post_tag","embeddable":true,"href":"https:\/\/agrund.com\/index.php\/wp-json\/wp\/v2\/tags?post=128852"}],"curies":[{"name":"wp","href":"https:\/\/api.w.org\/{rel}","templated":true}]}}