{"id":128830,"date":"2015-05-08T12:00:36","date_gmt":"2015-05-08T15:00:36","guid":{"rendered":"http:\/\/www.agrund.com\/?p=128830"},"modified":"2015-05-08T10:13:46","modified_gmt":"2015-05-08T13:13:46","slug":"o-novo-cabelo-de-kate-hudson","status":"publish","type":"post","link":"https:\/\/agrund.com\/index.php\/o-novo-cabelo-de-kate-hudson\/","title":{"rendered":"O novo cabelo de Kate Hudson"},"content":{"rendered":"<p>Kate Hudson decidiu abandonar suas longas madeixas e acaba de entrar para a lista de celebridades que investiram no corte queridinho do momento: o long bob (reveja <a href=\"http:\/\/www.agrund.com\/conheca-o-bob-hair-o-corte-do-momento-entre-as-famosas\/\" target=\"_blank\">AQUI<\/a>)!\u00a0A transforma\u00e7\u00e3o aconteceu para uma nova personagem que Kate viver\u00e1 no longa &#8220;The Lion Night&#8221;.<br \/>\nVeja o antes e o depois na galeria e conte se voc\u00ea aprovou!<\/p>\n<div id=\"attachment_128831\" style=\"width: 560px\" class=\"wp-caption aligncenter\"><a href=\"https:\/\/i0.wp.com\/www.agrund.com\/wp-content\/uploads\/sites\/6\/2015\/05\/kate-hudson-2014-people-magazine-awards-in-beverly-hills_1.jpg\"><img aria-describedby=\"caption-attachment-128831\" data-attachment-id=\"128831\" data-permalink=\"https:\/\/agrund.com\/index.php\/o-novo-cabelo-de-kate-hudson\/kate-hudson-2014-people-magazine-awards-in-beverly-hills_1\/\" data-orig-file=\"https:\/\/i0.wp.com\/agrund.com\/wp-content\/uploads\/sites\/6\/2015\/05\/kate-hudson-2014-people-magazine-awards-in-beverly-hills_1.jpg?fit=1280%2C1809&amp;ssl=1\" data-orig-size=\"1280,1809\" data-comments-opened=\"1\" data-image-meta=\"{&quot;aperture&quot;:&quot;0&quot;,&quot;credit&quot;:&quot;&quot;,&quot;camera&quot;:&quot;&quot;,&quot;caption&quot;:&quot;&quot;,&quot;created_timestamp&quot;:&quot;0&quot;,&quot;copyright&quot;:&quot;&quot;,&quot;focal_length&quot;:&quot;0&quot;,&quot;iso&quot;:&quot;0&quot;,&quot;shutter_speed&quot;:&quot;0&quot;,&quot;title&quot;:&quot;&quot;,&quot;orientation&quot;:&quot;0&quot;}\" data-image-title=\"O novo cabelo de Kate Hudson\" data-image-description=\"\" data-image-caption=\"&lt;p&gt;O novo cabelo de Kate Hudson &lt;\/p&gt;\n\" data-medium-file=\"https:\/\/i0.wp.com\/agrund.com\/wp-content\/uploads\/sites\/6\/2015\/05\/kate-hudson-2014-people-magazine-awards-in-beverly-hills_1.jpg?fit=212%2C300&amp;ssl=1\" data-large-file=\"https:\/\/i0.wp.com\/agrund.com\/wp-content\/uploads\/sites\/6\/2015\/05\/kate-hudson-2014-people-magazine-awards-in-beverly-hills_1.jpg?fit=725%2C1024&amp;ssl=1\" decoding=\"async\" loading=\"lazy\" class=\"wp-image-128831\" src=\"https:\/\/i0.wp.com\/www.agrund.com\/wp-content\/uploads\/sites\/6\/2015\/05\/kate-hudson-2014-people-magazine-awards-in-beverly-hills_1.jpg?resize=550%2C777\" alt=\"O novo cabelo de Kate Hudson \" width=\"550\" height=\"777\" srcset=\"https:\/\/i0.wp.com\/agrund.com\/wp-content\/uploads\/sites\/6\/2015\/05\/kate-hudson-2014-people-magazine-awards-in-beverly-hills_1.jpg?w=1280&amp;ssl=1 1280w, https:\/\/i0.wp.com\/agrund.com\/wp-content\/uploads\/sites\/6\/2015\/05\/kate-hudson-2014-people-magazine-awards-in-beverly-hills_1.jpg?resize=212%2C300&amp;ssl=1 212w, https:\/\/i0.wp.com\/agrund.com\/wp-content\/uploads\/sites\/6\/2015\/05\/kate-hudson-2014-people-magazine-awards-in-beverly-hills_1.jpg?resize=725%2C1024&amp;ssl=1 725w\" sizes=\"(max-width: 550px) 100vw, 550px\" data-recalc-dims=\"1\" \/><\/a><p id=\"caption-attachment-128831\" class=\"wp-caption-text\">O novo cabelo de Kate Hudson<\/p><\/div>\n<div id=\"attachment_128832\" style=\"width: 560px\" class=\"wp-caption aligncenter\"><a href=\"https:\/\/i0.wp.com\/www.agrund.com\/wp-content\/uploads\/sites\/6\/2015\/05\/kate-hudson-short-hair.jpg\"><img aria-describedby=\"caption-attachment-128832\" data-attachment-id=\"128832\" data-permalink=\"https:\/\/agrund.com\/index.php\/o-novo-cabelo-de-kate-hudson\/kate-hudson-short-hair\/\" data-orig-file=\"https:\/\/i0.wp.com\/agrund.com\/wp-content\/uploads\/sites\/6\/2015\/05\/kate-hudson-short-hair.jpg?fit=640%2C640&amp;ssl=1\" data-orig-size=\"640,640\" data-comments-opened=\"1\" data-image-meta=\"{&quot;aperture&quot;:&quot;0&quot;,&quot;credit&quot;:&quot;&quot;,&quot;camera&quot;:&quot;&quot;,&quot;caption&quot;:&quot;&quot;,&quot;created_timestamp&quot;:&quot;0&quot;,&quot;copyright&quot;:&quot;&quot;,&quot;focal_length&quot;:&quot;0&quot;,&quot;iso&quot;:&quot;0&quot;,&quot;shutter_speed&quot;:&quot;0&quot;,&quot;title&quot;:&quot;&quot;,&quot;orientation&quot;:&quot;0&quot;}\" data-image-title=\"O novo cabelo de Kate Hudson\" data-image-description=\"\" data-image-caption=\"&lt;p&gt;O novo cabelo de Kate Hudson &lt;\/p&gt;\n\" data-medium-file=\"https:\/\/i0.wp.com\/agrund.com\/wp-content\/uploads\/sites\/6\/2015\/05\/kate-hudson-short-hair.jpg?fit=300%2C300&amp;ssl=1\" data-large-file=\"https:\/\/i0.wp.com\/agrund.com\/wp-content\/uploads\/sites\/6\/2015\/05\/kate-hudson-short-hair.jpg?fit=640%2C640&amp;ssl=1\" decoding=\"async\" loading=\"lazy\" class=\"wp-image-128832\" src=\"https:\/\/i0.wp.com\/www.agrund.com\/wp-content\/uploads\/sites\/6\/2015\/05\/kate-hudson-short-hair.jpg?resize=550%2C550\" alt=\"O novo cabelo de Kate Hudson \" width=\"550\" height=\"550\" srcset=\"https:\/\/i0.wp.com\/agrund.com\/wp-content\/uploads\/sites\/6\/2015\/05\/kate-hudson-short-hair.jpg?w=640&amp;ssl=1 640w, https:\/\/i0.wp.com\/agrund.com\/wp-content\/uploads\/sites\/6\/2015\/05\/kate-hudson-short-hair.jpg?resize=150%2C150&amp;ssl=1 150w, https:\/\/i0.wp.com\/agrund.com\/wp-content\/uploads\/sites\/6\/2015\/05\/kate-hudson-short-hair.jpg?resize=300%2C300&amp;ssl=1 300w\" sizes=\"(max-width: 550px) 100vw, 550px\" data-recalc-dims=\"1\" \/><\/a><p id=\"caption-attachment-128832\" class=\"wp-caption-text\">O novo cabelo de Kate Hudson<\/p><\/div>\n<p>Imagens: Reprodu\u00e7\u00e3o.<\/p>\n","protected":false},"excerpt":{"rendered":"<p>Kate Hudson decidiu abandonar suas longas madeixas e acaba de entrar para a lista de celebridades que investiram no corte queridinho do momento: o long bob (reveja AQUI)!\u00a0A transforma\u00e7\u00e3o aconteceu para uma nova personagem que Kate viver\u00e1 no longa &#8220;The Lion Night&#8221;. Veja o antes e o depois na galeria e conte se voc\u00ea aprovou! [&hellip;]<\/p>\n","protected":false},"author":8,"featured_media":128833,"comment_status":"open","ping_status":"open","sticky":false,"template":"","format":"standard","meta":{"jetpack_post_was_ever_published":false,"_jetpack_newsletter_access":"","jetpack_publicize_message":"Venha ver o novo corte de cabelo de Kate Hudson: http:\/\/wp.me\/p3Hz0n-xvU","jetpack_is_tweetstorm":false,"jetpack_publicize_feature_enabled":true,"jetpack_social_post_already_shared":true,"jetpack_social_options":{"image_generator_settings":{"template":"highway","enabled":false}}},"categories":[2],"tags":[],"jetpack_publicize_connections":[],"jetpack_featured_media_url":"https:\/\/i0.wp.com\/agrund.com\/wp-content\/uploads\/sites\/6\/2015\/05\/slide56.jpg?fit=960%2C300&ssl=1","jetpack_sharing_enabled":true,"jetpack_shortlink":"https:\/\/wp.me\/p3Hz0n-xvU","jetpack_likes_enabled":true,"_links":{"self":[{"href":"https:\/\/agrund.com\/index.php\/wp-json\/wp\/v2\/posts\/128830"}],"collection":[{"href":"https:\/\/agrund.com\/index.php\/wp-json\/wp\/v2\/posts"}],"about":[{"href":"https:\/\/agrund.com\/index.php\/wp-json\/wp\/v2\/types\/post"}],"author":[{"embeddable":true,"href":"https:\/\/agrund.com\/index.php\/wp-json\/wp\/v2\/users\/8"}],"replies":[{"embeddable":true,"href":"https:\/\/agrund.com\/index.php\/wp-json\/wp\/v2\/comments?post=128830"}],"version-history":[{"count":0,"href":"https:\/\/agrund.com\/index.php\/wp-json\/wp\/v2\/posts\/128830\/revisions"}],"wp:featuredmedia":[{"embeddable":true,"href":"https:\/\/agrund.com\/index.php\/wp-json\/wp\/v2\/media\/128833"}],"wp:attachment":[{"href":"https:\/\/agrund.com\/index.php\/wp-json\/wp\/v2\/media?parent=128830"}],"wp:term":[{"taxonomy":"category","embeddable":true,"href":"https:\/\/agrund.com\/index.php\/wp-json\/wp\/v2\/categories?post=128830"},{"taxonomy":"post_tag","embeddable":true,"href":"https:\/\/agrund.com\/index.php\/wp-json\/wp\/v2\/tags?post=128830"}],"curies":[{"name":"wp","href":"https:\/\/api.w.org\/{rel}","templated":true}]}}