{"id":128739,"date":"2015-05-06T19:00:56","date_gmt":"2015-05-06T22:00:56","guid":{"rendered":"http:\/\/www.agrund.com\/?p=128739"},"modified":"2015-05-06T18:59:08","modified_gmt":"2015-05-06T21:59:08","slug":"video-os-bastidores-de-star-wars-na-vanity-fair","status":"publish","type":"post","link":"https:\/\/agrund.com\/index.php\/video-os-bastidores-de-star-wars-na-vanity-fair\/","title":{"rendered":"V\u00eddeo :: Os bastidores de &#8220;Star Wars&#8221; na &#8220;Vanity Fair&#8221;"},"content":{"rendered":"<div id=\"attachment_128742\" style=\"width: 560px\" class=\"wp-caption aligncenter\"><a href=\"https:\/\/i0.wp.com\/www.agrund.com\/wp-content\/uploads\/sites\/6\/2015\/05\/Vanity-Fair-June-2015-Star-Wars-Cover1.jpg\"><img aria-describedby=\"caption-attachment-128742\" data-attachment-id=\"128742\" data-permalink=\"https:\/\/agrund.com\/index.php\/video-os-bastidores-de-star-wars-na-vanity-fair\/vanity-fair-june-2015-star-wars-cover-2\/\" data-orig-file=\"https:\/\/i0.wp.com\/agrund.com\/wp-content\/uploads\/sites\/6\/2015\/05\/Vanity-Fair-June-2015-Star-Wars-Cover1.jpg?fit=600%2C842&amp;ssl=1\" data-orig-size=\"600,842\" data-comments-opened=\"1\" data-image-meta=\"{&quot;aperture&quot;:&quot;0&quot;,&quot;credit&quot;:&quot;&quot;,&quot;camera&quot;:&quot;&quot;,&quot;caption&quot;:&quot;&quot;,&quot;created_timestamp&quot;:&quot;0&quot;,&quot;copyright&quot;:&quot;&quot;,&quot;focal_length&quot;:&quot;0&quot;,&quot;iso&quot;:&quot;0&quot;,&quot;shutter_speed&quot;:&quot;0&quot;,&quot;title&quot;:&quot;&quot;,&quot;orientation&quot;:&quot;0&quot;}\" data-image-title=\"V\u00eddeo :: Os bastidores de &#8220;Star Wars&#8221; na &#8220;Vanity Fair&#8221;\" data-image-description=\"\" data-image-caption=\"&lt;p&gt;V\u00eddeo :: Os bastidores de &#8220;Star Wars&#8221; na &#8220;Vanity Fair&#8221;&lt;\/p&gt;\n\" data-medium-file=\"https:\/\/i0.wp.com\/agrund.com\/wp-content\/uploads\/sites\/6\/2015\/05\/Vanity-Fair-June-2015-Star-Wars-Cover1.jpg?fit=214%2C300&amp;ssl=1\" data-large-file=\"https:\/\/i0.wp.com\/agrund.com\/wp-content\/uploads\/sites\/6\/2015\/05\/Vanity-Fair-June-2015-Star-Wars-Cover1.jpg?fit=600%2C842&amp;ssl=1\" decoding=\"async\" loading=\"lazy\" class=\"wp-image-128742\" src=\"https:\/\/i0.wp.com\/www.agrund.com\/wp-content\/uploads\/sites\/6\/2015\/05\/Vanity-Fair-June-2015-Star-Wars-Cover1.jpg?resize=550%2C772\" alt=\"V\u00eddeo :: Os bastidores de &quot;Star Wars&quot; na &quot;Vanity Fair&quot;\" width=\"550\" height=\"772\" srcset=\"https:\/\/i0.wp.com\/agrund.com\/wp-content\/uploads\/sites\/6\/2015\/05\/Vanity-Fair-June-2015-Star-Wars-Cover1.jpg?w=600&amp;ssl=1 600w, https:\/\/i0.wp.com\/agrund.com\/wp-content\/uploads\/sites\/6\/2015\/05\/Vanity-Fair-June-2015-Star-Wars-Cover1.jpg?resize=214%2C300&amp;ssl=1 214w\" sizes=\"(max-width: 550px) 100vw, 550px\" data-recalc-dims=\"1\" \/><\/a><p id=\"caption-attachment-128742\" class=\"wp-caption-text\">V\u00eddeo :: Os bastidores de &#8220;Star Wars&#8221; na &#8220;Vanity Fair&#8221;<\/p><\/div>\n<p>Lembra quando agrund.com mostrou a capa da &#8220;Vanity Fair&#8221; de junho <a href=\"http:\/\/www.agrund.com\/elenco-de-star-wars-na-capa-da-vanity-fair\/\" target=\"_blank\">AQUI<\/a> com o elenco do novo filme da franquia &#8220;Star Wars&#8221;? Agora \u00e9 hora de voc\u00ea conferir o v\u00eddeo de making of do ensaio assinado por Annie Leibovitz com direito a um pouco mais da loca\u00e7\u00e3o e dos atores que aparecem no longa. E n\u00e3o pense que para por a\u00ed: dando play voc\u00ea ainda ver\u00e1 mais da participa\u00e7\u00e3o de Lupita Nyong&#8217;o na trama, cujo personagem foi feito totalmente em computa\u00e7\u00e3o gr\u00e1fica a partir do corpo e das fei\u00e7\u00f5es da atriz. Assista!<\/p>\n<span class=\"embed-youtube\" style=\"text-align:center; display: block;\"><iframe class=\"youtube-player\" width=\"550\" height=\"309\" src=\"https:\/\/www.youtube.com\/embed\/yRwuD68NHoI?version=3&#038;rel=1&#038;showsearch=0&#038;showinfo=1&#038;iv_load_policy=1&#038;fs=1&#038;hl=pt-BR&#038;autohide=2&#038;wmode=transparent\" allowfullscreen=\"true\" style=\"border:0;\" sandbox=\"allow-scripts allow-same-origin allow-popups allow-presentation\"><\/iframe><\/span>\n<p>Imagem e V\u00eddeo: Reprodu\u00e7\u00e3o.<\/p>\n","protected":false},"excerpt":{"rendered":"<p>Lembra quando agrund.com mostrou a capa da &#8220;Vanity Fair&#8221; de junho AQUI com o elenco do novo filme da franquia &#8220;Star Wars&#8221;? Agora \u00e9 hora de voc\u00ea conferir o v\u00eddeo de making of do ensaio assinado por Annie Leibovitz com direito a um pouco mais da loca\u00e7\u00e3o e dos atores que aparecem no longa. E [&hellip;]<\/p>\n","protected":false},"author":8,"featured_media":128744,"comment_status":"open","ping_status":"open","sticky":false,"template":"","format":"standard","meta":{"jetpack_post_was_ever_published":false,"_jetpack_newsletter_access":"","jetpack_publicize_message":"Veja os bastidores do ensaio do elenco de \"Star Wars\" pra \"Vanity Fair\" de junho: http:\/\/wp.me\/p3Hz0n-xur","jetpack_is_tweetstorm":false,"jetpack_publicize_feature_enabled":true,"jetpack_social_post_already_shared":true,"jetpack_social_options":{"image_generator_settings":{"template":"highway","enabled":false}}},"categories":[2],"tags":[],"jetpack_publicize_connections":[],"jetpack_featured_media_url":"https:\/\/i0.wp.com\/agrund.com\/wp-content\/uploads\/sites\/6\/2015\/05\/slide39.jpg?fit=960%2C300&ssl=1","jetpack_sharing_enabled":true,"jetpack_shortlink":"https:\/\/wp.me\/p3Hz0n-xur","jetpack_likes_enabled":true,"_links":{"self":[{"href":"https:\/\/agrund.com\/index.php\/wp-json\/wp\/v2\/posts\/128739"}],"collection":[{"href":"https:\/\/agrund.com\/index.php\/wp-json\/wp\/v2\/posts"}],"about":[{"href":"https:\/\/agrund.com\/index.php\/wp-json\/wp\/v2\/types\/post"}],"author":[{"embeddable":true,"href":"https:\/\/agrund.com\/index.php\/wp-json\/wp\/v2\/users\/8"}],"replies":[{"embeddable":true,"href":"https:\/\/agrund.com\/index.php\/wp-json\/wp\/v2\/comments?post=128739"}],"version-history":[{"count":0,"href":"https:\/\/agrund.com\/index.php\/wp-json\/wp\/v2\/posts\/128739\/revisions"}],"wp:featuredmedia":[{"embeddable":true,"href":"https:\/\/agrund.com\/index.php\/wp-json\/wp\/v2\/media\/128744"}],"wp:attachment":[{"href":"https:\/\/agrund.com\/index.php\/wp-json\/wp\/v2\/media?parent=128739"}],"wp:term":[{"taxonomy":"category","embeddable":true,"href":"https:\/\/agrund.com\/index.php\/wp-json\/wp\/v2\/categories?post=128739"},{"taxonomy":"post_tag","embeddable":true,"href":"https:\/\/agrund.com\/index.php\/wp-json\/wp\/v2\/tags?post=128739"}],"curies":[{"name":"wp","href":"https:\/\/api.w.org\/{rel}","templated":true}]}}