{"id":128648,"date":"2015-05-05T14:00:38","date_gmt":"2015-05-05T17:00:38","guid":{"rendered":"http:\/\/www.agrund.com\/?p=128648"},"modified":"2015-05-05T14:08:44","modified_gmt":"2015-05-05T17:08:44","slug":"os-erros-e-os-acertos-do-baile-do-met","status":"publish","type":"post","link":"https:\/\/agrund.com\/index.php\/os-erros-e-os-acertos-do-baile-do-met\/","title":{"rendered":"Os erros e os acertos do Baile do MET"},"content":{"rendered":"<p>O tradicional Baile do MET rolou na noite de ontem, 4\/05, em NY. O evento, um dos mais disputados na moda mundial, contou com a presen\u00e7a de muita gente famosa e looks de cair o queixo (tanto pro lado positivo quanto pro negativo), marcando a abertura da exposi\u00e7\u00e3o anual do Costume Institute do Metropolitan Museum of Art &#8211; tudo comandado pela poderosa Anna Wintour. Dessa vez a mostra faz um panorama sobre a moda e a cultura da China com o t\u00edtulo &#8220;China Through The Looking Glass&#8221;, o que abriu espa\u00e7o para produ\u00e7\u00f5es inspiradas na riqueza dos visuais do outro lado do mundo. Quer ver quem acertou e quem errou no tapete vermelho? Confira os destaques na galeria e depois comente o que achou dos looks!<\/p>\n<div id=\"attachment_128650\" style=\"width: 560px\" class=\"wp-caption aligncenter\"><a href=\"https:\/\/i0.wp.com\/www.agrund.com\/wp-content\/uploads\/sites\/6\/2015\/05\/1430791962_beyonce-met-gala-carpet-zoom.jpg\"><img aria-describedby=\"caption-attachment-128650\" data-attachment-id=\"128650\" data-permalink=\"https:\/\/agrund.com\/index.php\/os-erros-e-os-acertos-do-baile-do-met\/1430791962_beyonce-met-gala-carpet-zoom\/\" data-orig-file=\"https:\/\/i0.wp.com\/agrund.com\/wp-content\/uploads\/sites\/6\/2015\/05\/1430791962_beyonce-met-gala-carpet-zoom.jpg?fit=1218%2C1600&amp;ssl=1\" data-orig-size=\"1218,1600\" data-comments-opened=\"1\" data-image-meta=\"{&quot;aperture&quot;:&quot;0&quot;,&quot;credit&quot;:&quot;&quot;,&quot;camera&quot;:&quot;&quot;,&quot;caption&quot;:&quot;&quot;,&quot;created_timestamp&quot;:&quot;0&quot;,&quot;copyright&quot;:&quot;2015 Kevin Mazur&quot;,&quot;focal_length&quot;:&quot;0&quot;,&quot;iso&quot;:&quot;0&quot;,&quot;shutter_speed&quot;:&quot;0&quot;,&quot;title&quot;:&quot;&quot;,&quot;orientation&quot;:&quot;0&quot;}\" data-image-title=\"1430791962_beyonce-met-gala-carpet-zoom\" data-image-description=\"\" data-image-caption=\"&lt;p&gt;Beyonc\u00e9 veste Givenchy&lt;\/p&gt;\n\" data-medium-file=\"https:\/\/i0.wp.com\/agrund.com\/wp-content\/uploads\/sites\/6\/2015\/05\/1430791962_beyonce-met-gala-carpet-zoom.jpg?fit=228%2C300&amp;ssl=1\" data-large-file=\"https:\/\/i0.wp.com\/agrund.com\/wp-content\/uploads\/sites\/6\/2015\/05\/1430791962_beyonce-met-gala-carpet-zoom.jpg?fit=780%2C1024&amp;ssl=1\" decoding=\"async\" loading=\"lazy\" class=\"wp-image-128650\" src=\"https:\/\/i0.wp.com\/www.agrund.com\/wp-content\/uploads\/sites\/6\/2015\/05\/1430791962_beyonce-met-gala-carpet-zoom.jpg?resize=550%2C722\" alt=\"Beyonc\u00e9 veste Givenchy\" width=\"550\" height=\"722\" srcset=\"https:\/\/i0.wp.com\/agrund.com\/wp-content\/uploads\/sites\/6\/2015\/05\/1430791962_beyonce-met-gala-carpet-zoom.jpg?w=1218&amp;ssl=1 1218w, https:\/\/i0.wp.com\/agrund.com\/wp-content\/uploads\/sites\/6\/2015\/05\/1430791962_beyonce-met-gala-carpet-zoom.jpg?resize=228%2C300&amp;ssl=1 228w, https:\/\/i0.wp.com\/agrund.com\/wp-content\/uploads\/sites\/6\/2015\/05\/1430791962_beyonce-met-gala-carpet-zoom.jpg?resize=780%2C1024&amp;ssl=1 780w\" sizes=\"(max-width: 550px) 100vw, 550px\" data-recalc-dims=\"1\" \/><\/a><p id=\"caption-attachment-128650\" class=\"wp-caption-text\">Beyonc\u00e9 veste Givenchy<\/p><\/div>\n<div id=\"attachment_128651\" style=\"width: 560px\" class=\"wp-caption aligncenter\"><a href=\"https:\/\/i0.wp.com\/www.agrund.com\/wp-content\/uploads\/sites\/6\/2015\/05\/katy-perry-met-gala-2015-1430785185.jpg\"><img aria-describedby=\"caption-attachment-128651\" data-attachment-id=\"128651\" data-permalink=\"https:\/\/agrund.com\/index.php\/os-erros-e-os-acertos-do-baile-do-met\/katy-perry-met-gala-2015-1430785185\/\" data-orig-file=\"https:\/\/i0.wp.com\/agrund.com\/wp-content\/uploads\/sites\/6\/2015\/05\/katy-perry-met-gala-2015-1430785185.jpg?fit=1200%2C1720&amp;ssl=1\" data-orig-size=\"1200,1720\" data-comments-opened=\"1\" data-image-meta=\"{&quot;aperture&quot;:&quot;0&quot;,&quot;credit&quot;:&quot;&quot;,&quot;camera&quot;:&quot;&quot;,&quot;caption&quot;:&quot;&quot;,&quot;created_timestamp&quot;:&quot;0&quot;,&quot;copyright&quot;:&quot;&quot;,&quot;focal_length&quot;:&quot;0&quot;,&quot;iso&quot;:&quot;0&quot;,&quot;shutter_speed&quot;:&quot;0&quot;,&quot;title&quot;:&quot;&quot;,&quot;orientation&quot;:&quot;0&quot;}\" data-image-title=\"katy-perry-met-gala-2015-1430785185\" data-image-description=\"\" data-image-caption=\"&lt;p&gt;Katy Perry veste Moschino&lt;\/p&gt;\n\" data-medium-file=\"https:\/\/i0.wp.com\/agrund.com\/wp-content\/uploads\/sites\/6\/2015\/05\/katy-perry-met-gala-2015-1430785185.jpg?fit=209%2C300&amp;ssl=1\" data-large-file=\"https:\/\/i0.wp.com\/agrund.com\/wp-content\/uploads\/sites\/6\/2015\/05\/katy-perry-met-gala-2015-1430785185.jpg?fit=714%2C1024&amp;ssl=1\" decoding=\"async\" loading=\"lazy\" class=\"wp-image-128651\" src=\"https:\/\/i0.wp.com\/www.agrund.com\/wp-content\/uploads\/sites\/6\/2015\/05\/katy-perry-met-gala-2015-1430785185.jpg?resize=550%2C788\" alt=\"Katy Perry veste Moschino\" width=\"550\" height=\"788\" srcset=\"https:\/\/i0.wp.com\/agrund.com\/wp-content\/uploads\/sites\/6\/2015\/05\/katy-perry-met-gala-2015-1430785185.jpg?w=1200&amp;ssl=1 1200w, https:\/\/i0.wp.com\/agrund.com\/wp-content\/uploads\/sites\/6\/2015\/05\/katy-perry-met-gala-2015-1430785185.jpg?resize=209%2C300&amp;ssl=1 209w, https:\/\/i0.wp.com\/agrund.com\/wp-content\/uploads\/sites\/6\/2015\/05\/katy-perry-met-gala-2015-1430785185.jpg?resize=714%2C1024&amp;ssl=1 714w\" sizes=\"(max-width: 550px) 100vw, 550px\" data-recalc-dims=\"1\" \/><\/a><p id=\"caption-attachment-128651\" class=\"wp-caption-text\">Katy Perry veste Moschino<\/p><\/div>\n<div id=\"attachment_128654\" style=\"width: 560px\" class=\"wp-caption aligncenter\"><a href=\"https:\/\/i0.wp.com\/www.agrund.com\/wp-content\/uploads\/sites\/6\/2015\/05\/rs_634x1024-150504171645-634.kim-kardashian-met-gala-2015.jpg\"><img aria-describedby=\"caption-attachment-128654\" data-attachment-id=\"128654\" data-permalink=\"https:\/\/agrund.com\/index.php\/os-erros-e-os-acertos-do-baile-do-met\/rs_634x1024-150504171645-634-kim-kardashian-met-gala-2015\/\" data-orig-file=\"https:\/\/i0.wp.com\/agrund.com\/wp-content\/uploads\/sites\/6\/2015\/05\/rs_634x1024-150504171645-634.kim-kardashian-met-gala-2015.jpg?fit=634%2C1024&amp;ssl=1\" data-orig-size=\"634,1024\" data-comments-opened=\"1\" data-image-meta=\"{&quot;aperture&quot;:&quot;0&quot;,&quot;credit&quot;:&quot;&quot;,&quot;camera&quot;:&quot;&quot;,&quot;caption&quot;:&quot;&quot;,&quot;created_timestamp&quot;:&quot;0&quot;,&quot;copyright&quot;:&quot;&quot;,&quot;focal_length&quot;:&quot;0&quot;,&quot;iso&quot;:&quot;0&quot;,&quot;shutter_speed&quot;:&quot;0&quot;,&quot;title&quot;:&quot;&quot;,&quot;orientation&quot;:&quot;0&quot;}\" data-image-title=\"rs_634x1024-150504171645-634.kim-kardashian-met-gala-2015\" data-image-description=\"\" data-image-caption=\"&lt;p&gt;Kim Kardashian veste Roberto Cavalli&lt;\/p&gt;\n\" data-medium-file=\"https:\/\/i0.wp.com\/agrund.com\/wp-content\/uploads\/sites\/6\/2015\/05\/rs_634x1024-150504171645-634.kim-kardashian-met-gala-2015.jpg?fit=186%2C300&amp;ssl=1\" data-large-file=\"https:\/\/i0.wp.com\/agrund.com\/wp-content\/uploads\/sites\/6\/2015\/05\/rs_634x1024-150504171645-634.kim-kardashian-met-gala-2015.jpg?fit=634%2C1024&amp;ssl=1\" decoding=\"async\" loading=\"lazy\" class=\"wp-image-128654\" src=\"https:\/\/i0.wp.com\/www.agrund.com\/wp-content\/uploads\/sites\/6\/2015\/05\/rs_634x1024-150504171645-634.kim-kardashian-met-gala-2015.jpg?resize=550%2C888\" alt=\"Kim Kardashian veste Roberto Cavalli\" width=\"550\" height=\"888\" srcset=\"https:\/\/i0.wp.com\/agrund.com\/wp-content\/uploads\/sites\/6\/2015\/05\/rs_634x1024-150504171645-634.kim-kardashian-met-gala-2015.jpg?w=634&amp;ssl=1 634w, https:\/\/i0.wp.com\/agrund.com\/wp-content\/uploads\/sites\/6\/2015\/05\/rs_634x1024-150504171645-634.kim-kardashian-met-gala-2015.jpg?resize=186%2C300&amp;ssl=1 186w\" sizes=\"(max-width: 550px) 100vw, 550px\" data-recalc-dims=\"1\" \/><\/a><p id=\"caption-attachment-128654\" class=\"wp-caption-text\">Kim Kardashian veste Roberto Cavalli<\/p><\/div>\n<div id=\"attachment_128657\" style=\"width: 560px\" class=\"wp-caption aligncenter\"><a href=\"https:\/\/i0.wp.com\/www.agrund.com\/wp-content\/uploads\/sites\/6\/2015\/05\/rs_634x1024-150504175416-634.Rihanna-Met-Gala.jl_.050415.jpg\"><img aria-describedby=\"caption-attachment-128657\" data-attachment-id=\"128657\" data-permalink=\"https:\/\/agrund.com\/index.php\/os-erros-e-os-acertos-do-baile-do-met\/rs_634x1024-150504175416-634-rihanna-met-gala-jl-050415\/\" data-orig-file=\"https:\/\/i0.wp.com\/agrund.com\/wp-content\/uploads\/sites\/6\/2015\/05\/rs_634x1024-150504175416-634.Rihanna-Met-Gala.jl_.050415.jpg?fit=634%2C1024&amp;ssl=1\" data-orig-size=\"634,1024\" data-comments-opened=\"1\" data-image-meta=\"{&quot;aperture&quot;:&quot;0&quot;,&quot;credit&quot;:&quot;&quot;,&quot;camera&quot;:&quot;&quot;,&quot;caption&quot;:&quot;&quot;,&quot;created_timestamp&quot;:&quot;0&quot;,&quot;copyright&quot;:&quot;&quot;,&quot;focal_length&quot;:&quot;0&quot;,&quot;iso&quot;:&quot;0&quot;,&quot;shutter_speed&quot;:&quot;0&quot;,&quot;title&quot;:&quot;&quot;,&quot;orientation&quot;:&quot;0&quot;}\" data-image-title=\"rs_634x1024-150504175416-634.Rihanna-Met-Gala.jl.050415\" data-image-description=\"\" data-image-caption=\"&lt;p&gt;Rihanna veste Guo Pei&lt;\/p&gt;\n\" data-medium-file=\"https:\/\/i0.wp.com\/agrund.com\/wp-content\/uploads\/sites\/6\/2015\/05\/rs_634x1024-150504175416-634.Rihanna-Met-Gala.jl_.050415.jpg?fit=186%2C300&amp;ssl=1\" data-large-file=\"https:\/\/i0.wp.com\/agrund.com\/wp-content\/uploads\/sites\/6\/2015\/05\/rs_634x1024-150504175416-634.Rihanna-Met-Gala.jl_.050415.jpg?fit=634%2C1024&amp;ssl=1\" decoding=\"async\" loading=\"lazy\" class=\"wp-image-128657\" src=\"https:\/\/i0.wp.com\/www.agrund.com\/wp-content\/uploads\/sites\/6\/2015\/05\/rs_634x1024-150504175416-634.Rihanna-Met-Gala.jl_.050415.jpg?resize=550%2C888\" alt=\"Rihanna veste Guo Pei\" width=\"550\" height=\"888\" srcset=\"https:\/\/i0.wp.com\/agrund.com\/wp-content\/uploads\/sites\/6\/2015\/05\/rs_634x1024-150504175416-634.Rihanna-Met-Gala.jl_.050415.jpg?w=634&amp;ssl=1 634w, https:\/\/i0.wp.com\/agrund.com\/wp-content\/uploads\/sites\/6\/2015\/05\/rs_634x1024-150504175416-634.Rihanna-Met-Gala.jl_.050415.jpg?resize=186%2C300&amp;ssl=1 186w\" sizes=\"(max-width: 550px) 100vw, 550px\" data-recalc-dims=\"1\" \/><\/a><p id=\"caption-attachment-128657\" class=\"wp-caption-text\">Rihanna veste Guo Pei<\/p><\/div>\n<div id=\"attachment_128656\" style=\"width: 560px\" class=\"wp-caption aligncenter\"><a href=\"https:\/\/i0.wp.com\/www.agrund.com\/wp-content\/uploads\/sites\/6\/2015\/05\/rs_634x1024-150504174737-634.jennifer-lopez-met-gala-2015.jpg\"><img aria-describedby=\"caption-attachment-128656\" data-attachment-id=\"128656\" data-permalink=\"https:\/\/agrund.com\/index.php\/os-erros-e-os-acertos-do-baile-do-met\/rs_634x1024-150504174737-634-jennifer-lopez-met-gala-2015\/\" data-orig-file=\"https:\/\/i0.wp.com\/agrund.com\/wp-content\/uploads\/sites\/6\/2015\/05\/rs_634x1024-150504174737-634.jennifer-lopez-met-gala-2015.jpg?fit=634%2C1024&amp;ssl=1\" data-orig-size=\"634,1024\" data-comments-opened=\"1\" data-image-meta=\"{&quot;aperture&quot;:&quot;0&quot;,&quot;credit&quot;:&quot;&quot;,&quot;camera&quot;:&quot;&quot;,&quot;caption&quot;:&quot;&quot;,&quot;created_timestamp&quot;:&quot;0&quot;,&quot;copyright&quot;:&quot;&quot;,&quot;focal_length&quot;:&quot;0&quot;,&quot;iso&quot;:&quot;0&quot;,&quot;shutter_speed&quot;:&quot;0&quot;,&quot;title&quot;:&quot;&quot;,&quot;orientation&quot;:&quot;0&quot;}\" data-image-title=\"rs_634x1024-150504174737-634.jennifer-lopez-met-gala-2015\" data-image-description=\"\" data-image-caption=\"&lt;p&gt;Jennifer Lopez veste Atelier Versace&lt;\/p&gt;\n\" data-medium-file=\"https:\/\/i0.wp.com\/agrund.com\/wp-content\/uploads\/sites\/6\/2015\/05\/rs_634x1024-150504174737-634.jennifer-lopez-met-gala-2015.jpg?fit=186%2C300&amp;ssl=1\" data-large-file=\"https:\/\/i0.wp.com\/agrund.com\/wp-content\/uploads\/sites\/6\/2015\/05\/rs_634x1024-150504174737-634.jennifer-lopez-met-gala-2015.jpg?fit=634%2C1024&amp;ssl=1\" decoding=\"async\" loading=\"lazy\" class=\"wp-image-128656\" src=\"https:\/\/i0.wp.com\/www.agrund.com\/wp-content\/uploads\/sites\/6\/2015\/05\/rs_634x1024-150504174737-634.jennifer-lopez-met-gala-2015.jpg?resize=550%2C888\" alt=\"Jennifer Lopez veste Atelier Versace\" width=\"550\" height=\"888\" srcset=\"https:\/\/i0.wp.com\/agrund.com\/wp-content\/uploads\/sites\/6\/2015\/05\/rs_634x1024-150504174737-634.jennifer-lopez-met-gala-2015.jpg?w=634&amp;ssl=1 634w, https:\/\/i0.wp.com\/agrund.com\/wp-content\/uploads\/sites\/6\/2015\/05\/rs_634x1024-150504174737-634.jennifer-lopez-met-gala-2015.jpg?resize=186%2C300&amp;ssl=1 186w\" sizes=\"(max-width: 550px) 100vw, 550px\" data-recalc-dims=\"1\" \/><\/a><p id=\"caption-attachment-128656\" class=\"wp-caption-text\">Jennifer Lopez veste Atelier Versace<\/p><\/div>\n<div id=\"attachment_128658\" style=\"width: 560px\" class=\"wp-caption aligncenter\"><a href=\"https:\/\/i0.wp.com\/www.agrund.com\/wp-content\/uploads\/sites\/6\/2015\/05\/rs_634x1024-150504180930-634.madonna-met-gala-2015.jpg\"><img aria-describedby=\"caption-attachment-128658\" data-attachment-id=\"128658\" data-permalink=\"https:\/\/agrund.com\/index.php\/os-erros-e-os-acertos-do-baile-do-met\/rs_634x1024-150504180930-634-madonna-met-gala-2015\/\" data-orig-file=\"https:\/\/i0.wp.com\/agrund.com\/wp-content\/uploads\/sites\/6\/2015\/05\/rs_634x1024-150504180930-634.madonna-met-gala-2015.jpg?fit=634%2C1024&amp;ssl=1\" data-orig-size=\"634,1024\" data-comments-opened=\"1\" data-image-meta=\"{&quot;aperture&quot;:&quot;0&quot;,&quot;credit&quot;:&quot;&quot;,&quot;camera&quot;:&quot;&quot;,&quot;caption&quot;:&quot;&quot;,&quot;created_timestamp&quot;:&quot;0&quot;,&quot;copyright&quot;:&quot;&quot;,&quot;focal_length&quot;:&quot;0&quot;,&quot;iso&quot;:&quot;0&quot;,&quot;shutter_speed&quot;:&quot;0&quot;,&quot;title&quot;:&quot;&quot;,&quot;orientation&quot;:&quot;0&quot;}\" data-image-title=\"rs_634x1024-150504180930-634.madonna-met-gala-2015\" data-image-description=\"\" data-image-caption=\"&lt;p&gt;Madonna veste Moschino&lt;\/p&gt;\n\" data-medium-file=\"https:\/\/i0.wp.com\/agrund.com\/wp-content\/uploads\/sites\/6\/2015\/05\/rs_634x1024-150504180930-634.madonna-met-gala-2015.jpg?fit=186%2C300&amp;ssl=1\" data-large-file=\"https:\/\/i0.wp.com\/agrund.com\/wp-content\/uploads\/sites\/6\/2015\/05\/rs_634x1024-150504180930-634.madonna-met-gala-2015.jpg?fit=634%2C1024&amp;ssl=1\" decoding=\"async\" loading=\"lazy\" class=\"wp-image-128658\" src=\"https:\/\/i0.wp.com\/www.agrund.com\/wp-content\/uploads\/sites\/6\/2015\/05\/rs_634x1024-150504180930-634.madonna-met-gala-2015.jpg?resize=550%2C888\" alt=\"Madonna veste Moschino\" width=\"550\" height=\"888\" srcset=\"https:\/\/i0.wp.com\/agrund.com\/wp-content\/uploads\/sites\/6\/2015\/05\/rs_634x1024-150504180930-634.madonna-met-gala-2015.jpg?w=634&amp;ssl=1 634w, https:\/\/i0.wp.com\/agrund.com\/wp-content\/uploads\/sites\/6\/2015\/05\/rs_634x1024-150504180930-634.madonna-met-gala-2015.jpg?resize=186%2C300&amp;ssl=1 186w\" sizes=\"(max-width: 550px) 100vw, 550px\" data-recalc-dims=\"1\" \/><\/a><p id=\"caption-attachment-128658\" class=\"wp-caption-text\">Madonna veste Moschino<\/p><\/div>\n<div id=\"attachment_128652\" style=\"width: 560px\" class=\"wp-caption aligncenter\"><a href=\"https:\/\/i0.wp.com\/www.agrund.com\/wp-content\/uploads\/sites\/6\/2015\/05\/rs_634x1024-150504170119-634.Kendall-Jenner-Met-Gala.jl_.050415.jpg\"><img aria-describedby=\"caption-attachment-128652\" data-attachment-id=\"128652\" data-permalink=\"https:\/\/agrund.com\/index.php\/os-erros-e-os-acertos-do-baile-do-met\/rs_634x1024-150504170119-634-kendall-jenner-met-gala-jl-050415\/\" data-orig-file=\"https:\/\/i0.wp.com\/agrund.com\/wp-content\/uploads\/sites\/6\/2015\/05\/rs_634x1024-150504170119-634.Kendall-Jenner-Met-Gala.jl_.050415.jpg?fit=634%2C1024&amp;ssl=1\" data-orig-size=\"634,1024\" data-comments-opened=\"1\" data-image-meta=\"{&quot;aperture&quot;:&quot;0&quot;,&quot;credit&quot;:&quot;&quot;,&quot;camera&quot;:&quot;&quot;,&quot;caption&quot;:&quot;&quot;,&quot;created_timestamp&quot;:&quot;0&quot;,&quot;copyright&quot;:&quot;&quot;,&quot;focal_length&quot;:&quot;0&quot;,&quot;iso&quot;:&quot;0&quot;,&quot;shutter_speed&quot;:&quot;0&quot;,&quot;title&quot;:&quot;&quot;,&quot;orientation&quot;:&quot;0&quot;}\" data-image-title=\"rs_634x1024-150504170119-634.Kendall-Jenner-Met-Gala.jl.050415\" data-image-description=\"\" data-image-caption=\"&lt;p&gt;Kendall Jenner veste Calvin Klein Collection&lt;\/p&gt;\n\" data-medium-file=\"https:\/\/i0.wp.com\/agrund.com\/wp-content\/uploads\/sites\/6\/2015\/05\/rs_634x1024-150504170119-634.Kendall-Jenner-Met-Gala.jl_.050415.jpg?fit=186%2C300&amp;ssl=1\" data-large-file=\"https:\/\/i0.wp.com\/agrund.com\/wp-content\/uploads\/sites\/6\/2015\/05\/rs_634x1024-150504170119-634.Kendall-Jenner-Met-Gala.jl_.050415.jpg?fit=634%2C1024&amp;ssl=1\" decoding=\"async\" loading=\"lazy\" class=\"wp-image-128652\" src=\"https:\/\/i0.wp.com\/www.agrund.com\/wp-content\/uploads\/sites\/6\/2015\/05\/rs_634x1024-150504170119-634.Kendall-Jenner-Met-Gala.jl_.050415.jpg?resize=550%2C888\" alt=\"Kendall Jenner veste Calvin Klein Collection\" width=\"550\" height=\"888\" srcset=\"https:\/\/i0.wp.com\/agrund.com\/wp-content\/uploads\/sites\/6\/2015\/05\/rs_634x1024-150504170119-634.Kendall-Jenner-Met-Gala.jl_.050415.jpg?w=634&amp;ssl=1 634w, https:\/\/i0.wp.com\/agrund.com\/wp-content\/uploads\/sites\/6\/2015\/05\/rs_634x1024-150504170119-634.Kendall-Jenner-Met-Gala.jl_.050415.jpg?resize=186%2C300&amp;ssl=1 186w\" sizes=\"(max-width: 550px) 100vw, 550px\" data-recalc-dims=\"1\" \/><\/a><p id=\"caption-attachment-128652\" class=\"wp-caption-text\">Kendall Jenner veste Calvin Klein Collection<\/p><\/div>\n<div id=\"attachment_128655\" style=\"width: 560px\" class=\"wp-caption aligncenter\"><a href=\"https:\/\/i0.wp.com\/www.agrund.com\/wp-content\/uploads\/sites\/6\/2015\/05\/rs_634x1024-150504174153-634.lady-gaga-met-gala-red-carpet.jw_.5415.jpg\"><img aria-describedby=\"caption-attachment-128655\" data-attachment-id=\"128655\" data-permalink=\"https:\/\/agrund.com\/index.php\/os-erros-e-os-acertos-do-baile-do-met\/rs_634x1024-150504174153-634-lady-gaga-met-gala-red-carpet-jw-5415\/\" data-orig-file=\"https:\/\/i0.wp.com\/agrund.com\/wp-content\/uploads\/sites\/6\/2015\/05\/rs_634x1024-150504174153-634.lady-gaga-met-gala-red-carpet.jw_.5415.jpg?fit=634%2C1024&amp;ssl=1\" data-orig-size=\"634,1024\" data-comments-opened=\"1\" data-image-meta=\"{&quot;aperture&quot;:&quot;0&quot;,&quot;credit&quot;:&quot;&quot;,&quot;camera&quot;:&quot;&quot;,&quot;caption&quot;:&quot;&quot;,&quot;created_timestamp&quot;:&quot;0&quot;,&quot;copyright&quot;:&quot;&quot;,&quot;focal_length&quot;:&quot;0&quot;,&quot;iso&quot;:&quot;0&quot;,&quot;shutter_speed&quot;:&quot;0&quot;,&quot;title&quot;:&quot;&quot;,&quot;orientation&quot;:&quot;0&quot;}\" data-image-title=\"rs_634x1024-150504174153-634.lady-gaga-met-gala-red-carpet.jw.5415\" data-image-description=\"\" data-image-caption=\"&lt;p&gt;Lady Gaga veste Balenciaga&lt;\/p&gt;\n\" data-medium-file=\"https:\/\/i0.wp.com\/agrund.com\/wp-content\/uploads\/sites\/6\/2015\/05\/rs_634x1024-150504174153-634.lady-gaga-met-gala-red-carpet.jw_.5415.jpg?fit=186%2C300&amp;ssl=1\" data-large-file=\"https:\/\/i0.wp.com\/agrund.com\/wp-content\/uploads\/sites\/6\/2015\/05\/rs_634x1024-150504174153-634.lady-gaga-met-gala-red-carpet.jw_.5415.jpg?fit=634%2C1024&amp;ssl=1\" decoding=\"async\" loading=\"lazy\" class=\"wp-image-128655\" src=\"https:\/\/i0.wp.com\/www.agrund.com\/wp-content\/uploads\/sites\/6\/2015\/05\/rs_634x1024-150504174153-634.lady-gaga-met-gala-red-carpet.jw_.5415.jpg?resize=550%2C888\" alt=\"Lady Gaga veste Balenciaga\" width=\"550\" height=\"888\" srcset=\"https:\/\/i0.wp.com\/agrund.com\/wp-content\/uploads\/sites\/6\/2015\/05\/rs_634x1024-150504174153-634.lady-gaga-met-gala-red-carpet.jw_.5415.jpg?w=634&amp;ssl=1 634w, https:\/\/i0.wp.com\/agrund.com\/wp-content\/uploads\/sites\/6\/2015\/05\/rs_634x1024-150504174153-634.lady-gaga-met-gala-red-carpet.jw_.5415.jpg?resize=186%2C300&amp;ssl=1 186w\" sizes=\"(max-width: 550px) 100vw, 550px\" data-recalc-dims=\"1\" \/><\/a><p id=\"caption-attachment-128655\" class=\"wp-caption-text\">Lady Gaga veste Balenciaga<\/p><\/div>\n<div id=\"attachment_128659\" style=\"width: 560px\" class=\"wp-caption aligncenter\"><a href=\"https:\/\/i0.wp.com\/www.agrund.com\/wp-content\/uploads\/sites\/6\/2015\/05\/solange-met-05may15-12.jpg\"><img aria-describedby=\"caption-attachment-128659\" data-attachment-id=\"128659\" data-permalink=\"https:\/\/agrund.com\/index.php\/os-erros-e-os-acertos-do-baile-do-met\/china-through-the-looking-glass-costume-institute-benefit-gala-arrivals\/\" data-orig-file=\"https:\/\/i0.wp.com\/agrund.com\/wp-content\/uploads\/sites\/6\/2015\/05\/solange-met-05may15-12.jpg?fit=645%2C970&amp;ssl=1\" data-orig-size=\"645,970\" data-comments-opened=\"1\" data-image-meta=\"{&quot;aperture&quot;:&quot;0&quot;,&quot;credit&quot;:&quot;Getty Images&quot;,&quot;camera&quot;:&quot;&quot;,&quot;caption&quot;:&quot;NEW YORK, NY - MAY 04:  Solange Knowles arrives at \\&quot;China: Through The Looking Glass\\&quot; Costume Institute Benefit Gala at the Metropolitan Museum of Art on May 4, 2015 in New York City.  (Photo by Rabbani and Solimene Photography\\\/Getty Images)&quot;,&quot;created_timestamp&quot;:&quot;0&quot;,&quot;copyright&quot;:&quot;2015 Rabbani and Solimene Photography&quot;,&quot;focal_length&quot;:&quot;0&quot;,&quot;iso&quot;:&quot;0&quot;,&quot;shutter_speed&quot;:&quot;0&quot;,&quot;title&quot;:&quot;\\&quot;China: Through The Looking Glass\\&quot; Costume Institute Benefit Gala - Arrivals&quot;,&quot;orientation&quot;:&quot;0&quot;}\" data-image-title=\"&#8220;China: Through The Looking Glass&#8221; Costume Institute Benefit Gala &#8211; Arrivals\" data-image-description=\"\" data-image-caption=\"&lt;p&gt;Solange Knowles veste Giles&lt;\/p&gt;\n\" data-medium-file=\"https:\/\/i0.wp.com\/agrund.com\/wp-content\/uploads\/sites\/6\/2015\/05\/solange-met-05may15-12.jpg?fit=199%2C300&amp;ssl=1\" data-large-file=\"https:\/\/i0.wp.com\/agrund.com\/wp-content\/uploads\/sites\/6\/2015\/05\/solange-met-05may15-12.jpg?fit=645%2C970&amp;ssl=1\" decoding=\"async\" loading=\"lazy\" class=\"wp-image-128659\" src=\"https:\/\/i0.wp.com\/www.agrund.com\/wp-content\/uploads\/sites\/6\/2015\/05\/solange-met-05may15-12.jpg?resize=550%2C827\" alt=\"Solange Knowles veste Giles\" width=\"550\" height=\"827\" srcset=\"https:\/\/i0.wp.com\/agrund.com\/wp-content\/uploads\/sites\/6\/2015\/05\/solange-met-05may15-12.jpg?w=645&amp;ssl=1 645w, https:\/\/i0.wp.com\/agrund.com\/wp-content\/uploads\/sites\/6\/2015\/05\/solange-met-05may15-12.jpg?resize=199%2C300&amp;ssl=1 199w\" sizes=\"(max-width: 550px) 100vw, 550px\" data-recalc-dims=\"1\" \/><\/a><p id=\"caption-attachment-128659\" class=\"wp-caption-text\">Solange Knowles veste Giles<\/p><\/div>\n<p>Imagens: Reprodu\u00e7\u00e3o.<\/p>\n<p>&nbsp;<\/p>\n","protected":false},"excerpt":{"rendered":"<p>O tradicional Baile do MET rolou na noite de ontem, 4\/05, em NY. O evento, um dos mais disputados na moda mundial, contou com a presen\u00e7a de muita gente famosa e looks de cair o queixo (tanto pro lado positivo quanto pro negativo), marcando a abertura da exposi\u00e7\u00e3o anual do Costume Institute do Metropolitan Museum [&hellip;]<\/p>\n","protected":false},"author":8,"featured_media":128662,"comment_status":"open","ping_status":"open","sticky":false,"template":"","format":"standard","meta":{"jetpack_post_was_ever_published":false,"_jetpack_newsletter_access":"","jetpack_publicize_message":"Veja os looks que chamaram a aten\u00e7\u00e3o no Baile do MET: http:\/\/wp.me\/p3Hz0n-xsY","jetpack_is_tweetstorm":false,"jetpack_publicize_feature_enabled":true,"jetpack_social_post_already_shared":true,"jetpack_social_options":{"image_generator_settings":{"template":"highway","enabled":false}}},"categories":[2],"tags":[],"jetpack_publicize_connections":[],"jetpack_featured_media_url":"https:\/\/i0.wp.com\/agrund.com\/wp-content\/uploads\/sites\/6\/2015\/05\/slide20.jpg?fit=960%2C300&ssl=1","jetpack_sharing_enabled":true,"jetpack_shortlink":"https:\/\/wp.me\/p3Hz0n-xsY","jetpack_likes_enabled":true,"_links":{"self":[{"href":"https:\/\/agrund.com\/index.php\/wp-json\/wp\/v2\/posts\/128648"}],"collection":[{"href":"https:\/\/agrund.com\/index.php\/wp-json\/wp\/v2\/posts"}],"about":[{"href":"https:\/\/agrund.com\/index.php\/wp-json\/wp\/v2\/types\/post"}],"author":[{"embeddable":true,"href":"https:\/\/agrund.com\/index.php\/wp-json\/wp\/v2\/users\/8"}],"replies":[{"embeddable":true,"href":"https:\/\/agrund.com\/index.php\/wp-json\/wp\/v2\/comments?post=128648"}],"version-history":[{"count":0,"href":"https:\/\/agrund.com\/index.php\/wp-json\/wp\/v2\/posts\/128648\/revisions"}],"wp:featuredmedia":[{"embeddable":true,"href":"https:\/\/agrund.com\/index.php\/wp-json\/wp\/v2\/media\/128662"}],"wp:attachment":[{"href":"https:\/\/agrund.com\/index.php\/wp-json\/wp\/v2\/media?parent=128648"}],"wp:term":[{"taxonomy":"category","embeddable":true,"href":"https:\/\/agrund.com\/index.php\/wp-json\/wp\/v2\/categories?post=128648"},{"taxonomy":"post_tag","embeddable":true,"href":"https:\/\/agrund.com\/index.php\/wp-json\/wp\/v2\/tags?post=128648"}],"curies":[{"name":"wp","href":"https:\/\/api.w.org\/{rel}","templated":true}]}}