{"id":128644,"date":"2015-05-05T20:00:08","date_gmt":"2015-05-05T23:00:08","guid":{"rendered":"http:\/\/www.agrund.com\/?p=128644"},"modified":"2015-05-05T15:00:31","modified_gmt":"2015-05-05T18:00:31","slug":"de-estilista-para-estilista","status":"publish","type":"post","link":"https:\/\/agrund.com\/index.php\/de-estilista-para-estilista\/","title":{"rendered":"De estilista para estilista"},"content":{"rendered":"<div id=\"attachment_128645\" style=\"width: 570px\" class=\"wp-caption aligncenter\"><a href=\"https:\/\/i0.wp.com\/www.agrund.com\/wp-content\/uploads\/sites\/6\/2015\/05\/gloria-coelho-interna.jpg\"><img aria-describedby=\"caption-attachment-128645\" data-attachment-id=\"128645\" data-permalink=\"https:\/\/agrund.com\/index.php\/de-estilista-para-estilista\/gloria-coelho-interna\/\" data-orig-file=\"https:\/\/i0.wp.com\/agrund.com\/wp-content\/uploads\/sites\/6\/2015\/05\/gloria-coelho-interna.jpg?fit=641%2C458&amp;ssl=1\" data-orig-size=\"641,458\" data-comments-opened=\"1\" data-image-meta=\"{&quot;aperture&quot;:&quot;0&quot;,&quot;credit&quot;:&quot;&quot;,&quot;camera&quot;:&quot;&quot;,&quot;caption&quot;:&quot;&quot;,&quot;created_timestamp&quot;:&quot;0&quot;,&quot;copyright&quot;:&quot;&quot;,&quot;focal_length&quot;:&quot;0&quot;,&quot;iso&quot;:&quot;0&quot;,&quot;shutter_speed&quot;:&quot;0&quot;,&quot;title&quot;:&quot;&quot;,&quot;orientation&quot;:&quot;0&quot;}\" data-image-title=\"De estilista para estilista\" data-image-description=\"\" data-image-caption=\"&lt;p&gt;De estilista para estilista &lt;\/p&gt;\n\" data-medium-file=\"https:\/\/i0.wp.com\/agrund.com\/wp-content\/uploads\/sites\/6\/2015\/05\/gloria-coelho-interna.jpg?fit=300%2C214&amp;ssl=1\" data-large-file=\"https:\/\/i0.wp.com\/agrund.com\/wp-content\/uploads\/sites\/6\/2015\/05\/gloria-coelho-interna.jpg?fit=641%2C458&amp;ssl=1\" decoding=\"async\" loading=\"lazy\" class=\"wp-image-128645\" src=\"https:\/\/i0.wp.com\/www.agrund.com\/wp-content\/uploads\/sites\/6\/2015\/05\/gloria-coelho-interna.jpg?resize=560%2C400\" alt=\"De estilista para estilista \" width=\"560\" height=\"400\" srcset=\"https:\/\/i0.wp.com\/agrund.com\/wp-content\/uploads\/sites\/6\/2015\/05\/gloria-coelho-interna.jpg?w=641&amp;ssl=1 641w, https:\/\/i0.wp.com\/agrund.com\/wp-content\/uploads\/sites\/6\/2015\/05\/gloria-coelho-interna.jpg?resize=300%2C214&amp;ssl=1 300w\" sizes=\"(max-width: 560px) 100vw, 560px\" data-recalc-dims=\"1\" \/><\/a><p id=\"caption-attachment-128645\" class=\"wp-caption-text\">De estilista para estilista<\/p><\/div>\n<p>Essa \u00e9 especial para quem tem interesse na carreira como estilista: Gloria Coelho juntou-se \u00e0 Saibal\u00e1 em um curso online que visa dar melhor forma\u00e7\u00e3o aos jovens e futuros designers. Batizado &#8220;A Carreira do Estilista: Como dar os Primeiros Passos&#8221;, o conte\u00fado tem como objetivo criar um guia para os iniciantes nessa \u00e1rea e chamar a aten\u00e7\u00e3o para poss\u00edveis erros e obst\u00e1culos &#8211; tudo a partir de uma reflex\u00e3o da carreira de Gloria. Legal, n\u00e9? O curso sai por R$67 e j\u00e1 est\u00e1 com matr\u00edculas abertas no site da Saibal\u00e1!<\/p>\n<p>Imagem: Reprodu\u00e7\u00e3o.<\/p>\n","protected":false},"excerpt":{"rendered":"<p>Essa \u00e9 especial para quem tem interesse na carreira como estilista: Gloria Coelho juntou-se \u00e0 Saibal\u00e1 em um curso online que visa dar melhor forma\u00e7\u00e3o aos jovens e futuros designers. Batizado &#8220;A Carreira do Estilista: Como dar os Primeiros Passos&#8221;, o conte\u00fado tem como objetivo criar um guia para os iniciantes nessa \u00e1rea e chamar [&hellip;]<\/p>\n","protected":false},"author":8,"featured_media":128647,"comment_status":"open","ping_status":"open","sticky":false,"template":"","format":"standard","meta":{"jetpack_post_was_ever_published":false,"_jetpack_newsletter_access":"","jetpack_publicize_message":"Quer ser estilista? Veja um curso online com investimento menor que R$100 e conte\u00fado inspirado na Gloria Coelho: http:\/\/wp.me\/p3Hz0n-xsU","jetpack_is_tweetstorm":false,"jetpack_publicize_feature_enabled":true,"jetpack_social_post_already_shared":true,"jetpack_social_options":{"image_generator_settings":{"template":"highway","enabled":false}}},"categories":[2],"tags":[],"jetpack_publicize_connections":[],"jetpack_featured_media_url":"https:\/\/i0.wp.com\/agrund.com\/wp-content\/uploads\/sites\/6\/2015\/05\/slide19.jpg?fit=960%2C300&ssl=1","jetpack_sharing_enabled":true,"jetpack_shortlink":"https:\/\/wp.me\/p3Hz0n-xsU","jetpack_likes_enabled":true,"_links":{"self":[{"href":"https:\/\/agrund.com\/index.php\/wp-json\/wp\/v2\/posts\/128644"}],"collection":[{"href":"https:\/\/agrund.com\/index.php\/wp-json\/wp\/v2\/posts"}],"about":[{"href":"https:\/\/agrund.com\/index.php\/wp-json\/wp\/v2\/types\/post"}],"author":[{"embeddable":true,"href":"https:\/\/agrund.com\/index.php\/wp-json\/wp\/v2\/users\/8"}],"replies":[{"embeddable":true,"href":"https:\/\/agrund.com\/index.php\/wp-json\/wp\/v2\/comments?post=128644"}],"version-history":[{"count":0,"href":"https:\/\/agrund.com\/index.php\/wp-json\/wp\/v2\/posts\/128644\/revisions"}],"wp:featuredmedia":[{"embeddable":true,"href":"https:\/\/agrund.com\/index.php\/wp-json\/wp\/v2\/media\/128647"}],"wp:attachment":[{"href":"https:\/\/agrund.com\/index.php\/wp-json\/wp\/v2\/media?parent=128644"}],"wp:term":[{"taxonomy":"category","embeddable":true,"href":"https:\/\/agrund.com\/index.php\/wp-json\/wp\/v2\/categories?post=128644"},{"taxonomy":"post_tag","embeddable":true,"href":"https:\/\/agrund.com\/index.php\/wp-json\/wp\/v2\/tags?post=128644"}],"curies":[{"name":"wp","href":"https:\/\/api.w.org\/{rel}","templated":true}]}}