{"id":128398,"date":"2015-04-29T20:00:22","date_gmt":"2015-04-29T23:00:22","guid":{"rendered":"http:\/\/www.agrund.com\/?p=128398"},"modified":"2015-04-29T16:33:48","modified_gmt":"2015-04-29T19:33:48","slug":"video-mario-testino-lanca-livro-de-moda-masculina","status":"publish","type":"post","link":"https:\/\/agrund.com\/index.php\/video-mario-testino-lanca-livro-de-moda-masculina\/","title":{"rendered":"V\u00eddeo :: Mario Testino lan\u00e7a livro de moda masculina"},"content":{"rendered":"<div id=\"attachment_128400\" style=\"width: 570px\" class=\"wp-caption aligncenter\"><a href=\"https:\/\/i0.wp.com\/www.agrund.com\/wp-content\/uploads\/sites\/6\/2015\/04\/testino_sir_ce_gb_3d_03159_.jpg\"><img aria-describedby=\"caption-attachment-128400\" data-attachment-id=\"128400\" data-permalink=\"https:\/\/agrund.com\/index.php\/video-mario-testino-lanca-livro-de-moda-masculina\/testino_sir_ce_gb_3d_03159_\/\" data-orig-file=\"https:\/\/i0.wp.com\/agrund.com\/wp-content\/uploads\/sites\/6\/2015\/04\/testino_sir_ce_gb_3d_03159_.jpg?fit=620%2C620&amp;ssl=1\" data-orig-size=\"620,620\" data-comments-opened=\"1\" data-image-meta=\"{&quot;aperture&quot;:&quot;0&quot;,&quot;credit&quot;:&quot;&quot;,&quot;camera&quot;:&quot;&quot;,&quot;caption&quot;:&quot;&quot;,&quot;created_timestamp&quot;:&quot;0&quot;,&quot;copyright&quot;:&quot;&quot;,&quot;focal_length&quot;:&quot;0&quot;,&quot;iso&quot;:&quot;0&quot;,&quot;shutter_speed&quot;:&quot;0&quot;,&quot;title&quot;:&quot;&quot;,&quot;orientation&quot;:&quot;0&quot;}\" data-image-title=\"V\u00eddeo :: Mario Testino lan\u00e7a livro de moda masculina\" data-image-description=\"\" data-image-caption=\"&lt;p&gt;V\u00eddeo :: Mario Testino lan\u00e7a livro de moda masculina&lt;\/p&gt;\n\" data-medium-file=\"https:\/\/i0.wp.com\/agrund.com\/wp-content\/uploads\/sites\/6\/2015\/04\/testino_sir_ce_gb_3d_03159_.jpg?fit=300%2C300&amp;ssl=1\" data-large-file=\"https:\/\/i0.wp.com\/agrund.com\/wp-content\/uploads\/sites\/6\/2015\/04\/testino_sir_ce_gb_3d_03159_.jpg?fit=620%2C620&amp;ssl=1\" decoding=\"async\" loading=\"lazy\" class=\"wp-image-128400\" src=\"https:\/\/i0.wp.com\/www.agrund.com\/wp-content\/uploads\/sites\/6\/2015\/04\/testino_sir_ce_gb_3d_03159_.jpg?resize=560%2C560\" alt=\"V\u00eddeo :: Mario Testino lan\u00e7a livro de moda masculina\" width=\"560\" height=\"560\" srcset=\"https:\/\/i0.wp.com\/agrund.com\/wp-content\/uploads\/sites\/6\/2015\/04\/testino_sir_ce_gb_3d_03159_.jpg?w=620&amp;ssl=1 620w, https:\/\/i0.wp.com\/agrund.com\/wp-content\/uploads\/sites\/6\/2015\/04\/testino_sir_ce_gb_3d_03159_.jpg?resize=150%2C150&amp;ssl=1 150w, https:\/\/i0.wp.com\/agrund.com\/wp-content\/uploads\/sites\/6\/2015\/04\/testino_sir_ce_gb_3d_03159_.jpg?resize=300%2C300&amp;ssl=1 300w\" sizes=\"(max-width: 560px) 100vw, 560px\" data-recalc-dims=\"1\" \/><\/a><p id=\"caption-attachment-128400\" class=\"wp-caption-text\">V\u00eddeo :: Mario Testino lan\u00e7a livro de moda masculina<\/p><\/div>\n<p>Os amantes de moda e fotografia j\u00e1 podem comemorar: um novo livro de Mario Testino acaba de chegar ao mercado! A publica\u00e7\u00e3o, batizada &#8220;Sir&#8221;, vem com imagens que retratam alguns de seus trabalhos no universo da moda masculina durante os 30 anos de carreira e \u00e9 organizada em ordem cronol\u00f3gica. E como se n\u00e3o bastasse, as p\u00e1ginas ainda contam com fotos de gente como Brad Pitt, David Beckham, Mick Jagger, David Bowie, Keith Richards e George Clooney. O pre\u00e7o por essa belezinha? Nada menos que US$ 700, cerca de R$2.100! Aperte o play e veja mais detalhes no v\u00eddeo:<\/p>\n<span class=\"embed-youtube\" style=\"text-align:center; display: block;\"><iframe class=\"youtube-player\" width=\"560\" height=\"315\" src=\"https:\/\/www.youtube.com\/embed\/btz9FJrgyws?version=3&#038;rel=1&#038;showsearch=0&#038;showinfo=1&#038;iv_load_policy=1&#038;fs=1&#038;hl=pt-BR&#038;autohide=2&#038;wmode=transparent\" allowfullscreen=\"true\" style=\"border:0;\" sandbox=\"allow-scripts allow-same-origin allow-popups allow-presentation\"><\/iframe><\/span>\n<p>Imagem e V\u00eddeo; Reprodu\u00e7\u00e3o.<\/p>\n","protected":false},"excerpt":{"rendered":"<p>Os amantes de moda e fotografia j\u00e1 podem comemorar: um novo livro de Mario Testino acaba de chegar ao mercado! A publica\u00e7\u00e3o, batizada &#8220;Sir&#8221;, vem com imagens que retratam alguns de seus trabalhos no universo da moda masculina durante os 30 anos de carreira e \u00e9 organizada em ordem cronol\u00f3gica. E como se n\u00e3o bastasse, [&hellip;]<\/p>\n","protected":false},"author":8,"featured_media":128403,"comment_status":"open","ping_status":"open","sticky":false,"template":"","format":"standard","meta":{"jetpack_post_was_ever_published":false,"_jetpack_newsletter_access":"","jetpack_publicize_message":"Por dentro do \"Sir\", novo livro de moda masculina de Mario Testino: http:\/\/wp.me\/p3Hz0n-xoW","jetpack_is_tweetstorm":false,"jetpack_publicize_feature_enabled":true,"jetpack_social_post_already_shared":true,"jetpack_social_options":{"image_generator_settings":{"template":"highway","enabled":false}}},"categories":[2],"tags":[],"jetpack_publicize_connections":[],"jetpack_featured_media_url":"https:\/\/i0.wp.com\/agrund.com\/wp-content\/uploads\/sites\/6\/2015\/04\/slide138.jpg?fit=960%2C300&ssl=1","jetpack_sharing_enabled":true,"jetpack_shortlink":"https:\/\/wp.me\/p3Hz0n-xoW","jetpack_likes_enabled":true,"_links":{"self":[{"href":"https:\/\/agrund.com\/index.php\/wp-json\/wp\/v2\/posts\/128398"}],"collection":[{"href":"https:\/\/agrund.com\/index.php\/wp-json\/wp\/v2\/posts"}],"about":[{"href":"https:\/\/agrund.com\/index.php\/wp-json\/wp\/v2\/types\/post"}],"author":[{"embeddable":true,"href":"https:\/\/agrund.com\/index.php\/wp-json\/wp\/v2\/users\/8"}],"replies":[{"embeddable":true,"href":"https:\/\/agrund.com\/index.php\/wp-json\/wp\/v2\/comments?post=128398"}],"version-history":[{"count":0,"href":"https:\/\/agrund.com\/index.php\/wp-json\/wp\/v2\/posts\/128398\/revisions"}],"wp:featuredmedia":[{"embeddable":true,"href":"https:\/\/agrund.com\/index.php\/wp-json\/wp\/v2\/media\/128403"}],"wp:attachment":[{"href":"https:\/\/agrund.com\/index.php\/wp-json\/wp\/v2\/media?parent=128398"}],"wp:term":[{"taxonomy":"category","embeddable":true,"href":"https:\/\/agrund.com\/index.php\/wp-json\/wp\/v2\/categories?post=128398"},{"taxonomy":"post_tag","embeddable":true,"href":"https:\/\/agrund.com\/index.php\/wp-json\/wp\/v2\/tags?post=128398"}],"curies":[{"name":"wp","href":"https:\/\/api.w.org\/{rel}","templated":true}]}}