{"id":128380,"date":"2015-04-29T17:00:15","date_gmt":"2015-04-29T20:00:15","guid":{"rendered":"http:\/\/www.agrund.com\/?p=128380"},"modified":"2015-04-29T16:20:32","modified_gmt":"2015-04-29T19:20:32","slug":"pucci-troca-o-lenco-do-batisterio-de-florenca","status":"publish","type":"post","link":"https:\/\/agrund.com\/index.php\/pucci-troca-o-lenco-do-batisterio-de-florenca\/","title":{"rendered":"Pucci troca o len\u00e7o do batist\u00e9rio de Floren\u00e7a"},"content":{"rendered":"<p>Lembra quando mostramos <a href=\"http:\/\/www.agrund.com\/pucci-tamanho-gigante\/\" target=\"_blank\">AQUI<\/a> uma a\u00e7\u00e3o bem bacana da Pucci, ainda em 2014, que cobriu o batist\u00e9rio de Floren\u00e7a com um de seus len\u00e7os gigantes a fim de ajudar na reforma do lugar? Pois a marca decidiu renovar a iniciativa em 2015, colocando um novo len\u00e7o no batisterio. O modelo escolhido para esse ano vem com uma obra in\u00e9dita em azul e verde original de 1957, sendo que vers\u00f5es mini do acess\u00f3rio ser\u00e3o vendidas em lojas selecionadas da Pucci com renda total revertida para a manuten\u00e7\u00e3o do pr\u00e9dio hist\u00f3rico. Legal, n\u00e9? Veja o len\u00e7o escolhido na galeria e entre nessa!<\/p>\n<p>&nbsp;<\/p>\n<div id=\"attachment_128383\" style=\"width: 570px\" class=\"wp-caption aligncenter\"><a href=\"https:\/\/i0.wp.com\/www.agrund.com\/wp-content\/uploads\/sites\/6\/2015\/04\/unnamed5.jpg\"><img aria-describedby=\"caption-attachment-128383\" data-attachment-id=\"128383\" data-permalink=\"https:\/\/agrund.com\/index.php\/pucci-troca-o-lenco-do-batisterio-de-florenca\/unnamed-12\/\" data-orig-file=\"https:\/\/i0.wp.com\/agrund.com\/wp-content\/uploads\/sites\/6\/2015\/04\/unnamed5.jpg?fit=560%2C840&amp;ssl=1\" data-orig-size=\"560,840\" data-comments-opened=\"1\" data-image-meta=\"{&quot;aperture&quot;:&quot;0&quot;,&quot;credit&quot;:&quot;&quot;,&quot;camera&quot;:&quot;&quot;,&quot;caption&quot;:&quot;&quot;,&quot;created_timestamp&quot;:&quot;0&quot;,&quot;copyright&quot;:&quot;&quot;,&quot;focal_length&quot;:&quot;0&quot;,&quot;iso&quot;:&quot;0&quot;,&quot;shutter_speed&quot;:&quot;0&quot;,&quot;title&quot;:&quot;&quot;,&quot;orientation&quot;:&quot;0&quot;}\" data-image-title=\"Pucci troca o len\u00e7o do batist\u00e9rio de Floren\u00e7a\" data-image-description=\"\" data-image-caption=\"&lt;p&gt;Pucci troca o len\u00e7o do batist\u00e9rio de Floren\u00e7a&lt;\/p&gt;\n\" data-medium-file=\"https:\/\/i0.wp.com\/agrund.com\/wp-content\/uploads\/sites\/6\/2015\/04\/unnamed5.jpg?fit=200%2C300&amp;ssl=1\" data-large-file=\"https:\/\/i0.wp.com\/agrund.com\/wp-content\/uploads\/sites\/6\/2015\/04\/unnamed5.jpg?fit=560%2C840&amp;ssl=1\" decoding=\"async\" loading=\"lazy\" class=\"size-full wp-image-128383\" src=\"https:\/\/i0.wp.com\/www.agrund.com\/wp-content\/uploads\/sites\/6\/2015\/04\/unnamed5.jpg?resize=560%2C840\" alt=\"Pucci troca o len\u00e7o do batist\u00e9rio de Floren\u00e7a\" width=\"560\" height=\"840\" srcset=\"https:\/\/i0.wp.com\/agrund.com\/wp-content\/uploads\/sites\/6\/2015\/04\/unnamed5.jpg?w=560&amp;ssl=1 560w, https:\/\/i0.wp.com\/agrund.com\/wp-content\/uploads\/sites\/6\/2015\/04\/unnamed5.jpg?resize=200%2C300&amp;ssl=1 200w\" sizes=\"(max-width: 560px) 100vw, 560px\" data-recalc-dims=\"1\" \/><\/a><p id=\"caption-attachment-128383\" class=\"wp-caption-text\">Pucci troca o len\u00e7o do batist\u00e9rio de Floren\u00e7a<\/p><\/div>\n<p>Imagem: Divulga\u00e7\u00e3o.<\/p>\n","protected":false},"excerpt":{"rendered":"<p>Lembra quando mostramos AQUI uma a\u00e7\u00e3o bem bacana da Pucci, ainda em 2014, que cobriu o batist\u00e9rio de Floren\u00e7a com um de seus len\u00e7os gigantes a fim de ajudar na reforma do lugar? Pois a marca decidiu renovar a iniciativa em 2015, colocando um novo len\u00e7o no batisterio. O modelo escolhido para esse ano vem [&hellip;]<\/p>\n","protected":false},"author":8,"featured_media":128384,"comment_status":"open","ping_status":"open","sticky":false,"template":"","format":"standard","meta":{"jetpack_post_was_ever_published":false,"_jetpack_newsletter_access":"","jetpack_publicize_message":"Batist\u00e9rio de Floren\u00e7a ganha novo len\u00e7o gigante da Pucci: http:\/\/wp.me\/p3Hz0n-xoE","jetpack_is_tweetstorm":false,"jetpack_publicize_feature_enabled":true,"jetpack_social_post_already_shared":true,"jetpack_social_options":{"image_generator_settings":{"template":"highway","enabled":false}}},"categories":[2],"tags":[],"jetpack_publicize_connections":[],"jetpack_featured_media_url":"https:\/\/i0.wp.com\/agrund.com\/wp-content\/uploads\/sites\/6\/2015\/04\/slide135.jpg?fit=960%2C300&ssl=1","jetpack_sharing_enabled":true,"jetpack_shortlink":"https:\/\/wp.me\/p3Hz0n-xoE","jetpack_likes_enabled":true,"_links":{"self":[{"href":"https:\/\/agrund.com\/index.php\/wp-json\/wp\/v2\/posts\/128380"}],"collection":[{"href":"https:\/\/agrund.com\/index.php\/wp-json\/wp\/v2\/posts"}],"about":[{"href":"https:\/\/agrund.com\/index.php\/wp-json\/wp\/v2\/types\/post"}],"author":[{"embeddable":true,"href":"https:\/\/agrund.com\/index.php\/wp-json\/wp\/v2\/users\/8"}],"replies":[{"embeddable":true,"href":"https:\/\/agrund.com\/index.php\/wp-json\/wp\/v2\/comments?post=128380"}],"version-history":[{"count":0,"href":"https:\/\/agrund.com\/index.php\/wp-json\/wp\/v2\/posts\/128380\/revisions"}],"wp:featuredmedia":[{"embeddable":true,"href":"https:\/\/agrund.com\/index.php\/wp-json\/wp\/v2\/media\/128384"}],"wp:attachment":[{"href":"https:\/\/agrund.com\/index.php\/wp-json\/wp\/v2\/media?parent=128380"}],"wp:term":[{"taxonomy":"category","embeddable":true,"href":"https:\/\/agrund.com\/index.php\/wp-json\/wp\/v2\/categories?post=128380"},{"taxonomy":"post_tag","embeddable":true,"href":"https:\/\/agrund.com\/index.php\/wp-json\/wp\/v2\/tags?post=128380"}],"curies":[{"name":"wp","href":"https:\/\/api.w.org\/{rel}","templated":true}]}}