{"id":128348,"date":"2015-04-29T11:00:38","date_gmt":"2015-04-29T14:00:38","guid":{"rendered":"http:\/\/www.agrund.com\/?p=128348"},"modified":"2015-04-29T10:49:15","modified_gmt":"2015-04-29T13:49:15","slug":"naomi-campbell-estrela-webserie-de-moda","status":"publish","type":"post","link":"https:\/\/agrund.com\/index.php\/naomi-campbell-estrela-webserie-de-moda\/","title":{"rendered":"Naomi Campbell estrela webs\u00e9rie de moda"},"content":{"rendered":"<p>Se voc\u00ea \u00e9 apaixonada pelo mundo fashion, ent\u00e3o tem que acrescentar um novo programa \u00e0 sua lista de favoritos! Isso porque Naomi Campbell confirmou que ser\u00e1 a apresentadora da nova webs\u00e9rie do Yahoo Style chamada &#8220;I Am Naomi&#8221;, programa no qual a top ir\u00e1 entrevistar algumas das pessoas mais poderosas e influentes do mundo da moda. E a\u00ed, ficou ansiosa pelo resultado? A data de estr\u00e9ia ainda n\u00e3o foi confirmada, mas agrund.com continua ligado na novidade e conta tudo em primeira m\u00e3o!<\/p>\n<div id=\"attachment_128349\" style=\"width: 570px\" class=\"wp-caption aligncenter\"><a href=\"https:\/\/i0.wp.com\/www.agrund.com\/wp-content\/uploads\/sites\/6\/2015\/04\/119.jpg\"><img aria-describedby=\"caption-attachment-128349\" data-attachment-id=\"128349\" data-permalink=\"https:\/\/agrund.com\/index.php\/naomi-campbell-estrela-webserie-de-moda\/1-216\/\" data-orig-file=\"https:\/\/i0.wp.com\/agrund.com\/wp-content\/uploads\/sites\/6\/2015\/04\/119.jpg?fit=880%2C946&amp;ssl=1\" data-orig-size=\"880,946\" data-comments-opened=\"1\" data-image-meta=\"{&quot;aperture&quot;:&quot;0&quot;,&quot;credit&quot;:&quot;&quot;,&quot;camera&quot;:&quot;&quot;,&quot;caption&quot;:&quot;&quot;,&quot;created_timestamp&quot;:&quot;0&quot;,&quot;copyright&quot;:&quot;&quot;,&quot;focal_length&quot;:&quot;0&quot;,&quot;iso&quot;:&quot;0&quot;,&quot;shutter_speed&quot;:&quot;0&quot;,&quot;title&quot;:&quot;&quot;,&quot;orientation&quot;:&quot;0&quot;}\" data-image-title=\"Naomi Campbell estrela webs\u00e9rie de moda\" data-image-description=\"\" data-image-caption=\"&lt;p&gt;Naomi Campbell estrela webs\u00e9rie de moda &lt;\/p&gt;\n\" data-medium-file=\"https:\/\/i0.wp.com\/agrund.com\/wp-content\/uploads\/sites\/6\/2015\/04\/119.jpg?fit=279%2C300&amp;ssl=1\" data-large-file=\"https:\/\/i0.wp.com\/agrund.com\/wp-content\/uploads\/sites\/6\/2015\/04\/119.jpg?fit=880%2C946&amp;ssl=1\" decoding=\"async\" loading=\"lazy\" class=\"wp-image-128349\" src=\"https:\/\/i0.wp.com\/www.agrund.com\/wp-content\/uploads\/sites\/6\/2015\/04\/119.jpg?resize=560%2C602\" alt=\"Naomi Campbell estrela webs\u00e9rie de moda \" width=\"560\" height=\"602\" srcset=\"https:\/\/i0.wp.com\/agrund.com\/wp-content\/uploads\/sites\/6\/2015\/04\/119.jpg?w=880&amp;ssl=1 880w, https:\/\/i0.wp.com\/agrund.com\/wp-content\/uploads\/sites\/6\/2015\/04\/119.jpg?resize=279%2C300&amp;ssl=1 279w\" sizes=\"(max-width: 560px) 100vw, 560px\" data-recalc-dims=\"1\" \/><\/a><p id=\"caption-attachment-128349\" class=\"wp-caption-text\">Naomi Campbell estrela webs\u00e9rie de moda<\/p><\/div>\n<p>Imagem: Reprodu\u00e7\u00e3o.<\/p>\n","protected":false},"excerpt":{"rendered":"<p>Se voc\u00ea \u00e9 apaixonada pelo mundo fashion, ent\u00e3o tem que acrescentar um novo programa \u00e0 sua lista de favoritos! Isso porque Naomi Campbell confirmou que ser\u00e1 a apresentadora da nova webs\u00e9rie do Yahoo Style chamada &#8220;I Am Naomi&#8221;, programa no qual a top ir\u00e1 entrevistar algumas das pessoas mais poderosas e influentes do mundo da [&hellip;]<\/p>\n","protected":false},"author":8,"featured_media":128351,"comment_status":"open","ping_status":"open","sticky":false,"template":"","format":"standard","meta":{"jetpack_post_was_ever_published":false,"_jetpack_newsletter_access":"","jetpack_publicize_message":"Saiba mais sobre a nova webs\u00e9rie estrelada por Naomi Campbell: http:\/\/wp.me\/p3Hz0n-xo8","jetpack_is_tweetstorm":false,"jetpack_publicize_feature_enabled":true,"jetpack_social_post_already_shared":true,"jetpack_social_options":{"image_generator_settings":{"template":"highway","enabled":false}}},"categories":[2],"tags":[],"jetpack_publicize_connections":[],"jetpack_featured_media_url":"https:\/\/i0.wp.com\/agrund.com\/wp-content\/uploads\/sites\/6\/2015\/04\/slide129.jpg?fit=960%2C300&ssl=1","jetpack_sharing_enabled":true,"jetpack_shortlink":"https:\/\/wp.me\/p3Hz0n-xo8","jetpack_likes_enabled":true,"_links":{"self":[{"href":"https:\/\/agrund.com\/index.php\/wp-json\/wp\/v2\/posts\/128348"}],"collection":[{"href":"https:\/\/agrund.com\/index.php\/wp-json\/wp\/v2\/posts"}],"about":[{"href":"https:\/\/agrund.com\/index.php\/wp-json\/wp\/v2\/types\/post"}],"author":[{"embeddable":true,"href":"https:\/\/agrund.com\/index.php\/wp-json\/wp\/v2\/users\/8"}],"replies":[{"embeddable":true,"href":"https:\/\/agrund.com\/index.php\/wp-json\/wp\/v2\/comments?post=128348"}],"version-history":[{"count":0,"href":"https:\/\/agrund.com\/index.php\/wp-json\/wp\/v2\/posts\/128348\/revisions"}],"wp:featuredmedia":[{"embeddable":true,"href":"https:\/\/agrund.com\/index.php\/wp-json\/wp\/v2\/media\/128351"}],"wp:attachment":[{"href":"https:\/\/agrund.com\/index.php\/wp-json\/wp\/v2\/media?parent=128348"}],"wp:term":[{"taxonomy":"category","embeddable":true,"href":"https:\/\/agrund.com\/index.php\/wp-json\/wp\/v2\/categories?post=128348"},{"taxonomy":"post_tag","embeddable":true,"href":"https:\/\/agrund.com\/index.php\/wp-json\/wp\/v2\/tags?post=128348"}],"curies":[{"name":"wp","href":"https:\/\/api.w.org\/{rel}","templated":true}]}}