{"id":128337,"date":"2015-04-28T21:00:15","date_gmt":"2015-04-29T00:00:15","guid":{"rendered":"http:\/\/www.agrund.com\/?p=128337"},"modified":"2015-04-28T15:35:49","modified_gmt":"2015-04-28T18:35:49","slug":"dia-das-maes-com-giovanna-antonelli","status":"publish","type":"post","link":"https:\/\/agrund.com\/index.php\/dia-das-maes-com-giovanna-antonelli\/","title":{"rendered":"Dia das M\u00e3es com Giovanna Antonelli"},"content":{"rendered":"<div id=\"attachment_128340\" style=\"width: 460px\" class=\"wp-caption aligncenter\"><a href=\"https:\/\/i0.wp.com\/www.agrund.com\/wp-content\/uploads\/sites\/6\/2015\/04\/unnamed3.jpg\"><img aria-describedby=\"caption-attachment-128340\" data-attachment-id=\"128340\" data-permalink=\"https:\/\/agrund.com\/index.php\/dia-das-maes-com-giovanna-antonelli\/unnamed-10\/\" data-orig-file=\"https:\/\/i0.wp.com\/agrund.com\/wp-content\/uploads\/sites\/6\/2015\/04\/unnamed3.jpg?fit=426%2C640&amp;ssl=1\" data-orig-size=\"426,640\" data-comments-opened=\"1\" data-image-meta=\"{&quot;aperture&quot;:&quot;0&quot;,&quot;credit&quot;:&quot;&quot;,&quot;camera&quot;:&quot;&quot;,&quot;caption&quot;:&quot;&quot;,&quot;created_timestamp&quot;:&quot;0&quot;,&quot;copyright&quot;:&quot;&quot;,&quot;focal_length&quot;:&quot;0&quot;,&quot;iso&quot;:&quot;0&quot;,&quot;shutter_speed&quot;:&quot;0&quot;,&quot;title&quot;:&quot;&quot;,&quot;orientation&quot;:&quot;0&quot;}\" data-image-title=\"Dia das M\u00e3es com Giovanna Antonelli\" data-image-description=\"\" data-image-caption=\"&lt;p&gt;Dia das M\u00e3es com Giovanna Antonelli&lt;\/p&gt;\n\" data-medium-file=\"https:\/\/i0.wp.com\/agrund.com\/wp-content\/uploads\/sites\/6\/2015\/04\/unnamed3.jpg?fit=200%2C300&amp;ssl=1\" data-large-file=\"https:\/\/i0.wp.com\/agrund.com\/wp-content\/uploads\/sites\/6\/2015\/04\/unnamed3.jpg?fit=426%2C640&amp;ssl=1\" decoding=\"async\" loading=\"lazy\" class=\"wp-image-128340\" src=\"https:\/\/i0.wp.com\/www.agrund.com\/wp-content\/uploads\/sites\/6\/2015\/04\/unnamed3.jpg?resize=450%2C676\" alt=\"Dia das M\u00e3es com Giovanna Antonelli\" width=\"450\" height=\"676\" srcset=\"https:\/\/i0.wp.com\/agrund.com\/wp-content\/uploads\/sites\/6\/2015\/04\/unnamed3.jpg?w=426&amp;ssl=1 426w, https:\/\/i0.wp.com\/agrund.com\/wp-content\/uploads\/sites\/6\/2015\/04\/unnamed3.jpg?resize=200%2C300&amp;ssl=1 200w\" sizes=\"(max-width: 450px) 100vw, 450px\" data-recalc-dims=\"1\" \/><\/a><p id=\"caption-attachment-128340\" class=\"wp-caption-text\">Dia das M\u00e3es com Giovanna Antonelli<\/p><\/div>\n<p>A Leader, rede de fast-fashion, escalou Giovanna Antonelli para assinar uma linha especial bem a tempo do Dia das M\u00e3es. A atriz ficou respons\u00e1vel por criar uma cole\u00e7\u00e3o que conta com pe\u00e7as feitas a partir dos quatro elementos naturais &#8211; terra, \u00e1gua, ar e fogo, tudo com pre\u00e7os que t\u00eam in\u00edcio em R$30. E o mais legal \u00e9 que as roupas tamb\u00e9m chegam em vers\u00e3o mini, visando vestir m\u00e3es e filhas.<\/p>\n<p>Para completar, Giovanna Antonelli ainda \u00e9 estrela da campanha em foto e v\u00eddeo da parceria ao lado de suas filhas g\u00eameas, Sofia e Ant\u00f4nia de 4 anos. Veja mais na galeria e entre no clima do Dia das M\u00e3es!<\/p>\n<div id=\"attachment_128339\" style=\"width: 460px\" class=\"wp-caption aligncenter\"><a href=\"https:\/\/i0.wp.com\/www.agrund.com\/wp-content\/uploads\/sites\/6\/2015\/04\/118.jpg\"><img aria-describedby=\"caption-attachment-128339\" data-attachment-id=\"128339\" data-permalink=\"https:\/\/agrund.com\/index.php\/dia-das-maes-com-giovanna-antonelli\/1-215\/\" data-orig-file=\"https:\/\/i0.wp.com\/agrund.com\/wp-content\/uploads\/sites\/6\/2015\/04\/118.jpg?fit=426%2C640&amp;ssl=1\" data-orig-size=\"426,640\" data-comments-opened=\"1\" data-image-meta=\"{&quot;aperture&quot;:&quot;0&quot;,&quot;credit&quot;:&quot;&quot;,&quot;camera&quot;:&quot;&quot;,&quot;caption&quot;:&quot;&quot;,&quot;created_timestamp&quot;:&quot;0&quot;,&quot;copyright&quot;:&quot;&quot;,&quot;focal_length&quot;:&quot;0&quot;,&quot;iso&quot;:&quot;0&quot;,&quot;shutter_speed&quot;:&quot;0&quot;,&quot;title&quot;:&quot;&quot;,&quot;orientation&quot;:&quot;0&quot;}\" data-image-title=\"Dia das M\u00e3es com Giovanna Antonelli\" data-image-description=\"\" data-image-caption=\"&lt;p&gt;Dia das M\u00e3es com Giovanna Antonelli&lt;\/p&gt;\n\" data-medium-file=\"https:\/\/i0.wp.com\/agrund.com\/wp-content\/uploads\/sites\/6\/2015\/04\/118.jpg?fit=200%2C300&amp;ssl=1\" data-large-file=\"https:\/\/i0.wp.com\/agrund.com\/wp-content\/uploads\/sites\/6\/2015\/04\/118.jpg?fit=426%2C640&amp;ssl=1\" decoding=\"async\" loading=\"lazy\" class=\"wp-image-128339\" src=\"https:\/\/i0.wp.com\/www.agrund.com\/wp-content\/uploads\/sites\/6\/2015\/04\/118.jpg?resize=450%2C676\" alt=\"Dia das M\u00e3es com Giovanna Antonelli\" width=\"450\" height=\"676\" srcset=\"https:\/\/i0.wp.com\/agrund.com\/wp-content\/uploads\/sites\/6\/2015\/04\/118.jpg?w=426&amp;ssl=1 426w, https:\/\/i0.wp.com\/agrund.com\/wp-content\/uploads\/sites\/6\/2015\/04\/118.jpg?resize=200%2C300&amp;ssl=1 200w\" sizes=\"(max-width: 450px) 100vw, 450px\" data-recalc-dims=\"1\" \/><\/a><p id=\"caption-attachment-128339\" class=\"wp-caption-text\">Dia das M\u00e3es com Giovanna Antonelli<\/p><\/div>\n<p>Imagens: Divulga\u00e7\u00e3o.<\/p>\n","protected":false},"excerpt":{"rendered":"<p>A Leader, rede de fast-fashion, escalou Giovanna Antonelli para assinar uma linha especial bem a tempo do Dia das M\u00e3es. A atriz ficou respons\u00e1vel por criar uma cole\u00e7\u00e3o que conta com pe\u00e7as feitas a partir dos quatro elementos naturais &#8211; terra, \u00e1gua, ar e fogo, tudo com pre\u00e7os que t\u00eam in\u00edcio em R$30. E o [&hellip;]<\/p>\n","protected":false},"author":8,"featured_media":128342,"comment_status":"open","ping_status":"open","sticky":false,"template":"","format":"standard","meta":{"jetpack_post_was_ever_published":false,"_jetpack_newsletter_access":"","jetpack_publicize_message":"J\u00e1 est\u00e1 no clima do Dia das M\u00e3es? Ent\u00e3o confira a cole\u00e7\u00e3o especial de Giovanna Antonelli pra Leader! http:\/\/wp.me\/p3Hz0n-xnX","jetpack_is_tweetstorm":false,"jetpack_publicize_feature_enabled":true,"jetpack_social_post_already_shared":true,"jetpack_social_options":{"image_generator_settings":{"template":"highway","enabled":false}}},"categories":[2],"tags":[],"jetpack_publicize_connections":[],"jetpack_featured_media_url":"https:\/\/i0.wp.com\/agrund.com\/wp-content\/uploads\/sites\/6\/2015\/04\/slide127.jpg?fit=960%2C300&ssl=1","jetpack_sharing_enabled":true,"jetpack_shortlink":"https:\/\/wp.me\/p3Hz0n-xnX","jetpack_likes_enabled":true,"_links":{"self":[{"href":"https:\/\/agrund.com\/index.php\/wp-json\/wp\/v2\/posts\/128337"}],"collection":[{"href":"https:\/\/agrund.com\/index.php\/wp-json\/wp\/v2\/posts"}],"about":[{"href":"https:\/\/agrund.com\/index.php\/wp-json\/wp\/v2\/types\/post"}],"author":[{"embeddable":true,"href":"https:\/\/agrund.com\/index.php\/wp-json\/wp\/v2\/users\/8"}],"replies":[{"embeddable":true,"href":"https:\/\/agrund.com\/index.php\/wp-json\/wp\/v2\/comments?post=128337"}],"version-history":[{"count":0,"href":"https:\/\/agrund.com\/index.php\/wp-json\/wp\/v2\/posts\/128337\/revisions"}],"wp:featuredmedia":[{"embeddable":true,"href":"https:\/\/agrund.com\/index.php\/wp-json\/wp\/v2\/media\/128342"}],"wp:attachment":[{"href":"https:\/\/agrund.com\/index.php\/wp-json\/wp\/v2\/media?parent=128337"}],"wp:term":[{"taxonomy":"category","embeddable":true,"href":"https:\/\/agrund.com\/index.php\/wp-json\/wp\/v2\/categories?post=128337"},{"taxonomy":"post_tag","embeddable":true,"href":"https:\/\/agrund.com\/index.php\/wp-json\/wp\/v2\/tags?post=128337"}],"curies":[{"name":"wp","href":"https:\/\/api.w.org\/{rel}","templated":true}]}}