{"id":128299,"date":"2015-04-28T16:00:58","date_gmt":"2015-04-28T19:00:58","guid":{"rendered":"http:\/\/www.agrund.com\/?p=128299"},"modified":"2015-04-28T11:12:01","modified_gmt":"2015-04-28T14:12:01","slug":"bruna-marquezine-e-marlon-teixeira-juntos-oficialmente","status":"publish","type":"post","link":"https:\/\/agrund.com\/index.php\/bruna-marquezine-e-marlon-teixeira-juntos-oficialmente\/","title":{"rendered":"Bruna Marquezine e Marlon Teixeira: juntos oficialmente"},"content":{"rendered":"<div id=\"attachment_128300\" style=\"width: 570px\" class=\"wp-caption aligncenter\"><a href=\"https:\/\/i0.wp.com\/www.agrund.com\/wp-content\/uploads\/sites\/6\/2015\/04\/bruna-marquezine-e-marlon1.jpg\"><img aria-describedby=\"caption-attachment-128300\" data-attachment-id=\"128300\" data-permalink=\"https:\/\/agrund.com\/index.php\/bruna-marquezine-e-marlon-teixeira-juntos-oficialmente\/bruna-marquezine-e-marlon1\/\" data-orig-file=\"https:\/\/i0.wp.com\/agrund.com\/wp-content\/uploads\/sites\/6\/2015\/04\/bruna-marquezine-e-marlon1.jpg?fit=640%2C512&amp;ssl=1\" data-orig-size=\"640,512\" data-comments-opened=\"1\" data-image-meta=\"{&quot;aperture&quot;:&quot;0&quot;,&quot;credit&quot;:&quot;&quot;,&quot;camera&quot;:&quot;&quot;,&quot;caption&quot;:&quot;&quot;,&quot;created_timestamp&quot;:&quot;0&quot;,&quot;copyright&quot;:&quot;&quot;,&quot;focal_length&quot;:&quot;0&quot;,&quot;iso&quot;:&quot;0&quot;,&quot;shutter_speed&quot;:&quot;0&quot;,&quot;title&quot;:&quot;&quot;,&quot;orientation&quot;:&quot;0&quot;}\" data-image-title=\"Bruna Marquezine e Marlon Teixeira: juntos oficialmente\" data-image-description=\"\" data-image-caption=\"&lt;p&gt;Bruna Marquezine e Marlon Teixeira: juntos oficialmente&lt;\/p&gt;\n\" data-medium-file=\"https:\/\/i0.wp.com\/agrund.com\/wp-content\/uploads\/sites\/6\/2015\/04\/bruna-marquezine-e-marlon1.jpg?fit=300%2C240&amp;ssl=1\" data-large-file=\"https:\/\/i0.wp.com\/agrund.com\/wp-content\/uploads\/sites\/6\/2015\/04\/bruna-marquezine-e-marlon1.jpg?fit=640%2C512&amp;ssl=1\" decoding=\"async\" loading=\"lazy\" class=\"wp-image-128300\" src=\"https:\/\/i0.wp.com\/www.agrund.com\/wp-content\/uploads\/sites\/6\/2015\/04\/bruna-marquezine-e-marlon1.jpg?resize=560%2C448\" alt=\"Bruna Marquezine e Marlon Teixeira: juntos oficialmente \" width=\"560\" height=\"448\" srcset=\"https:\/\/i0.wp.com\/agrund.com\/wp-content\/uploads\/sites\/6\/2015\/04\/bruna-marquezine-e-marlon1.jpg?w=640&amp;ssl=1 640w, https:\/\/i0.wp.com\/agrund.com\/wp-content\/uploads\/sites\/6\/2015\/04\/bruna-marquezine-e-marlon1.jpg?resize=300%2C240&amp;ssl=1 300w\" sizes=\"(max-width: 560px) 100vw, 560px\" data-recalc-dims=\"1\" \/><\/a><p id=\"caption-attachment-128300\" class=\"wp-caption-text\">Bruna Marquezine e Marlon Teixeira: juntos oficialmente<\/p><\/div>\n<p>Bruna Marquezine acaba de assumir o namoro com o modelo brasileiro Marlon Teixeira. Fotos dos dois juntos j\u00e1 estavam circulando na internet h\u00e1 um tempo, mas s\u00f3 agora a atriz comentou oficialmente o relacionamento que j\u00e1 dura cinco meses: ela falou sobre o assunto \u00e0 &#8220;Contigo&#8221; e completou dizendo &#8220;tenho 19 anos, n\u00e9? Tenho o direito de sair, de ir ao cinema, de beijar quem eu quero. Tenho direito de fazer essas coisas. N\u00e3o preciso ficar expondo e falando por a\u00ed. Dizer tipo: &#8216;olha, fiz mesmo&#8217;. Imagina eu dizendo: &#8216;gente, come\u00e7ou tal dia&#8217;. N\u00e3o faz sentido&#8230; Mas n\u00e3o vou me trancar numa caverna&#8221;.<\/p>\n<p>Vale lembrar que Bruna ser\u00e1 a protagonista da pr\u00f3xima novela das 19h, &#8220;I Love Parais\u00f3polis&#8221;, na qual ir\u00e1 viver uma mulher batalhadora e sonhadora chamada Marizete com a promessa de gerar identifica\u00e7\u00e3o com muitas brasileiras. \u00c9 esperar pra ver!<\/p>\n<p>Imagens: Reprodu\u00e7\u00e3o.<\/p>\n","protected":false},"excerpt":{"rendered":"<p>Bruna Marquezine acaba de assumir o namoro com o modelo brasileiro Marlon Teixeira. Fotos dos dois juntos j\u00e1 estavam circulando na internet h\u00e1 um tempo, mas s\u00f3 agora a atriz comentou oficialmente o relacionamento que j\u00e1 dura cinco meses: ela falou sobre o assunto \u00e0 &#8220;Contigo&#8221; e completou dizendo &#8220;tenho 19 anos, n\u00e9? Tenho o [&hellip;]<\/p>\n","protected":false},"author":8,"featured_media":128301,"comment_status":"open","ping_status":"open","sticky":false,"template":"","format":"standard","meta":{"jetpack_post_was_ever_published":false,"_jetpack_newsletter_access":"","jetpack_publicize_message":"Agora \u00e9 oficial: Bruna Marquezine assume namoro com Marlon Teixeira! http:\/\/wp.me\/p3Hz0n-xnl","jetpack_is_tweetstorm":false,"jetpack_publicize_feature_enabled":true,"jetpack_social_post_already_shared":true,"jetpack_social_options":{"image_generator_settings":{"template":"highway","enabled":false}}},"categories":[2],"tags":[],"jetpack_publicize_connections":[],"jetpack_featured_media_url":"https:\/\/i0.wp.com\/agrund.com\/wp-content\/uploads\/sites\/6\/2015\/04\/slide124.jpg?fit=960%2C300&ssl=1","jetpack_sharing_enabled":true,"jetpack_shortlink":"https:\/\/wp.me\/p3Hz0n-xnl","jetpack_likes_enabled":true,"_links":{"self":[{"href":"https:\/\/agrund.com\/index.php\/wp-json\/wp\/v2\/posts\/128299"}],"collection":[{"href":"https:\/\/agrund.com\/index.php\/wp-json\/wp\/v2\/posts"}],"about":[{"href":"https:\/\/agrund.com\/index.php\/wp-json\/wp\/v2\/types\/post"}],"author":[{"embeddable":true,"href":"https:\/\/agrund.com\/index.php\/wp-json\/wp\/v2\/users\/8"}],"replies":[{"embeddable":true,"href":"https:\/\/agrund.com\/index.php\/wp-json\/wp\/v2\/comments?post=128299"}],"version-history":[{"count":0,"href":"https:\/\/agrund.com\/index.php\/wp-json\/wp\/v2\/posts\/128299\/revisions"}],"wp:featuredmedia":[{"embeddable":true,"href":"https:\/\/agrund.com\/index.php\/wp-json\/wp\/v2\/media\/128301"}],"wp:attachment":[{"href":"https:\/\/agrund.com\/index.php\/wp-json\/wp\/v2\/media?parent=128299"}],"wp:term":[{"taxonomy":"category","embeddable":true,"href":"https:\/\/agrund.com\/index.php\/wp-json\/wp\/v2\/categories?post=128299"},{"taxonomy":"post_tag","embeddable":true,"href":"https:\/\/agrund.com\/index.php\/wp-json\/wp\/v2\/tags?post=128299"}],"curies":[{"name":"wp","href":"https:\/\/api.w.org\/{rel}","templated":true}]}}