{"id":128166,"date":"2015-04-24T18:00:13","date_gmt":"2015-04-24T21:00:13","guid":{"rendered":"http:\/\/www.agrund.com\/?p=128166"},"modified":"2015-04-24T18:02:27","modified_gmt":"2015-04-24T21:02:27","slug":"minion-padronizado","status":"publish","type":"post","link":"https:\/\/agrund.com\/index.php\/minion-padronizado\/","title":{"rendered":"Minion padronizado"},"content":{"rendered":"<div id=\"attachment_128167\" style=\"width: 520px\" class=\"wp-caption aligncenter\"><a href=\"https:\/\/i0.wp.com\/www.agrund.com\/wp-content\/uploads\/sites\/6\/2015\/04\/117.jpg\"><img aria-describedby=\"caption-attachment-128167\" data-attachment-id=\"128167\" data-permalink=\"https:\/\/agrund.com\/index.php\/minion-padronizado\/1-214\/\" data-orig-file=\"https:\/\/i0.wp.com\/agrund.com\/wp-content\/uploads\/sites\/6\/2015\/04\/117.jpg?fit=510%2C600&amp;ssl=1\" data-orig-size=\"510,600\" data-comments-opened=\"1\" data-image-meta=\"{&quot;aperture&quot;:&quot;0&quot;,&quot;credit&quot;:&quot;&quot;,&quot;camera&quot;:&quot;&quot;,&quot;caption&quot;:&quot;&quot;,&quot;created_timestamp&quot;:&quot;0&quot;,&quot;copyright&quot;:&quot;&quot;,&quot;focal_length&quot;:&quot;0&quot;,&quot;iso&quot;:&quot;0&quot;,&quot;shutter_speed&quot;:&quot;0&quot;,&quot;title&quot;:&quot;&quot;,&quot;orientation&quot;:&quot;0&quot;}\" data-image-title=\"1\" data-image-description=\"\" data-image-caption=\"&lt;p&gt;Minion padronizado &lt;\/p&gt;\n\" data-medium-file=\"https:\/\/i0.wp.com\/agrund.com\/wp-content\/uploads\/sites\/6\/2015\/04\/117.jpg?fit=255%2C300&amp;ssl=1\" data-large-file=\"https:\/\/i0.wp.com\/agrund.com\/wp-content\/uploads\/sites\/6\/2015\/04\/117.jpg?fit=510%2C600&amp;ssl=1\" decoding=\"async\" loading=\"lazy\" class=\"size-full wp-image-128167\" src=\"https:\/\/i0.wp.com\/www.agrund.com\/wp-content\/uploads\/sites\/6\/2015\/04\/117.jpg?resize=510%2C600\" alt=\"Minion padronizado \" width=\"510\" height=\"600\" srcset=\"https:\/\/i0.wp.com\/agrund.com\/wp-content\/uploads\/sites\/6\/2015\/04\/117.jpg?w=510&amp;ssl=1 510w, https:\/\/i0.wp.com\/agrund.com\/wp-content\/uploads\/sites\/6\/2015\/04\/117.jpg?resize=255%2C300&amp;ssl=1 255w\" sizes=\"(max-width: 510px) 100vw, 510px\" data-recalc-dims=\"1\" \/><\/a><p id=\"caption-attachment-128167\" class=\"wp-caption-text\">Minion padronizado<\/p><\/div>\n<p>Os Minions de &#8220;Meu Malvado Favorito&#8221; foram padronizados! \u00c9 que a Pantone, respons\u00e1vel por regulamentar os padr\u00f5es de cores, acaba de oficializar o Amarelo Minion. Essa \u00e9 a primeira vez que um personagem de cinema d\u00e1 nome \u00e0 uma cor, sendo que a ideia para tal iniciativa veio de ningu\u00e9m menos que Pharrell Williams. E vale lembrar que a novidade chega em boa hora, j\u00e1 que os Minions ganham um filme pr\u00f3prio com estreia prevista para junho por aqui. Esse amarelo vai pegar!<\/p>\n<div id=\"attachment_128168\" style=\"width: 520px\" class=\"wp-caption aligncenter\"><a href=\"https:\/\/i0.wp.com\/www.agrund.com\/wp-content\/uploads\/sites\/6\/2015\/04\/230415-amarelo-minions-pantone-1-475x600.jpg\"><img aria-describedby=\"caption-attachment-128168\" data-attachment-id=\"128168\" data-permalink=\"https:\/\/agrund.com\/index.php\/minion-padronizado\/230415-amarelo-minions-pantone-1-475x600\/\" data-orig-file=\"https:\/\/i0.wp.com\/agrund.com\/wp-content\/uploads\/sites\/6\/2015\/04\/230415-amarelo-minions-pantone-1-475x600.jpg?fit=475%2C600&amp;ssl=1\" data-orig-size=\"475,600\" data-comments-opened=\"1\" data-image-meta=\"{&quot;aperture&quot;:&quot;0&quot;,&quot;credit&quot;:&quot;&quot;,&quot;camera&quot;:&quot;&quot;,&quot;caption&quot;:&quot;&quot;,&quot;created_timestamp&quot;:&quot;0&quot;,&quot;copyright&quot;:&quot;&quot;,&quot;focal_length&quot;:&quot;0&quot;,&quot;iso&quot;:&quot;0&quot;,&quot;shutter_speed&quot;:&quot;0&quot;,&quot;title&quot;:&quot;&quot;,&quot;orientation&quot;:&quot;0&quot;}\" data-image-title=\"Minion padronizado\" data-image-description=\"\" data-image-caption=\"&lt;p&gt;Minion padronizado &lt;\/p&gt;\n\" data-medium-file=\"https:\/\/i0.wp.com\/agrund.com\/wp-content\/uploads\/sites\/6\/2015\/04\/230415-amarelo-minions-pantone-1-475x600.jpg?fit=238%2C300&amp;ssl=1\" data-large-file=\"https:\/\/i0.wp.com\/agrund.com\/wp-content\/uploads\/sites\/6\/2015\/04\/230415-amarelo-minions-pantone-1-475x600.jpg?fit=475%2C600&amp;ssl=1\" decoding=\"async\" loading=\"lazy\" class=\"wp-image-128168\" src=\"https:\/\/i0.wp.com\/www.agrund.com\/wp-content\/uploads\/sites\/6\/2015\/04\/230415-amarelo-minions-pantone-1-475x600.jpg?resize=510%2C644\" alt=\"Minion padronizado \" width=\"510\" height=\"644\" srcset=\"https:\/\/i0.wp.com\/agrund.com\/wp-content\/uploads\/sites\/6\/2015\/04\/230415-amarelo-minions-pantone-1-475x600.jpg?resize=475%2C600&amp;ssl=1 475w, https:\/\/i0.wp.com\/agrund.com\/wp-content\/uploads\/sites\/6\/2015\/04\/230415-amarelo-minions-pantone-1-475x600.jpg?resize=238%2C300&amp;ssl=1 238w\" sizes=\"(max-width: 510px) 100vw, 510px\" data-recalc-dims=\"1\" \/><\/a><p id=\"caption-attachment-128168\" class=\"wp-caption-text\">Minion padronizado<\/p><\/div>\n<p>Imagens: Reprodu\u00e7\u00e3o.<\/p>\n","protected":false},"excerpt":{"rendered":"<p>Os Minions de &#8220;Meu Malvado Favorito&#8221; foram padronizados! \u00c9 que a Pantone, respons\u00e1vel por regulamentar os padr\u00f5es de cores, acaba de oficializar o Amarelo Minion. Essa \u00e9 a primeira vez que um personagem de cinema d\u00e1 nome \u00e0 uma cor, sendo que a ideia para tal iniciativa veio de ningu\u00e9m menos que Pharrell Williams. E [&hellip;]<\/p>\n","protected":false},"author":8,"featured_media":128169,"comment_status":"open","ping_status":"open","sticky":false,"template":"","format":"standard","meta":{"jetpack_post_was_ever_published":false,"_jetpack_newsletter_access":"","jetpack_publicize_message":"Os Minions de \"Meu Malvado Favorito\" agora s\u00e3o cor oficial da Pantone! Saiba mais: http:\/\/wp.me\/p3Hz0n-xlc","jetpack_is_tweetstorm":false,"jetpack_publicize_feature_enabled":true,"jetpack_social_post_already_shared":true,"jetpack_social_options":{"image_generator_settings":{"template":"highway","enabled":false}}},"categories":[2],"tags":[],"jetpack_publicize_connections":[],"jetpack_featured_media_url":"https:\/\/i0.wp.com\/agrund.com\/wp-content\/uploads\/sites\/6\/2015\/04\/slide105.jpg?fit=960%2C300&ssl=1","jetpack_sharing_enabled":true,"jetpack_shortlink":"https:\/\/wp.me\/p3Hz0n-xlc","jetpack_likes_enabled":true,"_links":{"self":[{"href":"https:\/\/agrund.com\/index.php\/wp-json\/wp\/v2\/posts\/128166"}],"collection":[{"href":"https:\/\/agrund.com\/index.php\/wp-json\/wp\/v2\/posts"}],"about":[{"href":"https:\/\/agrund.com\/index.php\/wp-json\/wp\/v2\/types\/post"}],"author":[{"embeddable":true,"href":"https:\/\/agrund.com\/index.php\/wp-json\/wp\/v2\/users\/8"}],"replies":[{"embeddable":true,"href":"https:\/\/agrund.com\/index.php\/wp-json\/wp\/v2\/comments?post=128166"}],"version-history":[{"count":0,"href":"https:\/\/agrund.com\/index.php\/wp-json\/wp\/v2\/posts\/128166\/revisions"}],"wp:featuredmedia":[{"embeddable":true,"href":"https:\/\/agrund.com\/index.php\/wp-json\/wp\/v2\/media\/128169"}],"wp:attachment":[{"href":"https:\/\/agrund.com\/index.php\/wp-json\/wp\/v2\/media?parent=128166"}],"wp:term":[{"taxonomy":"category","embeddable":true,"href":"https:\/\/agrund.com\/index.php\/wp-json\/wp\/v2\/categories?post=128166"},{"taxonomy":"post_tag","embeddable":true,"href":"https:\/\/agrund.com\/index.php\/wp-json\/wp\/v2\/tags?post=128166"}],"curies":[{"name":"wp","href":"https:\/\/api.w.org\/{rel}","templated":true}]}}