{"id":128101,"date":"2015-04-24T15:00:52","date_gmt":"2015-04-24T18:00:52","guid":{"rendered":"http:\/\/www.agrund.com\/?p=128101"},"modified":"2015-04-24T15:20:25","modified_gmt":"2015-04-24T18:20:25","slug":"casa-de-criadores-fernando-cozendey-primavera-verao-201516","status":"publish","type":"post","link":"https:\/\/agrund.com\/index.php\/casa-de-criadores-fernando-cozendey-primavera-verao-201516\/","title":{"rendered":"Casa de Criadores :: Fernando Cozendey primavera-ver\u00e3o 2015\/16"},"content":{"rendered":"<p>Mais um que deu show no segundo dia de Casa de Criadores foi Fernando Cozendey: enquanto Felipe Fanaia mudou o formato de sua apresenta\u00e7\u00e3o colocando gangues para &#8220;se estranharem&#8221; na passarela, Fernando deu continuidade ao seu trabalho impec\u00e1vel com a lycra apostando em um casting fora dos padr\u00f5es, em sua maioria composto por drags do coletivo Drag-se. A escolha n\u00e3o poderia ser melhor, j\u00e1 que a cole\u00e7\u00e3o do estilista fala sobre transforma\u00e7\u00e3o \u2013 inspira\u00e7\u00e3o que apareceu de forma literal por meio do desenvolvimento dos looks com imagens provocantes que desafiam tamb\u00e9m os padr\u00f5es de beleza do corpo at\u00e9 chegar no surgimento de borboletas coloridas e vivas, com destaque para os tecidos brilhantes. E se voc\u00ea partir do princ\u00edpio que a proposta do estilista \u00e9 trabalhar com os desafios o resultado \u00e9 encantador e divertido com uma forte dose de reflex\u00e3o acerca da igualdade dos padr\u00f5es de beleza, do corpo e dos g\u00eaneros.<\/p>\n<div id=\"attachment_128103\" style=\"width: 560px\" class=\"wp-caption aligncenter\"><a href=\"https:\/\/i0.wp.com\/www.agrund.com\/wp-content\/uploads\/sites\/6\/2015\/04\/fcoz_v16_002.jpg\"><img aria-describedby=\"caption-attachment-128103\" data-attachment-id=\"128103\" data-permalink=\"https:\/\/agrund.com\/index.php\/casa-de-criadores-fernando-cozendey-primavera-verao-201516\/fcoz_v16_002\/\" data-orig-file=\"https:\/\/i0.wp.com\/agrund.com\/wp-content\/uploads\/sites\/6\/2015\/04\/fcoz_v16_002.jpg?fit=550%2C826&amp;ssl=1\" data-orig-size=\"550,826\" data-comments-opened=\"1\" data-image-meta=\"{&quot;aperture&quot;:&quot;0&quot;,&quot;credit&quot;:&quot;Marcelo Soubhia\\\/ Agencia Fotosit&quot;,&quot;camera&quot;:&quot;&quot;,&quot;caption&quot;:&quot;Fernando Cozendey\\r-Casa de Criadores\\rVer\\u00e3o 2016\\rabril\\\/2015\\rFoto: Marcelo Soubhia\\\/ Ag\\u00eancia Fotosite&quot;,&quot;created_timestamp&quot;:&quot;1429835667&quot;,&quot;copyright&quot;:&quot;Marcelo Soubhia\\\/ Agencia Fotosite&quot;,&quot;focal_length&quot;:&quot;0&quot;,&quot;iso&quot;:&quot;0&quot;,&quot;shutter_speed&quot;:&quot;0&quot;,&quot;title&quot;:&quot;&quot;,&quot;orientation&quot;:&quot;0&quot;}\" data-image-title=\"Casa de Criadores :: Fernando Cozendey primavera-ver\u00e3o 2015\/16\" data-image-description=\"&lt;p&gt;Fernando Cozendey&lt;br \/&gt;\n-Casa de Criadores&lt;br \/&gt;\nVer\u00e3o 2016&lt;br \/&gt;\nabril\/2015&lt;br \/&gt;\nFoto: Marcelo Soubhia\/ Ag\u00eancia Fotosite&lt;\/p&gt;\n\" data-image-caption=\"&lt;p&gt;Casa de Criadores :: Fernando Cozendey primavera-ver\u00e3o 2015\/16 &lt;\/p&gt;\n\" data-medium-file=\"https:\/\/i0.wp.com\/agrund.com\/wp-content\/uploads\/sites\/6\/2015\/04\/fcoz_v16_002.jpg?fit=200%2C300&amp;ssl=1\" data-large-file=\"https:\/\/i0.wp.com\/agrund.com\/wp-content\/uploads\/sites\/6\/2015\/04\/fcoz_v16_002.jpg?fit=550%2C826&amp;ssl=1\" decoding=\"async\" loading=\"lazy\" class=\"size-full wp-image-128103\" src=\"https:\/\/i0.wp.com\/www.agrund.com\/wp-content\/uploads\/sites\/6\/2015\/04\/fcoz_v16_002.jpg?resize=550%2C826\" alt=\"Casa de Criadores :: Fernando Cozendey primavera-ver\u00e3o 2015\/16 \" width=\"550\" height=\"826\" srcset=\"https:\/\/i0.wp.com\/agrund.com\/wp-content\/uploads\/sites\/6\/2015\/04\/fcoz_v16_002.jpg?w=550&amp;ssl=1 550w, https:\/\/i0.wp.com\/agrund.com\/wp-content\/uploads\/sites\/6\/2015\/04\/fcoz_v16_002.jpg?resize=200%2C300&amp;ssl=1 200w\" sizes=\"(max-width: 550px) 100vw, 550px\" data-recalc-dims=\"1\" \/><\/a><p id=\"caption-attachment-128103\" class=\"wp-caption-text\">Casa de Criadores :: Fernando Cozendey primavera-ver\u00e3o 2015\/16<\/p><\/div>\n<div id=\"attachment_128104\" style=\"width: 560px\" class=\"wp-caption aligncenter\"><a href=\"https:\/\/i0.wp.com\/www.agrund.com\/wp-content\/uploads\/sites\/6\/2015\/04\/fcoz_v16_004.jpg\"><img aria-describedby=\"caption-attachment-128104\" data-attachment-id=\"128104\" data-permalink=\"https:\/\/agrund.com\/index.php\/casa-de-criadores-fernando-cozendey-primavera-verao-201516\/fcoz_v16_004\/\" data-orig-file=\"https:\/\/i0.wp.com\/agrund.com\/wp-content\/uploads\/sites\/6\/2015\/04\/fcoz_v16_004.jpg?fit=550%2C826&amp;ssl=1\" data-orig-size=\"550,826\" data-comments-opened=\"1\" data-image-meta=\"{&quot;aperture&quot;:&quot;0&quot;,&quot;credit&quot;:&quot;Marcelo Soubhia\\\/ Agencia Fotosit&quot;,&quot;camera&quot;:&quot;&quot;,&quot;caption&quot;:&quot;Fernando Cozendey\\r-Casa de Criadores\\rVer\\u00e3o 2016\\rabril\\\/2015\\rFoto: Marcelo Soubhia\\\/ Ag\\u00eancia Fotosite&quot;,&quot;created_timestamp&quot;:&quot;1429835680&quot;,&quot;copyright&quot;:&quot;Marcelo Soubhia\\\/ Agencia Fotosite&quot;,&quot;focal_length&quot;:&quot;0&quot;,&quot;iso&quot;:&quot;0&quot;,&quot;shutter_speed&quot;:&quot;0&quot;,&quot;title&quot;:&quot;&quot;,&quot;orientation&quot;:&quot;0&quot;}\" data-image-title=\"Casa de Criadores :: Fernando Cozendey primavera-ver\u00e3o 2015\/16\" data-image-description=\"&lt;p&gt;Fernando Cozendey&lt;br \/&gt;\n-Casa de Criadores&lt;br \/&gt;\nVer\u00e3o 2016&lt;br \/&gt;\nabril\/2015&lt;br \/&gt;\nFoto: Marcelo Soubhia\/ Ag\u00eancia Fotosite&lt;\/p&gt;\n\" data-image-caption=\"&lt;p&gt;Casa de Criadores :: Fernando Cozendey primavera-ver\u00e3o 2015\/16 &lt;\/p&gt;\n\" data-medium-file=\"https:\/\/i0.wp.com\/agrund.com\/wp-content\/uploads\/sites\/6\/2015\/04\/fcoz_v16_004.jpg?fit=200%2C300&amp;ssl=1\" data-large-file=\"https:\/\/i0.wp.com\/agrund.com\/wp-content\/uploads\/sites\/6\/2015\/04\/fcoz_v16_004.jpg?fit=550%2C826&amp;ssl=1\" decoding=\"async\" loading=\"lazy\" class=\"size-full wp-image-128104\" src=\"https:\/\/i0.wp.com\/www.agrund.com\/wp-content\/uploads\/sites\/6\/2015\/04\/fcoz_v16_004.jpg?resize=550%2C826\" alt=\"Casa de Criadores :: Fernando Cozendey primavera-ver\u00e3o 2015\/16 \" width=\"550\" height=\"826\" srcset=\"https:\/\/i0.wp.com\/agrund.com\/wp-content\/uploads\/sites\/6\/2015\/04\/fcoz_v16_004.jpg?w=550&amp;ssl=1 550w, https:\/\/i0.wp.com\/agrund.com\/wp-content\/uploads\/sites\/6\/2015\/04\/fcoz_v16_004.jpg?resize=200%2C300&amp;ssl=1 200w\" sizes=\"(max-width: 550px) 100vw, 550px\" data-recalc-dims=\"1\" \/><\/a><p id=\"caption-attachment-128104\" class=\"wp-caption-text\">Casa de Criadores :: Fernando Cozendey primavera-ver\u00e3o 2015\/16<\/p><\/div>\n<div id=\"attachment_128106\" style=\"width: 560px\" class=\"wp-caption aligncenter\"><a href=\"https:\/\/i0.wp.com\/www.agrund.com\/wp-content\/uploads\/sites\/6\/2015\/04\/fcoz_v16_009.jpg\"><img aria-describedby=\"caption-attachment-128106\" data-attachment-id=\"128106\" data-permalink=\"https:\/\/agrund.com\/index.php\/casa-de-criadores-fernando-cozendey-primavera-verao-201516\/fcoz_v16_009\/\" data-orig-file=\"https:\/\/i0.wp.com\/agrund.com\/wp-content\/uploads\/sites\/6\/2015\/04\/fcoz_v16_009.jpg?fit=550%2C826&amp;ssl=1\" data-orig-size=\"550,826\" data-comments-opened=\"1\" data-image-meta=\"{&quot;aperture&quot;:&quot;0&quot;,&quot;credit&quot;:&quot;Marcelo Soubhia\\\/ Agencia Fotosit&quot;,&quot;camera&quot;:&quot;&quot;,&quot;caption&quot;:&quot;Fernando Cozendey\\r-Casa de Criadores\\rVer\\u00e3o 2016\\rabril\\\/2015\\rFoto: Marcelo Soubhia\\\/ Ag\\u00eancia Fotosite&quot;,&quot;created_timestamp&quot;:&quot;1429835710&quot;,&quot;copyright&quot;:&quot;Marcelo Soubhia\\\/ Agencia Fotosite&quot;,&quot;focal_length&quot;:&quot;0&quot;,&quot;iso&quot;:&quot;0&quot;,&quot;shutter_speed&quot;:&quot;0&quot;,&quot;title&quot;:&quot;&quot;,&quot;orientation&quot;:&quot;0&quot;}\" data-image-title=\"Casa de Criadores :: Fernando Cozendey primavera-ver\u00e3o 2015\/16\" data-image-description=\"&lt;p&gt;Fernando Cozendey&lt;br \/&gt;\n-Casa de Criadores&lt;br \/&gt;\nVer\u00e3o 2016&lt;br \/&gt;\nabril\/2015&lt;br \/&gt;\nFoto: Marcelo Soubhia\/ Ag\u00eancia Fotosite&lt;\/p&gt;\n\" data-image-caption=\"&lt;p&gt;Casa de Criadores :: Fernando Cozendey primavera-ver\u00e3o 2015\/16 &lt;\/p&gt;\n\" data-medium-file=\"https:\/\/i0.wp.com\/agrund.com\/wp-content\/uploads\/sites\/6\/2015\/04\/fcoz_v16_009.jpg?fit=200%2C300&amp;ssl=1\" data-large-file=\"https:\/\/i0.wp.com\/agrund.com\/wp-content\/uploads\/sites\/6\/2015\/04\/fcoz_v16_009.jpg?fit=550%2C826&amp;ssl=1\" decoding=\"async\" loading=\"lazy\" class=\"size-full wp-image-128106\" src=\"https:\/\/i0.wp.com\/www.agrund.com\/wp-content\/uploads\/sites\/6\/2015\/04\/fcoz_v16_009.jpg?resize=550%2C826\" alt=\"Casa de Criadores :: Fernando Cozendey primavera-ver\u00e3o 2015\/16 \" width=\"550\" height=\"826\" srcset=\"https:\/\/i0.wp.com\/agrund.com\/wp-content\/uploads\/sites\/6\/2015\/04\/fcoz_v16_009.jpg?w=550&amp;ssl=1 550w, https:\/\/i0.wp.com\/agrund.com\/wp-content\/uploads\/sites\/6\/2015\/04\/fcoz_v16_009.jpg?resize=200%2C300&amp;ssl=1 200w\" sizes=\"(max-width: 550px) 100vw, 550px\" data-recalc-dims=\"1\" \/><\/a><p id=\"caption-attachment-128106\" class=\"wp-caption-text\">Casa de Criadores :: Fernando Cozendey primavera-ver\u00e3o 2015\/16<\/p><\/div>\n<div id=\"attachment_128109\" style=\"width: 560px\" class=\"wp-caption aligncenter\"><a href=\"https:\/\/i0.wp.com\/www.agrund.com\/wp-content\/uploads\/sites\/6\/2015\/04\/fcoz_v16_017.jpg\"><img aria-describedby=\"caption-attachment-128109\" data-attachment-id=\"128109\" data-permalink=\"https:\/\/agrund.com\/index.php\/casa-de-criadores-fernando-cozendey-primavera-verao-201516\/fcoz_v16_017\/\" data-orig-file=\"https:\/\/i0.wp.com\/agrund.com\/wp-content\/uploads\/sites\/6\/2015\/04\/fcoz_v16_017.jpg?fit=550%2C826&amp;ssl=1\" data-orig-size=\"550,826\" data-comments-opened=\"1\" data-image-meta=\"{&quot;aperture&quot;:&quot;0&quot;,&quot;credit&quot;:&quot;Marcelo Soubhia\\\/ Agencia Fotosit&quot;,&quot;camera&quot;:&quot;&quot;,&quot;caption&quot;:&quot;Fernando Cozendey\\r-Casa de Criadores\\rVer\\u00e3o 2016\\rabril\\\/2015\\rFoto: Marcelo Soubhia\\\/ Ag\\u00eancia Fotosite&quot;,&quot;created_timestamp&quot;:&quot;1429835747&quot;,&quot;copyright&quot;:&quot;Marcelo Soubhia\\\/ Agencia Fotosite&quot;,&quot;focal_length&quot;:&quot;0&quot;,&quot;iso&quot;:&quot;0&quot;,&quot;shutter_speed&quot;:&quot;0&quot;,&quot;title&quot;:&quot;&quot;,&quot;orientation&quot;:&quot;0&quot;}\" data-image-title=\"Casa de Criadores :: Fernando Cozendey primavera-ver\u00e3o 2015\/16\" data-image-description=\"&lt;p&gt;Fernando Cozendey&lt;br \/&gt;\n-Casa de Criadores&lt;br \/&gt;\nVer\u00e3o 2016&lt;br \/&gt;\nabril\/2015&lt;br \/&gt;\nFoto: Marcelo Soubhia\/ Ag\u00eancia Fotosite&lt;\/p&gt;\n\" data-image-caption=\"&lt;p&gt;Casa de Criadores :: Fernando Cozendey primavera-ver\u00e3o 2015\/16 &lt;\/p&gt;\n\" data-medium-file=\"https:\/\/i0.wp.com\/agrund.com\/wp-content\/uploads\/sites\/6\/2015\/04\/fcoz_v16_017.jpg?fit=200%2C300&amp;ssl=1\" data-large-file=\"https:\/\/i0.wp.com\/agrund.com\/wp-content\/uploads\/sites\/6\/2015\/04\/fcoz_v16_017.jpg?fit=550%2C826&amp;ssl=1\" decoding=\"async\" loading=\"lazy\" class=\"size-full wp-image-128109\" src=\"https:\/\/i0.wp.com\/www.agrund.com\/wp-content\/uploads\/sites\/6\/2015\/04\/fcoz_v16_017.jpg?resize=550%2C826\" alt=\"Casa de Criadores :: Fernando Cozendey primavera-ver\u00e3o 2015\/16 \" width=\"550\" height=\"826\" srcset=\"https:\/\/i0.wp.com\/agrund.com\/wp-content\/uploads\/sites\/6\/2015\/04\/fcoz_v16_017.jpg?w=550&amp;ssl=1 550w, https:\/\/i0.wp.com\/agrund.com\/wp-content\/uploads\/sites\/6\/2015\/04\/fcoz_v16_017.jpg?resize=200%2C300&amp;ssl=1 200w\" sizes=\"(max-width: 550px) 100vw, 550px\" data-recalc-dims=\"1\" \/><\/a><p id=\"caption-attachment-128109\" class=\"wp-caption-text\">Casa de Criadores :: Fernando Cozendey primavera-ver\u00e3o 2015\/16<\/p><\/div>\n<div id=\"attachment_128111\" style=\"width: 560px\" class=\"wp-caption aligncenter\"><a href=\"https:\/\/i0.wp.com\/www.agrund.com\/wp-content\/uploads\/sites\/6\/2015\/04\/fcoz_v16_023.jpg\"><img aria-describedby=\"caption-attachment-128111\" data-attachment-id=\"128111\" data-permalink=\"https:\/\/agrund.com\/index.php\/casa-de-criadores-fernando-cozendey-primavera-verao-201516\/fcoz_v16_023\/\" data-orig-file=\"https:\/\/i0.wp.com\/agrund.com\/wp-content\/uploads\/sites\/6\/2015\/04\/fcoz_v16_023.jpg?fit=550%2C826&amp;ssl=1\" data-orig-size=\"550,826\" data-comments-opened=\"1\" data-image-meta=\"{&quot;aperture&quot;:&quot;0&quot;,&quot;credit&quot;:&quot;Marcelo Soubhia\\\/ Agencia Fotosit&quot;,&quot;camera&quot;:&quot;&quot;,&quot;caption&quot;:&quot;Fernando Cozendey\\r-Casa de Criadores\\rVer\\u00e3o 2016\\rabril\\\/2015\\rFoto: Marcelo Soubhia\\\/ Ag\\u00eancia Fotosite&quot;,&quot;created_timestamp&quot;:&quot;1429835775&quot;,&quot;copyright&quot;:&quot;Marcelo Soubhia\\\/ Agencia Fotosite&quot;,&quot;focal_length&quot;:&quot;0&quot;,&quot;iso&quot;:&quot;0&quot;,&quot;shutter_speed&quot;:&quot;0&quot;,&quot;title&quot;:&quot;&quot;,&quot;orientation&quot;:&quot;0&quot;}\" data-image-title=\"Casa de Criadores :: Fernando Cozendey primavera-ver\u00e3o 2015\/16\" data-image-description=\"&lt;p&gt;Fernando Cozendey&lt;br \/&gt;\n-Casa de Criadores&lt;br \/&gt;\nVer\u00e3o 2016&lt;br \/&gt;\nabril\/2015&lt;br \/&gt;\nFoto: Marcelo Soubhia\/ Ag\u00eancia Fotosite&lt;\/p&gt;\n\" data-image-caption=\"&lt;p&gt;Casa de Criadores :: Fernando Cozendey primavera-ver\u00e3o 2015\/16 &lt;\/p&gt;\n\" data-medium-file=\"https:\/\/i0.wp.com\/agrund.com\/wp-content\/uploads\/sites\/6\/2015\/04\/fcoz_v16_023.jpg?fit=200%2C300&amp;ssl=1\" data-large-file=\"https:\/\/i0.wp.com\/agrund.com\/wp-content\/uploads\/sites\/6\/2015\/04\/fcoz_v16_023.jpg?fit=550%2C826&amp;ssl=1\" decoding=\"async\" loading=\"lazy\" class=\"size-full wp-image-128111\" src=\"https:\/\/i0.wp.com\/www.agrund.com\/wp-content\/uploads\/sites\/6\/2015\/04\/fcoz_v16_023.jpg?resize=550%2C826\" alt=\"Casa de Criadores :: Fernando Cozendey primavera-ver\u00e3o 2015\/16 \" width=\"550\" height=\"826\" srcset=\"https:\/\/i0.wp.com\/agrund.com\/wp-content\/uploads\/sites\/6\/2015\/04\/fcoz_v16_023.jpg?w=550&amp;ssl=1 550w, https:\/\/i0.wp.com\/agrund.com\/wp-content\/uploads\/sites\/6\/2015\/04\/fcoz_v16_023.jpg?resize=200%2C300&amp;ssl=1 200w\" sizes=\"(max-width: 550px) 100vw, 550px\" data-recalc-dims=\"1\" \/><\/a><p id=\"caption-attachment-128111\" class=\"wp-caption-text\">Casa de Criadores :: Fernando Cozendey primavera-ver\u00e3o 2015\/16<\/p><\/div>\n<div id=\"attachment_128112\" style=\"width: 560px\" class=\"wp-caption aligncenter\"><a href=\"https:\/\/i0.wp.com\/www.agrund.com\/wp-content\/uploads\/sites\/6\/2015\/04\/fcoz_v16_025.jpg\"><img aria-describedby=\"caption-attachment-128112\" data-attachment-id=\"128112\" data-permalink=\"https:\/\/agrund.com\/index.php\/casa-de-criadores-fernando-cozendey-primavera-verao-201516\/fcoz_v16_025\/\" data-orig-file=\"https:\/\/i0.wp.com\/agrund.com\/wp-content\/uploads\/sites\/6\/2015\/04\/fcoz_v16_025.jpg?fit=550%2C826&amp;ssl=1\" data-orig-size=\"550,826\" data-comments-opened=\"1\" data-image-meta=\"{&quot;aperture&quot;:&quot;0&quot;,&quot;credit&quot;:&quot;Marcelo Soubhia\\\/ Agencia Fotosit&quot;,&quot;camera&quot;:&quot;&quot;,&quot;caption&quot;:&quot;Fernando Cozendey\\r-Casa de Criadores\\rVer\\u00e3o 2016\\rabril\\\/2015\\rFoto: Marcelo Soubhia\\\/ Ag\\u00eancia Fotosite&quot;,&quot;created_timestamp&quot;:&quot;1429835786&quot;,&quot;copyright&quot;:&quot;Marcelo Soubhia\\\/ Agencia Fotosite&quot;,&quot;focal_length&quot;:&quot;0&quot;,&quot;iso&quot;:&quot;0&quot;,&quot;shutter_speed&quot;:&quot;0&quot;,&quot;title&quot;:&quot;&quot;,&quot;orientation&quot;:&quot;0&quot;}\" data-image-title=\"Casa de Criadores :: Fernando Cozendey primavera-ver\u00e3o 2015\/16\" data-image-description=\"&lt;p&gt;Fernando Cozendey&lt;br \/&gt;\n-Casa de Criadores&lt;br \/&gt;\nVer\u00e3o 2016&lt;br \/&gt;\nabril\/2015&lt;br \/&gt;\nFoto: Marcelo Soubhia\/ Ag\u00eancia Fotosite&lt;\/p&gt;\n\" data-image-caption=\"&lt;p&gt;Casa de Criadores :: Fernando Cozendey primavera-ver\u00e3o 2015\/16 &lt;\/p&gt;\n\" data-medium-file=\"https:\/\/i0.wp.com\/agrund.com\/wp-content\/uploads\/sites\/6\/2015\/04\/fcoz_v16_025.jpg?fit=200%2C300&amp;ssl=1\" data-large-file=\"https:\/\/i0.wp.com\/agrund.com\/wp-content\/uploads\/sites\/6\/2015\/04\/fcoz_v16_025.jpg?fit=550%2C826&amp;ssl=1\" decoding=\"async\" loading=\"lazy\" class=\"size-full wp-image-128112\" src=\"https:\/\/i0.wp.com\/www.agrund.com\/wp-content\/uploads\/sites\/6\/2015\/04\/fcoz_v16_025.jpg?resize=550%2C826\" alt=\"Casa de Criadores :: Fernando Cozendey primavera-ver\u00e3o 2015\/16 \" width=\"550\" height=\"826\" srcset=\"https:\/\/i0.wp.com\/agrund.com\/wp-content\/uploads\/sites\/6\/2015\/04\/fcoz_v16_025.jpg?w=550&amp;ssl=1 550w, https:\/\/i0.wp.com\/agrund.com\/wp-content\/uploads\/sites\/6\/2015\/04\/fcoz_v16_025.jpg?resize=200%2C300&amp;ssl=1 200w\" sizes=\"(max-width: 550px) 100vw, 550px\" data-recalc-dims=\"1\" \/><\/a><p id=\"caption-attachment-128112\" class=\"wp-caption-text\">Casa de Criadores :: Fernando Cozendey primavera-ver\u00e3o 2015\/16<\/p><\/div>\n<div id=\"attachment_128115\" style=\"width: 560px\" class=\"wp-caption aligncenter\"><a href=\"https:\/\/i0.wp.com\/www.agrund.com\/wp-content\/uploads\/sites\/6\/2015\/04\/fcoz_v16_032.jpg\"><img aria-describedby=\"caption-attachment-128115\" data-attachment-id=\"128115\" data-permalink=\"https:\/\/agrund.com\/index.php\/casa-de-criadores-fernando-cozendey-primavera-verao-201516\/fcoz_v16_032\/\" data-orig-file=\"https:\/\/i0.wp.com\/agrund.com\/wp-content\/uploads\/sites\/6\/2015\/04\/fcoz_v16_032.jpg?fit=550%2C826&amp;ssl=1\" data-orig-size=\"550,826\" data-comments-opened=\"1\" data-image-meta=\"{&quot;aperture&quot;:&quot;0&quot;,&quot;credit&quot;:&quot;Marcelo Soubhia\\\/ Agencia Fotosit&quot;,&quot;camera&quot;:&quot;&quot;,&quot;caption&quot;:&quot;Fernando Cozendey\\r-Casa de Criadores\\rVer\\u00e3o 2016\\rabril\\\/2015\\rFoto: Marcelo Soubhia\\\/ Ag\\u00eancia Fotosite&quot;,&quot;created_timestamp&quot;:&quot;1429835830&quot;,&quot;copyright&quot;:&quot;Marcelo Soubhia\\\/ Agencia Fotosite&quot;,&quot;focal_length&quot;:&quot;0&quot;,&quot;iso&quot;:&quot;0&quot;,&quot;shutter_speed&quot;:&quot;0&quot;,&quot;title&quot;:&quot;&quot;,&quot;orientation&quot;:&quot;0&quot;}\" data-image-title=\"Casa de Criadores :: Fernando Cozendey primavera-ver\u00e3o 2015\/16\" data-image-description=\"&lt;p&gt;Fernando Cozendey&lt;br \/&gt;\n-Casa de Criadores&lt;br \/&gt;\nVer\u00e3o 2016&lt;br \/&gt;\nabril\/2015&lt;br \/&gt;\nFoto: Marcelo Soubhia\/ Ag\u00eancia Fotosite&lt;\/p&gt;\n\" data-image-caption=\"\" data-medium-file=\"https:\/\/i0.wp.com\/agrund.com\/wp-content\/uploads\/sites\/6\/2015\/04\/fcoz_v16_032.jpg?fit=200%2C300&amp;ssl=1\" data-large-file=\"https:\/\/i0.wp.com\/agrund.com\/wp-content\/uploads\/sites\/6\/2015\/04\/fcoz_v16_032.jpg?fit=550%2C826&amp;ssl=1\" decoding=\"async\" loading=\"lazy\" class=\"size-full wp-image-128115\" src=\"https:\/\/i0.wp.com\/www.agrund.com\/wp-content\/uploads\/sites\/6\/2015\/04\/fcoz_v16_032.jpg?resize=550%2C826\" alt=\"Casa de Criadores :: Fernando Cozendey primavera-ver\u00e3o 2015\/16 \" width=\"550\" height=\"826\" srcset=\"https:\/\/i0.wp.com\/agrund.com\/wp-content\/uploads\/sites\/6\/2015\/04\/fcoz_v16_032.jpg?w=550&amp;ssl=1 550w, https:\/\/i0.wp.com\/agrund.com\/wp-content\/uploads\/sites\/6\/2015\/04\/fcoz_v16_032.jpg?resize=200%2C300&amp;ssl=1 200w\" sizes=\"(max-width: 550px) 100vw, 550px\" data-recalc-dims=\"1\" \/><\/a><p id=\"caption-attachment-128115\" class=\"wp-caption-text\">Casa de Criadores :: Fernando Cozendey primavera-ver\u00e3o 2015\/16<\/p><\/div>\n<div id=\"attachment_128119\" style=\"width: 560px\" class=\"wp-caption aligncenter\"><a href=\"https:\/\/i0.wp.com\/www.agrund.com\/wp-content\/uploads\/sites\/6\/2015\/04\/fcoz_v16_042.jpg\"><img aria-describedby=\"caption-attachment-128119\" data-attachment-id=\"128119\" data-permalink=\"https:\/\/agrund.com\/index.php\/casa-de-criadores-fernando-cozendey-primavera-verao-201516\/fcoz_v16_042\/\" data-orig-file=\"https:\/\/i0.wp.com\/agrund.com\/wp-content\/uploads\/sites\/6\/2015\/04\/fcoz_v16_042.jpg?fit=550%2C826&amp;ssl=1\" data-orig-size=\"550,826\" data-comments-opened=\"1\" data-image-meta=\"{&quot;aperture&quot;:&quot;0&quot;,&quot;credit&quot;:&quot;Marcelo Soubhia\\\/ Agencia Fotosit&quot;,&quot;camera&quot;:&quot;&quot;,&quot;caption&quot;:&quot;Fernando Cozendey\\r-Casa de Criadores\\rVer\\u00e3o 2016\\rabril\\\/2015\\rFoto: Marcelo Soubhia\\\/ Ag\\u00eancia Fotosite&quot;,&quot;created_timestamp&quot;:&quot;1429835895&quot;,&quot;copyright&quot;:&quot;Marcelo Soubhia\\\/ Agencia Fotosite&quot;,&quot;focal_length&quot;:&quot;0&quot;,&quot;iso&quot;:&quot;0&quot;,&quot;shutter_speed&quot;:&quot;0&quot;,&quot;title&quot;:&quot;&quot;,&quot;orientation&quot;:&quot;0&quot;}\" data-image-title=\"Casa de Criadores :: Fernando Cozendey primavera-ver\u00e3o 2015\/16\" data-image-description=\"&lt;p&gt;Fernando Cozendey&lt;br \/&gt;\n-Casa de Criadores&lt;br \/&gt;\nVer\u00e3o 2016&lt;br \/&gt;\nabril\/2015&lt;br \/&gt;\nFoto: Marcelo Soubhia\/ Ag\u00eancia Fotosite&lt;\/p&gt;\n\" data-image-caption=\"&lt;p&gt;Casa de Criadores :: Fernando Cozendey primavera-ver\u00e3o 2015\/16 &lt;\/p&gt;\n\" data-medium-file=\"https:\/\/i0.wp.com\/agrund.com\/wp-content\/uploads\/sites\/6\/2015\/04\/fcoz_v16_042.jpg?fit=200%2C300&amp;ssl=1\" data-large-file=\"https:\/\/i0.wp.com\/agrund.com\/wp-content\/uploads\/sites\/6\/2015\/04\/fcoz_v16_042.jpg?fit=550%2C826&amp;ssl=1\" decoding=\"async\" loading=\"lazy\" class=\"size-full wp-image-128119\" src=\"https:\/\/i0.wp.com\/www.agrund.com\/wp-content\/uploads\/sites\/6\/2015\/04\/fcoz_v16_042.jpg?resize=550%2C826\" alt=\"Casa de Criadores :: Fernando Cozendey primavera-ver\u00e3o 2015\/16 \" width=\"550\" height=\"826\" srcset=\"https:\/\/i0.wp.com\/agrund.com\/wp-content\/uploads\/sites\/6\/2015\/04\/fcoz_v16_042.jpg?w=550&amp;ssl=1 550w, https:\/\/i0.wp.com\/agrund.com\/wp-content\/uploads\/sites\/6\/2015\/04\/fcoz_v16_042.jpg?resize=200%2C300&amp;ssl=1 200w\" sizes=\"(max-width: 550px) 100vw, 550px\" data-recalc-dims=\"1\" \/><\/a><p id=\"caption-attachment-128119\" class=\"wp-caption-text\">Casa de Criadores :: Fernando Cozendey primavera-ver\u00e3o 2015\/16<\/p><\/div>\n<div id=\"attachment_128123\" style=\"width: 560px\" class=\"wp-caption aligncenter\"><a href=\"https:\/\/i0.wp.com\/www.agrund.com\/wp-content\/uploads\/sites\/6\/2015\/04\/fcoz_v16_052.jpg\"><img aria-describedby=\"caption-attachment-128123\" data-attachment-id=\"128123\" data-permalink=\"https:\/\/agrund.com\/index.php\/casa-de-criadores-fernando-cozendey-primavera-verao-201516\/fcoz_v16_052\/\" data-orig-file=\"https:\/\/i0.wp.com\/agrund.com\/wp-content\/uploads\/sites\/6\/2015\/04\/fcoz_v16_052.jpg?fit=550%2C826&amp;ssl=1\" data-orig-size=\"550,826\" data-comments-opened=\"1\" data-image-meta=\"{&quot;aperture&quot;:&quot;0&quot;,&quot;credit&quot;:&quot;Marcelo Soubhia\\\/ Agencia Fotosit&quot;,&quot;camera&quot;:&quot;&quot;,&quot;caption&quot;:&quot;Fernando Cozendey\\r-Casa de Criadores\\rVer\\u00e3o 2016\\rabril\\\/2015\\rFoto: Marcelo Soubhia\\\/ Ag\\u00eancia Fotosite&quot;,&quot;created_timestamp&quot;:&quot;1429835952&quot;,&quot;copyright&quot;:&quot;Marcelo Soubhia\\\/ Agencia Fotosite&quot;,&quot;focal_length&quot;:&quot;0&quot;,&quot;iso&quot;:&quot;0&quot;,&quot;shutter_speed&quot;:&quot;0&quot;,&quot;title&quot;:&quot;&quot;,&quot;orientation&quot;:&quot;0&quot;}\" data-image-title=\"Casa de Criadores :: Fernando Cozendey primavera-ver\u00e3o 2015\/16\" data-image-description=\"&lt;p&gt;Fernando Cozendey&lt;br \/&gt;\n-Casa de Criadores&lt;br \/&gt;\nVer\u00e3o 2016&lt;br \/&gt;\nabril\/2015&lt;br \/&gt;\nFoto: Marcelo Soubhia\/ Ag\u00eancia Fotosite&lt;\/p&gt;\n\" data-image-caption=\"&lt;p&gt;Casa de Criadores :: Fernando Cozendey primavera-ver\u00e3o 2015\/16 &lt;\/p&gt;\n\" data-medium-file=\"https:\/\/i0.wp.com\/agrund.com\/wp-content\/uploads\/sites\/6\/2015\/04\/fcoz_v16_052.jpg?fit=200%2C300&amp;ssl=1\" data-large-file=\"https:\/\/i0.wp.com\/agrund.com\/wp-content\/uploads\/sites\/6\/2015\/04\/fcoz_v16_052.jpg?fit=550%2C826&amp;ssl=1\" decoding=\"async\" loading=\"lazy\" class=\"size-full wp-image-128123\" src=\"https:\/\/i0.wp.com\/www.agrund.com\/wp-content\/uploads\/sites\/6\/2015\/04\/fcoz_v16_052.jpg?resize=550%2C826\" alt=\"Casa de Criadores :: Fernando Cozendey primavera-ver\u00e3o 2015\/16 \" width=\"550\" height=\"826\" srcset=\"https:\/\/i0.wp.com\/agrund.com\/wp-content\/uploads\/sites\/6\/2015\/04\/fcoz_v16_052.jpg?w=550&amp;ssl=1 550w, https:\/\/i0.wp.com\/agrund.com\/wp-content\/uploads\/sites\/6\/2015\/04\/fcoz_v16_052.jpg?resize=200%2C300&amp;ssl=1 200w\" sizes=\"(max-width: 550px) 100vw, 550px\" data-recalc-dims=\"1\" \/><\/a><p id=\"caption-attachment-128123\" class=\"wp-caption-text\">Casa de Criadores :: Fernando Cozendey primavera-ver\u00e3o 2015\/16<\/p><\/div>\n<div id=\"attachment_128126\" style=\"width: 560px\" class=\"wp-caption aligncenter\"><a href=\"https:\/\/i0.wp.com\/www.agrund.com\/wp-content\/uploads\/sites\/6\/2015\/04\/fcoz_v16_059.jpg\"><img aria-describedby=\"caption-attachment-128126\" data-attachment-id=\"128126\" data-permalink=\"https:\/\/agrund.com\/index.php\/casa-de-criadores-fernando-cozendey-primavera-verao-201516\/fcoz_v16_059\/\" data-orig-file=\"https:\/\/i0.wp.com\/agrund.com\/wp-content\/uploads\/sites\/6\/2015\/04\/fcoz_v16_059.jpg?fit=550%2C826&amp;ssl=1\" data-orig-size=\"550,826\" data-comments-opened=\"1\" data-image-meta=\"{&quot;aperture&quot;:&quot;0&quot;,&quot;credit&quot;:&quot;Marcelo Soubhia\\\/ Agencia Fotosit&quot;,&quot;camera&quot;:&quot;&quot;,&quot;caption&quot;:&quot;Fernando Cozendey\\r-Casa de Criadores\\rVer\\u00e3o 2016\\rabril\\\/2015\\rFoto: Marcelo Soubhia\\\/ Ag\\u00eancia Fotosite&quot;,&quot;created_timestamp&quot;:&quot;1429836000&quot;,&quot;copyright&quot;:&quot;Marcelo Soubhia\\\/ Agencia Fotosite&quot;,&quot;focal_length&quot;:&quot;0&quot;,&quot;iso&quot;:&quot;0&quot;,&quot;shutter_speed&quot;:&quot;0&quot;,&quot;title&quot;:&quot;&quot;,&quot;orientation&quot;:&quot;0&quot;}\" data-image-title=\"Casa de Criadores :: Fernando Cozendey primavera-ver\u00e3o 2015\/16\" data-image-description=\"&lt;p&gt;Fernando Cozendey&lt;br \/&gt;\n-Casa de Criadores&lt;br \/&gt;\nVer\u00e3o 2016&lt;br \/&gt;\nabril\/2015&lt;br \/&gt;\nFoto: Marcelo Soubhia\/ Ag\u00eancia Fotosite&lt;\/p&gt;\n\" data-image-caption=\"&lt;p&gt;Casa de Criadores :: Fernando Cozendey primavera-ver\u00e3o 2015\/16 &lt;\/p&gt;\n\" data-medium-file=\"https:\/\/i0.wp.com\/agrund.com\/wp-content\/uploads\/sites\/6\/2015\/04\/fcoz_v16_059.jpg?fit=200%2C300&amp;ssl=1\" data-large-file=\"https:\/\/i0.wp.com\/agrund.com\/wp-content\/uploads\/sites\/6\/2015\/04\/fcoz_v16_059.jpg?fit=550%2C826&amp;ssl=1\" decoding=\"async\" loading=\"lazy\" class=\"size-full wp-image-128126\" src=\"https:\/\/i0.wp.com\/www.agrund.com\/wp-content\/uploads\/sites\/6\/2015\/04\/fcoz_v16_059.jpg?resize=550%2C826\" alt=\"Casa de Criadores :: Fernando Cozendey primavera-ver\u00e3o 2015\/16 \" width=\"550\" height=\"826\" srcset=\"https:\/\/i0.wp.com\/agrund.com\/wp-content\/uploads\/sites\/6\/2015\/04\/fcoz_v16_059.jpg?w=550&amp;ssl=1 550w, https:\/\/i0.wp.com\/agrund.com\/wp-content\/uploads\/sites\/6\/2015\/04\/fcoz_v16_059.jpg?resize=200%2C300&amp;ssl=1 200w\" sizes=\"(max-width: 550px) 100vw, 550px\" data-recalc-dims=\"1\" \/><\/a><p id=\"caption-attachment-128126\" class=\"wp-caption-text\">Casa de Criadores :: Fernando Cozendey primavera-ver\u00e3o 2015\/16<\/p><\/div>\n<div id=\"attachment_128128\" style=\"width: 560px\" class=\"wp-caption aligncenter\"><a href=\"https:\/\/i0.wp.com\/www.agrund.com\/wp-content\/uploads\/sites\/6\/2015\/04\/fcoz_v16_063.jpg\"><img aria-describedby=\"caption-attachment-128128\" data-attachment-id=\"128128\" data-permalink=\"https:\/\/agrund.com\/index.php\/casa-de-criadores-fernando-cozendey-primavera-verao-201516\/fcoz_v16_063\/\" data-orig-file=\"https:\/\/i0.wp.com\/agrund.com\/wp-content\/uploads\/sites\/6\/2015\/04\/fcoz_v16_063.jpg?fit=550%2C826&amp;ssl=1\" data-orig-size=\"550,826\" data-comments-opened=\"1\" data-image-meta=\"{&quot;aperture&quot;:&quot;0&quot;,&quot;credit&quot;:&quot;Marcelo Soubhia\\\/ Agencia Fotosit&quot;,&quot;camera&quot;:&quot;&quot;,&quot;caption&quot;:&quot;Fernando Cozendey\\r-Casa de Criadores\\rVer\\u00e3o 2016\\rabril\\\/2015\\rFoto: Marcelo Soubhia\\\/ Ag\\u00eancia Fotosite&quot;,&quot;created_timestamp&quot;:&quot;1429836034&quot;,&quot;copyright&quot;:&quot;Marcelo Soubhia\\\/ Agencia Fotosite&quot;,&quot;focal_length&quot;:&quot;0&quot;,&quot;iso&quot;:&quot;0&quot;,&quot;shutter_speed&quot;:&quot;0&quot;,&quot;title&quot;:&quot;&quot;,&quot;orientation&quot;:&quot;0&quot;}\" data-image-title=\"Casa de Criadores :: Fernando Cozendey primavera-ver\u00e3o 2015\/16\" data-image-description=\"&lt;p&gt;Fernando Cozendey&lt;br \/&gt;\n-Casa de Criadores&lt;br \/&gt;\nVer\u00e3o 2016&lt;br \/&gt;\nabril\/2015&lt;br \/&gt;\nFoto: Marcelo Soubhia\/ Ag\u00eancia Fotosite&lt;\/p&gt;\n\" data-image-caption=\"&lt;p&gt;Casa de Criadores :: Fernando Cozendey primavera-ver\u00e3o 2015\/16 &lt;\/p&gt;\n\" data-medium-file=\"https:\/\/i0.wp.com\/agrund.com\/wp-content\/uploads\/sites\/6\/2015\/04\/fcoz_v16_063.jpg?fit=200%2C300&amp;ssl=1\" data-large-file=\"https:\/\/i0.wp.com\/agrund.com\/wp-content\/uploads\/sites\/6\/2015\/04\/fcoz_v16_063.jpg?fit=550%2C826&amp;ssl=1\" decoding=\"async\" loading=\"lazy\" class=\"size-full wp-image-128128\" src=\"https:\/\/i0.wp.com\/www.agrund.com\/wp-content\/uploads\/sites\/6\/2015\/04\/fcoz_v16_063.jpg?resize=550%2C826\" alt=\"Casa de Criadores :: Fernando Cozendey primavera-ver\u00e3o 2015\/16 \" width=\"550\" height=\"826\" srcset=\"https:\/\/i0.wp.com\/agrund.com\/wp-content\/uploads\/sites\/6\/2015\/04\/fcoz_v16_063.jpg?w=550&amp;ssl=1 550w, https:\/\/i0.wp.com\/agrund.com\/wp-content\/uploads\/sites\/6\/2015\/04\/fcoz_v16_063.jpg?resize=200%2C300&amp;ssl=1 200w\" sizes=\"(max-width: 550px) 100vw, 550px\" data-recalc-dims=\"1\" \/><\/a><p id=\"caption-attachment-128128\" class=\"wp-caption-text\">Casa de Criadores :: Fernando Cozendey primavera-ver\u00e3o 2015\/16<\/p><\/div>\n<div id=\"attachment_128131\" style=\"width: 560px\" class=\"wp-caption aligncenter\"><a href=\"https:\/\/i0.wp.com\/www.agrund.com\/wp-content\/uploads\/sites\/6\/2015\/04\/fcoz_v16_071.jpg\"><img aria-describedby=\"caption-attachment-128131\" data-attachment-id=\"128131\" data-permalink=\"https:\/\/agrund.com\/index.php\/casa-de-criadores-fernando-cozendey-primavera-verao-201516\/fcoz_v16_071\/\" data-orig-file=\"https:\/\/i0.wp.com\/agrund.com\/wp-content\/uploads\/sites\/6\/2015\/04\/fcoz_v16_071.jpg?fit=550%2C826&amp;ssl=1\" data-orig-size=\"550,826\" data-comments-opened=\"1\" data-image-meta=\"{&quot;aperture&quot;:&quot;0&quot;,&quot;credit&quot;:&quot;Marcelo Soubhia\\\/ Agencia Fotosit&quot;,&quot;camera&quot;:&quot;&quot;,&quot;caption&quot;:&quot;Fernando Cozendey\\r-Casa de Criadores\\rVer\\u00e3o 2016\\rabril\\\/2015\\rFoto: Marcelo Soubhia\\\/ Ag\\u00eancia Fotosite&quot;,&quot;created_timestamp&quot;:&quot;1429836081&quot;,&quot;copyright&quot;:&quot;Marcelo Soubhia\\\/ Agencia Fotosite&quot;,&quot;focal_length&quot;:&quot;0&quot;,&quot;iso&quot;:&quot;0&quot;,&quot;shutter_speed&quot;:&quot;0&quot;,&quot;title&quot;:&quot;&quot;,&quot;orientation&quot;:&quot;0&quot;}\" data-image-title=\"Casa de Criadores :: Fernando Cozendey primavera-ver\u00e3o 2015\/16\" data-image-description=\"&lt;p&gt;Fernando Cozendey&lt;br \/&gt;\n-Casa de Criadores&lt;br \/&gt;\nVer\u00e3o 2016&lt;br \/&gt;\nabril\/2015&lt;br \/&gt;\nFoto: Marcelo Soubhia\/ Ag\u00eancia Fotosite&lt;\/p&gt;\n\" data-image-caption=\"&lt;p&gt;Casa de Criadores :: Fernando Cozendey primavera-ver\u00e3o 2015\/16 &lt;\/p&gt;\n\" data-medium-file=\"https:\/\/i0.wp.com\/agrund.com\/wp-content\/uploads\/sites\/6\/2015\/04\/fcoz_v16_071.jpg?fit=200%2C300&amp;ssl=1\" data-large-file=\"https:\/\/i0.wp.com\/agrund.com\/wp-content\/uploads\/sites\/6\/2015\/04\/fcoz_v16_071.jpg?fit=550%2C826&amp;ssl=1\" decoding=\"async\" loading=\"lazy\" class=\"size-full wp-image-128131\" src=\"https:\/\/i0.wp.com\/www.agrund.com\/wp-content\/uploads\/sites\/6\/2015\/04\/fcoz_v16_071.jpg?resize=550%2C826\" alt=\"Casa de Criadores :: Fernando Cozendey primavera-ver\u00e3o 2015\/16 \" width=\"550\" height=\"826\" srcset=\"https:\/\/i0.wp.com\/agrund.com\/wp-content\/uploads\/sites\/6\/2015\/04\/fcoz_v16_071.jpg?w=550&amp;ssl=1 550w, https:\/\/i0.wp.com\/agrund.com\/wp-content\/uploads\/sites\/6\/2015\/04\/fcoz_v16_071.jpg?resize=200%2C300&amp;ssl=1 200w\" sizes=\"(max-width: 550px) 100vw, 550px\" data-recalc-dims=\"1\" \/><\/a><p id=\"caption-attachment-128131\" class=\"wp-caption-text\">Casa de Criadores :: Fernando Cozendey primavera-ver\u00e3o 2015\/16<\/p><\/div>\n<div id=\"attachment_128132\" style=\"width: 560px\" class=\"wp-caption aligncenter\"><a href=\"https:\/\/i0.wp.com\/www.agrund.com\/wp-content\/uploads\/sites\/6\/2015\/04\/fcoz_v16_074.jpg\"><img aria-describedby=\"caption-attachment-128132\" data-attachment-id=\"128132\" data-permalink=\"https:\/\/agrund.com\/index.php\/casa-de-criadores-fernando-cozendey-primavera-verao-201516\/fcoz_v16_074\/\" data-orig-file=\"https:\/\/i0.wp.com\/agrund.com\/wp-content\/uploads\/sites\/6\/2015\/04\/fcoz_v16_074.jpg?fit=550%2C826&amp;ssl=1\" data-orig-size=\"550,826\" data-comments-opened=\"1\" data-image-meta=\"{&quot;aperture&quot;:&quot;0&quot;,&quot;credit&quot;:&quot;Marcelo Soubhia\\\/ Agencia Fotosit&quot;,&quot;camera&quot;:&quot;&quot;,&quot;caption&quot;:&quot;Fernando Cozendey\\r-Casa de Criadores\\rVer\\u00e3o 2016\\rabril\\\/2015\\rFoto: Marcelo Soubhia\\\/ Ag\\u00eancia Fotosite&quot;,&quot;created_timestamp&quot;:&quot;1429836108&quot;,&quot;copyright&quot;:&quot;Marcelo Soubhia\\\/ Agencia Fotosite&quot;,&quot;focal_length&quot;:&quot;0&quot;,&quot;iso&quot;:&quot;0&quot;,&quot;shutter_speed&quot;:&quot;0&quot;,&quot;title&quot;:&quot;&quot;,&quot;orientation&quot;:&quot;0&quot;}\" data-image-title=\"Casa de Criadores :: Fernando Cozendey primavera-ver\u00e3o 2015\/16\" data-image-description=\"&lt;p&gt;Fernando Cozendey&lt;br \/&gt;\n-Casa de Criadores&lt;br \/&gt;\nVer\u00e3o 2016&lt;br \/&gt;\nabril\/2015&lt;br \/&gt;\nFoto: Marcelo Soubhia\/ Ag\u00eancia Fotosite&lt;\/p&gt;\n\" data-image-caption=\"&lt;p&gt;Casa de Criadores :: Fernando Cozendey primavera-ver\u00e3o 2015\/16 &lt;\/p&gt;\n\" data-medium-file=\"https:\/\/i0.wp.com\/agrund.com\/wp-content\/uploads\/sites\/6\/2015\/04\/fcoz_v16_074.jpg?fit=200%2C300&amp;ssl=1\" data-large-file=\"https:\/\/i0.wp.com\/agrund.com\/wp-content\/uploads\/sites\/6\/2015\/04\/fcoz_v16_074.jpg?fit=550%2C826&amp;ssl=1\" decoding=\"async\" loading=\"lazy\" class=\"size-full wp-image-128132\" src=\"https:\/\/i0.wp.com\/www.agrund.com\/wp-content\/uploads\/sites\/6\/2015\/04\/fcoz_v16_074.jpg?resize=550%2C826\" alt=\"Casa de Criadores :: Fernando Cozendey primavera-ver\u00e3o 2015\/16 \" width=\"550\" height=\"826\" srcset=\"https:\/\/i0.wp.com\/agrund.com\/wp-content\/uploads\/sites\/6\/2015\/04\/fcoz_v16_074.jpg?w=550&amp;ssl=1 550w, https:\/\/i0.wp.com\/agrund.com\/wp-content\/uploads\/sites\/6\/2015\/04\/fcoz_v16_074.jpg?resize=200%2C300&amp;ssl=1 200w\" sizes=\"(max-width: 550px) 100vw, 550px\" data-recalc-dims=\"1\" \/><\/a><p id=\"caption-attachment-128132\" class=\"wp-caption-text\">Casa de Criadores :: Fernando Cozendey primavera-ver\u00e3o 2015\/16<\/p><\/div>\n<p>Imagens: Divulga\u00e7\u00e3o\/Marcelo Soubhia\/Ag\u00eancia Fotosite.<\/p>\n","protected":false},"excerpt":{"rendered":"<p>Mais um que deu show no segundo dia de Casa de Criadores foi Fernando Cozendey: enquanto Felipe Fanaia mudou o formato de sua apresenta\u00e7\u00e3o colocando gangues para &#8220;se estranharem&#8221; na passarela, Fernando deu continuidade ao seu trabalho impec\u00e1vel com a lycra apostando em um casting fora dos padr\u00f5es, em sua maioria composto por drags do [&hellip;]<\/p>\n","protected":false},"author":8,"featured_media":128135,"comment_status":"open","ping_status":"open","sticky":false,"template":"","format":"standard","meta":{"jetpack_post_was_ever_published":false,"_jetpack_newsletter_access":"","jetpack_publicize_message":"Transforma\u00e7\u00e3o: essa foi a inspira\u00e7\u00e3o da cole\u00e7\u00e3o de ver\u00e3o 2016 de Fernando Cozendey! http:\/\/wp.me\/p3Hz0n-xk9","jetpack_is_tweetstorm":false,"jetpack_publicize_feature_enabled":true,"jetpack_social_post_already_shared":true,"jetpack_social_options":{"image_generator_settings":{"template":"highway","enabled":false}}},"categories":[9,2],"tags":[],"jetpack_publicize_connections":[],"jetpack_featured_media_url":"https:\/\/i0.wp.com\/agrund.com\/wp-content\/uploads\/sites\/6\/2015\/04\/slide102.jpg?fit=960%2C300&ssl=1","jetpack_sharing_enabled":true,"jetpack_shortlink":"https:\/\/wp.me\/p3Hz0n-xk9","jetpack_likes_enabled":true,"_links":{"self":[{"href":"https:\/\/agrund.com\/index.php\/wp-json\/wp\/v2\/posts\/128101"}],"collection":[{"href":"https:\/\/agrund.com\/index.php\/wp-json\/wp\/v2\/posts"}],"about":[{"href":"https:\/\/agrund.com\/index.php\/wp-json\/wp\/v2\/types\/post"}],"author":[{"embeddable":true,"href":"https:\/\/agrund.com\/index.php\/wp-json\/wp\/v2\/users\/8"}],"replies":[{"embeddable":true,"href":"https:\/\/agrund.com\/index.php\/wp-json\/wp\/v2\/comments?post=128101"}],"version-history":[{"count":0,"href":"https:\/\/agrund.com\/index.php\/wp-json\/wp\/v2\/posts\/128101\/revisions"}],"wp:featuredmedia":[{"embeddable":true,"href":"https:\/\/agrund.com\/index.php\/wp-json\/wp\/v2\/media\/128135"}],"wp:attachment":[{"href":"https:\/\/agrund.com\/index.php\/wp-json\/wp\/v2\/media?parent=128101"}],"wp:term":[{"taxonomy":"category","embeddable":true,"href":"https:\/\/agrund.com\/index.php\/wp-json\/wp\/v2\/categories?post=128101"},{"taxonomy":"post_tag","embeddable":true,"href":"https:\/\/agrund.com\/index.php\/wp-json\/wp\/v2\/tags?post=128101"}],"curies":[{"name":"wp","href":"https:\/\/api.w.org\/{rel}","templated":true}]}}