{"id":128072,"date":"2015-04-24T13:00:09","date_gmt":"2015-04-24T16:00:09","guid":{"rendered":"http:\/\/www.agrund.com\/?p=128072"},"modified":"2015-04-24T13:00:10","modified_gmt":"2015-04-24T16:00:10","slug":"casa-de-criadores-felipe-fanaia-primavera-verao-201516","status":"publish","type":"post","link":"https:\/\/agrund.com\/index.php\/casa-de-criadores-felipe-fanaia-primavera-verao-201516\/","title":{"rendered":"Casa de Criadores :: Felipe Fanaia primavera-ver\u00e3o 2015\/16"},"content":{"rendered":"<p>Inspirado pelo filme &#8220;The Warriors&#8221; de 1979, Felipe Fanaia fez sua apresenta\u00e7\u00e3o na Casa de Criadores em um desfile bem show. Por que? Chamaram mais a aten\u00e7\u00e3o seus grupos de gangues se &#8220;enfrentando&#8221; na passarela enquanto cruzavam o Centro Esportivo Pacaembu do que as roupas \u2013 n\u00e3o que essa sejam desmerecidas. O estilista separou sua cole\u00e7\u00e3o por blocos, como o das gangues do longa, e fez com que todos desfilassem juntos com pe\u00e7as bem parecidas (\u00e9 claro, afinal estamos falando de gangues). Entraram em cena os grupos do baseball, dos punks e dos 70s com uniformes esportivos, jaquetas com spikes e cal\u00e7as boca de sino. Mas o mais bacana foi o grupo de modelos do fim da apresenta\u00e7\u00e3o que mostraram crashes de xadrez e camisas com a modelagem desconstru\u00edda e as formas deslocadas.<\/p>\n<div id=\"attachment_128073\" style=\"width: 560px\" class=\"wp-caption aligncenter\"><a href=\"https:\/\/i0.wp.com\/www.agrund.com\/wp-content\/uploads\/sites\/6\/2015\/04\/ffan_v16_001.jpg\"><img aria-describedby=\"caption-attachment-128073\" data-attachment-id=\"128073\" data-permalink=\"https:\/\/agrund.com\/index.php\/casa-de-criadores-felipe-fanaia-primavera-verao-201516\/ffan_v16_001\/\" data-orig-file=\"https:\/\/i0.wp.com\/agrund.com\/wp-content\/uploads\/sites\/6\/2015\/04\/ffan_v16_001.jpg?fit=550%2C826&amp;ssl=1\" data-orig-size=\"550,826\" data-comments-opened=\"1\" data-image-meta=\"{&quot;aperture&quot;:&quot;0&quot;,&quot;credit&quot;:&quot;Marcelo Soubhia\\\/ Agencia Fotosit&quot;,&quot;camera&quot;:&quot;&quot;,&quot;caption&quot;:&quot;Felipe Fanaia\\r-Casa de Criadores\\rVer\\u00e3o 2016\\rabril\\\/2015\\rFoto: Marcelo Soubhia\\\/ Ag\\u00eancia Fotosite&quot;,&quot;created_timestamp&quot;:&quot;1429834825&quot;,&quot;copyright&quot;:&quot;Marcelo Soubhia\\\/ Agencia Fotosite&quot;,&quot;focal_length&quot;:&quot;0&quot;,&quot;iso&quot;:&quot;0&quot;,&quot;shutter_speed&quot;:&quot;0&quot;,&quot;title&quot;:&quot;&quot;,&quot;orientation&quot;:&quot;0&quot;}\" data-image-title=\"ffan_v16_001\" data-image-description=\"&lt;p&gt;Felipe Fanaia&lt;br \/&gt;\n-Casa de Criadores&lt;br \/&gt;\nVer\u00e3o 2016&lt;br \/&gt;\nabril\/2015&lt;br \/&gt;\nFoto: Marcelo Soubhia\/ Ag\u00eancia Fotosite&lt;\/p&gt;\n\" data-image-caption=\"&lt;p&gt;Casa de Criadores :: Felipe Fanaia primavera-ver\u00e3o 2015\/16 &lt;\/p&gt;\n\" data-medium-file=\"https:\/\/i0.wp.com\/agrund.com\/wp-content\/uploads\/sites\/6\/2015\/04\/ffan_v16_001.jpg?fit=200%2C300&amp;ssl=1\" data-large-file=\"https:\/\/i0.wp.com\/agrund.com\/wp-content\/uploads\/sites\/6\/2015\/04\/ffan_v16_001.jpg?fit=550%2C826&amp;ssl=1\" decoding=\"async\" loading=\"lazy\" class=\"size-full wp-image-128073\" src=\"https:\/\/i0.wp.com\/www.agrund.com\/wp-content\/uploads\/sites\/6\/2015\/04\/ffan_v16_001.jpg?resize=550%2C826\" alt=\"Casa de Criadores :: Felipe Fanaia primavera-ver\u00e3o 2015\/16 \" width=\"550\" height=\"826\" srcset=\"https:\/\/i0.wp.com\/agrund.com\/wp-content\/uploads\/sites\/6\/2015\/04\/ffan_v16_001.jpg?w=550&amp;ssl=1 550w, https:\/\/i0.wp.com\/agrund.com\/wp-content\/uploads\/sites\/6\/2015\/04\/ffan_v16_001.jpg?resize=200%2C300&amp;ssl=1 200w\" sizes=\"(max-width: 550px) 100vw, 550px\" data-recalc-dims=\"1\" \/><\/a><p id=\"caption-attachment-128073\" class=\"wp-caption-text\">Casa de Criadores :: Felipe Fanaia primavera-ver\u00e3o 2015\/16<\/p><\/div>\n<div id=\"attachment_128075\" style=\"width: 560px\" class=\"wp-caption aligncenter\"><a href=\"https:\/\/i0.wp.com\/www.agrund.com\/wp-content\/uploads\/sites\/6\/2015\/04\/ffan_v16_005.jpg\"><img aria-describedby=\"caption-attachment-128075\" data-attachment-id=\"128075\" data-permalink=\"https:\/\/agrund.com\/index.php\/casa-de-criadores-felipe-fanaia-primavera-verao-201516\/ffan_v16_005\/\" data-orig-file=\"https:\/\/i0.wp.com\/agrund.com\/wp-content\/uploads\/sites\/6\/2015\/04\/ffan_v16_005.jpg?fit=550%2C826&amp;ssl=1\" data-orig-size=\"550,826\" data-comments-opened=\"1\" data-image-meta=\"{&quot;aperture&quot;:&quot;0&quot;,&quot;credit&quot;:&quot;Marcelo Soubhia\\\/ Agencia Fotosit&quot;,&quot;camera&quot;:&quot;&quot;,&quot;caption&quot;:&quot;Felipe Fanaia\\r-Casa de Criadores\\rVer\\u00e3o 2016\\rabril\\\/2015\\rFoto: Marcelo Soubhia\\\/ Ag\\u00eancia Fotosite&quot;,&quot;created_timestamp&quot;:&quot;1429834856&quot;,&quot;copyright&quot;:&quot;Marcelo Soubhia\\\/ Agencia Fotosite&quot;,&quot;focal_length&quot;:&quot;0&quot;,&quot;iso&quot;:&quot;0&quot;,&quot;shutter_speed&quot;:&quot;0&quot;,&quot;title&quot;:&quot;&quot;,&quot;orientation&quot;:&quot;0&quot;}\" data-image-title=\"Casa de Criadores :: Felipe Fanaia primavera-ver\u00e3o 2015\/16\" data-image-description=\"&lt;p&gt;Felipe Fanaia&lt;br \/&gt;\n-Casa de Criadores&lt;br \/&gt;\nVer\u00e3o 2016&lt;br \/&gt;\nabril\/2015&lt;br \/&gt;\nFoto: Marcelo Soubhia\/ Ag\u00eancia Fotosite&lt;\/p&gt;\n\" data-image-caption=\"&lt;p&gt;Casa de Criadores :: Felipe Fanaia primavera-ver\u00e3o 2015\/16 &lt;\/p&gt;\n\" data-medium-file=\"https:\/\/i0.wp.com\/agrund.com\/wp-content\/uploads\/sites\/6\/2015\/04\/ffan_v16_005.jpg?fit=200%2C300&amp;ssl=1\" data-large-file=\"https:\/\/i0.wp.com\/agrund.com\/wp-content\/uploads\/sites\/6\/2015\/04\/ffan_v16_005.jpg?fit=550%2C826&amp;ssl=1\" decoding=\"async\" loading=\"lazy\" class=\"size-full wp-image-128075\" src=\"https:\/\/i0.wp.com\/www.agrund.com\/wp-content\/uploads\/sites\/6\/2015\/04\/ffan_v16_005.jpg?resize=550%2C826\" alt=\"Casa de Criadores :: Felipe Fanaia primavera-ver\u00e3o 2015\/16 \" width=\"550\" height=\"826\" srcset=\"https:\/\/i0.wp.com\/agrund.com\/wp-content\/uploads\/sites\/6\/2015\/04\/ffan_v16_005.jpg?w=550&amp;ssl=1 550w, https:\/\/i0.wp.com\/agrund.com\/wp-content\/uploads\/sites\/6\/2015\/04\/ffan_v16_005.jpg?resize=200%2C300&amp;ssl=1 200w\" sizes=\"(max-width: 550px) 100vw, 550px\" data-recalc-dims=\"1\" \/><\/a><p id=\"caption-attachment-128075\" class=\"wp-caption-text\">Casa de Criadores :: Felipe Fanaia primavera-ver\u00e3o 2015\/16<\/p><\/div>\n<div id=\"attachment_128074\" style=\"width: 560px\" class=\"wp-caption aligncenter\"><a href=\"https:\/\/i0.wp.com\/www.agrund.com\/wp-content\/uploads\/sites\/6\/2015\/04\/ffan_v16_003.jpg\"><img aria-describedby=\"caption-attachment-128074\" data-attachment-id=\"128074\" data-permalink=\"https:\/\/agrund.com\/index.php\/casa-de-criadores-felipe-fanaia-primavera-verao-201516\/ffan_v16_003\/\" data-orig-file=\"https:\/\/i0.wp.com\/agrund.com\/wp-content\/uploads\/sites\/6\/2015\/04\/ffan_v16_003.jpg?fit=550%2C826&amp;ssl=1\" data-orig-size=\"550,826\" data-comments-opened=\"1\" data-image-meta=\"{&quot;aperture&quot;:&quot;0&quot;,&quot;credit&quot;:&quot;Marcelo Soubhia\\\/ Agencia Fotosit&quot;,&quot;camera&quot;:&quot;&quot;,&quot;caption&quot;:&quot;Felipe Fanaia\\r-Casa de Criadores\\rVer\\u00e3o 2016\\rabril\\\/2015\\rFoto: Marcelo Soubhia\\\/ Ag\\u00eancia Fotosite&quot;,&quot;created_timestamp&quot;:&quot;1429834848&quot;,&quot;copyright&quot;:&quot;Marcelo Soubhia\\\/ Agencia Fotosite&quot;,&quot;focal_length&quot;:&quot;0&quot;,&quot;iso&quot;:&quot;0&quot;,&quot;shutter_speed&quot;:&quot;0&quot;,&quot;title&quot;:&quot;&quot;,&quot;orientation&quot;:&quot;0&quot;}\" data-image-title=\"Casa de Criadores :: Felipe Fanaia primavera-ver\u00e3o 2015\/16\" data-image-description=\"&lt;p&gt;Felipe Fanaia&lt;br \/&gt;\n-Casa de Criadores&lt;br \/&gt;\nVer\u00e3o 2016&lt;br \/&gt;\nabril\/2015&lt;br \/&gt;\nFoto: Marcelo Soubhia\/ Ag\u00eancia Fotosite&lt;\/p&gt;\n\" data-image-caption=\"&lt;p&gt;Casa de Criadores :: Felipe Fanaia primavera-ver\u00e3o 2015\/16 &lt;\/p&gt;\n\" data-medium-file=\"https:\/\/i0.wp.com\/agrund.com\/wp-content\/uploads\/sites\/6\/2015\/04\/ffan_v16_003.jpg?fit=200%2C300&amp;ssl=1\" data-large-file=\"https:\/\/i0.wp.com\/agrund.com\/wp-content\/uploads\/sites\/6\/2015\/04\/ffan_v16_003.jpg?fit=550%2C826&amp;ssl=1\" decoding=\"async\" loading=\"lazy\" class=\"size-full wp-image-128074\" src=\"https:\/\/i0.wp.com\/www.agrund.com\/wp-content\/uploads\/sites\/6\/2015\/04\/ffan_v16_003.jpg?resize=550%2C826\" alt=\"Casa de Criadores :: Felipe Fanaia primavera-ver\u00e3o 2015\/16 \" width=\"550\" height=\"826\" srcset=\"https:\/\/i0.wp.com\/agrund.com\/wp-content\/uploads\/sites\/6\/2015\/04\/ffan_v16_003.jpg?w=550&amp;ssl=1 550w, https:\/\/i0.wp.com\/agrund.com\/wp-content\/uploads\/sites\/6\/2015\/04\/ffan_v16_003.jpg?resize=200%2C300&amp;ssl=1 200w\" sizes=\"(max-width: 550px) 100vw, 550px\" data-recalc-dims=\"1\" \/><\/a><p id=\"caption-attachment-128074\" class=\"wp-caption-text\">Casa de Criadores :: Felipe Fanaia primavera-ver\u00e3o 2015\/16<\/p><\/div>\n<div id=\"attachment_128077\" style=\"width: 560px\" class=\"wp-caption aligncenter\"><a href=\"https:\/\/i0.wp.com\/www.agrund.com\/wp-content\/uploads\/sites\/6\/2015\/04\/ffan_v16_011.jpg\"><img aria-describedby=\"caption-attachment-128077\" data-attachment-id=\"128077\" data-permalink=\"https:\/\/agrund.com\/index.php\/casa-de-criadores-felipe-fanaia-primavera-verao-201516\/ffan_v16_011\/\" data-orig-file=\"https:\/\/i0.wp.com\/agrund.com\/wp-content\/uploads\/sites\/6\/2015\/04\/ffan_v16_011.jpg?fit=550%2C826&amp;ssl=1\" data-orig-size=\"550,826\" data-comments-opened=\"1\" data-image-meta=\"{&quot;aperture&quot;:&quot;0&quot;,&quot;credit&quot;:&quot;Marcelo Soubhia\\\/ Agencia Fotosit&quot;,&quot;camera&quot;:&quot;&quot;,&quot;caption&quot;:&quot;Felipe Fanaia\\r-Casa de Criadores\\rVer\\u00e3o 2016\\rabril\\\/2015\\rFoto: Marcelo Soubhia\\\/ Ag\\u00eancia Fotosite&quot;,&quot;created_timestamp&quot;:&quot;1429834901&quot;,&quot;copyright&quot;:&quot;Marcelo Soubhia\\\/ Agencia Fotosite&quot;,&quot;focal_length&quot;:&quot;0&quot;,&quot;iso&quot;:&quot;0&quot;,&quot;shutter_speed&quot;:&quot;0&quot;,&quot;title&quot;:&quot;&quot;,&quot;orientation&quot;:&quot;0&quot;}\" data-image-title=\"Casa de Criadores :: Felipe Fanaia primavera-ver\u00e3o 2015\/16\" data-image-description=\"&lt;p&gt;Felipe Fanaia&lt;br \/&gt;\n-Casa de Criadores&lt;br \/&gt;\nVer\u00e3o 2016&lt;br \/&gt;\nabril\/2015&lt;br \/&gt;\nFoto: Marcelo Soubhia\/ Ag\u00eancia Fotosite&lt;\/p&gt;\n\" data-image-caption=\"&lt;p&gt;Casa de Criadores :: Felipe Fanaia primavera-ver\u00e3o 2015\/16 &lt;\/p&gt;\n\" data-medium-file=\"https:\/\/i0.wp.com\/agrund.com\/wp-content\/uploads\/sites\/6\/2015\/04\/ffan_v16_011.jpg?fit=200%2C300&amp;ssl=1\" data-large-file=\"https:\/\/i0.wp.com\/agrund.com\/wp-content\/uploads\/sites\/6\/2015\/04\/ffan_v16_011.jpg?fit=550%2C826&amp;ssl=1\" decoding=\"async\" loading=\"lazy\" class=\"size-full wp-image-128077\" src=\"https:\/\/i0.wp.com\/www.agrund.com\/wp-content\/uploads\/sites\/6\/2015\/04\/ffan_v16_011.jpg?resize=550%2C826\" alt=\"Casa de Criadores :: Felipe Fanaia primavera-ver\u00e3o 2015\/16 \" width=\"550\" height=\"826\" srcset=\"https:\/\/i0.wp.com\/agrund.com\/wp-content\/uploads\/sites\/6\/2015\/04\/ffan_v16_011.jpg?w=550&amp;ssl=1 550w, https:\/\/i0.wp.com\/agrund.com\/wp-content\/uploads\/sites\/6\/2015\/04\/ffan_v16_011.jpg?resize=200%2C300&amp;ssl=1 200w\" sizes=\"(max-width: 550px) 100vw, 550px\" data-recalc-dims=\"1\" \/><\/a><p id=\"caption-attachment-128077\" class=\"wp-caption-text\">Casa de Criadores :: Felipe Fanaia primavera-ver\u00e3o 2015\/16<\/p><\/div>\n<div id=\"attachment_128078\" style=\"width: 560px\" class=\"wp-caption aligncenter\"><a href=\"https:\/\/i0.wp.com\/www.agrund.com\/wp-content\/uploads\/sites\/6\/2015\/04\/ffan_v16_012.jpg\"><img aria-describedby=\"caption-attachment-128078\" data-attachment-id=\"128078\" data-permalink=\"https:\/\/agrund.com\/index.php\/casa-de-criadores-felipe-fanaia-primavera-verao-201516\/ffan_v16_012\/\" data-orig-file=\"https:\/\/i0.wp.com\/agrund.com\/wp-content\/uploads\/sites\/6\/2015\/04\/ffan_v16_012.jpg?fit=550%2C826&amp;ssl=1\" data-orig-size=\"550,826\" data-comments-opened=\"1\" data-image-meta=\"{&quot;aperture&quot;:&quot;0&quot;,&quot;credit&quot;:&quot;Marcelo Soubhia\\\/ Agencia Fotosit&quot;,&quot;camera&quot;:&quot;&quot;,&quot;caption&quot;:&quot;Felipe Fanaia\\r-Casa de Criadores\\rVer\\u00e3o 2016\\rabril\\\/2015\\rFoto: Marcelo Soubhia\\\/ Ag\\u00eancia Fotosite&quot;,&quot;created_timestamp&quot;:&quot;1429834924&quot;,&quot;copyright&quot;:&quot;Marcelo Soubhia\\\/ Agencia Fotosite&quot;,&quot;focal_length&quot;:&quot;0&quot;,&quot;iso&quot;:&quot;0&quot;,&quot;shutter_speed&quot;:&quot;0&quot;,&quot;title&quot;:&quot;&quot;,&quot;orientation&quot;:&quot;0&quot;}\" data-image-title=\"Casa de Criadores :: Felipe Fanaia primavera-ver\u00e3o 2015\/16\" data-image-description=\"&lt;p&gt;Felipe Fanaia&lt;br \/&gt;\n-Casa de Criadores&lt;br \/&gt;\nVer\u00e3o 2016&lt;br \/&gt;\nabril\/2015&lt;br \/&gt;\nFoto: Marcelo Soubhia\/ Ag\u00eancia Fotosite&lt;\/p&gt;\n\" data-image-caption=\"\" data-medium-file=\"https:\/\/i0.wp.com\/agrund.com\/wp-content\/uploads\/sites\/6\/2015\/04\/ffan_v16_012.jpg?fit=200%2C300&amp;ssl=1\" data-large-file=\"https:\/\/i0.wp.com\/agrund.com\/wp-content\/uploads\/sites\/6\/2015\/04\/ffan_v16_012.jpg?fit=550%2C826&amp;ssl=1\" decoding=\"async\" loading=\"lazy\" class=\"size-full wp-image-128078\" src=\"https:\/\/i0.wp.com\/www.agrund.com\/wp-content\/uploads\/sites\/6\/2015\/04\/ffan_v16_012.jpg?resize=550%2C826\" alt=\"Casa de Criadores :: Felipe Fanaia primavera-ver\u00e3o 2015\/16 \" width=\"550\" height=\"826\" srcset=\"https:\/\/i0.wp.com\/agrund.com\/wp-content\/uploads\/sites\/6\/2015\/04\/ffan_v16_012.jpg?w=550&amp;ssl=1 550w, https:\/\/i0.wp.com\/agrund.com\/wp-content\/uploads\/sites\/6\/2015\/04\/ffan_v16_012.jpg?resize=200%2C300&amp;ssl=1 200w\" sizes=\"(max-width: 550px) 100vw, 550px\" data-recalc-dims=\"1\" \/><\/a><p id=\"caption-attachment-128078\" class=\"wp-caption-text\">Casa de Criadores :: Felipe Fanaia primavera-ver\u00e3o 2015\/16<\/p><\/div>\n<div id=\"attachment_128079\" style=\"width: 560px\" class=\"wp-caption aligncenter\"><a href=\"https:\/\/i0.wp.com\/www.agrund.com\/wp-content\/uploads\/sites\/6\/2015\/04\/ffan_v16_014.jpg\"><img aria-describedby=\"caption-attachment-128079\" data-attachment-id=\"128079\" data-permalink=\"https:\/\/agrund.com\/index.php\/casa-de-criadores-felipe-fanaia-primavera-verao-201516\/ffan_v16_014\/\" data-orig-file=\"https:\/\/i0.wp.com\/agrund.com\/wp-content\/uploads\/sites\/6\/2015\/04\/ffan_v16_014.jpg?fit=550%2C826&amp;ssl=1\" data-orig-size=\"550,826\" data-comments-opened=\"1\" data-image-meta=\"{&quot;aperture&quot;:&quot;0&quot;,&quot;credit&quot;:&quot;Marcelo Soubhia\\\/ Agencia Fotosit&quot;,&quot;camera&quot;:&quot;&quot;,&quot;caption&quot;:&quot;Felipe Fanaia\\r-Casa de Criadores\\rVer\\u00e3o 2016\\rabril\\\/2015\\rFoto: Marcelo Soubhia\\\/ Ag\\u00eancia Fotosite&quot;,&quot;created_timestamp&quot;:&quot;1429834977&quot;,&quot;copyright&quot;:&quot;Marcelo Soubhia\\\/ Agencia Fotosite&quot;,&quot;focal_length&quot;:&quot;0&quot;,&quot;iso&quot;:&quot;0&quot;,&quot;shutter_speed&quot;:&quot;0&quot;,&quot;title&quot;:&quot;&quot;,&quot;orientation&quot;:&quot;0&quot;}\" data-image-title=\"Casa de Criadores :: Felipe Fanaia primavera-ver\u00e3o 2015\/16\" data-image-description=\"&lt;p&gt;Felipe Fanaia&lt;br \/&gt;\n-Casa de Criadores&lt;br \/&gt;\nVer\u00e3o 2016&lt;br \/&gt;\nabril\/2015&lt;br \/&gt;\nFoto: Marcelo Soubhia\/ Ag\u00eancia Fotosite&lt;\/p&gt;\n\" data-image-caption=\"&lt;p&gt;Casa de Criadores :: Felipe Fanaia primavera-ver\u00e3o 2015\/16 &lt;\/p&gt;\n\" data-medium-file=\"https:\/\/i0.wp.com\/agrund.com\/wp-content\/uploads\/sites\/6\/2015\/04\/ffan_v16_014.jpg?fit=200%2C300&amp;ssl=1\" data-large-file=\"https:\/\/i0.wp.com\/agrund.com\/wp-content\/uploads\/sites\/6\/2015\/04\/ffan_v16_014.jpg?fit=550%2C826&amp;ssl=1\" decoding=\"async\" loading=\"lazy\" class=\"size-full wp-image-128079\" src=\"https:\/\/i0.wp.com\/www.agrund.com\/wp-content\/uploads\/sites\/6\/2015\/04\/ffan_v16_014.jpg?resize=550%2C826\" alt=\"Casa de Criadores :: Felipe Fanaia primavera-ver\u00e3o 2015\/16 \" width=\"550\" height=\"826\" srcset=\"https:\/\/i0.wp.com\/agrund.com\/wp-content\/uploads\/sites\/6\/2015\/04\/ffan_v16_014.jpg?w=550&amp;ssl=1 550w, https:\/\/i0.wp.com\/agrund.com\/wp-content\/uploads\/sites\/6\/2015\/04\/ffan_v16_014.jpg?resize=200%2C300&amp;ssl=1 200w\" sizes=\"(max-width: 550px) 100vw, 550px\" data-recalc-dims=\"1\" \/><\/a><p id=\"caption-attachment-128079\" class=\"wp-caption-text\">Casa de Criadores :: Felipe Fanaia primavera-ver\u00e3o 2015\/16<\/p><\/div>\n<div id=\"attachment_128080\" style=\"width: 560px\" class=\"wp-caption aligncenter\"><a href=\"https:\/\/i0.wp.com\/www.agrund.com\/wp-content\/uploads\/sites\/6\/2015\/04\/ffan_v16_018.jpg\"><img aria-describedby=\"caption-attachment-128080\" data-attachment-id=\"128080\" data-permalink=\"https:\/\/agrund.com\/index.php\/casa-de-criadores-felipe-fanaia-primavera-verao-201516\/ffan_v16_018\/\" data-orig-file=\"https:\/\/i0.wp.com\/agrund.com\/wp-content\/uploads\/sites\/6\/2015\/04\/ffan_v16_018.jpg?fit=550%2C826&amp;ssl=1\" data-orig-size=\"550,826\" data-comments-opened=\"1\" data-image-meta=\"{&quot;aperture&quot;:&quot;0&quot;,&quot;credit&quot;:&quot;Marcelo Soubhia\\\/ Agencia Fotosit&quot;,&quot;camera&quot;:&quot;&quot;,&quot;caption&quot;:&quot;Felipe Fanaia\\r-Casa de Criadores\\rVer\\u00e3o 2016\\rabril\\\/2015\\rFoto: Marcelo Soubhia\\\/ Ag\\u00eancia Fotosite&quot;,&quot;created_timestamp&quot;:&quot;1429835024&quot;,&quot;copyright&quot;:&quot;Marcelo Soubhia\\\/ Agencia Fotosite&quot;,&quot;focal_length&quot;:&quot;0&quot;,&quot;iso&quot;:&quot;0&quot;,&quot;shutter_speed&quot;:&quot;0&quot;,&quot;title&quot;:&quot;&quot;,&quot;orientation&quot;:&quot;0&quot;}\" data-image-title=\"Casa de Criadores :: Felipe Fanaia primavera-ver\u00e3o 2015\/16\" data-image-description=\"&lt;p&gt;Felipe Fanaia&lt;br \/&gt;\n-Casa de Criadores&lt;br \/&gt;\nVer\u00e3o 2016&lt;br \/&gt;\nabril\/2015&lt;br \/&gt;\nFoto: Marcelo Soubhia\/ Ag\u00eancia Fotosite&lt;\/p&gt;\n\" data-image-caption=\"&lt;p&gt;Casa de Criadores :: Felipe Fanaia primavera-ver\u00e3o 2015\/16 &lt;\/p&gt;\n\" data-medium-file=\"https:\/\/i0.wp.com\/agrund.com\/wp-content\/uploads\/sites\/6\/2015\/04\/ffan_v16_018.jpg?fit=200%2C300&amp;ssl=1\" data-large-file=\"https:\/\/i0.wp.com\/agrund.com\/wp-content\/uploads\/sites\/6\/2015\/04\/ffan_v16_018.jpg?fit=550%2C826&amp;ssl=1\" decoding=\"async\" loading=\"lazy\" class=\"size-full wp-image-128080\" src=\"https:\/\/i0.wp.com\/www.agrund.com\/wp-content\/uploads\/sites\/6\/2015\/04\/ffan_v16_018.jpg?resize=550%2C826\" alt=\"Casa de Criadores :: Felipe Fanaia primavera-ver\u00e3o 2015\/16 \" width=\"550\" height=\"826\" srcset=\"https:\/\/i0.wp.com\/agrund.com\/wp-content\/uploads\/sites\/6\/2015\/04\/ffan_v16_018.jpg?w=550&amp;ssl=1 550w, https:\/\/i0.wp.com\/agrund.com\/wp-content\/uploads\/sites\/6\/2015\/04\/ffan_v16_018.jpg?resize=200%2C300&amp;ssl=1 200w\" sizes=\"(max-width: 550px) 100vw, 550px\" data-recalc-dims=\"1\" \/><\/a><p id=\"caption-attachment-128080\" class=\"wp-caption-text\">Casa de Criadores :: Felipe Fanaia primavera-ver\u00e3o 2015\/16<\/p><\/div>\n<div id=\"attachment_128082\" style=\"width: 560px\" class=\"wp-caption aligncenter\"><a href=\"https:\/\/i0.wp.com\/www.agrund.com\/wp-content\/uploads\/sites\/6\/2015\/04\/ffan_v16_020.jpg\"><img aria-describedby=\"caption-attachment-128082\" data-attachment-id=\"128082\" data-permalink=\"https:\/\/agrund.com\/index.php\/casa-de-criadores-felipe-fanaia-primavera-verao-201516\/ffan_v16_020\/\" data-orig-file=\"https:\/\/i0.wp.com\/agrund.com\/wp-content\/uploads\/sites\/6\/2015\/04\/ffan_v16_020.jpg?fit=550%2C826&amp;ssl=1\" data-orig-size=\"550,826\" data-comments-opened=\"1\" data-image-meta=\"{&quot;aperture&quot;:&quot;0&quot;,&quot;credit&quot;:&quot;Marcelo Soubhia\\\/ Agencia Fotosit&quot;,&quot;camera&quot;:&quot;&quot;,&quot;caption&quot;:&quot;Felipe Fanaia\\r-Casa de Criadores\\rVer\\u00e3o 2016\\rabril\\\/2015\\rFoto: Marcelo Soubhia\\\/ Ag\\u00eancia Fotosite&quot;,&quot;created_timestamp&quot;:&quot;1429835040&quot;,&quot;copyright&quot;:&quot;Marcelo Soubhia\\\/ Agencia Fotosite&quot;,&quot;focal_length&quot;:&quot;0&quot;,&quot;iso&quot;:&quot;0&quot;,&quot;shutter_speed&quot;:&quot;0&quot;,&quot;title&quot;:&quot;&quot;,&quot;orientation&quot;:&quot;0&quot;}\" data-image-title=\"ffan_v16_020\" data-image-description=\"&lt;p&gt;Felipe Fanaia&lt;br \/&gt;\n-Casa de Criadores&lt;br \/&gt;\nVer\u00e3o 2016&lt;br \/&gt;\nabril\/2015&lt;br \/&gt;\nFoto: Marcelo Soubhia\/ Ag\u00eancia Fotosite&lt;\/p&gt;\n\" data-image-caption=\"&lt;p&gt;Casa de Criadores :: Felipe Fanaia primavera-ver\u00e3o 2015\/16 &lt;\/p&gt;\n\" data-medium-file=\"https:\/\/i0.wp.com\/agrund.com\/wp-content\/uploads\/sites\/6\/2015\/04\/ffan_v16_020.jpg?fit=200%2C300&amp;ssl=1\" data-large-file=\"https:\/\/i0.wp.com\/agrund.com\/wp-content\/uploads\/sites\/6\/2015\/04\/ffan_v16_020.jpg?fit=550%2C826&amp;ssl=1\" decoding=\"async\" loading=\"lazy\" class=\"size-full wp-image-128082\" src=\"https:\/\/i0.wp.com\/www.agrund.com\/wp-content\/uploads\/sites\/6\/2015\/04\/ffan_v16_020.jpg?resize=550%2C826\" alt=\"Casa de Criadores :: Felipe Fanaia primavera-ver\u00e3o 2015\/16 \" width=\"550\" height=\"826\" srcset=\"https:\/\/i0.wp.com\/agrund.com\/wp-content\/uploads\/sites\/6\/2015\/04\/ffan_v16_020.jpg?w=550&amp;ssl=1 550w, https:\/\/i0.wp.com\/agrund.com\/wp-content\/uploads\/sites\/6\/2015\/04\/ffan_v16_020.jpg?resize=200%2C300&amp;ssl=1 200w\" sizes=\"(max-width: 550px) 100vw, 550px\" data-recalc-dims=\"1\" \/><\/a><p id=\"caption-attachment-128082\" class=\"wp-caption-text\">Casa de Criadores :: Felipe Fanaia primavera-ver\u00e3o 2015\/16<\/p><\/div>\n<div id=\"attachment_128085\" style=\"width: 560px\" class=\"wp-caption aligncenter\"><a href=\"https:\/\/i0.wp.com\/www.agrund.com\/wp-content\/uploads\/sites\/6\/2015\/04\/ffan_v16_028.jpg\"><img aria-describedby=\"caption-attachment-128085\" data-attachment-id=\"128085\" data-permalink=\"https:\/\/agrund.com\/index.php\/casa-de-criadores-felipe-fanaia-primavera-verao-201516\/ffan_v16_028\/\" data-orig-file=\"https:\/\/i0.wp.com\/agrund.com\/wp-content\/uploads\/sites\/6\/2015\/04\/ffan_v16_028.jpg?fit=550%2C826&amp;ssl=1\" data-orig-size=\"550,826\" data-comments-opened=\"1\" data-image-meta=\"{&quot;aperture&quot;:&quot;0&quot;,&quot;credit&quot;:&quot;Marcelo Soubhia\\\/ Agencia Fotosit&quot;,&quot;camera&quot;:&quot;&quot;,&quot;caption&quot;:&quot;Felipe Fanaia\\r-Casa de Criadores\\rVer\\u00e3o 2016\\rabril\\\/2015\\rFoto: Marcelo Soubhia\\\/ Ag\\u00eancia Fotosite&quot;,&quot;created_timestamp&quot;:&quot;1429835094&quot;,&quot;copyright&quot;:&quot;Marcelo Soubhia\\\/ Agencia Fotosite&quot;,&quot;focal_length&quot;:&quot;0&quot;,&quot;iso&quot;:&quot;0&quot;,&quot;shutter_speed&quot;:&quot;0&quot;,&quot;title&quot;:&quot;&quot;,&quot;orientation&quot;:&quot;0&quot;}\" data-image-title=\"Casa de Criadores :: Felipe Fanaia primavera-ver\u00e3o 2015\/16\" data-image-description=\"&lt;p&gt;Felipe Fanaia&lt;br \/&gt;\n-Casa de Criadores&lt;br \/&gt;\nVer\u00e3o 2016&lt;br \/&gt;\nabril\/2015&lt;br \/&gt;\nFoto: Marcelo Soubhia\/ Ag\u00eancia Fotosite&lt;\/p&gt;\n\" data-image-caption=\"&lt;p&gt;Casa de Criadores :: Felipe Fanaia primavera-ver\u00e3o 2015\/16 &lt;\/p&gt;\n\" data-medium-file=\"https:\/\/i0.wp.com\/agrund.com\/wp-content\/uploads\/sites\/6\/2015\/04\/ffan_v16_028.jpg?fit=200%2C300&amp;ssl=1\" data-large-file=\"https:\/\/i0.wp.com\/agrund.com\/wp-content\/uploads\/sites\/6\/2015\/04\/ffan_v16_028.jpg?fit=550%2C826&amp;ssl=1\" decoding=\"async\" loading=\"lazy\" class=\"size-full wp-image-128085\" src=\"https:\/\/i0.wp.com\/www.agrund.com\/wp-content\/uploads\/sites\/6\/2015\/04\/ffan_v16_028.jpg?resize=550%2C826\" alt=\"Casa de Criadores :: Felipe Fanaia primavera-ver\u00e3o 2015\/16 \" width=\"550\" height=\"826\" srcset=\"https:\/\/i0.wp.com\/agrund.com\/wp-content\/uploads\/sites\/6\/2015\/04\/ffan_v16_028.jpg?w=550&amp;ssl=1 550w, https:\/\/i0.wp.com\/agrund.com\/wp-content\/uploads\/sites\/6\/2015\/04\/ffan_v16_028.jpg?resize=200%2C300&amp;ssl=1 200w\" sizes=\"(max-width: 550px) 100vw, 550px\" data-recalc-dims=\"1\" \/><\/a><p id=\"caption-attachment-128085\" class=\"wp-caption-text\">Casa de Criadores :: Felipe Fanaia primavera-ver\u00e3o 2015\/16<\/p><\/div>\n<div id=\"attachment_128087\" style=\"width: 560px\" class=\"wp-caption aligncenter\"><a href=\"https:\/\/i0.wp.com\/www.agrund.com\/wp-content\/uploads\/sites\/6\/2015\/04\/ffan_v16_030.jpg\"><img aria-describedby=\"caption-attachment-128087\" data-attachment-id=\"128087\" data-permalink=\"https:\/\/agrund.com\/index.php\/casa-de-criadores-felipe-fanaia-primavera-verao-201516\/ffan_v16_030\/\" data-orig-file=\"https:\/\/i0.wp.com\/agrund.com\/wp-content\/uploads\/sites\/6\/2015\/04\/ffan_v16_030.jpg?fit=550%2C826&amp;ssl=1\" data-orig-size=\"550,826\" data-comments-opened=\"1\" data-image-meta=\"{&quot;aperture&quot;:&quot;0&quot;,&quot;credit&quot;:&quot;Marcelo Soubhia\\\/ Agencia Fotosit&quot;,&quot;camera&quot;:&quot;&quot;,&quot;caption&quot;:&quot;Felipe Fanaia\\r-Casa de Criadores\\rVer\\u00e3o 2016\\rabril\\\/2015\\rFoto: Marcelo Soubhia\\\/ Ag\\u00eancia Fotosite&quot;,&quot;created_timestamp&quot;:&quot;1429835111&quot;,&quot;copyright&quot;:&quot;Marcelo Soubhia\\\/ Agencia Fotosite&quot;,&quot;focal_length&quot;:&quot;0&quot;,&quot;iso&quot;:&quot;0&quot;,&quot;shutter_speed&quot;:&quot;0&quot;,&quot;title&quot;:&quot;&quot;,&quot;orientation&quot;:&quot;0&quot;}\" data-image-title=\"Casa de Criadores :: Felipe Fanaia primavera-ver\u00e3o 2015\/16\" data-image-description=\"&lt;p&gt;Felipe Fanaia&lt;br \/&gt;\n-Casa de Criadores&lt;br \/&gt;\nVer\u00e3o 2016&lt;br \/&gt;\nabril\/2015&lt;br \/&gt;\nFoto: Marcelo Soubhia\/ Ag\u00eancia Fotosite&lt;\/p&gt;\n\" data-image-caption=\"&lt;p&gt;Casa de Criadores :: Felipe Fanaia primavera-ver\u00e3o 2015\/16 &lt;\/p&gt;\n\" data-medium-file=\"https:\/\/i0.wp.com\/agrund.com\/wp-content\/uploads\/sites\/6\/2015\/04\/ffan_v16_030.jpg?fit=200%2C300&amp;ssl=1\" data-large-file=\"https:\/\/i0.wp.com\/agrund.com\/wp-content\/uploads\/sites\/6\/2015\/04\/ffan_v16_030.jpg?fit=550%2C826&amp;ssl=1\" decoding=\"async\" loading=\"lazy\" class=\"size-full wp-image-128087\" src=\"https:\/\/i0.wp.com\/www.agrund.com\/wp-content\/uploads\/sites\/6\/2015\/04\/ffan_v16_030.jpg?resize=550%2C826\" alt=\"Casa de Criadores :: Felipe Fanaia primavera-ver\u00e3o 2015\/16 \" width=\"550\" height=\"826\" srcset=\"https:\/\/i0.wp.com\/agrund.com\/wp-content\/uploads\/sites\/6\/2015\/04\/ffan_v16_030.jpg?w=550&amp;ssl=1 550w, https:\/\/i0.wp.com\/agrund.com\/wp-content\/uploads\/sites\/6\/2015\/04\/ffan_v16_030.jpg?resize=200%2C300&amp;ssl=1 200w\" sizes=\"(max-width: 550px) 100vw, 550px\" data-recalc-dims=\"1\" \/><\/a><p id=\"caption-attachment-128087\" class=\"wp-caption-text\">Casa de Criadores :: Felipe Fanaia primavera-ver\u00e3o 2015\/16<\/p><\/div>\n<div id=\"attachment_128088\" style=\"width: 560px\" class=\"wp-caption aligncenter\"><a href=\"https:\/\/i0.wp.com\/www.agrund.com\/wp-content\/uploads\/sites\/6\/2015\/04\/ffan_v16_032.jpg\"><img aria-describedby=\"caption-attachment-128088\" data-attachment-id=\"128088\" data-permalink=\"https:\/\/agrund.com\/index.php\/casa-de-criadores-felipe-fanaia-primavera-verao-201516\/ffan_v16_032\/\" data-orig-file=\"https:\/\/i0.wp.com\/agrund.com\/wp-content\/uploads\/sites\/6\/2015\/04\/ffan_v16_032.jpg?fit=550%2C826&amp;ssl=1\" data-orig-size=\"550,826\" data-comments-opened=\"1\" data-image-meta=\"{&quot;aperture&quot;:&quot;0&quot;,&quot;credit&quot;:&quot;Marcelo Soubhia\\\/ Agencia Fotosit&quot;,&quot;camera&quot;:&quot;&quot;,&quot;caption&quot;:&quot;Felipe Fanaia\\r-Casa de Criadores\\rVer\\u00e3o 2016\\rabril\\\/2015\\rFoto: Marcelo Soubhia\\\/ Ag\\u00eancia Fotosite&quot;,&quot;created_timestamp&quot;:&quot;1429835123&quot;,&quot;copyright&quot;:&quot;Marcelo Soubhia\\\/ Agencia Fotosite&quot;,&quot;focal_length&quot;:&quot;0&quot;,&quot;iso&quot;:&quot;0&quot;,&quot;shutter_speed&quot;:&quot;0&quot;,&quot;title&quot;:&quot;&quot;,&quot;orientation&quot;:&quot;0&quot;}\" data-image-title=\"Casa de Criadores :: Felipe Fanaia primavera-ver\u00e3o 2015\/16\" data-image-description=\"&lt;p&gt;Felipe Fanaia&lt;br \/&gt;\n-Casa de Criadores&lt;br \/&gt;\nVer\u00e3o 2016&lt;br \/&gt;\nabril\/2015&lt;br \/&gt;\nFoto: Marcelo Soubhia\/ Ag\u00eancia Fotosite&lt;\/p&gt;\n\" data-image-caption=\"&lt;p&gt;Casa de Criadores :: Felipe Fanaia primavera-ver\u00e3o 2015\/16 &lt;\/p&gt;\n\" data-medium-file=\"https:\/\/i0.wp.com\/agrund.com\/wp-content\/uploads\/sites\/6\/2015\/04\/ffan_v16_032.jpg?fit=200%2C300&amp;ssl=1\" data-large-file=\"https:\/\/i0.wp.com\/agrund.com\/wp-content\/uploads\/sites\/6\/2015\/04\/ffan_v16_032.jpg?fit=550%2C826&amp;ssl=1\" decoding=\"async\" loading=\"lazy\" class=\"size-full wp-image-128088\" src=\"https:\/\/i0.wp.com\/www.agrund.com\/wp-content\/uploads\/sites\/6\/2015\/04\/ffan_v16_032.jpg?resize=550%2C826\" alt=\"Casa de Criadores :: Felipe Fanaia primavera-ver\u00e3o 2015\/16 \" width=\"550\" height=\"826\" srcset=\"https:\/\/i0.wp.com\/agrund.com\/wp-content\/uploads\/sites\/6\/2015\/04\/ffan_v16_032.jpg?w=550&amp;ssl=1 550w, https:\/\/i0.wp.com\/agrund.com\/wp-content\/uploads\/sites\/6\/2015\/04\/ffan_v16_032.jpg?resize=200%2C300&amp;ssl=1 200w\" sizes=\"(max-width: 550px) 100vw, 550px\" data-recalc-dims=\"1\" \/><\/a><p id=\"caption-attachment-128088\" class=\"wp-caption-text\">Casa de Criadores :: Felipe Fanaia primavera-ver\u00e3o 2015\/16<\/p><\/div>\n<div id=\"attachment_128090\" style=\"width: 560px\" class=\"wp-caption aligncenter\"><a href=\"https:\/\/i0.wp.com\/www.agrund.com\/wp-content\/uploads\/sites\/6\/2015\/04\/ffan_v16_036.jpg\"><img aria-describedby=\"caption-attachment-128090\" data-attachment-id=\"128090\" data-permalink=\"https:\/\/agrund.com\/index.php\/casa-de-criadores-felipe-fanaia-primavera-verao-201516\/ffan_v16_036\/\" data-orig-file=\"https:\/\/i0.wp.com\/agrund.com\/wp-content\/uploads\/sites\/6\/2015\/04\/ffan_v16_036.jpg?fit=550%2C826&amp;ssl=1\" data-orig-size=\"550,826\" data-comments-opened=\"1\" data-image-meta=\"{&quot;aperture&quot;:&quot;0&quot;,&quot;credit&quot;:&quot;Marcelo Soubhia\\\/ Agencia Fotosit&quot;,&quot;camera&quot;:&quot;&quot;,&quot;caption&quot;:&quot;Felipe Fanaia\\r-Casa de Criadores\\rVer\\u00e3o 2016\\rabril\\\/2015\\rFoto: Marcelo Soubhia\\\/ Ag\\u00eancia Fotosite&quot;,&quot;created_timestamp&quot;:&quot;1429835139&quot;,&quot;copyright&quot;:&quot;Marcelo Soubhia\\\/ Agencia Fotosite&quot;,&quot;focal_length&quot;:&quot;0&quot;,&quot;iso&quot;:&quot;0&quot;,&quot;shutter_speed&quot;:&quot;0&quot;,&quot;title&quot;:&quot;&quot;,&quot;orientation&quot;:&quot;0&quot;}\" data-image-title=\"Casa de Criadores :: Felipe Fanaia primavera-ver\u00e3o 2015\/16\" data-image-description=\"&lt;p&gt;Felipe Fanaia&lt;br \/&gt;\n-Casa de Criadores&lt;br \/&gt;\nVer\u00e3o 2016&lt;br \/&gt;\nabril\/2015&lt;br \/&gt;\nFoto: Marcelo Soubhia\/ Ag\u00eancia Fotosite&lt;\/p&gt;\n\" data-image-caption=\"&lt;p&gt;Casa de Criadores :: Felipe Fanaia primavera-ver\u00e3o 2015\/16 &lt;\/p&gt;\n\" data-medium-file=\"https:\/\/i0.wp.com\/agrund.com\/wp-content\/uploads\/sites\/6\/2015\/04\/ffan_v16_036.jpg?fit=200%2C300&amp;ssl=1\" data-large-file=\"https:\/\/i0.wp.com\/agrund.com\/wp-content\/uploads\/sites\/6\/2015\/04\/ffan_v16_036.jpg?fit=550%2C826&amp;ssl=1\" decoding=\"async\" loading=\"lazy\" class=\"size-full wp-image-128090\" src=\"https:\/\/i0.wp.com\/www.agrund.com\/wp-content\/uploads\/sites\/6\/2015\/04\/ffan_v16_036.jpg?resize=550%2C826\" alt=\"Casa de Criadores :: Felipe Fanaia primavera-ver\u00e3o 2015\/16 \" width=\"550\" height=\"826\" srcset=\"https:\/\/i0.wp.com\/agrund.com\/wp-content\/uploads\/sites\/6\/2015\/04\/ffan_v16_036.jpg?w=550&amp;ssl=1 550w, https:\/\/i0.wp.com\/agrund.com\/wp-content\/uploads\/sites\/6\/2015\/04\/ffan_v16_036.jpg?resize=200%2C300&amp;ssl=1 200w\" sizes=\"(max-width: 550px) 100vw, 550px\" data-recalc-dims=\"1\" \/><\/a><p id=\"caption-attachment-128090\" class=\"wp-caption-text\">Casa de Criadores :: Felipe Fanaia primavera-ver\u00e3o 2015\/16<\/p><\/div>\n<div id=\"attachment_128091\" style=\"width: 560px\" class=\"wp-caption aligncenter\"><a href=\"https:\/\/i0.wp.com\/www.agrund.com\/wp-content\/uploads\/sites\/6\/2015\/04\/ffan_v16_038.jpg\"><img aria-describedby=\"caption-attachment-128091\" data-attachment-id=\"128091\" data-permalink=\"https:\/\/agrund.com\/index.php\/casa-de-criadores-felipe-fanaia-primavera-verao-201516\/ffan_v16_038\/\" data-orig-file=\"https:\/\/i0.wp.com\/agrund.com\/wp-content\/uploads\/sites\/6\/2015\/04\/ffan_v16_038.jpg?fit=550%2C826&amp;ssl=1\" data-orig-size=\"550,826\" data-comments-opened=\"1\" data-image-meta=\"{&quot;aperture&quot;:&quot;0&quot;,&quot;credit&quot;:&quot;Marcelo Soubhia\\\/ Agencia Fotosit&quot;,&quot;camera&quot;:&quot;&quot;,&quot;caption&quot;:&quot;Felipe Fanaia\\r-Casa de Criadores\\rVer\\u00e3o 2016\\rabril\\\/2015\\rFoto: Marcelo Soubhia\\\/ Ag\\u00eancia Fotosite&quot;,&quot;created_timestamp&quot;:&quot;1429835150&quot;,&quot;copyright&quot;:&quot;Marcelo Soubhia\\\/ Agencia Fotosite&quot;,&quot;focal_length&quot;:&quot;0&quot;,&quot;iso&quot;:&quot;0&quot;,&quot;shutter_speed&quot;:&quot;0&quot;,&quot;title&quot;:&quot;&quot;,&quot;orientation&quot;:&quot;0&quot;}\" data-image-title=\"Casa de Criadores :: Felipe Fanaia primavera-ver\u00e3o 2015\/16\" data-image-description=\"&lt;p&gt;Felipe Fanaia&lt;br \/&gt;\n-Casa de Criadores&lt;br \/&gt;\nVer\u00e3o 2016&lt;br \/&gt;\nabril\/2015&lt;br \/&gt;\nFoto: Marcelo Soubhia\/ Ag\u00eancia Fotosite&lt;\/p&gt;\n\" data-image-caption=\"\" data-medium-file=\"https:\/\/i0.wp.com\/agrund.com\/wp-content\/uploads\/sites\/6\/2015\/04\/ffan_v16_038.jpg?fit=200%2C300&amp;ssl=1\" data-large-file=\"https:\/\/i0.wp.com\/agrund.com\/wp-content\/uploads\/sites\/6\/2015\/04\/ffan_v16_038.jpg?fit=550%2C826&amp;ssl=1\" decoding=\"async\" loading=\"lazy\" class=\"size-full wp-image-128091\" src=\"https:\/\/i0.wp.com\/www.agrund.com\/wp-content\/uploads\/sites\/6\/2015\/04\/ffan_v16_038.jpg?resize=550%2C826\" alt=\"Casa de Criadores :: Felipe Fanaia primavera-ver\u00e3o 2015\/16 \" width=\"550\" height=\"826\" srcset=\"https:\/\/i0.wp.com\/agrund.com\/wp-content\/uploads\/sites\/6\/2015\/04\/ffan_v16_038.jpg?w=550&amp;ssl=1 550w, https:\/\/i0.wp.com\/agrund.com\/wp-content\/uploads\/sites\/6\/2015\/04\/ffan_v16_038.jpg?resize=200%2C300&amp;ssl=1 200w\" sizes=\"(max-width: 550px) 100vw, 550px\" data-recalc-dims=\"1\" \/><\/a><p id=\"caption-attachment-128091\" class=\"wp-caption-text\">Casa de Criadores :: Felipe Fanaia primavera-ver\u00e3o 2015\/16<\/p><\/div>\n<div id=\"attachment_128092\" style=\"width: 560px\" class=\"wp-caption aligncenter\"><a href=\"https:\/\/i0.wp.com\/www.agrund.com\/wp-content\/uploads\/sites\/6\/2015\/04\/ffan_v16_039.jpg\"><img aria-describedby=\"caption-attachment-128092\" data-attachment-id=\"128092\" data-permalink=\"https:\/\/agrund.com\/index.php\/casa-de-criadores-felipe-fanaia-primavera-verao-201516\/ffan_v16_039\/\" data-orig-file=\"https:\/\/i0.wp.com\/agrund.com\/wp-content\/uploads\/sites\/6\/2015\/04\/ffan_v16_039.jpg?fit=550%2C826&amp;ssl=1\" data-orig-size=\"550,826\" data-comments-opened=\"1\" data-image-meta=\"{&quot;aperture&quot;:&quot;0&quot;,&quot;credit&quot;:&quot;Marcelo Soubhia\\\/ Agencia Fotosit&quot;,&quot;camera&quot;:&quot;&quot;,&quot;caption&quot;:&quot;Felipe Fanaia\\r-Casa de Criadores\\rVer\\u00e3o 2016\\rabril\\\/2015\\rFoto: Marcelo Soubhia\\\/ Ag\\u00eancia Fotosite&quot;,&quot;created_timestamp&quot;:&quot;1429835168&quot;,&quot;copyright&quot;:&quot;Marcelo Soubhia\\\/ Agencia Fotosite&quot;,&quot;focal_length&quot;:&quot;0&quot;,&quot;iso&quot;:&quot;0&quot;,&quot;shutter_speed&quot;:&quot;0&quot;,&quot;title&quot;:&quot;&quot;,&quot;orientation&quot;:&quot;0&quot;}\" data-image-title=\"Casa de Criadores :: Felipe Fanaia primavera-ver\u00e3o 2015\/16\" data-image-description=\"&lt;p&gt;Felipe Fanaia&lt;br \/&gt;\n-Casa de Criadores&lt;br \/&gt;\nVer\u00e3o 2016&lt;br \/&gt;\nabril\/2015&lt;br \/&gt;\nFoto: Marcelo Soubhia\/ Ag\u00eancia Fotosite&lt;\/p&gt;\n\" data-image-caption=\"&lt;p&gt;Casa de Criadores :: Felipe Fanaia primavera-ver\u00e3o 2015\/16 &lt;\/p&gt;\n\" data-medium-file=\"https:\/\/i0.wp.com\/agrund.com\/wp-content\/uploads\/sites\/6\/2015\/04\/ffan_v16_039.jpg?fit=200%2C300&amp;ssl=1\" data-large-file=\"https:\/\/i0.wp.com\/agrund.com\/wp-content\/uploads\/sites\/6\/2015\/04\/ffan_v16_039.jpg?fit=550%2C826&amp;ssl=1\" decoding=\"async\" loading=\"lazy\" class=\"size-full wp-image-128092\" src=\"https:\/\/i0.wp.com\/www.agrund.com\/wp-content\/uploads\/sites\/6\/2015\/04\/ffan_v16_039.jpg?resize=550%2C826\" alt=\"Casa de Criadores :: Felipe Fanaia primavera-ver\u00e3o 2015\/16 \" width=\"550\" height=\"826\" srcset=\"https:\/\/i0.wp.com\/agrund.com\/wp-content\/uploads\/sites\/6\/2015\/04\/ffan_v16_039.jpg?w=550&amp;ssl=1 550w, https:\/\/i0.wp.com\/agrund.com\/wp-content\/uploads\/sites\/6\/2015\/04\/ffan_v16_039.jpg?resize=200%2C300&amp;ssl=1 200w\" sizes=\"(max-width: 550px) 100vw, 550px\" data-recalc-dims=\"1\" \/><\/a><p id=\"caption-attachment-128092\" class=\"wp-caption-text\">Casa de Criadores :: Felipe Fanaia primavera-ver\u00e3o 2015\/16<\/p><\/div>\n<div id=\"attachment_128095\" style=\"width: 560px\" class=\"wp-caption aligncenter\"><a href=\"https:\/\/i0.wp.com\/www.agrund.com\/wp-content\/uploads\/sites\/6\/2015\/04\/ffan_v16_049.jpg\"><img aria-describedby=\"caption-attachment-128095\" data-attachment-id=\"128095\" data-permalink=\"https:\/\/agrund.com\/index.php\/casa-de-criadores-felipe-fanaia-primavera-verao-201516\/ffan_v16_049\/\" data-orig-file=\"https:\/\/i0.wp.com\/agrund.com\/wp-content\/uploads\/sites\/6\/2015\/04\/ffan_v16_049.jpg?fit=550%2C826&amp;ssl=1\" data-orig-size=\"550,826\" data-comments-opened=\"1\" data-image-meta=\"{&quot;aperture&quot;:&quot;0&quot;,&quot;credit&quot;:&quot;Marcelo Soubhia\\\/ Agencia Fotosit&quot;,&quot;camera&quot;:&quot;&quot;,&quot;caption&quot;:&quot;Felipe Fanaia\\r-Casa de Criadores\\rVer\\u00e3o 2016\\rabril\\\/2015\\rFoto: Marcelo Soubhia\\\/ Ag\\u00eancia Fotosite&quot;,&quot;created_timestamp&quot;:&quot;1429835213&quot;,&quot;copyright&quot;:&quot;Marcelo Soubhia\\\/ Agencia Fotosite&quot;,&quot;focal_length&quot;:&quot;0&quot;,&quot;iso&quot;:&quot;0&quot;,&quot;shutter_speed&quot;:&quot;0&quot;,&quot;title&quot;:&quot;&quot;,&quot;orientation&quot;:&quot;0&quot;}\" data-image-title=\"Casa de Criadores :: Felipe Fanaia primavera-ver\u00e3o 2015\/16\" data-image-description=\"&lt;p&gt;Felipe Fanaia&lt;br \/&gt;\n-Casa de Criadores&lt;br \/&gt;\nVer\u00e3o 2016&lt;br \/&gt;\nabril\/2015&lt;br \/&gt;\nFoto: Marcelo Soubhia\/ Ag\u00eancia Fotosite&lt;\/p&gt;\n\" data-image-caption=\"&lt;p&gt;Casa de Criadores :: Felipe Fanaia primavera-ver\u00e3o 2015\/16 &lt;\/p&gt;\n\" data-medium-file=\"https:\/\/i0.wp.com\/agrund.com\/wp-content\/uploads\/sites\/6\/2015\/04\/ffan_v16_049.jpg?fit=200%2C300&amp;ssl=1\" data-large-file=\"https:\/\/i0.wp.com\/agrund.com\/wp-content\/uploads\/sites\/6\/2015\/04\/ffan_v16_049.jpg?fit=550%2C826&amp;ssl=1\" decoding=\"async\" loading=\"lazy\" class=\"size-full wp-image-128095\" src=\"https:\/\/i0.wp.com\/www.agrund.com\/wp-content\/uploads\/sites\/6\/2015\/04\/ffan_v16_049.jpg?resize=550%2C826\" alt=\"Casa de Criadores :: Felipe Fanaia primavera-ver\u00e3o 2015\/16 \" width=\"550\" height=\"826\" srcset=\"https:\/\/i0.wp.com\/agrund.com\/wp-content\/uploads\/sites\/6\/2015\/04\/ffan_v16_049.jpg?w=550&amp;ssl=1 550w, https:\/\/i0.wp.com\/agrund.com\/wp-content\/uploads\/sites\/6\/2015\/04\/ffan_v16_049.jpg?resize=200%2C300&amp;ssl=1 200w\" sizes=\"(max-width: 550px) 100vw, 550px\" data-recalc-dims=\"1\" \/><\/a><p id=\"caption-attachment-128095\" class=\"wp-caption-text\">Casa de Criadores :: Felipe Fanaia primavera-ver\u00e3o 2015\/16<\/p><\/div>\n<div id=\"attachment_128097\" style=\"width: 560px\" class=\"wp-caption aligncenter\"><a href=\"https:\/\/i0.wp.com\/www.agrund.com\/wp-content\/uploads\/sites\/6\/2015\/04\/ffan_v16_051.jpg\"><img aria-describedby=\"caption-attachment-128097\" data-attachment-id=\"128097\" data-permalink=\"https:\/\/agrund.com\/index.php\/casa-de-criadores-felipe-fanaia-primavera-verao-201516\/ffan_v16_051\/\" data-orig-file=\"https:\/\/i0.wp.com\/agrund.com\/wp-content\/uploads\/sites\/6\/2015\/04\/ffan_v16_051.jpg?fit=550%2C826&amp;ssl=1\" data-orig-size=\"550,826\" data-comments-opened=\"1\" data-image-meta=\"{&quot;aperture&quot;:&quot;0&quot;,&quot;credit&quot;:&quot;Marcelo Soubhia\\\/ Agencia Fotosit&quot;,&quot;camera&quot;:&quot;&quot;,&quot;caption&quot;:&quot;Felipe Fanaia\\r-Casa de Criadores\\rVer\\u00e3o 2016\\rabril\\\/2015\\rFoto: Marcelo Soubhia\\\/ Ag\\u00eancia Fotosite&quot;,&quot;created_timestamp&quot;:&quot;1429835223&quot;,&quot;copyright&quot;:&quot;Marcelo Soubhia\\\/ Agencia Fotosite&quot;,&quot;focal_length&quot;:&quot;0&quot;,&quot;iso&quot;:&quot;0&quot;,&quot;shutter_speed&quot;:&quot;0&quot;,&quot;title&quot;:&quot;&quot;,&quot;orientation&quot;:&quot;0&quot;}\" data-image-title=\"Casa de Criadores :: Felipe Fanaia primavera-ver\u00e3o 2015\/16\" data-image-description=\"&lt;p&gt;Felipe Fanaia&lt;br \/&gt;\n-Casa de Criadores&lt;br \/&gt;\nVer\u00e3o 2016&lt;br \/&gt;\nabril\/2015&lt;br \/&gt;\nFoto: Marcelo Soubhia\/ Ag\u00eancia Fotosite&lt;\/p&gt;\n\" data-image-caption=\"&lt;p&gt;Casa de Criadores :: Felipe Fanaia primavera-ver\u00e3o 2015\/16 &lt;\/p&gt;\n\" data-medium-file=\"https:\/\/i0.wp.com\/agrund.com\/wp-content\/uploads\/sites\/6\/2015\/04\/ffan_v16_051.jpg?fit=200%2C300&amp;ssl=1\" data-large-file=\"https:\/\/i0.wp.com\/agrund.com\/wp-content\/uploads\/sites\/6\/2015\/04\/ffan_v16_051.jpg?fit=550%2C826&amp;ssl=1\" decoding=\"async\" loading=\"lazy\" class=\"size-full wp-image-128097\" src=\"https:\/\/i0.wp.com\/www.agrund.com\/wp-content\/uploads\/sites\/6\/2015\/04\/ffan_v16_051.jpg?resize=550%2C826\" alt=\"Casa de Criadores :: Felipe Fanaia primavera-ver\u00e3o 2015\/16 \" width=\"550\" height=\"826\" srcset=\"https:\/\/i0.wp.com\/agrund.com\/wp-content\/uploads\/sites\/6\/2015\/04\/ffan_v16_051.jpg?w=550&amp;ssl=1 550w, https:\/\/i0.wp.com\/agrund.com\/wp-content\/uploads\/sites\/6\/2015\/04\/ffan_v16_051.jpg?resize=200%2C300&amp;ssl=1 200w\" sizes=\"(max-width: 550px) 100vw, 550px\" data-recalc-dims=\"1\" \/><\/a><p id=\"caption-attachment-128097\" class=\"wp-caption-text\">Casa de Criadores :: Felipe Fanaia primavera-ver\u00e3o 2015\/16<\/p><\/div>\n<p>Imagens: Divulga\u00e7\u00e3o\/Marcelo Soubhia\/Ag\u00eancia Fotosite.<\/p>\n","protected":false},"excerpt":{"rendered":"<p>Inspirado pelo filme &#8220;The Warriors&#8221; de 1979, Felipe Fanaia fez sua apresenta\u00e7\u00e3o na Casa de Criadores em um desfile bem show. Por que? Chamaram mais a aten\u00e7\u00e3o seus grupos de gangues se &#8220;enfrentando&#8221; na passarela enquanto cruzavam o Centro Esportivo Pacaembu do que as roupas \u2013 n\u00e3o que essa sejam desmerecidas. O estilista separou sua [&hellip;]<\/p>\n","protected":false},"author":8,"featured_media":128099,"comment_status":"open","ping_status":"open","sticky":false,"template":"","format":"standard","meta":{"jetpack_post_was_ever_published":false,"_jetpack_newsletter_access":"","jetpack_publicize_message":"Guerra de gangues no desfile de ver\u00e3o 2016 do Felipe Fanaia na Casa de Criadores: http:\/\/wp.me\/p3Hz0n-xjG","jetpack_is_tweetstorm":false,"jetpack_publicize_feature_enabled":true,"jetpack_social_post_already_shared":true,"jetpack_social_options":{"image_generator_settings":{"template":"highway","enabled":false}}},"categories":[9,2],"tags":[],"jetpack_publicize_connections":[],"jetpack_featured_media_url":"https:\/\/i0.wp.com\/agrund.com\/wp-content\/uploads\/sites\/6\/2015\/04\/slide101.jpg?fit=960%2C300&ssl=1","jetpack_sharing_enabled":true,"jetpack_shortlink":"https:\/\/wp.me\/p3Hz0n-xjG","jetpack_likes_enabled":true,"_links":{"self":[{"href":"https:\/\/agrund.com\/index.php\/wp-json\/wp\/v2\/posts\/128072"}],"collection":[{"href":"https:\/\/agrund.com\/index.php\/wp-json\/wp\/v2\/posts"}],"about":[{"href":"https:\/\/agrund.com\/index.php\/wp-json\/wp\/v2\/types\/post"}],"author":[{"embeddable":true,"href":"https:\/\/agrund.com\/index.php\/wp-json\/wp\/v2\/users\/8"}],"replies":[{"embeddable":true,"href":"https:\/\/agrund.com\/index.php\/wp-json\/wp\/v2\/comments?post=128072"}],"version-history":[{"count":0,"href":"https:\/\/agrund.com\/index.php\/wp-json\/wp\/v2\/posts\/128072\/revisions"}],"wp:featuredmedia":[{"embeddable":true,"href":"https:\/\/agrund.com\/index.php\/wp-json\/wp\/v2\/media\/128099"}],"wp:attachment":[{"href":"https:\/\/agrund.com\/index.php\/wp-json\/wp\/v2\/media?parent=128072"}],"wp:term":[{"taxonomy":"category","embeddable":true,"href":"https:\/\/agrund.com\/index.php\/wp-json\/wp\/v2\/categories?post=128072"},{"taxonomy":"post_tag","embeddable":true,"href":"https:\/\/agrund.com\/index.php\/wp-json\/wp\/v2\/tags?post=128072"}],"curies":[{"name":"wp","href":"https:\/\/api.w.org\/{rel}","templated":true}]}}