{"id":128029,"date":"2015-04-24T11:00:43","date_gmt":"2015-04-24T14:00:43","guid":{"rendered":"http:\/\/www.agrund.com\/?p=128029"},"modified":"2015-04-24T10:16:18","modified_gmt":"2015-04-24T13:16:18","slug":"casa-de-criadores-igor-dadona-primavera-verao-201516","status":"publish","type":"post","link":"https:\/\/agrund.com\/index.php\/casa-de-criadores-igor-dadona-primavera-verao-201516\/","title":{"rendered":"Casa de Criadores :: Igor Dadona primavera-ver\u00e3o 2015\/16"},"content":{"rendered":"<p>Igor Dadona apresenta duas cole\u00e7\u00f5es na Casa de Criadores: uma autoral, da marca que leva seu nome, e outra desenvolvida para a Hangar 33 \u2013 uma das marcas do grupo Lunelli, patrocinador do evento. Em sua etiqueta pr\u00f3pria, Igor voltou a mostrar o lado dark que tanto gosta para a primavera-ver\u00e3o 2015, dessa vez inspirado em um anivers\u00e1rio infantil. A ideia veio de uma festinha do pr\u00f3prio Igor que n\u00e3o contou com muitos amigos na inf\u00e2ncia dele; da\u00ed vem a trilha &#8220;pra baixo&#8221;, os florais no preto e os detalhes punk, como o uso de spikes e os chap\u00e9us de festa nem um pouco felizes. E por mais que nada surpreenda tanto assim com uma forte carga de inova\u00e7\u00e3o, Igor cumpriu seu papel como estilista de mostrar boas roupas com modelagens de inverno adaptadas para o ver\u00e3o lado a lado com tecidos mais leves e espa\u00e7o para hits da marca em releituras, como as cal\u00e7as-saia que agora aparecem com estampas de bolinhas.<\/p>\n<div id=\"attachment_128030\" style=\"width: 560px\" class=\"wp-caption aligncenter\"><a href=\"https:\/\/i0.wp.com\/www.agrund.com\/wp-content\/uploads\/sites\/6\/2015\/04\/idad_v16_001.jpg\"><img aria-describedby=\"caption-attachment-128030\" data-attachment-id=\"128030\" data-permalink=\"https:\/\/agrund.com\/index.php\/casa-de-criadores-igor-dadona-primavera-verao-201516\/idad_v16_001\/\" data-orig-file=\"https:\/\/i0.wp.com\/agrund.com\/wp-content\/uploads\/sites\/6\/2015\/04\/idad_v16_001.jpg?fit=550%2C826&amp;ssl=1\" data-orig-size=\"550,826\" data-comments-opened=\"1\" data-image-meta=\"{&quot;aperture&quot;:&quot;0&quot;,&quot;credit&quot;:&quot;Marcelo Soubhia\\\/ Agencia Fotosit&quot;,&quot;camera&quot;:&quot;&quot;,&quot;caption&quot;:&quot;Igor Dadona\\r-Casa de Criadores\\rVer\\u00e3o 2016\\rFoto: Marcelo Soubhia\\\/ Ag\\u00eancia Fotosite&quot;,&quot;created_timestamp&quot;:&quot;1429750283&quot;,&quot;copyright&quot;:&quot;Marcelo Soubhia\\\/ Agencia Fotosite&quot;,&quot;focal_length&quot;:&quot;0&quot;,&quot;iso&quot;:&quot;0&quot;,&quot;shutter_speed&quot;:&quot;0&quot;,&quot;title&quot;:&quot;&quot;,&quot;orientation&quot;:&quot;0&quot;}\" data-image-title=\"idad_v16_001\" data-image-description=\"&lt;p&gt;Igor Dadona&lt;br \/&gt;\n-Casa de Criadores&lt;br \/&gt;\nVer\u00e3o 2016&lt;br \/&gt;\nFoto: Marcelo Soubhia\/ Ag\u00eancia Fotosite&lt;\/p&gt;\n\" data-image-caption=\"&lt;p&gt;Casa de Criadores :: Igor Dadona primavera-ver\u00e3o 2015\/16 &lt;\/p&gt;\n\" data-medium-file=\"https:\/\/i0.wp.com\/agrund.com\/wp-content\/uploads\/sites\/6\/2015\/04\/idad_v16_001.jpg?fit=200%2C300&amp;ssl=1\" data-large-file=\"https:\/\/i0.wp.com\/agrund.com\/wp-content\/uploads\/sites\/6\/2015\/04\/idad_v16_001.jpg?fit=550%2C826&amp;ssl=1\" decoding=\"async\" loading=\"lazy\" class=\"size-full wp-image-128030\" src=\"https:\/\/i0.wp.com\/www.agrund.com\/wp-content\/uploads\/sites\/6\/2015\/04\/idad_v16_001.jpg?resize=550%2C826\" alt=\"Casa de Criadores :: Igor Dadona primavera-ver\u00e3o 2015\/16 \" width=\"550\" height=\"826\" srcset=\"https:\/\/i0.wp.com\/agrund.com\/wp-content\/uploads\/sites\/6\/2015\/04\/idad_v16_001.jpg?w=550&amp;ssl=1 550w, https:\/\/i0.wp.com\/agrund.com\/wp-content\/uploads\/sites\/6\/2015\/04\/idad_v16_001.jpg?resize=200%2C300&amp;ssl=1 200w\" sizes=\"(max-width: 550px) 100vw, 550px\" data-recalc-dims=\"1\" \/><\/a><p id=\"caption-attachment-128030\" class=\"wp-caption-text\">Casa de Criadores :: Igor Dadona primavera-ver\u00e3o 2015\/16<\/p><\/div>\n<div id=\"attachment_128033\" style=\"width: 560px\" class=\"wp-caption aligncenter\"><a href=\"https:\/\/i0.wp.com\/www.agrund.com\/wp-content\/uploads\/sites\/6\/2015\/04\/idad_v16_006.jpg\"><img aria-describedby=\"caption-attachment-128033\" data-attachment-id=\"128033\" data-permalink=\"https:\/\/agrund.com\/index.php\/casa-de-criadores-igor-dadona-primavera-verao-201516\/idad_v16_006\/\" data-orig-file=\"https:\/\/i0.wp.com\/agrund.com\/wp-content\/uploads\/sites\/6\/2015\/04\/idad_v16_006.jpg?fit=550%2C826&amp;ssl=1\" data-orig-size=\"550,826\" data-comments-opened=\"1\" data-image-meta=\"{&quot;aperture&quot;:&quot;0&quot;,&quot;credit&quot;:&quot;Marcelo Soubhia\\\/ Agencia Fotosit&quot;,&quot;camera&quot;:&quot;&quot;,&quot;caption&quot;:&quot;Igor Dadona\\r-Casa de Criadores\\rVer\\u00e3o 2016\\rFoto: Marcelo Soubhia\\\/ Ag\\u00eancia Fotosite&quot;,&quot;created_timestamp&quot;:&quot;1429750303&quot;,&quot;copyright&quot;:&quot;Marcelo Soubhia\\\/ Agencia Fotosite&quot;,&quot;focal_length&quot;:&quot;0&quot;,&quot;iso&quot;:&quot;0&quot;,&quot;shutter_speed&quot;:&quot;0&quot;,&quot;title&quot;:&quot;&quot;,&quot;orientation&quot;:&quot;0&quot;}\" data-image-title=\"idad_v16_006\" data-image-description=\"&lt;p&gt;Igor Dadona&lt;br \/&gt;\n-Casa de Criadores&lt;br \/&gt;\nVer\u00e3o 2016&lt;br \/&gt;\nFoto: Marcelo Soubhia\/ Ag\u00eancia Fotosite&lt;\/p&gt;\n\" data-image-caption=\"&lt;p&gt;Casa de Criadores :: Igor Dadona primavera-ver\u00e3o 2015\/16 &lt;\/p&gt;\n\" data-medium-file=\"https:\/\/i0.wp.com\/agrund.com\/wp-content\/uploads\/sites\/6\/2015\/04\/idad_v16_006.jpg?fit=200%2C300&amp;ssl=1\" data-large-file=\"https:\/\/i0.wp.com\/agrund.com\/wp-content\/uploads\/sites\/6\/2015\/04\/idad_v16_006.jpg?fit=550%2C826&amp;ssl=1\" decoding=\"async\" loading=\"lazy\" class=\"size-full wp-image-128033\" src=\"https:\/\/i0.wp.com\/www.agrund.com\/wp-content\/uploads\/sites\/6\/2015\/04\/idad_v16_006.jpg?resize=550%2C826\" alt=\"Casa de Criadores :: Igor Dadona primavera-ver\u00e3o 2015\/16 \" width=\"550\" height=\"826\" srcset=\"https:\/\/i0.wp.com\/agrund.com\/wp-content\/uploads\/sites\/6\/2015\/04\/idad_v16_006.jpg?w=550&amp;ssl=1 550w, https:\/\/i0.wp.com\/agrund.com\/wp-content\/uploads\/sites\/6\/2015\/04\/idad_v16_006.jpg?resize=200%2C300&amp;ssl=1 200w\" sizes=\"(max-width: 550px) 100vw, 550px\" data-recalc-dims=\"1\" \/><\/a><p id=\"caption-attachment-128033\" class=\"wp-caption-text\">Casa de Criadores :: Igor Dadona primavera-ver\u00e3o 2015\/16<\/p><\/div>\n<div id=\"attachment_128034\" style=\"width: 560px\" class=\"wp-caption aligncenter\"><a href=\"https:\/\/i0.wp.com\/www.agrund.com\/wp-content\/uploads\/sites\/6\/2015\/04\/idad_v16_008.jpg\"><img aria-describedby=\"caption-attachment-128034\" data-attachment-id=\"128034\" data-permalink=\"https:\/\/agrund.com\/index.php\/casa-de-criadores-igor-dadona-primavera-verao-201516\/idad_v16_008\/\" data-orig-file=\"https:\/\/i0.wp.com\/agrund.com\/wp-content\/uploads\/sites\/6\/2015\/04\/idad_v16_008.jpg?fit=550%2C826&amp;ssl=1\" data-orig-size=\"550,826\" data-comments-opened=\"1\" data-image-meta=\"{&quot;aperture&quot;:&quot;0&quot;,&quot;credit&quot;:&quot;Marcelo Soubhia\\\/ Agencia Fotosit&quot;,&quot;camera&quot;:&quot;&quot;,&quot;caption&quot;:&quot;Igor Dadona\\r-Casa de Criadores\\rVer\\u00e3o 2016\\rFoto: Marcelo Soubhia\\\/ Ag\\u00eancia Fotosite&quot;,&quot;created_timestamp&quot;:&quot;1429750315&quot;,&quot;copyright&quot;:&quot;Marcelo Soubhia\\\/ Agencia Fotosite&quot;,&quot;focal_length&quot;:&quot;0&quot;,&quot;iso&quot;:&quot;0&quot;,&quot;shutter_speed&quot;:&quot;0&quot;,&quot;title&quot;:&quot;&quot;,&quot;orientation&quot;:&quot;0&quot;}\" data-image-title=\"Casa de Criadores :: Igor Dadona primavera-ver\u00e3o 2015\/16\" data-image-description=\"&lt;p&gt;Igor Dadona&lt;br \/&gt;\n-Casa de Criadores&lt;br \/&gt;\nVer\u00e3o 2016&lt;br \/&gt;\nFoto: Marcelo Soubhia\/ Ag\u00eancia Fotosite&lt;\/p&gt;\n\" data-image-caption=\"&lt;p&gt;Casa de Criadores :: Igor Dadona primavera-ver\u00e3o 2015\/16 &lt;\/p&gt;\n\" data-medium-file=\"https:\/\/i0.wp.com\/agrund.com\/wp-content\/uploads\/sites\/6\/2015\/04\/idad_v16_008.jpg?fit=200%2C300&amp;ssl=1\" data-large-file=\"https:\/\/i0.wp.com\/agrund.com\/wp-content\/uploads\/sites\/6\/2015\/04\/idad_v16_008.jpg?fit=550%2C826&amp;ssl=1\" decoding=\"async\" loading=\"lazy\" class=\"size-full wp-image-128034\" src=\"https:\/\/i0.wp.com\/www.agrund.com\/wp-content\/uploads\/sites\/6\/2015\/04\/idad_v16_008.jpg?resize=550%2C826\" alt=\"Casa de Criadores :: Igor Dadona primavera-ver\u00e3o 2015\/16 \" width=\"550\" height=\"826\" srcset=\"https:\/\/i0.wp.com\/agrund.com\/wp-content\/uploads\/sites\/6\/2015\/04\/idad_v16_008.jpg?w=550&amp;ssl=1 550w, https:\/\/i0.wp.com\/agrund.com\/wp-content\/uploads\/sites\/6\/2015\/04\/idad_v16_008.jpg?resize=200%2C300&amp;ssl=1 200w\" sizes=\"(max-width: 550px) 100vw, 550px\" data-recalc-dims=\"1\" \/><\/a><p id=\"caption-attachment-128034\" class=\"wp-caption-text\">Casa de Criadores :: Igor Dadona primavera-ver\u00e3o 2015\/16<\/p><\/div>\n<div id=\"attachment_128035\" style=\"width: 560px\" class=\"wp-caption aligncenter\"><a href=\"https:\/\/i0.wp.com\/www.agrund.com\/wp-content\/uploads\/sites\/6\/2015\/04\/idad_v16_010.jpg\"><img aria-describedby=\"caption-attachment-128035\" data-attachment-id=\"128035\" data-permalink=\"https:\/\/agrund.com\/index.php\/casa-de-criadores-igor-dadona-primavera-verao-201516\/idad_v16_010\/\" data-orig-file=\"https:\/\/i0.wp.com\/agrund.com\/wp-content\/uploads\/sites\/6\/2015\/04\/idad_v16_010.jpg?fit=550%2C826&amp;ssl=1\" data-orig-size=\"550,826\" data-comments-opened=\"1\" data-image-meta=\"{&quot;aperture&quot;:&quot;0&quot;,&quot;credit&quot;:&quot;Marcelo Soubhia\\\/ Agencia Fotosit&quot;,&quot;camera&quot;:&quot;&quot;,&quot;caption&quot;:&quot;Igor Dadona\\r-Casa de Criadores\\rVer\\u00e3o 2016\\rFoto: Marcelo Soubhia\\\/ Ag\\u00eancia Fotosite&quot;,&quot;created_timestamp&quot;:&quot;1429750324&quot;,&quot;copyright&quot;:&quot;Marcelo Soubhia\\\/ Agencia Fotosite&quot;,&quot;focal_length&quot;:&quot;0&quot;,&quot;iso&quot;:&quot;0&quot;,&quot;shutter_speed&quot;:&quot;0&quot;,&quot;title&quot;:&quot;&quot;,&quot;orientation&quot;:&quot;0&quot;}\" data-image-title=\"Casa de Criadores :: Igor Dadona primavera-ver\u00e3o 2015\/16\" data-image-description=\"&lt;p&gt;Igor Dadona&lt;br \/&gt;\n-Casa de Criadores&lt;br \/&gt;\nVer\u00e3o 2016&lt;br \/&gt;\nFoto: Marcelo Soubhia\/ Ag\u00eancia Fotosite&lt;\/p&gt;\n\" data-image-caption=\"\" data-medium-file=\"https:\/\/i0.wp.com\/agrund.com\/wp-content\/uploads\/sites\/6\/2015\/04\/idad_v16_010.jpg?fit=200%2C300&amp;ssl=1\" data-large-file=\"https:\/\/i0.wp.com\/agrund.com\/wp-content\/uploads\/sites\/6\/2015\/04\/idad_v16_010.jpg?fit=550%2C826&amp;ssl=1\" decoding=\"async\" loading=\"lazy\" class=\"size-full wp-image-128035\" src=\"https:\/\/i0.wp.com\/www.agrund.com\/wp-content\/uploads\/sites\/6\/2015\/04\/idad_v16_010.jpg?resize=550%2C826\" alt=\"Casa de Criadores :: Igor Dadona primavera-ver\u00e3o 2015\/16 \" width=\"550\" height=\"826\" srcset=\"https:\/\/i0.wp.com\/agrund.com\/wp-content\/uploads\/sites\/6\/2015\/04\/idad_v16_010.jpg?w=550&amp;ssl=1 550w, https:\/\/i0.wp.com\/agrund.com\/wp-content\/uploads\/sites\/6\/2015\/04\/idad_v16_010.jpg?resize=200%2C300&amp;ssl=1 200w\" sizes=\"(max-width: 550px) 100vw, 550px\" data-recalc-dims=\"1\" \/><\/a><p id=\"caption-attachment-128035\" class=\"wp-caption-text\">Casa de Criadores :: Igor Dadona primavera-ver\u00e3o 2015\/16<\/p><\/div>\n<div id=\"attachment_128037\" style=\"width: 560px\" class=\"wp-caption aligncenter\"><a href=\"https:\/\/i0.wp.com\/www.agrund.com\/wp-content\/uploads\/sites\/6\/2015\/04\/idad_v16_015.jpg\"><img aria-describedby=\"caption-attachment-128037\" data-attachment-id=\"128037\" data-permalink=\"https:\/\/agrund.com\/index.php\/casa-de-criadores-igor-dadona-primavera-verao-201516\/idad_v16_015\/\" data-orig-file=\"https:\/\/i0.wp.com\/agrund.com\/wp-content\/uploads\/sites\/6\/2015\/04\/idad_v16_015.jpg?fit=550%2C826&amp;ssl=1\" data-orig-size=\"550,826\" data-comments-opened=\"1\" data-image-meta=\"{&quot;aperture&quot;:&quot;0&quot;,&quot;credit&quot;:&quot;Marcelo Soubhia\\\/ Agencia Fotosit&quot;,&quot;camera&quot;:&quot;&quot;,&quot;caption&quot;:&quot;Igor Dadona\\r-Casa de Criadores\\rVer\\u00e3o 2016\\rFoto: Marcelo Soubhia\\\/ Ag\\u00eancia Fotosite&quot;,&quot;created_timestamp&quot;:&quot;1429750348&quot;,&quot;copyright&quot;:&quot;Marcelo Soubhia\\\/ Agencia Fotosite&quot;,&quot;focal_length&quot;:&quot;0&quot;,&quot;iso&quot;:&quot;0&quot;,&quot;shutter_speed&quot;:&quot;0&quot;,&quot;title&quot;:&quot;&quot;,&quot;orientation&quot;:&quot;0&quot;}\" data-image-title=\"Casa de Criadores :: Igor Dadona primavera-ver\u00e3o 2015\/16\" data-image-description=\"&lt;p&gt;Igor Dadona&lt;br \/&gt;\n-Casa de Criadores&lt;br \/&gt;\nVer\u00e3o 2016&lt;br \/&gt;\nFoto: Marcelo Soubhia\/ Ag\u00eancia Fotosite&lt;\/p&gt;\n\" data-image-caption=\"&lt;p&gt;Casa de Criadores :: Igor Dadona primavera-ver\u00e3o 2015\/16 &lt;\/p&gt;\n\" data-medium-file=\"https:\/\/i0.wp.com\/agrund.com\/wp-content\/uploads\/sites\/6\/2015\/04\/idad_v16_015.jpg?fit=200%2C300&amp;ssl=1\" data-large-file=\"https:\/\/i0.wp.com\/agrund.com\/wp-content\/uploads\/sites\/6\/2015\/04\/idad_v16_015.jpg?fit=550%2C826&amp;ssl=1\" decoding=\"async\" loading=\"lazy\" class=\"size-full wp-image-128037\" src=\"https:\/\/i0.wp.com\/www.agrund.com\/wp-content\/uploads\/sites\/6\/2015\/04\/idad_v16_015.jpg?resize=550%2C826\" alt=\"Casa de Criadores :: Igor Dadona primavera-ver\u00e3o 2015\/16 \" width=\"550\" height=\"826\" srcset=\"https:\/\/i0.wp.com\/agrund.com\/wp-content\/uploads\/sites\/6\/2015\/04\/idad_v16_015.jpg?w=550&amp;ssl=1 550w, https:\/\/i0.wp.com\/agrund.com\/wp-content\/uploads\/sites\/6\/2015\/04\/idad_v16_015.jpg?resize=200%2C300&amp;ssl=1 200w\" sizes=\"(max-width: 550px) 100vw, 550px\" data-recalc-dims=\"1\" \/><\/a><p id=\"caption-attachment-128037\" class=\"wp-caption-text\">Casa de Criadores :: Igor Dadona primavera-ver\u00e3o 2015\/16<\/p><\/div>\n<div id=\"attachment_128038\" style=\"width: 560px\" class=\"wp-caption aligncenter\"><a href=\"https:\/\/i0.wp.com\/www.agrund.com\/wp-content\/uploads\/sites\/6\/2015\/04\/idad_v16_017.jpg\"><img aria-describedby=\"caption-attachment-128038\" data-attachment-id=\"128038\" data-permalink=\"https:\/\/agrund.com\/index.php\/casa-de-criadores-igor-dadona-primavera-verao-201516\/idad_v16_017\/\" data-orig-file=\"https:\/\/i0.wp.com\/agrund.com\/wp-content\/uploads\/sites\/6\/2015\/04\/idad_v16_017.jpg?fit=550%2C826&amp;ssl=1\" data-orig-size=\"550,826\" data-comments-opened=\"1\" data-image-meta=\"{&quot;aperture&quot;:&quot;0&quot;,&quot;credit&quot;:&quot;Marcelo Soubhia\\\/ Agencia Fotosit&quot;,&quot;camera&quot;:&quot;&quot;,&quot;caption&quot;:&quot;Igor Dadona\\r-Casa de Criadores\\rVer\\u00e3o 2016\\rFoto: Marcelo Soubhia\\\/ Ag\\u00eancia Fotosite&quot;,&quot;created_timestamp&quot;:&quot;1429750361&quot;,&quot;copyright&quot;:&quot;Marcelo Soubhia\\\/ Agencia Fotosite&quot;,&quot;focal_length&quot;:&quot;0&quot;,&quot;iso&quot;:&quot;0&quot;,&quot;shutter_speed&quot;:&quot;0&quot;,&quot;title&quot;:&quot;&quot;,&quot;orientation&quot;:&quot;0&quot;}\" data-image-title=\"Casa de Criadores :: Igor Dadona primavera-ver\u00e3o 2015\/16\" data-image-description=\"&lt;p&gt;Igor Dadona&lt;br \/&gt;\n-Casa de Criadores&lt;br \/&gt;\nVer\u00e3o 2016&lt;br \/&gt;\nFoto: Marcelo Soubhia\/ Ag\u00eancia Fotosite&lt;\/p&gt;\n\" data-image-caption=\"\" data-medium-file=\"https:\/\/i0.wp.com\/agrund.com\/wp-content\/uploads\/sites\/6\/2015\/04\/idad_v16_017.jpg?fit=200%2C300&amp;ssl=1\" data-large-file=\"https:\/\/i0.wp.com\/agrund.com\/wp-content\/uploads\/sites\/6\/2015\/04\/idad_v16_017.jpg?fit=550%2C826&amp;ssl=1\" decoding=\"async\" loading=\"lazy\" class=\"size-full wp-image-128038\" src=\"https:\/\/i0.wp.com\/www.agrund.com\/wp-content\/uploads\/sites\/6\/2015\/04\/idad_v16_017.jpg?resize=550%2C826\" alt=\"Casa de Criadores :: Igor Dadona primavera-ver\u00e3o 2015\/16 \" width=\"550\" height=\"826\" srcset=\"https:\/\/i0.wp.com\/agrund.com\/wp-content\/uploads\/sites\/6\/2015\/04\/idad_v16_017.jpg?w=550&amp;ssl=1 550w, https:\/\/i0.wp.com\/agrund.com\/wp-content\/uploads\/sites\/6\/2015\/04\/idad_v16_017.jpg?resize=200%2C300&amp;ssl=1 200w\" sizes=\"(max-width: 550px) 100vw, 550px\" data-recalc-dims=\"1\" \/><\/a><p id=\"caption-attachment-128038\" class=\"wp-caption-text\">Casa de Criadores :: Igor Dadona primavera-ver\u00e3o 2015\/16<\/p><\/div>\n<div id=\"attachment_128040\" style=\"width: 560px\" class=\"wp-caption aligncenter\"><a href=\"https:\/\/i0.wp.com\/www.agrund.com\/wp-content\/uploads\/sites\/6\/2015\/04\/idad_v16_021.jpg\"><img aria-describedby=\"caption-attachment-128040\" data-attachment-id=\"128040\" data-permalink=\"https:\/\/agrund.com\/index.php\/casa-de-criadores-igor-dadona-primavera-verao-201516\/idad_v16_021\/\" data-orig-file=\"https:\/\/i0.wp.com\/agrund.com\/wp-content\/uploads\/sites\/6\/2015\/04\/idad_v16_021.jpg?fit=550%2C826&amp;ssl=1\" data-orig-size=\"550,826\" data-comments-opened=\"1\" data-image-meta=\"{&quot;aperture&quot;:&quot;0&quot;,&quot;credit&quot;:&quot;Marcelo Soubhia\\\/ Agencia Fotosit&quot;,&quot;camera&quot;:&quot;&quot;,&quot;caption&quot;:&quot;Igor Dadona\\r-Casa de Criadores\\rVer\\u00e3o 2016\\rFoto: Marcelo Soubhia\\\/ Ag\\u00eancia Fotosite&quot;,&quot;created_timestamp&quot;:&quot;1429750384&quot;,&quot;copyright&quot;:&quot;Marcelo Soubhia\\\/ Agencia Fotosite&quot;,&quot;focal_length&quot;:&quot;0&quot;,&quot;iso&quot;:&quot;0&quot;,&quot;shutter_speed&quot;:&quot;0&quot;,&quot;title&quot;:&quot;&quot;,&quot;orientation&quot;:&quot;0&quot;}\" data-image-title=\"Casa de Criadores :: Igor Dadona primavera-ver\u00e3o 2015\/16\" data-image-description=\"&lt;p&gt;Igor Dadona&lt;br \/&gt;\n-Casa de Criadores&lt;br \/&gt;\nVer\u00e3o 2016&lt;br \/&gt;\nFoto: Marcelo Soubhia\/ Ag\u00eancia Fotosite&lt;\/p&gt;\n\" data-image-caption=\"&lt;p&gt;Casa de Criadores :: Igor Dadona primavera-ver\u00e3o 2015\/16 &lt;\/p&gt;\n\" data-medium-file=\"https:\/\/i0.wp.com\/agrund.com\/wp-content\/uploads\/sites\/6\/2015\/04\/idad_v16_021.jpg?fit=200%2C300&amp;ssl=1\" data-large-file=\"https:\/\/i0.wp.com\/agrund.com\/wp-content\/uploads\/sites\/6\/2015\/04\/idad_v16_021.jpg?fit=550%2C826&amp;ssl=1\" decoding=\"async\" loading=\"lazy\" class=\"size-full wp-image-128040\" src=\"https:\/\/i0.wp.com\/www.agrund.com\/wp-content\/uploads\/sites\/6\/2015\/04\/idad_v16_021.jpg?resize=550%2C826\" alt=\"Casa de Criadores :: Igor Dadona primavera-ver\u00e3o 2015\/16 \" width=\"550\" height=\"826\" srcset=\"https:\/\/i0.wp.com\/agrund.com\/wp-content\/uploads\/sites\/6\/2015\/04\/idad_v16_021.jpg?w=550&amp;ssl=1 550w, https:\/\/i0.wp.com\/agrund.com\/wp-content\/uploads\/sites\/6\/2015\/04\/idad_v16_021.jpg?resize=200%2C300&amp;ssl=1 200w\" sizes=\"(max-width: 550px) 100vw, 550px\" data-recalc-dims=\"1\" \/><\/a><p id=\"caption-attachment-128040\" class=\"wp-caption-text\">Casa de Criadores :: Igor Dadona primavera-ver\u00e3o 2015\/16<\/p><\/div>\n<div id=\"attachment_128041\" style=\"width: 560px\" class=\"wp-caption aligncenter\"><a href=\"https:\/\/i0.wp.com\/www.agrund.com\/wp-content\/uploads\/sites\/6\/2015\/04\/idad_v16_023.jpg\"><img aria-describedby=\"caption-attachment-128041\" data-attachment-id=\"128041\" data-permalink=\"https:\/\/agrund.com\/index.php\/casa-de-criadores-igor-dadona-primavera-verao-201516\/idad_v16_023\/\" data-orig-file=\"https:\/\/i0.wp.com\/agrund.com\/wp-content\/uploads\/sites\/6\/2015\/04\/idad_v16_023.jpg?fit=550%2C826&amp;ssl=1\" data-orig-size=\"550,826\" data-comments-opened=\"1\" data-image-meta=\"{&quot;aperture&quot;:&quot;0&quot;,&quot;credit&quot;:&quot;Marcelo Soubhia\\\/ Agencia Fotosit&quot;,&quot;camera&quot;:&quot;&quot;,&quot;caption&quot;:&quot;Igor Dadona\\r-Casa de Criadores\\rVer\\u00e3o 2016\\rFoto: Marcelo Soubhia\\\/ Ag\\u00eancia Fotosite&quot;,&quot;created_timestamp&quot;:&quot;1429750401&quot;,&quot;copyright&quot;:&quot;Marcelo Soubhia\\\/ Agencia Fotosite&quot;,&quot;focal_length&quot;:&quot;0&quot;,&quot;iso&quot;:&quot;0&quot;,&quot;shutter_speed&quot;:&quot;0&quot;,&quot;title&quot;:&quot;&quot;,&quot;orientation&quot;:&quot;0&quot;}\" data-image-title=\"Casa de Criadores :: Igor Dadona primavera-ver\u00e3o 2015\/16\" data-image-description=\"&lt;p&gt;Igor Dadona&lt;br \/&gt;\n-Casa de Criadores&lt;br \/&gt;\nVer\u00e3o 2016&lt;br \/&gt;\nFoto: Marcelo Soubhia\/ Ag\u00eancia Fotosite&lt;\/p&gt;\n\" data-image-caption=\"&lt;p&gt;Casa de Criadores :: Igor Dadona primavera-ver\u00e3o 2015\/16 &lt;\/p&gt;\n\" data-medium-file=\"https:\/\/i0.wp.com\/agrund.com\/wp-content\/uploads\/sites\/6\/2015\/04\/idad_v16_023.jpg?fit=200%2C300&amp;ssl=1\" data-large-file=\"https:\/\/i0.wp.com\/agrund.com\/wp-content\/uploads\/sites\/6\/2015\/04\/idad_v16_023.jpg?fit=550%2C826&amp;ssl=1\" decoding=\"async\" loading=\"lazy\" class=\"size-full wp-image-128041\" src=\"https:\/\/i0.wp.com\/www.agrund.com\/wp-content\/uploads\/sites\/6\/2015\/04\/idad_v16_023.jpg?resize=550%2C826\" alt=\"Casa de Criadores :: Igor Dadona primavera-ver\u00e3o 2015\/16 \" width=\"550\" height=\"826\" srcset=\"https:\/\/i0.wp.com\/agrund.com\/wp-content\/uploads\/sites\/6\/2015\/04\/idad_v16_023.jpg?w=550&amp;ssl=1 550w, https:\/\/i0.wp.com\/agrund.com\/wp-content\/uploads\/sites\/6\/2015\/04\/idad_v16_023.jpg?resize=200%2C300&amp;ssl=1 200w\" sizes=\"(max-width: 550px) 100vw, 550px\" data-recalc-dims=\"1\" \/><\/a><p id=\"caption-attachment-128041\" class=\"wp-caption-text\">Casa de Criadores :: Igor Dadona primavera-ver\u00e3o 2015\/16<\/p><\/div>\n<div id=\"attachment_128042\" style=\"width: 560px\" class=\"wp-caption aligncenter\"><a href=\"https:\/\/i0.wp.com\/www.agrund.com\/wp-content\/uploads\/sites\/6\/2015\/04\/idad_v16_025.jpg\"><img aria-describedby=\"caption-attachment-128042\" data-attachment-id=\"128042\" data-permalink=\"https:\/\/agrund.com\/index.php\/casa-de-criadores-igor-dadona-primavera-verao-201516\/idad_v16_025\/\" data-orig-file=\"https:\/\/i0.wp.com\/agrund.com\/wp-content\/uploads\/sites\/6\/2015\/04\/idad_v16_025.jpg?fit=550%2C826&amp;ssl=1\" data-orig-size=\"550,826\" data-comments-opened=\"1\" data-image-meta=\"{&quot;aperture&quot;:&quot;0&quot;,&quot;credit&quot;:&quot;Marcelo Soubhia\\\/ Agencia Fotosit&quot;,&quot;camera&quot;:&quot;&quot;,&quot;caption&quot;:&quot;Igor Dadona\\r-Casa de Criadores\\rVer\\u00e3o 2016\\rFoto: Marcelo Soubhia\\\/ Ag\\u00eancia Fotosite&quot;,&quot;created_timestamp&quot;:&quot;1429750414&quot;,&quot;copyright&quot;:&quot;Marcelo Soubhia\\\/ Agencia Fotosite&quot;,&quot;focal_length&quot;:&quot;0&quot;,&quot;iso&quot;:&quot;0&quot;,&quot;shutter_speed&quot;:&quot;0&quot;,&quot;title&quot;:&quot;&quot;,&quot;orientation&quot;:&quot;0&quot;}\" data-image-title=\"Casa de Criadores :: Igor Dadona primavera-ver\u00e3o 2015\/16\" data-image-description=\"&lt;p&gt;Igor Dadona&lt;br \/&gt;\n-Casa de Criadores&lt;br \/&gt;\nVer\u00e3o 2016&lt;br \/&gt;\nFoto: Marcelo Soubhia\/ Ag\u00eancia Fotosite&lt;\/p&gt;\n\" data-image-caption=\"&lt;p&gt;Casa de Criadores :: Igor Dadona primavera-ver\u00e3o 2015\/16 &lt;\/p&gt;\n\" data-medium-file=\"https:\/\/i0.wp.com\/agrund.com\/wp-content\/uploads\/sites\/6\/2015\/04\/idad_v16_025.jpg?fit=200%2C300&amp;ssl=1\" data-large-file=\"https:\/\/i0.wp.com\/agrund.com\/wp-content\/uploads\/sites\/6\/2015\/04\/idad_v16_025.jpg?fit=550%2C826&amp;ssl=1\" decoding=\"async\" loading=\"lazy\" class=\"size-full wp-image-128042\" src=\"https:\/\/i0.wp.com\/www.agrund.com\/wp-content\/uploads\/sites\/6\/2015\/04\/idad_v16_025.jpg?resize=550%2C826\" alt=\"Casa de Criadores :: Igor Dadona primavera-ver\u00e3o 2015\/16 \" width=\"550\" height=\"826\" srcset=\"https:\/\/i0.wp.com\/agrund.com\/wp-content\/uploads\/sites\/6\/2015\/04\/idad_v16_025.jpg?w=550&amp;ssl=1 550w, https:\/\/i0.wp.com\/agrund.com\/wp-content\/uploads\/sites\/6\/2015\/04\/idad_v16_025.jpg?resize=200%2C300&amp;ssl=1 200w\" sizes=\"(max-width: 550px) 100vw, 550px\" data-recalc-dims=\"1\" \/><\/a><p id=\"caption-attachment-128042\" class=\"wp-caption-text\">Casa de Criadores :: Igor Dadona primavera-ver\u00e3o 2015\/16<\/p><\/div>\n<p>&nbsp;<\/p>\n<p>J\u00e1 a cole\u00e7\u00e3o de Igor para a Hangar 33, a Cam\u00fa, brinca com a dualidade das cores por meio de looks que combinam preto e branco ou branco e vermelho-alaranjado. O camuflado de avi\u00f5es que \u00e9 s\u00edmbolo e um padr\u00e3o da marca vem em cores mais vivas ou aparece vazado, s\u00f3 com o contorno numa brincadeira de criar refer\u00eancias com os mapas em um link com os exploradores. Mas o que chama mesmo a aten\u00e7\u00e3o \u00e9 a estampa de um avi\u00e3o sendo constru\u00eddo criada pelo estilista para a temporada: uma imagem forte, moderna e descolada que se destaca no meio de tantas imagens semelhantes.<\/p>\n<div id=\"attachment_128043\" style=\"width: 560px\" class=\"wp-caption aligncenter\"><a href=\"https:\/\/i0.wp.com\/www.agrund.com\/wp-content\/uploads\/sites\/6\/2015\/04\/h33_v16_001.jpg\"><img aria-describedby=\"caption-attachment-128043\" data-attachment-id=\"128043\" data-permalink=\"https:\/\/agrund.com\/index.php\/casa-de-criadores-igor-dadona-primavera-verao-201516\/h33_v16_001\/\" data-orig-file=\"https:\/\/i0.wp.com\/agrund.com\/wp-content\/uploads\/sites\/6\/2015\/04\/h33_v16_001.jpg?fit=550%2C826&amp;ssl=1\" data-orig-size=\"550,826\" data-comments-opened=\"1\" data-image-meta=\"{&quot;aperture&quot;:&quot;0&quot;,&quot;credit&quot;:&quot;Marcelo Soubhia\\\/ Agencia Fotosit&quot;,&quot;camera&quot;:&quot;&quot;,&quot;caption&quot;:&quot;Hangar 33\\r-Casa de Criadores\\rVer\\u00e3o 2016\\rFoto: Marcelo Soubhia\\\/ Ag\\u00eancia Fotosite&quot;,&quot;created_timestamp&quot;:&quot;1429751135&quot;,&quot;copyright&quot;:&quot;Marcelo Soubhia\\\/ Agencia Fotosite&quot;,&quot;focal_length&quot;:&quot;0&quot;,&quot;iso&quot;:&quot;0&quot;,&quot;shutter_speed&quot;:&quot;0&quot;,&quot;title&quot;:&quot;&quot;,&quot;orientation&quot;:&quot;0&quot;}\" data-image-title=\"h33_v16_001\" data-image-description=\"&lt;p&gt;Hangar 33&lt;br \/&gt;\n-Casa de Criadores&lt;br \/&gt;\nVer\u00e3o 2016&lt;br \/&gt;\nFoto: Marcelo Soubhia\/ Ag\u00eancia Fotosite&lt;\/p&gt;\n\" data-image-caption=\"&lt;p&gt;Casa de Criadores :: Hangar 33 primavera-ver\u00e3o 2015\/16 &lt;\/p&gt;\n\" data-medium-file=\"https:\/\/i0.wp.com\/agrund.com\/wp-content\/uploads\/sites\/6\/2015\/04\/h33_v16_001.jpg?fit=200%2C300&amp;ssl=1\" data-large-file=\"https:\/\/i0.wp.com\/agrund.com\/wp-content\/uploads\/sites\/6\/2015\/04\/h33_v16_001.jpg?fit=550%2C826&amp;ssl=1\" decoding=\"async\" loading=\"lazy\" class=\"size-full wp-image-128043\" src=\"https:\/\/i0.wp.com\/www.agrund.com\/wp-content\/uploads\/sites\/6\/2015\/04\/h33_v16_001.jpg?resize=550%2C826\" alt=\"Casa de Criadores :: Hangar 33 primavera-ver\u00e3o 2015\/16 \" width=\"550\" height=\"826\" srcset=\"https:\/\/i0.wp.com\/agrund.com\/wp-content\/uploads\/sites\/6\/2015\/04\/h33_v16_001.jpg?w=550&amp;ssl=1 550w, https:\/\/i0.wp.com\/agrund.com\/wp-content\/uploads\/sites\/6\/2015\/04\/h33_v16_001.jpg?resize=200%2C300&amp;ssl=1 200w\" sizes=\"(max-width: 550px) 100vw, 550px\" data-recalc-dims=\"1\" \/><\/a><p id=\"caption-attachment-128043\" class=\"wp-caption-text\">Casa de Criadores :: Hangar 33 primavera-ver\u00e3o 2015\/16<\/p><\/div>\n<div id=\"attachment_128045\" style=\"width: 560px\" class=\"wp-caption aligncenter\"><a href=\"https:\/\/i0.wp.com\/www.agrund.com\/wp-content\/uploads\/sites\/6\/2015\/04\/h33_v16_005.jpg\"><img aria-describedby=\"caption-attachment-128045\" data-attachment-id=\"128045\" data-permalink=\"https:\/\/agrund.com\/index.php\/casa-de-criadores-igor-dadona-primavera-verao-201516\/h33_v16_005\/\" data-orig-file=\"https:\/\/i0.wp.com\/agrund.com\/wp-content\/uploads\/sites\/6\/2015\/04\/h33_v16_005.jpg?fit=550%2C826&amp;ssl=1\" data-orig-size=\"550,826\" data-comments-opened=\"1\" data-image-meta=\"{&quot;aperture&quot;:&quot;0&quot;,&quot;credit&quot;:&quot;Marcelo Soubhia\\\/ Agencia Fotosit&quot;,&quot;camera&quot;:&quot;&quot;,&quot;caption&quot;:&quot;Hangar 33\\r-Casa de Criadores\\rVer\\u00e3o 2016\\rFoto: Marcelo Soubhia\\\/ Ag\\u00eancia Fotosite&quot;,&quot;created_timestamp&quot;:&quot;1429751164&quot;,&quot;copyright&quot;:&quot;Marcelo Soubhia\\\/ Agencia Fotosite&quot;,&quot;focal_length&quot;:&quot;0&quot;,&quot;iso&quot;:&quot;0&quot;,&quot;shutter_speed&quot;:&quot;0&quot;,&quot;title&quot;:&quot;&quot;,&quot;orientation&quot;:&quot;0&quot;}\" data-image-title=\"h33_v16_005\" data-image-description=\"&lt;p&gt;Hangar 33&lt;br \/&gt;\n-Casa de Criadores&lt;br \/&gt;\nVer\u00e3o 2016&lt;br \/&gt;\nFoto: Marcelo Soubhia\/ Ag\u00eancia Fotosite&lt;\/p&gt;\n\" data-image-caption=\"&lt;p&gt;Casa de Criadores :: Hangar 33 primavera-ver\u00e3o 2015\/16 &lt;\/p&gt;\n\" data-medium-file=\"https:\/\/i0.wp.com\/agrund.com\/wp-content\/uploads\/sites\/6\/2015\/04\/h33_v16_005.jpg?fit=200%2C300&amp;ssl=1\" data-large-file=\"https:\/\/i0.wp.com\/agrund.com\/wp-content\/uploads\/sites\/6\/2015\/04\/h33_v16_005.jpg?fit=550%2C826&amp;ssl=1\" decoding=\"async\" loading=\"lazy\" class=\"size-full wp-image-128045\" src=\"https:\/\/i0.wp.com\/www.agrund.com\/wp-content\/uploads\/sites\/6\/2015\/04\/h33_v16_005.jpg?resize=550%2C826\" alt=\"Casa de Criadores :: Hangar 33 primavera-ver\u00e3o 2015\/16 \" width=\"550\" height=\"826\" srcset=\"https:\/\/i0.wp.com\/agrund.com\/wp-content\/uploads\/sites\/6\/2015\/04\/h33_v16_005.jpg?w=550&amp;ssl=1 550w, https:\/\/i0.wp.com\/agrund.com\/wp-content\/uploads\/sites\/6\/2015\/04\/h33_v16_005.jpg?resize=200%2C300&amp;ssl=1 200w\" sizes=\"(max-width: 550px) 100vw, 550px\" data-recalc-dims=\"1\" \/><\/a><p id=\"caption-attachment-128045\" class=\"wp-caption-text\">Casa de Criadores :: Hangar 33 primavera-ver\u00e3o 2015\/16<\/p><\/div>\n<div id=\"attachment_128046\" style=\"width: 560px\" class=\"wp-caption aligncenter\"><a href=\"https:\/\/i0.wp.com\/www.agrund.com\/wp-content\/uploads\/sites\/6\/2015\/04\/h33_v16_007.jpg\"><img aria-describedby=\"caption-attachment-128046\" data-attachment-id=\"128046\" data-permalink=\"https:\/\/agrund.com\/index.php\/casa-de-criadores-igor-dadona-primavera-verao-201516\/h33_v16_007\/\" data-orig-file=\"https:\/\/i0.wp.com\/agrund.com\/wp-content\/uploads\/sites\/6\/2015\/04\/h33_v16_007.jpg?fit=550%2C826&amp;ssl=1\" data-orig-size=\"550,826\" data-comments-opened=\"1\" data-image-meta=\"{&quot;aperture&quot;:&quot;0&quot;,&quot;credit&quot;:&quot;Marcelo Soubhia\\\/ Agencia Fotosit&quot;,&quot;camera&quot;:&quot;&quot;,&quot;caption&quot;:&quot;Hangar 33\\r-Casa de Criadores\\rVer\\u00e3o 2016\\rFoto: Marcelo Soubhia\\\/ Ag\\u00eancia Fotosite&quot;,&quot;created_timestamp&quot;:&quot;1429751178&quot;,&quot;copyright&quot;:&quot;Marcelo Soubhia\\\/ Agencia Fotosite&quot;,&quot;focal_length&quot;:&quot;0&quot;,&quot;iso&quot;:&quot;0&quot;,&quot;shutter_speed&quot;:&quot;0&quot;,&quot;title&quot;:&quot;&quot;,&quot;orientation&quot;:&quot;0&quot;}\" data-image-title=\"Casa de Criadores :: Hangar 33 primavera-ver\u00e3o 2015\/16\" data-image-description=\"&lt;p&gt;Hangar 33&lt;br \/&gt;\n-Casa de Criadores&lt;br \/&gt;\nVer\u00e3o 2016&lt;br \/&gt;\nFoto: Marcelo Soubhia\/ Ag\u00eancia Fotosite&lt;\/p&gt;\n\" data-image-caption=\"&lt;p&gt;Casa de Criadores :: Hangar 33 primavera-ver\u00e3o 2015\/16 &lt;\/p&gt;\n\" data-medium-file=\"https:\/\/i0.wp.com\/agrund.com\/wp-content\/uploads\/sites\/6\/2015\/04\/h33_v16_007.jpg?fit=200%2C300&amp;ssl=1\" data-large-file=\"https:\/\/i0.wp.com\/agrund.com\/wp-content\/uploads\/sites\/6\/2015\/04\/h33_v16_007.jpg?fit=550%2C826&amp;ssl=1\" decoding=\"async\" loading=\"lazy\" class=\"size-full wp-image-128046\" src=\"https:\/\/i0.wp.com\/www.agrund.com\/wp-content\/uploads\/sites\/6\/2015\/04\/h33_v16_007.jpg?resize=550%2C826\" alt=\"Casa de Criadores :: Hangar 33 primavera-ver\u00e3o 2015\/16 \" width=\"550\" height=\"826\" srcset=\"https:\/\/i0.wp.com\/agrund.com\/wp-content\/uploads\/sites\/6\/2015\/04\/h33_v16_007.jpg?w=550&amp;ssl=1 550w, https:\/\/i0.wp.com\/agrund.com\/wp-content\/uploads\/sites\/6\/2015\/04\/h33_v16_007.jpg?resize=200%2C300&amp;ssl=1 200w\" sizes=\"(max-width: 550px) 100vw, 550px\" data-recalc-dims=\"1\" \/><\/a><p id=\"caption-attachment-128046\" class=\"wp-caption-text\">Casa de Criadores :: Hangar 33 primavera-ver\u00e3o 2015\/16<\/p><\/div>\n<div id=\"attachment_128047\" style=\"width: 560px\" class=\"wp-caption aligncenter\"><a href=\"https:\/\/i0.wp.com\/www.agrund.com\/wp-content\/uploads\/sites\/6\/2015\/04\/h33_v16_010.jpg\"><img aria-describedby=\"caption-attachment-128047\" data-attachment-id=\"128047\" data-permalink=\"https:\/\/agrund.com\/index.php\/casa-de-criadores-igor-dadona-primavera-verao-201516\/h33_v16_010\/\" data-orig-file=\"https:\/\/i0.wp.com\/agrund.com\/wp-content\/uploads\/sites\/6\/2015\/04\/h33_v16_010.jpg?fit=550%2C826&amp;ssl=1\" data-orig-size=\"550,826\" data-comments-opened=\"1\" data-image-meta=\"{&quot;aperture&quot;:&quot;0&quot;,&quot;credit&quot;:&quot;Marcelo Soubhia\\\/ Agencia Fotosit&quot;,&quot;camera&quot;:&quot;&quot;,&quot;caption&quot;:&quot;Hangar 33\\r-Casa de Criadores\\rVer\\u00e3o 2016\\rFoto: Marcelo Soubhia\\\/ Ag\\u00eancia Fotosite&quot;,&quot;created_timestamp&quot;:&quot;1429751190&quot;,&quot;copyright&quot;:&quot;Marcelo Soubhia\\\/ Agencia Fotosite&quot;,&quot;focal_length&quot;:&quot;0&quot;,&quot;iso&quot;:&quot;0&quot;,&quot;shutter_speed&quot;:&quot;0&quot;,&quot;title&quot;:&quot;&quot;,&quot;orientation&quot;:&quot;0&quot;}\" data-image-title=\"Casa de Criadores :: Hangar 33 primavera-ver\u00e3o 2015\/16\" data-image-description=\"&lt;p&gt;Hangar 33&lt;br \/&gt;\n-Casa de Criadores&lt;br \/&gt;\nVer\u00e3o 2016&lt;br \/&gt;\nFoto: Marcelo Soubhia\/ Ag\u00eancia Fotosite&lt;\/p&gt;\n\" data-image-caption=\"&lt;p&gt;Casa de Criadores :: Hangar 33 primavera-ver\u00e3o 2015\/16 &lt;\/p&gt;\n\" data-medium-file=\"https:\/\/i0.wp.com\/agrund.com\/wp-content\/uploads\/sites\/6\/2015\/04\/h33_v16_010.jpg?fit=200%2C300&amp;ssl=1\" data-large-file=\"https:\/\/i0.wp.com\/agrund.com\/wp-content\/uploads\/sites\/6\/2015\/04\/h33_v16_010.jpg?fit=550%2C826&amp;ssl=1\" decoding=\"async\" loading=\"lazy\" class=\"size-full wp-image-128047\" src=\"https:\/\/i0.wp.com\/www.agrund.com\/wp-content\/uploads\/sites\/6\/2015\/04\/h33_v16_010.jpg?resize=550%2C826\" alt=\"Casa de Criadores :: Hangar 33 primavera-ver\u00e3o 2015\/16 \" width=\"550\" height=\"826\" srcset=\"https:\/\/i0.wp.com\/agrund.com\/wp-content\/uploads\/sites\/6\/2015\/04\/h33_v16_010.jpg?w=550&amp;ssl=1 550w, https:\/\/i0.wp.com\/agrund.com\/wp-content\/uploads\/sites\/6\/2015\/04\/h33_v16_010.jpg?resize=200%2C300&amp;ssl=1 200w\" sizes=\"(max-width: 550px) 100vw, 550px\" data-recalc-dims=\"1\" \/><\/a><p id=\"caption-attachment-128047\" class=\"wp-caption-text\">Casa de Criadores :: Hangar 33 primavera-ver\u00e3o 2015\/16<\/p><\/div>\n<div id=\"attachment_128049\" style=\"width: 560px\" class=\"wp-caption aligncenter\"><a href=\"https:\/\/i0.wp.com\/www.agrund.com\/wp-content\/uploads\/sites\/6\/2015\/04\/h33_v16_015.jpg\"><img aria-describedby=\"caption-attachment-128049\" data-attachment-id=\"128049\" data-permalink=\"https:\/\/agrund.com\/index.php\/casa-de-criadores-igor-dadona-primavera-verao-201516\/h33_v16_015\/\" data-orig-file=\"https:\/\/i0.wp.com\/agrund.com\/wp-content\/uploads\/sites\/6\/2015\/04\/h33_v16_015.jpg?fit=550%2C826&amp;ssl=1\" data-orig-size=\"550,826\" data-comments-opened=\"1\" data-image-meta=\"{&quot;aperture&quot;:&quot;0&quot;,&quot;credit&quot;:&quot;Marcelo Soubhia\\\/ Agencia Fotosit&quot;,&quot;camera&quot;:&quot;&quot;,&quot;caption&quot;:&quot;Hangar 33\\r-Casa de Criadores\\rVer\\u00e3o 2016\\rFoto: Marcelo Soubhia\\\/ Ag\\u00eancia Fotosite&quot;,&quot;created_timestamp&quot;:&quot;1429751217&quot;,&quot;copyright&quot;:&quot;Marcelo Soubhia\\\/ Agencia Fotosite&quot;,&quot;focal_length&quot;:&quot;0&quot;,&quot;iso&quot;:&quot;0&quot;,&quot;shutter_speed&quot;:&quot;0&quot;,&quot;title&quot;:&quot;&quot;,&quot;orientation&quot;:&quot;0&quot;}\" data-image-title=\"Casa de Criadores :: Hangar 33 primavera-ver\u00e3o 2015\/16\" data-image-description=\"&lt;p&gt;Hangar 33&lt;br \/&gt;\n-Casa de Criadores&lt;br \/&gt;\nVer\u00e3o 2016&lt;br \/&gt;\nFoto: Marcelo Soubhia\/ Ag\u00eancia Fotosite&lt;\/p&gt;\n\" data-image-caption=\"&lt;p&gt;Casa de Criadores :: Hangar 33 primavera-ver\u00e3o 2015\/16 &lt;\/p&gt;\n\" data-medium-file=\"https:\/\/i0.wp.com\/agrund.com\/wp-content\/uploads\/sites\/6\/2015\/04\/h33_v16_015.jpg?fit=200%2C300&amp;ssl=1\" data-large-file=\"https:\/\/i0.wp.com\/agrund.com\/wp-content\/uploads\/sites\/6\/2015\/04\/h33_v16_015.jpg?fit=550%2C826&amp;ssl=1\" decoding=\"async\" loading=\"lazy\" class=\"size-full wp-image-128049\" src=\"https:\/\/i0.wp.com\/www.agrund.com\/wp-content\/uploads\/sites\/6\/2015\/04\/h33_v16_015.jpg?resize=550%2C826\" alt=\"Casa de Criadores :: Hangar 33 primavera-ver\u00e3o 2015\/16 \" width=\"550\" height=\"826\" srcset=\"https:\/\/i0.wp.com\/agrund.com\/wp-content\/uploads\/sites\/6\/2015\/04\/h33_v16_015.jpg?w=550&amp;ssl=1 550w, https:\/\/i0.wp.com\/agrund.com\/wp-content\/uploads\/sites\/6\/2015\/04\/h33_v16_015.jpg?resize=200%2C300&amp;ssl=1 200w\" sizes=\"(max-width: 550px) 100vw, 550px\" data-recalc-dims=\"1\" \/><\/a><p id=\"caption-attachment-128049\" class=\"wp-caption-text\">Casa de Criadores :: Hangar 33 primavera-ver\u00e3o 2015\/16<\/p><\/div>\n<div id=\"attachment_128050\" style=\"width: 560px\" class=\"wp-caption aligncenter\"><a href=\"https:\/\/i0.wp.com\/www.agrund.com\/wp-content\/uploads\/sites\/6\/2015\/04\/h33_v16_018.jpg\"><img aria-describedby=\"caption-attachment-128050\" data-attachment-id=\"128050\" data-permalink=\"https:\/\/agrund.com\/index.php\/casa-de-criadores-igor-dadona-primavera-verao-201516\/h33_v16_018\/\" data-orig-file=\"https:\/\/i0.wp.com\/agrund.com\/wp-content\/uploads\/sites\/6\/2015\/04\/h33_v16_018.jpg?fit=550%2C826&amp;ssl=1\" data-orig-size=\"550,826\" data-comments-opened=\"1\" data-image-meta=\"{&quot;aperture&quot;:&quot;0&quot;,&quot;credit&quot;:&quot;Marcelo Soubhia\\\/ Agencia Fotosit&quot;,&quot;camera&quot;:&quot;&quot;,&quot;caption&quot;:&quot;Hangar 33\\r-Casa de Criadores\\rVer\\u00e3o 2016\\rFoto: Marcelo Soubhia\\\/ Ag\\u00eancia Fotosite&quot;,&quot;created_timestamp&quot;:&quot;1429751234&quot;,&quot;copyright&quot;:&quot;Marcelo Soubhia\\\/ Agencia Fotosite&quot;,&quot;focal_length&quot;:&quot;0&quot;,&quot;iso&quot;:&quot;0&quot;,&quot;shutter_speed&quot;:&quot;0&quot;,&quot;title&quot;:&quot;&quot;,&quot;orientation&quot;:&quot;0&quot;}\" data-image-title=\"Casa de Criadores :: Hangar 33 primavera-ver\u00e3o 2015\/16\" data-image-description=\"&lt;p&gt;Hangar 33&lt;br \/&gt;\n-Casa de Criadores&lt;br \/&gt;\nVer\u00e3o 2016&lt;br \/&gt;\nFoto: Marcelo Soubhia\/ Ag\u00eancia Fotosite&lt;\/p&gt;\n\" data-image-caption=\"\" data-medium-file=\"https:\/\/i0.wp.com\/agrund.com\/wp-content\/uploads\/sites\/6\/2015\/04\/h33_v16_018.jpg?fit=200%2C300&amp;ssl=1\" data-large-file=\"https:\/\/i0.wp.com\/agrund.com\/wp-content\/uploads\/sites\/6\/2015\/04\/h33_v16_018.jpg?fit=550%2C826&amp;ssl=1\" decoding=\"async\" loading=\"lazy\" class=\"size-full wp-image-128050\" src=\"https:\/\/i0.wp.com\/www.agrund.com\/wp-content\/uploads\/sites\/6\/2015\/04\/h33_v16_018.jpg?resize=550%2C826\" alt=\"Casa de Criadores :: Hangar 33 primavera-ver\u00e3o 2015\/16 \" width=\"550\" height=\"826\" srcset=\"https:\/\/i0.wp.com\/agrund.com\/wp-content\/uploads\/sites\/6\/2015\/04\/h33_v16_018.jpg?w=550&amp;ssl=1 550w, https:\/\/i0.wp.com\/agrund.com\/wp-content\/uploads\/sites\/6\/2015\/04\/h33_v16_018.jpg?resize=200%2C300&amp;ssl=1 200w\" sizes=\"(max-width: 550px) 100vw, 550px\" data-recalc-dims=\"1\" \/><\/a><p id=\"caption-attachment-128050\" class=\"wp-caption-text\">Casa de Criadores :: Hangar 33 primavera-ver\u00e3o 2015\/16<\/p><\/div>\n<div id=\"attachment_128052\" style=\"width: 560px\" class=\"wp-caption aligncenter\"><a href=\"https:\/\/i0.wp.com\/www.agrund.com\/wp-content\/uploads\/sites\/6\/2015\/04\/h33_v16_022.jpg\"><img aria-describedby=\"caption-attachment-128052\" data-attachment-id=\"128052\" data-permalink=\"https:\/\/agrund.com\/index.php\/casa-de-criadores-igor-dadona-primavera-verao-201516\/h33_v16_022\/\" data-orig-file=\"https:\/\/i0.wp.com\/agrund.com\/wp-content\/uploads\/sites\/6\/2015\/04\/h33_v16_022.jpg?fit=550%2C826&amp;ssl=1\" data-orig-size=\"550,826\" data-comments-opened=\"1\" data-image-meta=\"{&quot;aperture&quot;:&quot;0&quot;,&quot;credit&quot;:&quot;Marcelo Soubhia\\\/ Agencia Fotosit&quot;,&quot;camera&quot;:&quot;&quot;,&quot;caption&quot;:&quot;Hangar 33\\r-Casa de Criadores\\rVer\\u00e3o 2016\\rFoto: Marcelo Soubhia\\\/ Ag\\u00eancia Fotosite&quot;,&quot;created_timestamp&quot;:&quot;1429751265&quot;,&quot;copyright&quot;:&quot;Marcelo Soubhia\\\/ Agencia Fotosite&quot;,&quot;focal_length&quot;:&quot;0&quot;,&quot;iso&quot;:&quot;0&quot;,&quot;shutter_speed&quot;:&quot;0&quot;,&quot;title&quot;:&quot;&quot;,&quot;orientation&quot;:&quot;0&quot;}\" data-image-title=\"h33_v16_022\" data-image-description=\"&lt;p&gt;Hangar 33&lt;br \/&gt;\n-Casa de Criadores&lt;br \/&gt;\nVer\u00e3o 2016&lt;br \/&gt;\nFoto: Marcelo Soubhia\/ Ag\u00eancia Fotosite&lt;\/p&gt;\n\" data-image-caption=\"&lt;p&gt;Casa de Criadores :: Hangar 33 primavera-ver\u00e3o 2015\/16 &lt;\/p&gt;\n\" data-medium-file=\"https:\/\/i0.wp.com\/agrund.com\/wp-content\/uploads\/sites\/6\/2015\/04\/h33_v16_022.jpg?fit=200%2C300&amp;ssl=1\" data-large-file=\"https:\/\/i0.wp.com\/agrund.com\/wp-content\/uploads\/sites\/6\/2015\/04\/h33_v16_022.jpg?fit=550%2C826&amp;ssl=1\" decoding=\"async\" loading=\"lazy\" class=\"size-full wp-image-128052\" src=\"https:\/\/i0.wp.com\/www.agrund.com\/wp-content\/uploads\/sites\/6\/2015\/04\/h33_v16_022.jpg?resize=550%2C826\" alt=\"Casa de Criadores :: Hangar 33 primavera-ver\u00e3o 2015\/16 \" width=\"550\" height=\"826\" srcset=\"https:\/\/i0.wp.com\/agrund.com\/wp-content\/uploads\/sites\/6\/2015\/04\/h33_v16_022.jpg?w=550&amp;ssl=1 550w, https:\/\/i0.wp.com\/agrund.com\/wp-content\/uploads\/sites\/6\/2015\/04\/h33_v16_022.jpg?resize=200%2C300&amp;ssl=1 200w\" sizes=\"(max-width: 550px) 100vw, 550px\" data-recalc-dims=\"1\" \/><\/a><p id=\"caption-attachment-128052\" class=\"wp-caption-text\">Casa de Criadores :: Hangar 33 primavera-ver\u00e3o 2015\/16<\/p><\/div>\n<p>Imagens: Divulga\u00e7\u00e3o\/ Marcelo Soubhia\/Ag\u00eancia Fotosite.<\/p>\n<p>&nbsp;<\/p>\n","protected":false},"excerpt":{"rendered":"<p>Igor Dadona apresenta duas cole\u00e7\u00f5es na Casa de Criadores: uma autoral, da marca que leva seu nome, e outra desenvolvida para a Hangar 33 \u2013 uma das marcas do grupo Lunelli, patrocinador do evento. Em sua etiqueta pr\u00f3pria, Igor voltou a mostrar o lado dark que tanto gosta para a primavera-ver\u00e3o 2015, dessa vez inspirado [&hellip;]<\/p>\n","protected":false},"author":8,"featured_media":128053,"comment_status":"open","ping_status":"open","sticky":false,"template":"","format":"standard","meta":{"jetpack_post_was_ever_published":false,"_jetpack_newsletter_access":"","jetpack_publicize_message":"Combo Casa de Criadores: veja as fotos dos desfiles de Igor Dadona e da Hangar 33! http:\/\/wp.me\/p3Hz0n-xiZ","jetpack_is_tweetstorm":false,"jetpack_publicize_feature_enabled":true,"jetpack_social_post_already_shared":true,"jetpack_social_options":{"image_generator_settings":{"template":"highway","enabled":false}}},"categories":[9,2],"tags":[],"jetpack_publicize_connections":[],"jetpack_featured_media_url":"https:\/\/i0.wp.com\/agrund.com\/wp-content\/uploads\/sites\/6\/2015\/04\/slide98.jpg?fit=960%2C300&ssl=1","jetpack_sharing_enabled":true,"jetpack_shortlink":"https:\/\/wp.me\/p3Hz0n-xiZ","jetpack_likes_enabled":true,"_links":{"self":[{"href":"https:\/\/agrund.com\/index.php\/wp-json\/wp\/v2\/posts\/128029"}],"collection":[{"href":"https:\/\/agrund.com\/index.php\/wp-json\/wp\/v2\/posts"}],"about":[{"href":"https:\/\/agrund.com\/index.php\/wp-json\/wp\/v2\/types\/post"}],"author":[{"embeddable":true,"href":"https:\/\/agrund.com\/index.php\/wp-json\/wp\/v2\/users\/8"}],"replies":[{"embeddable":true,"href":"https:\/\/agrund.com\/index.php\/wp-json\/wp\/v2\/comments?post=128029"}],"version-history":[{"count":0,"href":"https:\/\/agrund.com\/index.php\/wp-json\/wp\/v2\/posts\/128029\/revisions"}],"wp:featuredmedia":[{"embeddable":true,"href":"https:\/\/agrund.com\/index.php\/wp-json\/wp\/v2\/media\/128053"}],"wp:attachment":[{"href":"https:\/\/agrund.com\/index.php\/wp-json\/wp\/v2\/media?parent=128029"}],"wp:term":[{"taxonomy":"category","embeddable":true,"href":"https:\/\/agrund.com\/index.php\/wp-json\/wp\/v2\/categories?post=128029"},{"taxonomy":"post_tag","embeddable":true,"href":"https:\/\/agrund.com\/index.php\/wp-json\/wp\/v2\/tags?post=128029"}],"curies":[{"name":"wp","href":"https:\/\/api.w.org\/{rel}","templated":true}]}}