{"id":127999,"date":"2015-04-23T17:00:04","date_gmt":"2015-04-23T20:00:04","guid":{"rendered":"http:\/\/www.agrund.com\/?p=127999"},"modified":"2015-04-23T19:15:34","modified_gmt":"2015-04-23T22:15:34","slug":"casa-de-criadores-weider-silveiro-primavera-verao-201516","status":"publish","type":"post","link":"https:\/\/agrund.com\/index.php\/casa-de-criadores-weider-silveiro-primavera-verao-201516\/","title":{"rendered":"Casa de Criadores :: Weider Silveiro primavera-ver\u00e3o 2015\/16"},"content":{"rendered":"<p>Do grupo de estilistas que se apresentam na Casa de Criadores, Weider Silveiro se destaca como um dos que realmente vivem a moda: sem a pretens\u00e3o de se colocar como um designer, o interesse dele \u00e9 muito mais estudar a moda para ent\u00e3o explorar as formas e os significados das roupas. E o conceito dessa temporada surpreendeu: Weider explicou que a ideia para criar as pe\u00e7as surgiu da conviv\u00eancia de um dia inteiro em uma tribo ind\u00edgena. Durante uma viagem ao Chile, Weider disse que foi recebido de cara por uma \u00edndia que vestia saia envelope e sapatos masculinos &#8211; visual boyish que aparece em toda a cole\u00e7\u00e3o, dos sapatos \u00e0 camisaria listrada. Mas a riqueza cultural da tribo tamb\u00e9m abriu espa\u00e7o para roupas feitas em teares manuais, bordados \u00e9tnicos e paet\u00eas prateados que fazem refer\u00eancia \u00e0s obras de prata feitas pela tribo. O resultado? Uma s\u00e9rie de looks de qualidade que mais contam (\u00f3timas) hist\u00f3rias do que simplesmente se colocam como roupas para pendurar na arara de uma loja qualquer.<\/p>\n<div id=\"attachment_128000\" style=\"width: 560px\" class=\"wp-caption aligncenter\"><a href=\"https:\/\/i0.wp.com\/www.agrund.com\/wp-content\/uploads\/sites\/6\/2015\/04\/wsil_v16_003.jpg\"><img aria-describedby=\"caption-attachment-128000\" data-attachment-id=\"128000\" data-permalink=\"https:\/\/agrund.com\/index.php\/casa-de-criadores-weider-silveiro-primavera-verao-201516\/wsil_v16_003\/\" data-orig-file=\"https:\/\/i0.wp.com\/agrund.com\/wp-content\/uploads\/sites\/6\/2015\/04\/wsil_v16_003.jpg?fit=550%2C826&amp;ssl=1\" data-orig-size=\"550,826\" data-comments-opened=\"1\" data-image-meta=\"{&quot;aperture&quot;:&quot;0&quot;,&quot;credit&quot;:&quot;Marcelo Soubhia\\\/ Agencia Fotosit&quot;,&quot;camera&quot;:&quot;&quot;,&quot;caption&quot;:&quot;Weider Silverio\\r-Casa de Criadores\\rVer\\u00e3o 2016\\rFoto: Marcelo Soubhia\\\/ Ag\\u00eancia Fotosite&quot;,&quot;created_timestamp&quot;:&quot;1429749767&quot;,&quot;copyright&quot;:&quot;Marcelo Soubhia\\\/ Agencia Fotosite&quot;,&quot;focal_length&quot;:&quot;0&quot;,&quot;iso&quot;:&quot;0&quot;,&quot;shutter_speed&quot;:&quot;0&quot;,&quot;title&quot;:&quot;&quot;,&quot;orientation&quot;:&quot;0&quot;}\" data-image-title=\"Casa de Criadores :: Weider Silveiro primavera-ver\u00e3o 2015\/16\" data-image-description=\"&lt;p&gt;Weider Silverio&lt;br \/&gt;\n-Casa de Criadores&lt;br \/&gt;\nVer\u00e3o 2016&lt;br \/&gt;\nFoto: Marcelo Soubhia\/ Ag\u00eancia Fotosite&lt;\/p&gt;\n\" data-image-caption=\"&lt;p&gt;Casa de Criadores :: Weider Silveiro primavera-ver\u00e3o 2015\/16 &lt;\/p&gt;\n\" data-medium-file=\"https:\/\/i0.wp.com\/agrund.com\/wp-content\/uploads\/sites\/6\/2015\/04\/wsil_v16_003.jpg?fit=200%2C300&amp;ssl=1\" data-large-file=\"https:\/\/i0.wp.com\/agrund.com\/wp-content\/uploads\/sites\/6\/2015\/04\/wsil_v16_003.jpg?fit=550%2C826&amp;ssl=1\" decoding=\"async\" loading=\"lazy\" class=\"size-full wp-image-128000\" src=\"https:\/\/i0.wp.com\/www.agrund.com\/wp-content\/uploads\/sites\/6\/2015\/04\/wsil_v16_003.jpg?resize=550%2C826\" alt=\"Casa de Criadores :: Weider Silveiro primavera-ver\u00e3o 2015\/16 \" width=\"550\" height=\"826\" srcset=\"https:\/\/i0.wp.com\/agrund.com\/wp-content\/uploads\/sites\/6\/2015\/04\/wsil_v16_003.jpg?w=550&amp;ssl=1 550w, https:\/\/i0.wp.com\/agrund.com\/wp-content\/uploads\/sites\/6\/2015\/04\/wsil_v16_003.jpg?resize=200%2C300&amp;ssl=1 200w\" sizes=\"(max-width: 550px) 100vw, 550px\" data-recalc-dims=\"1\" \/><\/a><p id=\"caption-attachment-128000\" class=\"wp-caption-text\">Casa de Criadores :: Weider Silveiro primavera-ver\u00e3o 2015\/16<\/p><\/div>\n<div id=\"attachment_128001\" style=\"width: 560px\" class=\"wp-caption aligncenter\"><a href=\"https:\/\/i0.wp.com\/www.agrund.com\/wp-content\/uploads\/sites\/6\/2015\/04\/wsil_v16_006.jpg\"><img aria-describedby=\"caption-attachment-128001\" data-attachment-id=\"128001\" data-permalink=\"https:\/\/agrund.com\/index.php\/casa-de-criadores-weider-silveiro-primavera-verao-201516\/wsil_v16_006\/\" data-orig-file=\"https:\/\/i0.wp.com\/agrund.com\/wp-content\/uploads\/sites\/6\/2015\/04\/wsil_v16_006.jpg?fit=550%2C826&amp;ssl=1\" data-orig-size=\"550,826\" data-comments-opened=\"1\" data-image-meta=\"{&quot;aperture&quot;:&quot;0&quot;,&quot;credit&quot;:&quot;Marcelo Soubhia\\\/ Agencia Fotosit&quot;,&quot;camera&quot;:&quot;&quot;,&quot;caption&quot;:&quot;Weider Silverio\\r-Casa de Criadores\\rVer\\u00e3o 2016\\rFoto: Marcelo Soubhia\\\/ Ag\\u00eancia Fotosite&quot;,&quot;created_timestamp&quot;:&quot;1429749790&quot;,&quot;copyright&quot;:&quot;Marcelo Soubhia\\\/ Agencia Fotosite&quot;,&quot;focal_length&quot;:&quot;0&quot;,&quot;iso&quot;:&quot;0&quot;,&quot;shutter_speed&quot;:&quot;0&quot;,&quot;title&quot;:&quot;&quot;,&quot;orientation&quot;:&quot;0&quot;}\" data-image-title=\"Casa de Criadores :: Weider Silveiro primavera-ver\u00e3o 2015\/16\" data-image-description=\"&lt;p&gt;Weider Silverio&lt;br \/&gt;\n-Casa de Criadores&lt;br \/&gt;\nVer\u00e3o 2016&lt;br \/&gt;\nFoto: Marcelo Soubhia\/ Ag\u00eancia Fotosite&lt;\/p&gt;\n\" data-image-caption=\"&lt;p&gt;Casa de Criadores :: Weider Silveiro primavera-ver\u00e3o 2015\/16 &lt;\/p&gt;\n\" data-medium-file=\"https:\/\/i0.wp.com\/agrund.com\/wp-content\/uploads\/sites\/6\/2015\/04\/wsil_v16_006.jpg?fit=200%2C300&amp;ssl=1\" data-large-file=\"https:\/\/i0.wp.com\/agrund.com\/wp-content\/uploads\/sites\/6\/2015\/04\/wsil_v16_006.jpg?fit=550%2C826&amp;ssl=1\" decoding=\"async\" loading=\"lazy\" class=\"size-full wp-image-128001\" src=\"https:\/\/i0.wp.com\/www.agrund.com\/wp-content\/uploads\/sites\/6\/2015\/04\/wsil_v16_006.jpg?resize=550%2C826\" alt=\"Casa de Criadores :: Weider Silveiro primavera-ver\u00e3o 2015\/16 \" width=\"550\" height=\"826\" srcset=\"https:\/\/i0.wp.com\/agrund.com\/wp-content\/uploads\/sites\/6\/2015\/04\/wsil_v16_006.jpg?w=550&amp;ssl=1 550w, https:\/\/i0.wp.com\/agrund.com\/wp-content\/uploads\/sites\/6\/2015\/04\/wsil_v16_006.jpg?resize=200%2C300&amp;ssl=1 200w\" sizes=\"(max-width: 550px) 100vw, 550px\" data-recalc-dims=\"1\" \/><\/a><p id=\"caption-attachment-128001\" class=\"wp-caption-text\">Casa de Criadores :: Weider Silveiro primavera-ver\u00e3o 2015\/16<\/p><\/div>\n<div id=\"attachment_128004\" style=\"width: 560px\" class=\"wp-caption aligncenter\"><a href=\"https:\/\/i0.wp.com\/www.agrund.com\/wp-content\/uploads\/sites\/6\/2015\/04\/wsil_v16_013.jpg\"><img aria-describedby=\"caption-attachment-128004\" data-attachment-id=\"128004\" data-permalink=\"https:\/\/agrund.com\/index.php\/casa-de-criadores-weider-silveiro-primavera-verao-201516\/wsil_v16_013\/\" data-orig-file=\"https:\/\/i0.wp.com\/agrund.com\/wp-content\/uploads\/sites\/6\/2015\/04\/wsil_v16_013.jpg?fit=550%2C826&amp;ssl=1\" data-orig-size=\"550,826\" data-comments-opened=\"1\" data-image-meta=\"{&quot;aperture&quot;:&quot;0&quot;,&quot;credit&quot;:&quot;Marcelo Soubhia\\\/ Agencia Fotosit&quot;,&quot;camera&quot;:&quot;&quot;,&quot;caption&quot;:&quot;Weider Silverio\\r-Casa de Criadores\\rVer\\u00e3o 2016\\rFoto: Marcelo Soubhia\\\/ Ag\\u00eancia Fotosite&quot;,&quot;created_timestamp&quot;:&quot;1429749849&quot;,&quot;copyright&quot;:&quot;Marcelo Soubhia\\\/ Agencia Fotosite&quot;,&quot;focal_length&quot;:&quot;0&quot;,&quot;iso&quot;:&quot;0&quot;,&quot;shutter_speed&quot;:&quot;0&quot;,&quot;title&quot;:&quot;&quot;,&quot;orientation&quot;:&quot;0&quot;}\" data-image-title=\"Casa de Criadores :: Weider Silveiro primavera-ver\u00e3o 2015\/16\" data-image-description=\"&lt;p&gt;Weider Silverio&lt;br \/&gt;\n-Casa de Criadores&lt;br \/&gt;\nVer\u00e3o 2016&lt;br \/&gt;\nFoto: Marcelo Soubhia\/ Ag\u00eancia Fotosite&lt;\/p&gt;\n\" data-image-caption=\"&lt;p&gt;Casa de Criadores :: Weider Silveiro primavera-ver\u00e3o 2015\/16 &lt;\/p&gt;\n\" data-medium-file=\"https:\/\/i0.wp.com\/agrund.com\/wp-content\/uploads\/sites\/6\/2015\/04\/wsil_v16_013.jpg?fit=200%2C300&amp;ssl=1\" data-large-file=\"https:\/\/i0.wp.com\/agrund.com\/wp-content\/uploads\/sites\/6\/2015\/04\/wsil_v16_013.jpg?fit=550%2C826&amp;ssl=1\" decoding=\"async\" loading=\"lazy\" class=\"size-full wp-image-128004\" src=\"https:\/\/i0.wp.com\/www.agrund.com\/wp-content\/uploads\/sites\/6\/2015\/04\/wsil_v16_013.jpg?resize=550%2C826\" alt=\"Casa de Criadores :: Weider Silveiro primavera-ver\u00e3o 2015\/16 \" width=\"550\" height=\"826\" srcset=\"https:\/\/i0.wp.com\/agrund.com\/wp-content\/uploads\/sites\/6\/2015\/04\/wsil_v16_013.jpg?w=550&amp;ssl=1 550w, https:\/\/i0.wp.com\/agrund.com\/wp-content\/uploads\/sites\/6\/2015\/04\/wsil_v16_013.jpg?resize=200%2C300&amp;ssl=1 200w\" sizes=\"(max-width: 550px) 100vw, 550px\" data-recalc-dims=\"1\" \/><\/a><p id=\"caption-attachment-128004\" class=\"wp-caption-text\">Casa de Criadores :: Weider Silveiro primavera-ver\u00e3o 2015\/16<\/p><\/div>\n<div id=\"attachment_128005\" style=\"width: 560px\" class=\"wp-caption aligncenter\"><a href=\"https:\/\/i0.wp.com\/www.agrund.com\/wp-content\/uploads\/sites\/6\/2015\/04\/wsil_v16_016.jpg\"><img aria-describedby=\"caption-attachment-128005\" data-attachment-id=\"128005\" data-permalink=\"https:\/\/agrund.com\/index.php\/casa-de-criadores-weider-silveiro-primavera-verao-201516\/wsil_v16_016\/\" data-orig-file=\"https:\/\/i0.wp.com\/agrund.com\/wp-content\/uploads\/sites\/6\/2015\/04\/wsil_v16_016.jpg?fit=550%2C826&amp;ssl=1\" data-orig-size=\"550,826\" data-comments-opened=\"1\" data-image-meta=\"{&quot;aperture&quot;:&quot;0&quot;,&quot;credit&quot;:&quot;Marcelo Soubhia\\\/ Agencia Fotosit&quot;,&quot;camera&quot;:&quot;&quot;,&quot;caption&quot;:&quot;Weider Silverio\\r-Casa de Criadores\\rVer\\u00e3o 2016\\rFoto: Marcelo Soubhia\\\/ Ag\\u00eancia Fotosite&quot;,&quot;created_timestamp&quot;:&quot;1429749865&quot;,&quot;copyright&quot;:&quot;Marcelo Soubhia\\\/ Agencia Fotosite&quot;,&quot;focal_length&quot;:&quot;0&quot;,&quot;iso&quot;:&quot;0&quot;,&quot;shutter_speed&quot;:&quot;0&quot;,&quot;title&quot;:&quot;&quot;,&quot;orientation&quot;:&quot;0&quot;}\" data-image-title=\"Casa de Criadores :: Weider Silveiro primavera-ver\u00e3o 2015\/16\" data-image-description=\"&lt;p&gt;Weider Silverio&lt;br \/&gt;\n-Casa de Criadores&lt;br \/&gt;\nVer\u00e3o 2016&lt;br \/&gt;\nFoto: Marcelo Soubhia\/ Ag\u00eancia Fotosite&lt;\/p&gt;\n\" data-image-caption=\"&lt;p&gt;Casa de Criadores :: Weider Silveiro primavera-ver\u00e3o 2015\/16 &lt;\/p&gt;\n\" data-medium-file=\"https:\/\/i0.wp.com\/agrund.com\/wp-content\/uploads\/sites\/6\/2015\/04\/wsil_v16_016.jpg?fit=200%2C300&amp;ssl=1\" data-large-file=\"https:\/\/i0.wp.com\/agrund.com\/wp-content\/uploads\/sites\/6\/2015\/04\/wsil_v16_016.jpg?fit=550%2C826&amp;ssl=1\" decoding=\"async\" loading=\"lazy\" class=\"size-full wp-image-128005\" src=\"https:\/\/i0.wp.com\/www.agrund.com\/wp-content\/uploads\/sites\/6\/2015\/04\/wsil_v16_016.jpg?resize=550%2C826\" alt=\"Casa de Criadores :: Weider Silveiro primavera-ver\u00e3o 2015\/16 \" width=\"550\" height=\"826\" srcset=\"https:\/\/i0.wp.com\/agrund.com\/wp-content\/uploads\/sites\/6\/2015\/04\/wsil_v16_016.jpg?w=550&amp;ssl=1 550w, https:\/\/i0.wp.com\/agrund.com\/wp-content\/uploads\/sites\/6\/2015\/04\/wsil_v16_016.jpg?resize=200%2C300&amp;ssl=1 200w\" sizes=\"(max-width: 550px) 100vw, 550px\" data-recalc-dims=\"1\" \/><\/a><p id=\"caption-attachment-128005\" class=\"wp-caption-text\">Casa de Criadores :: Weider Silveiro primavera-ver\u00e3o 2015\/16<\/p><\/div>\n<div id=\"attachment_128006\" style=\"width: 560px\" class=\"wp-caption aligncenter\"><a href=\"https:\/\/i0.wp.com\/www.agrund.com\/wp-content\/uploads\/sites\/6\/2015\/04\/wsil_v16_018.jpg\"><img aria-describedby=\"caption-attachment-128006\" data-attachment-id=\"128006\" data-permalink=\"https:\/\/agrund.com\/index.php\/casa-de-criadores-weider-silveiro-primavera-verao-201516\/wsil_v16_018\/\" data-orig-file=\"https:\/\/i0.wp.com\/agrund.com\/wp-content\/uploads\/sites\/6\/2015\/04\/wsil_v16_018.jpg?fit=550%2C826&amp;ssl=1\" data-orig-size=\"550,826\" data-comments-opened=\"1\" data-image-meta=\"{&quot;aperture&quot;:&quot;0&quot;,&quot;credit&quot;:&quot;Marcelo Soubhia\\\/ Agencia Fotosit&quot;,&quot;camera&quot;:&quot;&quot;,&quot;caption&quot;:&quot;Weider Silverio\\r-Casa de Criadores\\rVer\\u00e3o 2016\\rFoto: Marcelo Soubhia\\\/ Ag\\u00eancia Fotosite&quot;,&quot;created_timestamp&quot;:&quot;1429749884&quot;,&quot;copyright&quot;:&quot;Marcelo Soubhia\\\/ Agencia Fotosite&quot;,&quot;focal_length&quot;:&quot;0&quot;,&quot;iso&quot;:&quot;0&quot;,&quot;shutter_speed&quot;:&quot;0&quot;,&quot;title&quot;:&quot;&quot;,&quot;orientation&quot;:&quot;0&quot;}\" data-image-title=\"Casa de Criadores :: Weider Silveiro primavera-ver\u00e3o 2015\/16\" data-image-description=\"&lt;p&gt;Weider Silverio&lt;br \/&gt;\n-Casa de Criadores&lt;br \/&gt;\nVer\u00e3o 2016&lt;br \/&gt;\nFoto: Marcelo Soubhia\/ Ag\u00eancia Fotosite&lt;\/p&gt;\n\" data-image-caption=\"&lt;p&gt;Casa de Criadores :: Weider Silveiro primavera-ver\u00e3o 2015\/16 &lt;\/p&gt;\n\" data-medium-file=\"https:\/\/i0.wp.com\/agrund.com\/wp-content\/uploads\/sites\/6\/2015\/04\/wsil_v16_018.jpg?fit=200%2C300&amp;ssl=1\" data-large-file=\"https:\/\/i0.wp.com\/agrund.com\/wp-content\/uploads\/sites\/6\/2015\/04\/wsil_v16_018.jpg?fit=550%2C826&amp;ssl=1\" decoding=\"async\" loading=\"lazy\" class=\"size-full wp-image-128006\" src=\"https:\/\/i0.wp.com\/www.agrund.com\/wp-content\/uploads\/sites\/6\/2015\/04\/wsil_v16_018.jpg?resize=550%2C826\" alt=\"Casa de Criadores :: Weider Silveiro primavera-ver\u00e3o 2015\/16 \" width=\"550\" height=\"826\" srcset=\"https:\/\/i0.wp.com\/agrund.com\/wp-content\/uploads\/sites\/6\/2015\/04\/wsil_v16_018.jpg?w=550&amp;ssl=1 550w, https:\/\/i0.wp.com\/agrund.com\/wp-content\/uploads\/sites\/6\/2015\/04\/wsil_v16_018.jpg?resize=200%2C300&amp;ssl=1 200w\" sizes=\"(max-width: 550px) 100vw, 550px\" data-recalc-dims=\"1\" \/><\/a><p id=\"caption-attachment-128006\" class=\"wp-caption-text\">Casa de Criadores :: Weider Silveiro primavera-ver\u00e3o 2015\/16<\/p><\/div>\n<div id=\"attachment_128008\" style=\"width: 560px\" class=\"wp-caption aligncenter\"><a href=\"https:\/\/i0.wp.com\/www.agrund.com\/wp-content\/uploads\/sites\/6\/2015\/04\/wsil_v16_023.jpg\"><img aria-describedby=\"caption-attachment-128008\" data-attachment-id=\"128008\" data-permalink=\"https:\/\/agrund.com\/index.php\/casa-de-criadores-weider-silveiro-primavera-verao-201516\/wsil_v16_023\/\" data-orig-file=\"https:\/\/i0.wp.com\/agrund.com\/wp-content\/uploads\/sites\/6\/2015\/04\/wsil_v16_023.jpg?fit=550%2C826&amp;ssl=1\" data-orig-size=\"550,826\" data-comments-opened=\"1\" data-image-meta=\"{&quot;aperture&quot;:&quot;0&quot;,&quot;credit&quot;:&quot;Marcelo Soubhia\\\/ Agencia Fotosit&quot;,&quot;camera&quot;:&quot;&quot;,&quot;caption&quot;:&quot;Weider Silverio\\r-Casa de Criadores\\rVer\\u00e3o 2016\\rFoto: Marcelo Soubhia\\\/ Ag\\u00eancia Fotosite&quot;,&quot;created_timestamp&quot;:&quot;1429749918&quot;,&quot;copyright&quot;:&quot;Marcelo Soubhia\\\/ Agencia Fotosite&quot;,&quot;focal_length&quot;:&quot;0&quot;,&quot;iso&quot;:&quot;0&quot;,&quot;shutter_speed&quot;:&quot;0&quot;,&quot;title&quot;:&quot;&quot;,&quot;orientation&quot;:&quot;0&quot;}\" data-image-title=\"Casa de Criadores :: Weider Silveiro primavera-ver\u00e3o 2015\/16\" data-image-description=\"&lt;p&gt;Weider Silverio&lt;br \/&gt;\n-Casa de Criadores&lt;br \/&gt;\nVer\u00e3o 2016&lt;br \/&gt;\nFoto: Marcelo Soubhia\/ Ag\u00eancia Fotosite&lt;\/p&gt;\n\" data-image-caption=\"&lt;p&gt;Casa de Criadores :: Weider Silveiro primavera-ver\u00e3o 2015\/16 &lt;\/p&gt;\n\" data-medium-file=\"https:\/\/i0.wp.com\/agrund.com\/wp-content\/uploads\/sites\/6\/2015\/04\/wsil_v16_023.jpg?fit=200%2C300&amp;ssl=1\" data-large-file=\"https:\/\/i0.wp.com\/agrund.com\/wp-content\/uploads\/sites\/6\/2015\/04\/wsil_v16_023.jpg?fit=550%2C826&amp;ssl=1\" decoding=\"async\" loading=\"lazy\" class=\"size-full wp-image-128008\" src=\"https:\/\/i0.wp.com\/www.agrund.com\/wp-content\/uploads\/sites\/6\/2015\/04\/wsil_v16_023.jpg?resize=550%2C826\" alt=\"Casa de Criadores :: Weider Silveiro primavera-ver\u00e3o 2015\/16 \" width=\"550\" height=\"826\" srcset=\"https:\/\/i0.wp.com\/agrund.com\/wp-content\/uploads\/sites\/6\/2015\/04\/wsil_v16_023.jpg?w=550&amp;ssl=1 550w, https:\/\/i0.wp.com\/agrund.com\/wp-content\/uploads\/sites\/6\/2015\/04\/wsil_v16_023.jpg?resize=200%2C300&amp;ssl=1 200w\" sizes=\"(max-width: 550px) 100vw, 550px\" data-recalc-dims=\"1\" \/><\/a><p id=\"caption-attachment-128008\" class=\"wp-caption-text\">Casa de Criadores :: Weider Silveiro primavera-ver\u00e3o 2015\/16<\/p><\/div>\n<div id=\"attachment_128009\" style=\"width: 560px\" class=\"wp-caption aligncenter\"><a href=\"https:\/\/i0.wp.com\/www.agrund.com\/wp-content\/uploads\/sites\/6\/2015\/04\/wsil_v16_026.jpg\"><img aria-describedby=\"caption-attachment-128009\" data-attachment-id=\"128009\" data-permalink=\"https:\/\/agrund.com\/index.php\/casa-de-criadores-weider-silveiro-primavera-verao-201516\/wsil_v16_026\/\" data-orig-file=\"https:\/\/i0.wp.com\/agrund.com\/wp-content\/uploads\/sites\/6\/2015\/04\/wsil_v16_026.jpg?fit=550%2C826&amp;ssl=1\" data-orig-size=\"550,826\" data-comments-opened=\"1\" data-image-meta=\"{&quot;aperture&quot;:&quot;0&quot;,&quot;credit&quot;:&quot;Marcelo Soubhia\\\/ Agencia Fotosit&quot;,&quot;camera&quot;:&quot;&quot;,&quot;caption&quot;:&quot;Weider Silverio\\r-Casa de Criadores\\rVer\\u00e3o 2016\\rFoto: Marcelo Soubhia\\\/ Ag\\u00eancia Fotosite&quot;,&quot;created_timestamp&quot;:&quot;1429749932&quot;,&quot;copyright&quot;:&quot;Marcelo Soubhia\\\/ Agencia Fotosite&quot;,&quot;focal_length&quot;:&quot;0&quot;,&quot;iso&quot;:&quot;0&quot;,&quot;shutter_speed&quot;:&quot;0&quot;,&quot;title&quot;:&quot;&quot;,&quot;orientation&quot;:&quot;0&quot;}\" data-image-title=\"Casa de Criadores :: Weider Silveiro primavera-ver\u00e3o 2015\/16\" data-image-description=\"&lt;p&gt;Weider Silverio&lt;br \/&gt;\n-Casa de Criadores&lt;br \/&gt;\nVer\u00e3o 2016&lt;br \/&gt;\nFoto: Marcelo Soubhia\/ Ag\u00eancia Fotosite&lt;\/p&gt;\n\" data-image-caption=\"&lt;p&gt;Casa de Criadores :: Weider Silveiro primavera-ver\u00e3o 2015\/16 &lt;\/p&gt;\n\" data-medium-file=\"https:\/\/i0.wp.com\/agrund.com\/wp-content\/uploads\/sites\/6\/2015\/04\/wsil_v16_026.jpg?fit=200%2C300&amp;ssl=1\" data-large-file=\"https:\/\/i0.wp.com\/agrund.com\/wp-content\/uploads\/sites\/6\/2015\/04\/wsil_v16_026.jpg?fit=550%2C826&amp;ssl=1\" decoding=\"async\" loading=\"lazy\" class=\"size-full wp-image-128009\" src=\"https:\/\/i0.wp.com\/www.agrund.com\/wp-content\/uploads\/sites\/6\/2015\/04\/wsil_v16_026.jpg?resize=550%2C826\" alt=\"Casa de Criadores :: Weider Silveiro primavera-ver\u00e3o 2015\/16 \" width=\"550\" height=\"826\" srcset=\"https:\/\/i0.wp.com\/agrund.com\/wp-content\/uploads\/sites\/6\/2015\/04\/wsil_v16_026.jpg?w=550&amp;ssl=1 550w, https:\/\/i0.wp.com\/agrund.com\/wp-content\/uploads\/sites\/6\/2015\/04\/wsil_v16_026.jpg?resize=200%2C300&amp;ssl=1 200w\" sizes=\"(max-width: 550px) 100vw, 550px\" data-recalc-dims=\"1\" \/><\/a><p id=\"caption-attachment-128009\" class=\"wp-caption-text\">Casa de Criadores :: Weider Silveiro primavera-ver\u00e3o 2015\/16<\/p><\/div>\n<div id=\"attachment_128011\" style=\"width: 560px\" class=\"wp-caption aligncenter\"><a href=\"https:\/\/i0.wp.com\/www.agrund.com\/wp-content\/uploads\/sites\/6\/2015\/04\/wsil_v16_031.jpg\"><img aria-describedby=\"caption-attachment-128011\" data-attachment-id=\"128011\" data-permalink=\"https:\/\/agrund.com\/index.php\/casa-de-criadores-weider-silveiro-primavera-verao-201516\/wsil_v16_031\/\" data-orig-file=\"https:\/\/i0.wp.com\/agrund.com\/wp-content\/uploads\/sites\/6\/2015\/04\/wsil_v16_031.jpg?fit=550%2C826&amp;ssl=1\" data-orig-size=\"550,826\" data-comments-opened=\"1\" data-image-meta=\"{&quot;aperture&quot;:&quot;0&quot;,&quot;credit&quot;:&quot;Marcelo Soubhia\\\/ Agencia Fotosit&quot;,&quot;camera&quot;:&quot;&quot;,&quot;caption&quot;:&quot;Weider Silverio\\r-Casa de Criadores\\rVer\\u00e3o 2016\\rFoto: Marcelo Soubhia\\\/ Ag\\u00eancia Fotosite&quot;,&quot;created_timestamp&quot;:&quot;1429749966&quot;,&quot;copyright&quot;:&quot;Marcelo Soubhia\\\/ Agencia Fotosite&quot;,&quot;focal_length&quot;:&quot;0&quot;,&quot;iso&quot;:&quot;0&quot;,&quot;shutter_speed&quot;:&quot;0&quot;,&quot;title&quot;:&quot;&quot;,&quot;orientation&quot;:&quot;0&quot;}\" data-image-title=\"Casa de Criadores :: Weider Silveiro primavera-ver\u00e3o 2015\/16\" data-image-description=\"&lt;p&gt;Weider Silverio&lt;br \/&gt;\n-Casa de Criadores&lt;br \/&gt;\nVer\u00e3o 2016&lt;br \/&gt;\nFoto: Marcelo Soubhia\/ Ag\u00eancia Fotosite&lt;\/p&gt;\n\" data-image-caption=\"&lt;p&gt;Casa de Criadores :: Weider Silveiro primavera-ver\u00e3o 2015\/16 &lt;\/p&gt;\n\" data-medium-file=\"https:\/\/i0.wp.com\/agrund.com\/wp-content\/uploads\/sites\/6\/2015\/04\/wsil_v16_031.jpg?fit=200%2C300&amp;ssl=1\" data-large-file=\"https:\/\/i0.wp.com\/agrund.com\/wp-content\/uploads\/sites\/6\/2015\/04\/wsil_v16_031.jpg?fit=550%2C826&amp;ssl=1\" decoding=\"async\" loading=\"lazy\" class=\"size-full wp-image-128011\" src=\"https:\/\/i0.wp.com\/www.agrund.com\/wp-content\/uploads\/sites\/6\/2015\/04\/wsil_v16_031.jpg?resize=550%2C826\" alt=\"Casa de Criadores :: Weider Silveiro primavera-ver\u00e3o 2015\/16 \" width=\"550\" height=\"826\" srcset=\"https:\/\/i0.wp.com\/agrund.com\/wp-content\/uploads\/sites\/6\/2015\/04\/wsil_v16_031.jpg?w=550&amp;ssl=1 550w, https:\/\/i0.wp.com\/agrund.com\/wp-content\/uploads\/sites\/6\/2015\/04\/wsil_v16_031.jpg?resize=200%2C300&amp;ssl=1 200w\" sizes=\"(max-width: 550px) 100vw, 550px\" data-recalc-dims=\"1\" \/><\/a><p id=\"caption-attachment-128011\" class=\"wp-caption-text\">Casa de Criadores :: Weider Silveiro primavera-ver\u00e3o 2015\/16<\/p><\/div>\n<div id=\"attachment_128012\" style=\"width: 560px\" class=\"wp-caption aligncenter\"><a href=\"https:\/\/i0.wp.com\/www.agrund.com\/wp-content\/uploads\/sites\/6\/2015\/04\/wsil_v16_035.jpg\"><img aria-describedby=\"caption-attachment-128012\" data-attachment-id=\"128012\" data-permalink=\"https:\/\/agrund.com\/index.php\/casa-de-criadores-weider-silveiro-primavera-verao-201516\/wsil_v16_035\/\" data-orig-file=\"https:\/\/i0.wp.com\/agrund.com\/wp-content\/uploads\/sites\/6\/2015\/04\/wsil_v16_035.jpg?fit=550%2C826&amp;ssl=1\" data-orig-size=\"550,826\" data-comments-opened=\"1\" data-image-meta=\"{&quot;aperture&quot;:&quot;0&quot;,&quot;credit&quot;:&quot;Marcelo Soubhia\\\/ Agencia Fotosit&quot;,&quot;camera&quot;:&quot;&quot;,&quot;caption&quot;:&quot;Weider Silverio\\r-Casa de Criadores\\rVer\\u00e3o 2016\\rFoto: Marcelo Soubhia\\\/ Ag\\u00eancia Fotosite&quot;,&quot;created_timestamp&quot;:&quot;1429749983&quot;,&quot;copyright&quot;:&quot;Marcelo Soubhia\\\/ Agencia Fotosite&quot;,&quot;focal_length&quot;:&quot;0&quot;,&quot;iso&quot;:&quot;0&quot;,&quot;shutter_speed&quot;:&quot;0&quot;,&quot;title&quot;:&quot;&quot;,&quot;orientation&quot;:&quot;0&quot;}\" data-image-title=\"Casa de Criadores :: Weider Silveiro primavera-ver\u00e3o 2015\/16\" data-image-description=\"&lt;p&gt;Weider Silverio&lt;br \/&gt;\n-Casa de Criadores&lt;br \/&gt;\nVer\u00e3o 2016&lt;br \/&gt;\nFoto: Marcelo Soubhia\/ Ag\u00eancia Fotosite&lt;\/p&gt;\n\" data-image-caption=\"&lt;p&gt;Casa de Criadores :: Weider Silveiro primavera-ver\u00e3o 2015\/16 &lt;\/p&gt;\n\" data-medium-file=\"https:\/\/i0.wp.com\/agrund.com\/wp-content\/uploads\/sites\/6\/2015\/04\/wsil_v16_035.jpg?fit=200%2C300&amp;ssl=1\" data-large-file=\"https:\/\/i0.wp.com\/agrund.com\/wp-content\/uploads\/sites\/6\/2015\/04\/wsil_v16_035.jpg?fit=550%2C826&amp;ssl=1\" decoding=\"async\" loading=\"lazy\" class=\"size-full wp-image-128012\" src=\"https:\/\/i0.wp.com\/www.agrund.com\/wp-content\/uploads\/sites\/6\/2015\/04\/wsil_v16_035.jpg?resize=550%2C826\" alt=\"Casa de Criadores :: Weider Silveiro primavera-ver\u00e3o 2015\/16 \" width=\"550\" height=\"826\" srcset=\"https:\/\/i0.wp.com\/agrund.com\/wp-content\/uploads\/sites\/6\/2015\/04\/wsil_v16_035.jpg?w=550&amp;ssl=1 550w, https:\/\/i0.wp.com\/agrund.com\/wp-content\/uploads\/sites\/6\/2015\/04\/wsil_v16_035.jpg?resize=200%2C300&amp;ssl=1 200w\" sizes=\"(max-width: 550px) 100vw, 550px\" data-recalc-dims=\"1\" \/><\/a><p id=\"caption-attachment-128012\" class=\"wp-caption-text\">Casa de Criadores :: Weider Silveiro primavera-ver\u00e3o 2015\/16<\/p><\/div>\n<div id=\"attachment_128014\" style=\"width: 560px\" class=\"wp-caption aligncenter\"><a href=\"https:\/\/i0.wp.com\/www.agrund.com\/wp-content\/uploads\/sites\/6\/2015\/04\/wsil_v16_039.jpg\"><img aria-describedby=\"caption-attachment-128014\" data-attachment-id=\"128014\" data-permalink=\"https:\/\/agrund.com\/index.php\/casa-de-criadores-weider-silveiro-primavera-verao-201516\/wsil_v16_039\/\" data-orig-file=\"https:\/\/i0.wp.com\/agrund.com\/wp-content\/uploads\/sites\/6\/2015\/04\/wsil_v16_039.jpg?fit=550%2C826&amp;ssl=1\" data-orig-size=\"550,826\" data-comments-opened=\"1\" data-image-meta=\"{&quot;aperture&quot;:&quot;0&quot;,&quot;credit&quot;:&quot;Marcelo Soubhia\\\/ Agencia Fotosit&quot;,&quot;camera&quot;:&quot;&quot;,&quot;caption&quot;:&quot;Weider Silverio\\r-Casa de Criadores\\rVer\\u00e3o 2016\\rFoto: Marcelo Soubhia\\\/ Ag\\u00eancia Fotosite&quot;,&quot;created_timestamp&quot;:&quot;1429750016&quot;,&quot;copyright&quot;:&quot;Marcelo Soubhia\\\/ Agencia Fotosite&quot;,&quot;focal_length&quot;:&quot;0&quot;,&quot;iso&quot;:&quot;0&quot;,&quot;shutter_speed&quot;:&quot;0&quot;,&quot;title&quot;:&quot;&quot;,&quot;orientation&quot;:&quot;0&quot;}\" data-image-title=\"Casa de Criadores :: Weider Silveiro primavera-ver\u00e3o 2015\/16\" data-image-description=\"&lt;p&gt;Weider Silverio&lt;br \/&gt;\n-Casa de Criadores&lt;br \/&gt;\nVer\u00e3o 2016&lt;br \/&gt;\nFoto: Marcelo Soubhia\/ Ag\u00eancia Fotosite&lt;\/p&gt;\n\" data-image-caption=\"&lt;p&gt;Casa de Criadores :: Weider Silveiro primavera-ver\u00e3o 2015\/16 &lt;\/p&gt;\n\" data-medium-file=\"https:\/\/i0.wp.com\/agrund.com\/wp-content\/uploads\/sites\/6\/2015\/04\/wsil_v16_039.jpg?fit=200%2C300&amp;ssl=1\" data-large-file=\"https:\/\/i0.wp.com\/agrund.com\/wp-content\/uploads\/sites\/6\/2015\/04\/wsil_v16_039.jpg?fit=550%2C826&amp;ssl=1\" decoding=\"async\" loading=\"lazy\" class=\"size-full wp-image-128014\" src=\"https:\/\/i0.wp.com\/www.agrund.com\/wp-content\/uploads\/sites\/6\/2015\/04\/wsil_v16_039.jpg?resize=550%2C826\" alt=\"Casa de Criadores :: Weider Silveiro primavera-ver\u00e3o 2015\/16 \" width=\"550\" height=\"826\" srcset=\"https:\/\/i0.wp.com\/agrund.com\/wp-content\/uploads\/sites\/6\/2015\/04\/wsil_v16_039.jpg?w=550&amp;ssl=1 550w, https:\/\/i0.wp.com\/agrund.com\/wp-content\/uploads\/sites\/6\/2015\/04\/wsil_v16_039.jpg?resize=200%2C300&amp;ssl=1 200w\" sizes=\"(max-width: 550px) 100vw, 550px\" data-recalc-dims=\"1\" \/><\/a><p id=\"caption-attachment-128014\" class=\"wp-caption-text\">Casa de Criadores :: Weider Silveiro primavera-ver\u00e3o 2015\/16<\/p><\/div>\n<div id=\"attachment_128015\" style=\"width: 560px\" class=\"wp-caption aligncenter\"><a href=\"https:\/\/i0.wp.com\/www.agrund.com\/wp-content\/uploads\/sites\/6\/2015\/04\/wsil_v16_042.jpg\"><img aria-describedby=\"caption-attachment-128015\" data-attachment-id=\"128015\" data-permalink=\"https:\/\/agrund.com\/index.php\/casa-de-criadores-weider-silveiro-primavera-verao-201516\/wsil_v16_042\/\" data-orig-file=\"https:\/\/i0.wp.com\/agrund.com\/wp-content\/uploads\/sites\/6\/2015\/04\/wsil_v16_042.jpg?fit=550%2C826&amp;ssl=1\" data-orig-size=\"550,826\" data-comments-opened=\"1\" data-image-meta=\"{&quot;aperture&quot;:&quot;0&quot;,&quot;credit&quot;:&quot;Marcelo Soubhia\\\/ Agencia Fotosit&quot;,&quot;camera&quot;:&quot;&quot;,&quot;caption&quot;:&quot;Weider Silverio\\r-Casa de Criadores\\rVer\\u00e3o 2016\\rFoto: Marcelo Soubhia\\\/ Ag\\u00eancia Fotosite&quot;,&quot;created_timestamp&quot;:&quot;1429750034&quot;,&quot;copyright&quot;:&quot;Marcelo Soubhia\\\/ Agencia Fotosite&quot;,&quot;focal_length&quot;:&quot;0&quot;,&quot;iso&quot;:&quot;0&quot;,&quot;shutter_speed&quot;:&quot;0&quot;,&quot;title&quot;:&quot;&quot;,&quot;orientation&quot;:&quot;0&quot;}\" data-image-title=\"Casa de Criadores :: Weider Silveiro primavera-ver\u00e3o 2015\/16\" data-image-description=\"&lt;p&gt;Weider Silverio&lt;br \/&gt;\n-Casa de Criadores&lt;br \/&gt;\nVer\u00e3o 2016&lt;br \/&gt;\nFoto: Marcelo Soubhia\/ Ag\u00eancia Fotosite&lt;\/p&gt;\n\" data-image-caption=\"&lt;p&gt;Casa de Criadores :: Weider Silveiro primavera-ver\u00e3o 2015\/16 &lt;\/p&gt;\n\" data-medium-file=\"https:\/\/i0.wp.com\/agrund.com\/wp-content\/uploads\/sites\/6\/2015\/04\/wsil_v16_042.jpg?fit=200%2C300&amp;ssl=1\" data-large-file=\"https:\/\/i0.wp.com\/agrund.com\/wp-content\/uploads\/sites\/6\/2015\/04\/wsil_v16_042.jpg?fit=550%2C826&amp;ssl=1\" decoding=\"async\" loading=\"lazy\" class=\"size-full wp-image-128015\" src=\"https:\/\/i0.wp.com\/www.agrund.com\/wp-content\/uploads\/sites\/6\/2015\/04\/wsil_v16_042.jpg?resize=550%2C826\" alt=\"Casa de Criadores :: Weider Silveiro primavera-ver\u00e3o 2015\/16 \" width=\"550\" height=\"826\" srcset=\"https:\/\/i0.wp.com\/agrund.com\/wp-content\/uploads\/sites\/6\/2015\/04\/wsil_v16_042.jpg?w=550&amp;ssl=1 550w, https:\/\/i0.wp.com\/agrund.com\/wp-content\/uploads\/sites\/6\/2015\/04\/wsil_v16_042.jpg?resize=200%2C300&amp;ssl=1 200w\" sizes=\"(max-width: 550px) 100vw, 550px\" data-recalc-dims=\"1\" \/><\/a><p id=\"caption-attachment-128015\" class=\"wp-caption-text\">Casa de Criadores :: Weider Silveiro primavera-ver\u00e3o 2015\/16<\/p><\/div>\n<div id=\"attachment_128016\" style=\"width: 560px\" class=\"wp-caption aligncenter\"><a href=\"https:\/\/i0.wp.com\/www.agrund.com\/wp-content\/uploads\/sites\/6\/2015\/04\/wsil_v16_044.jpg\"><img aria-describedby=\"caption-attachment-128016\" data-attachment-id=\"128016\" data-permalink=\"https:\/\/agrund.com\/index.php\/casa-de-criadores-weider-silveiro-primavera-verao-201516\/wsil_v16_044\/\" data-orig-file=\"https:\/\/i0.wp.com\/agrund.com\/wp-content\/uploads\/sites\/6\/2015\/04\/wsil_v16_044.jpg?fit=550%2C826&amp;ssl=1\" data-orig-size=\"550,826\" data-comments-opened=\"1\" data-image-meta=\"{&quot;aperture&quot;:&quot;0&quot;,&quot;credit&quot;:&quot;Marcelo Soubhia\\\/ Agencia Fotosit&quot;,&quot;camera&quot;:&quot;&quot;,&quot;caption&quot;:&quot;Weider Silverio\\r-Casa de Criadores\\rVer\\u00e3o 2016\\rFoto: Marcelo Soubhia\\\/ Ag\\u00eancia Fotosite&quot;,&quot;created_timestamp&quot;:&quot;1429750052&quot;,&quot;copyright&quot;:&quot;Marcelo Soubhia\\\/ Agencia Fotosite&quot;,&quot;focal_length&quot;:&quot;0&quot;,&quot;iso&quot;:&quot;0&quot;,&quot;shutter_speed&quot;:&quot;0&quot;,&quot;title&quot;:&quot;&quot;,&quot;orientation&quot;:&quot;0&quot;}\" data-image-title=\"Casa de Criadores :: Weider Silveiro primavera-ver\u00e3o 2015\/16\" data-image-description=\"&lt;p&gt;Weider Silverio&lt;br \/&gt;\n-Casa de Criadores&lt;br \/&gt;\nVer\u00e3o 2016&lt;br \/&gt;\nFoto: Marcelo Soubhia\/ Ag\u00eancia Fotosite&lt;\/p&gt;\n\" data-image-caption=\"&lt;p&gt;Casa de Criadores :: Weider Silveiro primavera-ver\u00e3o 2015\/16 &lt;\/p&gt;\n\" data-medium-file=\"https:\/\/i0.wp.com\/agrund.com\/wp-content\/uploads\/sites\/6\/2015\/04\/wsil_v16_044.jpg?fit=200%2C300&amp;ssl=1\" data-large-file=\"https:\/\/i0.wp.com\/agrund.com\/wp-content\/uploads\/sites\/6\/2015\/04\/wsil_v16_044.jpg?fit=550%2C826&amp;ssl=1\" decoding=\"async\" loading=\"lazy\" class=\"size-full wp-image-128016\" src=\"https:\/\/i0.wp.com\/www.agrund.com\/wp-content\/uploads\/sites\/6\/2015\/04\/wsil_v16_044.jpg?resize=550%2C826\" alt=\"Casa de Criadores :: Weider Silveiro primavera-ver\u00e3o 2015\/16 \" width=\"550\" height=\"826\" srcset=\"https:\/\/i0.wp.com\/agrund.com\/wp-content\/uploads\/sites\/6\/2015\/04\/wsil_v16_044.jpg?w=550&amp;ssl=1 550w, https:\/\/i0.wp.com\/agrund.com\/wp-content\/uploads\/sites\/6\/2015\/04\/wsil_v16_044.jpg?resize=200%2C300&amp;ssl=1 200w\" sizes=\"(max-width: 550px) 100vw, 550px\" data-recalc-dims=\"1\" \/><\/a><p id=\"caption-attachment-128016\" class=\"wp-caption-text\">Casa de Criadores :: Weider Silveiro primavera-ver\u00e3o 2015\/16<\/p><\/div>\n<p>Imagens: Divulga\u00e7\u00e3o\/Marcelo Soubhia\/Agencia Fotosite.<\/p>\n<p>&nbsp;<\/p>\n","protected":false},"excerpt":{"rendered":"<p>Do grupo de estilistas que se apresentam na Casa de Criadores, Weider Silveiro se destaca como um dos que realmente vivem a moda: sem a pretens\u00e3o de se colocar como um designer, o interesse dele \u00e9 muito mais estudar a moda para ent\u00e3o explorar as formas e os significados das roupas. E o conceito dessa [&hellip;]<\/p>\n","protected":false},"author":8,"featured_media":128018,"comment_status":"open","ping_status":"open","sticky":false,"template":"","format":"standard","meta":{"jetpack_post_was_ever_published":false,"_jetpack_newsletter_access":"","jetpack_publicize_message":"Weider Silveiro buscou inspira\u00e7\u00e3o em uma tribo ind\u00edgena para criar seu ver\u00e3o 2016. Veja o resultado: http:\/\/wp.me\/p3Hz0n-xiv","jetpack_is_tweetstorm":false,"jetpack_publicize_feature_enabled":true,"jetpack_social_post_already_shared":true,"jetpack_social_options":{"image_generator_settings":{"template":"highway","enabled":false}}},"categories":[9,2],"tags":[],"jetpack_publicize_connections":[],"jetpack_featured_media_url":"https:\/\/i0.wp.com\/agrund.com\/wp-content\/uploads\/sites\/6\/2015\/04\/slide96.jpg?fit=960%2C300&ssl=1","jetpack_sharing_enabled":true,"jetpack_shortlink":"https:\/\/wp.me\/p3Hz0n-xiv","jetpack_likes_enabled":true,"_links":{"self":[{"href":"https:\/\/agrund.com\/index.php\/wp-json\/wp\/v2\/posts\/127999"}],"collection":[{"href":"https:\/\/agrund.com\/index.php\/wp-json\/wp\/v2\/posts"}],"about":[{"href":"https:\/\/agrund.com\/index.php\/wp-json\/wp\/v2\/types\/post"}],"author":[{"embeddable":true,"href":"https:\/\/agrund.com\/index.php\/wp-json\/wp\/v2\/users\/8"}],"replies":[{"embeddable":true,"href":"https:\/\/agrund.com\/index.php\/wp-json\/wp\/v2\/comments?post=127999"}],"version-history":[{"count":0,"href":"https:\/\/agrund.com\/index.php\/wp-json\/wp\/v2\/posts\/127999\/revisions"}],"wp:featuredmedia":[{"embeddable":true,"href":"https:\/\/agrund.com\/index.php\/wp-json\/wp\/v2\/media\/128018"}],"wp:attachment":[{"href":"https:\/\/agrund.com\/index.php\/wp-json\/wp\/v2\/media?parent=127999"}],"wp:term":[{"taxonomy":"category","embeddable":true,"href":"https:\/\/agrund.com\/index.php\/wp-json\/wp\/v2\/categories?post=127999"},{"taxonomy":"post_tag","embeddable":true,"href":"https:\/\/agrund.com\/index.php\/wp-json\/wp\/v2\/tags?post=127999"}],"curies":[{"name":"wp","href":"https:\/\/api.w.org\/{rel}","templated":true}]}}