{"id":127963,"date":"2015-04-23T15:00:32","date_gmt":"2015-04-23T18:00:32","guid":{"rendered":"http:\/\/www.agrund.com\/?p=127963"},"modified":"2015-04-23T15:02:45","modified_gmt":"2015-04-23T18:02:45","slug":"casa-de-criadores-rober-dognani-primavera-verao-201516","status":"publish","type":"post","link":"https:\/\/agrund.com\/index.php\/casa-de-criadores-rober-dognani-primavera-verao-201516\/","title":{"rendered":"Casa de Criadores :: Rober Dognani primavera-ver\u00e3o 2015\/16"},"content":{"rendered":"<p>O grande avan\u00e7o de Rober Dognani nessa temporada da Casa de Criadores foi explorar a forma da mulher a fim de valorizar sua feminilidade. Nas palavras do pr\u00f3prio estilista, ficam de lado a profus\u00e3o de roupas com experimenta\u00e7\u00f5es curiosas nas modelagens, t\u00e3o marcantes no DNA do designer, para dar lugar a vestidos com al\u00e7as, decotes e silhuetas justas elegantes que deixam o corpo da mulher em evid\u00eancia. A inspira\u00e7\u00e3o veio das Medusas, ser mitol\u00f3gico que deu origem a vestidos brancos e pretos (em representa\u00e7\u00e3o \u00e0 transforma\u00e7\u00e3o da G\u00f3rgona pura no ser amaldi\u00e7oado) com destaque para um trabalho preciso e delicado de aplica\u00e7\u00e3o de paet\u00eas sobre o l\u00e1tex, mat\u00e9ria-prima que \u00e9 a base do trabalho de Rober. Uma cole\u00e7\u00e3o linda que mostra um cuidado est\u00e9tico e uma paix\u00e3o pelo &#8220;criar&#8221;, muito mais do que simples roupas.<\/p>\n<div id=\"attachment_127964\" style=\"width: 560px\" class=\"wp-caption aligncenter\"><a href=\"https:\/\/i0.wp.com\/www.agrund.com\/wp-content\/uploads\/sites\/6\/2015\/04\/rdog_v16_001.jpg\"><img aria-describedby=\"caption-attachment-127964\" data-attachment-id=\"127964\" data-permalink=\"https:\/\/agrund.com\/index.php\/casa-de-criadores-rober-dognani-primavera-verao-201516\/rdog_v16_001\/\" data-orig-file=\"https:\/\/i0.wp.com\/agrund.com\/wp-content\/uploads\/sites\/6\/2015\/04\/rdog_v16_001.jpg?fit=550%2C826&amp;ssl=1\" data-orig-size=\"550,826\" data-comments-opened=\"1\" data-image-meta=\"{&quot;aperture&quot;:&quot;0&quot;,&quot;credit&quot;:&quot;Marcelo Soubhia\\\/ Agencia Fotosit&quot;,&quot;camera&quot;:&quot;&quot;,&quot;caption&quot;:&quot;Rober Dognani\\r-Casa de Criadores\\rVer\\u00e3o 2016\\rFoto: Marcelo Soubhia\\\/ Ag\\u00eancia Fotosite&quot;,&quot;created_timestamp&quot;:&quot;1429749175&quot;,&quot;copyright&quot;:&quot;Marcelo Soubhia\\\/ Agencia Fotosite&quot;,&quot;focal_length&quot;:&quot;0&quot;,&quot;iso&quot;:&quot;0&quot;,&quot;shutter_speed&quot;:&quot;0&quot;,&quot;title&quot;:&quot;&quot;,&quot;orientation&quot;:&quot;0&quot;}\" data-image-title=\"Casa de Criadores :: Rober Dognani primavera-ver\u00e3o 2015\/16\" data-image-description=\"&lt;p&gt;Rober Dognani&lt;br \/&gt;\n-Casa de Criadores&lt;br \/&gt;\nVer\u00e3o 2016&lt;br \/&gt;\nFoto: Marcelo Soubhia\/ Ag\u00eancia Fotosite&lt;\/p&gt;\n\" data-image-caption=\"&lt;p&gt;Casa de Criadores :: Rober Dognani primavera-ver\u00e3o 2015\/16 &lt;\/p&gt;\n\" data-medium-file=\"https:\/\/i0.wp.com\/agrund.com\/wp-content\/uploads\/sites\/6\/2015\/04\/rdog_v16_001.jpg?fit=200%2C300&amp;ssl=1\" data-large-file=\"https:\/\/i0.wp.com\/agrund.com\/wp-content\/uploads\/sites\/6\/2015\/04\/rdog_v16_001.jpg?fit=550%2C826&amp;ssl=1\" decoding=\"async\" loading=\"lazy\" class=\"size-full wp-image-127964\" src=\"https:\/\/i0.wp.com\/www.agrund.com\/wp-content\/uploads\/sites\/6\/2015\/04\/rdog_v16_001.jpg?resize=550%2C826\" alt=\"Casa de Criadores :: Rober Dognani primavera-ver\u00e3o 2015\/16 \" width=\"550\" height=\"826\" srcset=\"https:\/\/i0.wp.com\/agrund.com\/wp-content\/uploads\/sites\/6\/2015\/04\/rdog_v16_001.jpg?w=550&amp;ssl=1 550w, https:\/\/i0.wp.com\/agrund.com\/wp-content\/uploads\/sites\/6\/2015\/04\/rdog_v16_001.jpg?resize=200%2C300&amp;ssl=1 200w\" sizes=\"(max-width: 550px) 100vw, 550px\" data-recalc-dims=\"1\" \/><\/a><p id=\"caption-attachment-127964\" class=\"wp-caption-text\">Casa de Criadores :: Rober Dognani primavera-ver\u00e3o 2015\/16<\/p><\/div>\n<div id=\"attachment_127965\" style=\"width: 560px\" class=\"wp-caption aligncenter\"><a href=\"https:\/\/i0.wp.com\/www.agrund.com\/wp-content\/uploads\/sites\/6\/2015\/04\/rdog_v16_004.jpg\"><img aria-describedby=\"caption-attachment-127965\" data-attachment-id=\"127965\" data-permalink=\"https:\/\/agrund.com\/index.php\/casa-de-criadores-rober-dognani-primavera-verao-201516\/rdog_v16_004\/\" data-orig-file=\"https:\/\/i0.wp.com\/agrund.com\/wp-content\/uploads\/sites\/6\/2015\/04\/rdog_v16_004.jpg?fit=550%2C826&amp;ssl=1\" data-orig-size=\"550,826\" data-comments-opened=\"1\" data-image-meta=\"{&quot;aperture&quot;:&quot;0&quot;,&quot;credit&quot;:&quot;Marcelo Soubhia\\\/ Agencia Fotosit&quot;,&quot;camera&quot;:&quot;&quot;,&quot;caption&quot;:&quot;Rober Dognani\\r-Casa de Criadores\\rVer\\u00e3o 2016\\rFoto: Marcelo Soubhia\\\/ Ag\\u00eancia Fotosite&quot;,&quot;created_timestamp&quot;:&quot;1429749193&quot;,&quot;copyright&quot;:&quot;Marcelo Soubhia\\\/ Agencia Fotosite&quot;,&quot;focal_length&quot;:&quot;0&quot;,&quot;iso&quot;:&quot;0&quot;,&quot;shutter_speed&quot;:&quot;0&quot;,&quot;title&quot;:&quot;&quot;,&quot;orientation&quot;:&quot;0&quot;}\" data-image-title=\"Casa de Criadores :: Rober Dognani primavera-ver\u00e3o 2015\/16\" data-image-description=\"&lt;p&gt;Rober Dognani&lt;br \/&gt;\n-Casa de Criadores&lt;br \/&gt;\nVer\u00e3o 2016&lt;br \/&gt;\nFoto: Marcelo Soubhia\/ Ag\u00eancia Fotosite&lt;\/p&gt;\n\" data-image-caption=\"&lt;p&gt;Casa de Criadores :: Rober Dognani primavera-ver\u00e3o 2015\/16 &lt;\/p&gt;\n\" data-medium-file=\"https:\/\/i0.wp.com\/agrund.com\/wp-content\/uploads\/sites\/6\/2015\/04\/rdog_v16_004.jpg?fit=200%2C300&amp;ssl=1\" data-large-file=\"https:\/\/i0.wp.com\/agrund.com\/wp-content\/uploads\/sites\/6\/2015\/04\/rdog_v16_004.jpg?fit=550%2C826&amp;ssl=1\" decoding=\"async\" loading=\"lazy\" class=\"size-full wp-image-127965\" src=\"https:\/\/i0.wp.com\/www.agrund.com\/wp-content\/uploads\/sites\/6\/2015\/04\/rdog_v16_004.jpg?resize=550%2C826\" alt=\"Casa de Criadores :: Rober Dognani primavera-ver\u00e3o 2015\/16 \" width=\"550\" height=\"826\" srcset=\"https:\/\/i0.wp.com\/agrund.com\/wp-content\/uploads\/sites\/6\/2015\/04\/rdog_v16_004.jpg?w=550&amp;ssl=1 550w, https:\/\/i0.wp.com\/agrund.com\/wp-content\/uploads\/sites\/6\/2015\/04\/rdog_v16_004.jpg?resize=200%2C300&amp;ssl=1 200w\" sizes=\"(max-width: 550px) 100vw, 550px\" data-recalc-dims=\"1\" \/><\/a><p id=\"caption-attachment-127965\" class=\"wp-caption-text\">Casa de Criadores :: Rober Dognani primavera-ver\u00e3o 2015\/16<\/p><\/div>\n<div id=\"attachment_127966\" style=\"width: 560px\" class=\"wp-caption aligncenter\"><a href=\"https:\/\/i0.wp.com\/www.agrund.com\/wp-content\/uploads\/sites\/6\/2015\/04\/rdog_v16_007.jpg\"><img aria-describedby=\"caption-attachment-127966\" data-attachment-id=\"127966\" data-permalink=\"https:\/\/agrund.com\/index.php\/casa-de-criadores-rober-dognani-primavera-verao-201516\/rdog_v16_007\/\" data-orig-file=\"https:\/\/i0.wp.com\/agrund.com\/wp-content\/uploads\/sites\/6\/2015\/04\/rdog_v16_007.jpg?fit=550%2C826&amp;ssl=1\" data-orig-size=\"550,826\" data-comments-opened=\"1\" data-image-meta=\"{&quot;aperture&quot;:&quot;0&quot;,&quot;credit&quot;:&quot;Marcelo Soubhia\\\/ Agencia Fotosit&quot;,&quot;camera&quot;:&quot;&quot;,&quot;caption&quot;:&quot;Rober Dognani\\r-Casa de Criadores\\rVer\\u00e3o 2016\\rFoto: Marcelo Soubhia\\\/ Ag\\u00eancia Fotosite&quot;,&quot;created_timestamp&quot;:&quot;1429749205&quot;,&quot;copyright&quot;:&quot;Marcelo Soubhia\\\/ Agencia Fotosite&quot;,&quot;focal_length&quot;:&quot;0&quot;,&quot;iso&quot;:&quot;0&quot;,&quot;shutter_speed&quot;:&quot;0&quot;,&quot;title&quot;:&quot;&quot;,&quot;orientation&quot;:&quot;0&quot;}\" data-image-title=\"Casa de Criadores :: Rober Dognani primavera-ver\u00e3o 2015\/16\" data-image-description=\"&lt;p&gt;Rober Dognani&lt;br \/&gt;\n-Casa de Criadores&lt;br \/&gt;\nVer\u00e3o 2016&lt;br \/&gt;\nFoto: Marcelo Soubhia\/ Ag\u00eancia Fotosite&lt;\/p&gt;\n\" data-image-caption=\"&lt;p&gt;Casa de Criadores :: Rober Dognani primavera-ver\u00e3o 2015\/16 &lt;\/p&gt;\n\" data-medium-file=\"https:\/\/i0.wp.com\/agrund.com\/wp-content\/uploads\/sites\/6\/2015\/04\/rdog_v16_007.jpg?fit=200%2C300&amp;ssl=1\" data-large-file=\"https:\/\/i0.wp.com\/agrund.com\/wp-content\/uploads\/sites\/6\/2015\/04\/rdog_v16_007.jpg?fit=550%2C826&amp;ssl=1\" decoding=\"async\" loading=\"lazy\" class=\"size-full wp-image-127966\" src=\"https:\/\/i0.wp.com\/www.agrund.com\/wp-content\/uploads\/sites\/6\/2015\/04\/rdog_v16_007.jpg?resize=550%2C826\" alt=\"Casa de Criadores :: Rober Dognani primavera-ver\u00e3o 2015\/16 \" width=\"550\" height=\"826\" srcset=\"https:\/\/i0.wp.com\/agrund.com\/wp-content\/uploads\/sites\/6\/2015\/04\/rdog_v16_007.jpg?w=550&amp;ssl=1 550w, https:\/\/i0.wp.com\/agrund.com\/wp-content\/uploads\/sites\/6\/2015\/04\/rdog_v16_007.jpg?resize=200%2C300&amp;ssl=1 200w\" sizes=\"(max-width: 550px) 100vw, 550px\" data-recalc-dims=\"1\" \/><\/a><p id=\"caption-attachment-127966\" class=\"wp-caption-text\">Casa de Criadores :: Rober Dognani primavera-ver\u00e3o 2015\/16<\/p><\/div>\n<div id=\"attachment_127967\" style=\"width: 560px\" class=\"wp-caption aligncenter\"><a href=\"https:\/\/i0.wp.com\/www.agrund.com\/wp-content\/uploads\/sites\/6\/2015\/04\/rdog_v16_013.jpg\"><img aria-describedby=\"caption-attachment-127967\" data-attachment-id=\"127967\" data-permalink=\"https:\/\/agrund.com\/index.php\/casa-de-criadores-rober-dognani-primavera-verao-201516\/rdog_v16_013\/\" data-orig-file=\"https:\/\/i0.wp.com\/agrund.com\/wp-content\/uploads\/sites\/6\/2015\/04\/rdog_v16_013.jpg?fit=550%2C826&amp;ssl=1\" data-orig-size=\"550,826\" data-comments-opened=\"1\" data-image-meta=\"{&quot;aperture&quot;:&quot;0&quot;,&quot;credit&quot;:&quot;Marcelo Soubhia\\\/ Agencia Fotosit&quot;,&quot;camera&quot;:&quot;&quot;,&quot;caption&quot;:&quot;Rober Dognani\\r-Casa de Criadores\\rVer\\u00e3o 2016\\rFoto: Marcelo Soubhia\\\/ Ag\\u00eancia Fotosite&quot;,&quot;created_timestamp&quot;:&quot;1429749231&quot;,&quot;copyright&quot;:&quot;Marcelo Soubhia\\\/ Agencia Fotosite&quot;,&quot;focal_length&quot;:&quot;0&quot;,&quot;iso&quot;:&quot;0&quot;,&quot;shutter_speed&quot;:&quot;0&quot;,&quot;title&quot;:&quot;&quot;,&quot;orientation&quot;:&quot;0&quot;}\" data-image-title=\"Casa de Criadores :: Rober Dognani primavera-ver\u00e3o 2015\/16\" data-image-description=\"&lt;p&gt;Rober Dognani&lt;br \/&gt;\n-Casa de Criadores&lt;br \/&gt;\nVer\u00e3o 2016&lt;br \/&gt;\nFoto: Marcelo Soubhia\/ Ag\u00eancia Fotosite&lt;\/p&gt;\n\" data-image-caption=\"&lt;p&gt;Casa de Criadores :: Rober Dognani primavera-ver\u00e3o 2015\/16 &lt;\/p&gt;\n\" data-medium-file=\"https:\/\/i0.wp.com\/agrund.com\/wp-content\/uploads\/sites\/6\/2015\/04\/rdog_v16_013.jpg?fit=200%2C300&amp;ssl=1\" data-large-file=\"https:\/\/i0.wp.com\/agrund.com\/wp-content\/uploads\/sites\/6\/2015\/04\/rdog_v16_013.jpg?fit=550%2C826&amp;ssl=1\" decoding=\"async\" loading=\"lazy\" class=\"size-full wp-image-127967\" src=\"https:\/\/i0.wp.com\/www.agrund.com\/wp-content\/uploads\/sites\/6\/2015\/04\/rdog_v16_013.jpg?resize=550%2C826\" alt=\"Casa de Criadores :: Rober Dognani primavera-ver\u00e3o 2015\/16 \" width=\"550\" height=\"826\" srcset=\"https:\/\/i0.wp.com\/agrund.com\/wp-content\/uploads\/sites\/6\/2015\/04\/rdog_v16_013.jpg?w=550&amp;ssl=1 550w, https:\/\/i0.wp.com\/agrund.com\/wp-content\/uploads\/sites\/6\/2015\/04\/rdog_v16_013.jpg?resize=200%2C300&amp;ssl=1 200w\" sizes=\"(max-width: 550px) 100vw, 550px\" data-recalc-dims=\"1\" \/><\/a><p id=\"caption-attachment-127967\" class=\"wp-caption-text\">Casa de Criadores :: Rober Dognani primavera-ver\u00e3o 2015\/16<\/p><\/div>\n<div id=\"attachment_127968\" style=\"width: 560px\" class=\"wp-caption aligncenter\"><a href=\"https:\/\/i0.wp.com\/www.agrund.com\/wp-content\/uploads\/sites\/6\/2015\/04\/rdog_v16_018.jpg\"><img aria-describedby=\"caption-attachment-127968\" data-attachment-id=\"127968\" data-permalink=\"https:\/\/agrund.com\/index.php\/casa-de-criadores-rober-dognani-primavera-verao-201516\/rdog_v16_018\/\" data-orig-file=\"https:\/\/i0.wp.com\/agrund.com\/wp-content\/uploads\/sites\/6\/2015\/04\/rdog_v16_018.jpg?fit=550%2C826&amp;ssl=1\" data-orig-size=\"550,826\" data-comments-opened=\"1\" data-image-meta=\"{&quot;aperture&quot;:&quot;0&quot;,&quot;credit&quot;:&quot;Marcelo Soubhia\\\/ Agencia Fotosit&quot;,&quot;camera&quot;:&quot;&quot;,&quot;caption&quot;:&quot;Rober Dognani\\r-Casa de Criadores\\rVer\\u00e3o 2016\\rFoto: Marcelo Soubhia\\\/ Ag\\u00eancia Fotosite&quot;,&quot;created_timestamp&quot;:&quot;1429749247&quot;,&quot;copyright&quot;:&quot;Marcelo Soubhia\\\/ Agencia Fotosite&quot;,&quot;focal_length&quot;:&quot;0&quot;,&quot;iso&quot;:&quot;0&quot;,&quot;shutter_speed&quot;:&quot;0&quot;,&quot;title&quot;:&quot;&quot;,&quot;orientation&quot;:&quot;0&quot;}\" data-image-title=\"Casa de Criadores :: Rober Dognani primavera-ver\u00e3o 2015\/16\" data-image-description=\"&lt;p&gt;Rober Dognani&lt;br \/&gt;\n-Casa de Criadores&lt;br \/&gt;\nVer\u00e3o 2016&lt;br \/&gt;\nFoto: Marcelo Soubhia\/ Ag\u00eancia Fotosite&lt;\/p&gt;\n\" data-image-caption=\"&lt;p&gt;Casa de Criadores :: Rober Dognani primavera-ver\u00e3o 2015\/16 &lt;\/p&gt;\n\" data-medium-file=\"https:\/\/i0.wp.com\/agrund.com\/wp-content\/uploads\/sites\/6\/2015\/04\/rdog_v16_018.jpg?fit=200%2C300&amp;ssl=1\" data-large-file=\"https:\/\/i0.wp.com\/agrund.com\/wp-content\/uploads\/sites\/6\/2015\/04\/rdog_v16_018.jpg?fit=550%2C826&amp;ssl=1\" decoding=\"async\" loading=\"lazy\" class=\"size-full wp-image-127968\" src=\"https:\/\/i0.wp.com\/www.agrund.com\/wp-content\/uploads\/sites\/6\/2015\/04\/rdog_v16_018.jpg?resize=550%2C826\" alt=\"Casa de Criadores :: Rober Dognani primavera-ver\u00e3o 2015\/16 \" width=\"550\" height=\"826\" srcset=\"https:\/\/i0.wp.com\/agrund.com\/wp-content\/uploads\/sites\/6\/2015\/04\/rdog_v16_018.jpg?w=550&amp;ssl=1 550w, https:\/\/i0.wp.com\/agrund.com\/wp-content\/uploads\/sites\/6\/2015\/04\/rdog_v16_018.jpg?resize=200%2C300&amp;ssl=1 200w\" sizes=\"(max-width: 550px) 100vw, 550px\" data-recalc-dims=\"1\" \/><\/a><p id=\"caption-attachment-127968\" class=\"wp-caption-text\">Casa de Criadores :: Rober Dognani primavera-ver\u00e3o 2015\/16<\/p><\/div>\n<div id=\"attachment_127969\" style=\"width: 560px\" class=\"wp-caption aligncenter\"><a href=\"https:\/\/i0.wp.com\/www.agrund.com\/wp-content\/uploads\/sites\/6\/2015\/04\/rdog_v16_024.jpg\"><img aria-describedby=\"caption-attachment-127969\" data-attachment-id=\"127969\" data-permalink=\"https:\/\/agrund.com\/index.php\/casa-de-criadores-rober-dognani-primavera-verao-201516\/rdog_v16_024\/\" data-orig-file=\"https:\/\/i0.wp.com\/agrund.com\/wp-content\/uploads\/sites\/6\/2015\/04\/rdog_v16_024.jpg?fit=550%2C826&amp;ssl=1\" data-orig-size=\"550,826\" data-comments-opened=\"1\" data-image-meta=\"{&quot;aperture&quot;:&quot;0&quot;,&quot;credit&quot;:&quot;Marcelo Soubhia\\\/ Agencia Fotosit&quot;,&quot;camera&quot;:&quot;&quot;,&quot;caption&quot;:&quot;Rober Dognani\\r-Casa de Criadores\\rVer\\u00e3o 2016\\rFoto: Marcelo Soubhia\\\/ Ag\\u00eancia Fotosite&quot;,&quot;created_timestamp&quot;:&quot;1429749294&quot;,&quot;copyright&quot;:&quot;Marcelo Soubhia\\\/ Agencia Fotosite&quot;,&quot;focal_length&quot;:&quot;0&quot;,&quot;iso&quot;:&quot;0&quot;,&quot;shutter_speed&quot;:&quot;0&quot;,&quot;title&quot;:&quot;&quot;,&quot;orientation&quot;:&quot;0&quot;}\" data-image-title=\"Casa de Criadores :: Rober Dognani primavera-ver\u00e3o 2015\/16\" data-image-description=\"&lt;p&gt;Rober Dognani&lt;br \/&gt;\n-Casa de Criadores&lt;br \/&gt;\nVer\u00e3o 2016&lt;br \/&gt;\nFoto: Marcelo Soubhia\/ Ag\u00eancia Fotosite&lt;\/p&gt;\n\" data-image-caption=\"&lt;p&gt;Casa de Criadores :: Rober Dognani primavera-ver\u00e3o 2015\/16 &lt;\/p&gt;\n\" data-medium-file=\"https:\/\/i0.wp.com\/agrund.com\/wp-content\/uploads\/sites\/6\/2015\/04\/rdog_v16_024.jpg?fit=200%2C300&amp;ssl=1\" data-large-file=\"https:\/\/i0.wp.com\/agrund.com\/wp-content\/uploads\/sites\/6\/2015\/04\/rdog_v16_024.jpg?fit=550%2C826&amp;ssl=1\" decoding=\"async\" loading=\"lazy\" class=\"size-full wp-image-127969\" src=\"https:\/\/i0.wp.com\/www.agrund.com\/wp-content\/uploads\/sites\/6\/2015\/04\/rdog_v16_024.jpg?resize=550%2C826\" alt=\"Casa de Criadores :: Rober Dognani primavera-ver\u00e3o 2015\/16 \" width=\"550\" height=\"826\" srcset=\"https:\/\/i0.wp.com\/agrund.com\/wp-content\/uploads\/sites\/6\/2015\/04\/rdog_v16_024.jpg?w=550&amp;ssl=1 550w, https:\/\/i0.wp.com\/agrund.com\/wp-content\/uploads\/sites\/6\/2015\/04\/rdog_v16_024.jpg?resize=200%2C300&amp;ssl=1 200w\" sizes=\"(max-width: 550px) 100vw, 550px\" data-recalc-dims=\"1\" \/><\/a><p id=\"caption-attachment-127969\" class=\"wp-caption-text\">Casa de Criadores :: Rober Dognani primavera-ver\u00e3o 2015\/16<\/p><\/div>\n<div id=\"attachment_127970\" style=\"width: 560px\" class=\"wp-caption aligncenter\"><a href=\"https:\/\/i0.wp.com\/www.agrund.com\/wp-content\/uploads\/sites\/6\/2015\/04\/rdog_v16_027.jpg\"><img aria-describedby=\"caption-attachment-127970\" data-attachment-id=\"127970\" data-permalink=\"https:\/\/agrund.com\/index.php\/casa-de-criadores-rober-dognani-primavera-verao-201516\/rdog_v16_027\/\" data-orig-file=\"https:\/\/i0.wp.com\/agrund.com\/wp-content\/uploads\/sites\/6\/2015\/04\/rdog_v16_027.jpg?fit=550%2C826&amp;ssl=1\" data-orig-size=\"550,826\" data-comments-opened=\"1\" data-image-meta=\"{&quot;aperture&quot;:&quot;0&quot;,&quot;credit&quot;:&quot;Marcelo Soubhia\\\/ Agencia Fotosit&quot;,&quot;camera&quot;:&quot;&quot;,&quot;caption&quot;:&quot;Rober Dognani\\r-Casa de Criadores\\rVer\\u00e3o 2016\\rFoto: Marcelo Soubhia\\\/ Ag\\u00eancia Fotosite&quot;,&quot;created_timestamp&quot;:&quot;1429749305&quot;,&quot;copyright&quot;:&quot;Marcelo Soubhia\\\/ Agencia Fotosite&quot;,&quot;focal_length&quot;:&quot;0&quot;,&quot;iso&quot;:&quot;0&quot;,&quot;shutter_speed&quot;:&quot;0&quot;,&quot;title&quot;:&quot;&quot;,&quot;orientation&quot;:&quot;0&quot;}\" data-image-title=\"Casa de Criadores :: Rober Dognani primavera-ver\u00e3o 2015\/16\" data-image-description=\"&lt;p&gt;Rober Dognani&lt;br \/&gt;\n-Casa de Criadores&lt;br \/&gt;\nVer\u00e3o 2016&lt;br \/&gt;\nFoto: Marcelo Soubhia\/ Ag\u00eancia Fotosite&lt;\/p&gt;\n\" data-image-caption=\"&lt;p&gt;Casa de Criadores :: Rober Dognani primavera-ver\u00e3o 2015\/16 &lt;\/p&gt;\n\" data-medium-file=\"https:\/\/i0.wp.com\/agrund.com\/wp-content\/uploads\/sites\/6\/2015\/04\/rdog_v16_027.jpg?fit=200%2C300&amp;ssl=1\" data-large-file=\"https:\/\/i0.wp.com\/agrund.com\/wp-content\/uploads\/sites\/6\/2015\/04\/rdog_v16_027.jpg?fit=550%2C826&amp;ssl=1\" decoding=\"async\" loading=\"lazy\" class=\"size-full wp-image-127970\" src=\"https:\/\/i0.wp.com\/www.agrund.com\/wp-content\/uploads\/sites\/6\/2015\/04\/rdog_v16_027.jpg?resize=550%2C826\" alt=\"Casa de Criadores :: Rober Dognani primavera-ver\u00e3o 2015\/16 \" width=\"550\" height=\"826\" srcset=\"https:\/\/i0.wp.com\/agrund.com\/wp-content\/uploads\/sites\/6\/2015\/04\/rdog_v16_027.jpg?w=550&amp;ssl=1 550w, https:\/\/i0.wp.com\/agrund.com\/wp-content\/uploads\/sites\/6\/2015\/04\/rdog_v16_027.jpg?resize=200%2C300&amp;ssl=1 200w\" sizes=\"(max-width: 550px) 100vw, 550px\" data-recalc-dims=\"1\" \/><\/a><p id=\"caption-attachment-127970\" class=\"wp-caption-text\">Casa de Criadores :: Rober Dognani primavera-ver\u00e3o 2015\/16<\/p><\/div>\n<div id=\"attachment_127971\" style=\"width: 560px\" class=\"wp-caption aligncenter\"><a href=\"https:\/\/i0.wp.com\/www.agrund.com\/wp-content\/uploads\/sites\/6\/2015\/04\/rdog_v16_034.jpg\"><img aria-describedby=\"caption-attachment-127971\" data-attachment-id=\"127971\" data-permalink=\"https:\/\/agrund.com\/index.php\/casa-de-criadores-rober-dognani-primavera-verao-201516\/rdog_v16_034\/\" data-orig-file=\"https:\/\/i0.wp.com\/agrund.com\/wp-content\/uploads\/sites\/6\/2015\/04\/rdog_v16_034.jpg?fit=550%2C826&amp;ssl=1\" data-orig-size=\"550,826\" data-comments-opened=\"1\" data-image-meta=\"{&quot;aperture&quot;:&quot;0&quot;,&quot;credit&quot;:&quot;Marcelo Soubhia\\\/ Agencia Fotosit&quot;,&quot;camera&quot;:&quot;&quot;,&quot;caption&quot;:&quot;Rober Dognani\\r-Casa de Criadores\\rVer\\u00e3o 2016\\rFoto: Marcelo Soubhia\\\/ Ag\\u00eancia Fotosite&quot;,&quot;created_timestamp&quot;:&quot;1429749333&quot;,&quot;copyright&quot;:&quot;Marcelo Soubhia\\\/ Agencia Fotosite&quot;,&quot;focal_length&quot;:&quot;0&quot;,&quot;iso&quot;:&quot;0&quot;,&quot;shutter_speed&quot;:&quot;0&quot;,&quot;title&quot;:&quot;&quot;,&quot;orientation&quot;:&quot;0&quot;}\" data-image-title=\"Casa de Criadores :: Rober Dognani primavera-ver\u00e3o 2015\/16\" data-image-description=\"&lt;p&gt;Rober Dognani&lt;br \/&gt;\n-Casa de Criadores&lt;br \/&gt;\nVer\u00e3o 2016&lt;br \/&gt;\nFoto: Marcelo Soubhia\/ Ag\u00eancia Fotosite&lt;\/p&gt;\n\" data-image-caption=\"&lt;p&gt;Casa de Criadores :: Rober Dognani primavera-ver\u00e3o 2015\/16 &lt;\/p&gt;\n\" data-medium-file=\"https:\/\/i0.wp.com\/agrund.com\/wp-content\/uploads\/sites\/6\/2015\/04\/rdog_v16_034.jpg?fit=200%2C300&amp;ssl=1\" data-large-file=\"https:\/\/i0.wp.com\/agrund.com\/wp-content\/uploads\/sites\/6\/2015\/04\/rdog_v16_034.jpg?fit=550%2C826&amp;ssl=1\" decoding=\"async\" loading=\"lazy\" class=\"size-full wp-image-127971\" src=\"https:\/\/i0.wp.com\/www.agrund.com\/wp-content\/uploads\/sites\/6\/2015\/04\/rdog_v16_034.jpg?resize=550%2C826\" alt=\"Casa de Criadores :: Rober Dognani primavera-ver\u00e3o 2015\/16 \" width=\"550\" height=\"826\" srcset=\"https:\/\/i0.wp.com\/agrund.com\/wp-content\/uploads\/sites\/6\/2015\/04\/rdog_v16_034.jpg?w=550&amp;ssl=1 550w, https:\/\/i0.wp.com\/agrund.com\/wp-content\/uploads\/sites\/6\/2015\/04\/rdog_v16_034.jpg?resize=200%2C300&amp;ssl=1 200w\" sizes=\"(max-width: 550px) 100vw, 550px\" data-recalc-dims=\"1\" \/><\/a><p id=\"caption-attachment-127971\" class=\"wp-caption-text\">Casa de Criadores :: Rober Dognani primavera-ver\u00e3o 2015\/16<\/p><\/div>\n<div id=\"attachment_127972\" style=\"width: 560px\" class=\"wp-caption aligncenter\"><a href=\"https:\/\/i0.wp.com\/www.agrund.com\/wp-content\/uploads\/sites\/6\/2015\/04\/rdog_v16_037.jpg\"><img aria-describedby=\"caption-attachment-127972\" data-attachment-id=\"127972\" data-permalink=\"https:\/\/agrund.com\/index.php\/casa-de-criadores-rober-dognani-primavera-verao-201516\/rdog_v16_037\/\" data-orig-file=\"https:\/\/i0.wp.com\/agrund.com\/wp-content\/uploads\/sites\/6\/2015\/04\/rdog_v16_037.jpg?fit=550%2C826&amp;ssl=1\" data-orig-size=\"550,826\" data-comments-opened=\"1\" data-image-meta=\"{&quot;aperture&quot;:&quot;0&quot;,&quot;credit&quot;:&quot;Marcelo Soubhia\\\/ Agencia Fotosit&quot;,&quot;camera&quot;:&quot;&quot;,&quot;caption&quot;:&quot;Rober Dognani\\r-Casa de Criadores\\rVer\\u00e3o 2016\\rFoto: Marcelo Soubhia\\\/ Ag\\u00eancia Fotosite&quot;,&quot;created_timestamp&quot;:&quot;1429749346&quot;,&quot;copyright&quot;:&quot;Marcelo Soubhia\\\/ Agencia Fotosite&quot;,&quot;focal_length&quot;:&quot;0&quot;,&quot;iso&quot;:&quot;0&quot;,&quot;shutter_speed&quot;:&quot;0&quot;,&quot;title&quot;:&quot;&quot;,&quot;orientation&quot;:&quot;0&quot;}\" data-image-title=\"Casa de Criadores :: Rober Dognani primavera-ver\u00e3o 2015\/16\" data-image-description=\"&lt;p&gt;Rober Dognani&lt;br \/&gt;\n-Casa de Criadores&lt;br \/&gt;\nVer\u00e3o 2016&lt;br \/&gt;\nFoto: Marcelo Soubhia\/ Ag\u00eancia Fotosite&lt;\/p&gt;\n\" data-image-caption=\"&lt;p&gt;Casa de Criadores :: Rober Dognani primavera-ver\u00e3o 2015\/16 &lt;\/p&gt;\n\" data-medium-file=\"https:\/\/i0.wp.com\/agrund.com\/wp-content\/uploads\/sites\/6\/2015\/04\/rdog_v16_037.jpg?fit=200%2C300&amp;ssl=1\" data-large-file=\"https:\/\/i0.wp.com\/agrund.com\/wp-content\/uploads\/sites\/6\/2015\/04\/rdog_v16_037.jpg?fit=550%2C826&amp;ssl=1\" decoding=\"async\" loading=\"lazy\" class=\"size-full wp-image-127972\" src=\"https:\/\/i0.wp.com\/www.agrund.com\/wp-content\/uploads\/sites\/6\/2015\/04\/rdog_v16_037.jpg?resize=550%2C826\" alt=\"Casa de Criadores :: Rober Dognani primavera-ver\u00e3o 2015\/16 \" width=\"550\" height=\"826\" srcset=\"https:\/\/i0.wp.com\/agrund.com\/wp-content\/uploads\/sites\/6\/2015\/04\/rdog_v16_037.jpg?w=550&amp;ssl=1 550w, https:\/\/i0.wp.com\/agrund.com\/wp-content\/uploads\/sites\/6\/2015\/04\/rdog_v16_037.jpg?resize=200%2C300&amp;ssl=1 200w\" sizes=\"(max-width: 550px) 100vw, 550px\" data-recalc-dims=\"1\" \/><\/a><p id=\"caption-attachment-127972\" class=\"wp-caption-text\">Casa de Criadores :: Rober Dognani primavera-ver\u00e3o 2015\/16<\/p><\/div>\n<div id=\"attachment_127974\" style=\"width: 560px\" class=\"wp-caption aligncenter\"><a href=\"https:\/\/i0.wp.com\/www.agrund.com\/wp-content\/uploads\/sites\/6\/2015\/04\/rdog_v16_047.jpg\"><img aria-describedby=\"caption-attachment-127974\" data-attachment-id=\"127974\" data-permalink=\"https:\/\/agrund.com\/index.php\/casa-de-criadores-rober-dognani-primavera-verao-201516\/rdog_v16_047\/\" data-orig-file=\"https:\/\/i0.wp.com\/agrund.com\/wp-content\/uploads\/sites\/6\/2015\/04\/rdog_v16_047.jpg?fit=550%2C826&amp;ssl=1\" data-orig-size=\"550,826\" data-comments-opened=\"1\" data-image-meta=\"{&quot;aperture&quot;:&quot;0&quot;,&quot;credit&quot;:&quot;Marcelo Soubhia\\\/ Agencia Fotosit&quot;,&quot;camera&quot;:&quot;&quot;,&quot;caption&quot;:&quot;Rober Dognani\\r-Casa de Criadores\\rVer\\u00e3o 2016\\rFoto: Marcelo Soubhia\\\/ Ag\\u00eancia Fotosite&quot;,&quot;created_timestamp&quot;:&quot;1429749393&quot;,&quot;copyright&quot;:&quot;Marcelo Soubhia\\\/ Agencia Fotosite&quot;,&quot;focal_length&quot;:&quot;0&quot;,&quot;iso&quot;:&quot;0&quot;,&quot;shutter_speed&quot;:&quot;0&quot;,&quot;title&quot;:&quot;&quot;,&quot;orientation&quot;:&quot;0&quot;}\" data-image-title=\"Casa de Criadores :: Rober Dognani primavera-ver\u00e3o 2015\/16\" data-image-description=\"&lt;p&gt;Rober Dognani&lt;br \/&gt;\n-Casa de Criadores&lt;br \/&gt;\nVer\u00e3o 2016&lt;br \/&gt;\nFoto: Marcelo Soubhia\/ Ag\u00eancia Fotosite&lt;\/p&gt;\n\" data-image-caption=\"&lt;p&gt;Casa de Criadores :: Rober Dognani primavera-ver\u00e3o 2015\/16 &lt;\/p&gt;\n\" data-medium-file=\"https:\/\/i0.wp.com\/agrund.com\/wp-content\/uploads\/sites\/6\/2015\/04\/rdog_v16_047.jpg?fit=200%2C300&amp;ssl=1\" data-large-file=\"https:\/\/i0.wp.com\/agrund.com\/wp-content\/uploads\/sites\/6\/2015\/04\/rdog_v16_047.jpg?fit=550%2C826&amp;ssl=1\" decoding=\"async\" loading=\"lazy\" class=\"size-full wp-image-127974\" src=\"https:\/\/i0.wp.com\/www.agrund.com\/wp-content\/uploads\/sites\/6\/2015\/04\/rdog_v16_047.jpg?resize=550%2C826\" alt=\"Casa de Criadores :: Rober Dognani primavera-ver\u00e3o 2015\/16 \" width=\"550\" height=\"826\" srcset=\"https:\/\/i0.wp.com\/agrund.com\/wp-content\/uploads\/sites\/6\/2015\/04\/rdog_v16_047.jpg?w=550&amp;ssl=1 550w, https:\/\/i0.wp.com\/agrund.com\/wp-content\/uploads\/sites\/6\/2015\/04\/rdog_v16_047.jpg?resize=200%2C300&amp;ssl=1 200w\" sizes=\"(max-width: 550px) 100vw, 550px\" data-recalc-dims=\"1\" \/><\/a><p id=\"caption-attachment-127974\" class=\"wp-caption-text\">Casa de Criadores :: Rober Dognani primavera-ver\u00e3o 2015\/16<\/p><\/div>\n<div id=\"attachment_127975\" style=\"width: 560px\" class=\"wp-caption aligncenter\"><a href=\"https:\/\/i0.wp.com\/www.agrund.com\/wp-content\/uploads\/sites\/6\/2015\/04\/rdog_v16_050.jpg\"><img aria-describedby=\"caption-attachment-127975\" data-attachment-id=\"127975\" data-permalink=\"https:\/\/agrund.com\/index.php\/casa-de-criadores-rober-dognani-primavera-verao-201516\/rdog_v16_050\/\" data-orig-file=\"https:\/\/i0.wp.com\/agrund.com\/wp-content\/uploads\/sites\/6\/2015\/04\/rdog_v16_050.jpg?fit=550%2C826&amp;ssl=1\" data-orig-size=\"550,826\" data-comments-opened=\"1\" data-image-meta=\"{&quot;aperture&quot;:&quot;0&quot;,&quot;credit&quot;:&quot;Marcelo Soubhia\\\/ Agencia Fotosit&quot;,&quot;camera&quot;:&quot;&quot;,&quot;caption&quot;:&quot;Rober Dognani\\r-Casa de Criadores\\rVer\\u00e3o 2016\\rFoto: Marcelo Soubhia\\\/ Ag\\u00eancia Fotosite&quot;,&quot;created_timestamp&quot;:&quot;1429749405&quot;,&quot;copyright&quot;:&quot;Marcelo Soubhia\\\/ Agencia Fotosite&quot;,&quot;focal_length&quot;:&quot;0&quot;,&quot;iso&quot;:&quot;0&quot;,&quot;shutter_speed&quot;:&quot;0&quot;,&quot;title&quot;:&quot;&quot;,&quot;orientation&quot;:&quot;0&quot;}\" data-image-title=\"Casa de Criadores :: Rober Dognani primavera-ver\u00e3o 2015\/16\" data-image-description=\"&lt;p&gt;Rober Dognani&lt;br \/&gt;\n-Casa de Criadores&lt;br \/&gt;\nVer\u00e3o 2016&lt;br \/&gt;\nFoto: Marcelo Soubhia\/ Ag\u00eancia Fotosite&lt;\/p&gt;\n\" data-image-caption=\"&lt;p&gt;Casa de Criadores :: Rober Dognani primavera-ver\u00e3o 2015\/16 &lt;\/p&gt;\n\" data-medium-file=\"https:\/\/i0.wp.com\/agrund.com\/wp-content\/uploads\/sites\/6\/2015\/04\/rdog_v16_050.jpg?fit=200%2C300&amp;ssl=1\" data-large-file=\"https:\/\/i0.wp.com\/agrund.com\/wp-content\/uploads\/sites\/6\/2015\/04\/rdog_v16_050.jpg?fit=550%2C826&amp;ssl=1\" decoding=\"async\" loading=\"lazy\" class=\"size-full wp-image-127975\" src=\"https:\/\/i0.wp.com\/www.agrund.com\/wp-content\/uploads\/sites\/6\/2015\/04\/rdog_v16_050.jpg?resize=550%2C826\" alt=\"Casa de Criadores :: Rober Dognani primavera-ver\u00e3o 2015\/16 \" width=\"550\" height=\"826\" srcset=\"https:\/\/i0.wp.com\/agrund.com\/wp-content\/uploads\/sites\/6\/2015\/04\/rdog_v16_050.jpg?w=550&amp;ssl=1 550w, https:\/\/i0.wp.com\/agrund.com\/wp-content\/uploads\/sites\/6\/2015\/04\/rdog_v16_050.jpg?resize=200%2C300&amp;ssl=1 200w\" sizes=\"(max-width: 550px) 100vw, 550px\" data-recalc-dims=\"1\" \/><\/a><p id=\"caption-attachment-127975\" class=\"wp-caption-text\">Casa de Criadores :: Rober Dognani primavera-ver\u00e3o 2015\/16<\/p><\/div>\n<div id=\"attachment_127976\" style=\"width: 560px\" class=\"wp-caption aligncenter\"><a href=\"https:\/\/i0.wp.com\/www.agrund.com\/wp-content\/uploads\/sites\/6\/2015\/04\/rdog_v16_056.jpg\"><img aria-describedby=\"caption-attachment-127976\" data-attachment-id=\"127976\" data-permalink=\"https:\/\/agrund.com\/index.php\/casa-de-criadores-rober-dognani-primavera-verao-201516\/rdog_v16_056\/\" data-orig-file=\"https:\/\/i0.wp.com\/agrund.com\/wp-content\/uploads\/sites\/6\/2015\/04\/rdog_v16_056.jpg?fit=550%2C826&amp;ssl=1\" data-orig-size=\"550,826\" data-comments-opened=\"1\" data-image-meta=\"{&quot;aperture&quot;:&quot;0&quot;,&quot;credit&quot;:&quot;Marcelo Soubhia\\\/ Agencia Fotosit&quot;,&quot;camera&quot;:&quot;&quot;,&quot;caption&quot;:&quot;Rober Dognani\\r-Casa de Criadores\\rVer\\u00e3o 2016\\rFoto: Marcelo Soubhia\\\/ Ag\\u00eancia Fotosite&quot;,&quot;created_timestamp&quot;:&quot;1429749448&quot;,&quot;copyright&quot;:&quot;Marcelo Soubhia\\\/ Agencia Fotosite&quot;,&quot;focal_length&quot;:&quot;0&quot;,&quot;iso&quot;:&quot;0&quot;,&quot;shutter_speed&quot;:&quot;0&quot;,&quot;title&quot;:&quot;&quot;,&quot;orientation&quot;:&quot;0&quot;}\" data-image-title=\"Casa de Criadores :: Rober Dognani primavera-ver\u00e3o 2015\/16\" data-image-description=\"&lt;p&gt;Rober Dognani&lt;br \/&gt;\n-Casa de Criadores&lt;br \/&gt;\nVer\u00e3o 2016&lt;br \/&gt;\nFoto: Marcelo Soubhia\/ Ag\u00eancia Fotosite&lt;\/p&gt;\n\" data-image-caption=\"&lt;p&gt;Casa de Criadores :: Rober Dognani primavera-ver\u00e3o 2015\/16 &lt;\/p&gt;\n\" data-medium-file=\"https:\/\/i0.wp.com\/agrund.com\/wp-content\/uploads\/sites\/6\/2015\/04\/rdog_v16_056.jpg?fit=200%2C300&amp;ssl=1\" data-large-file=\"https:\/\/i0.wp.com\/agrund.com\/wp-content\/uploads\/sites\/6\/2015\/04\/rdog_v16_056.jpg?fit=550%2C826&amp;ssl=1\" decoding=\"async\" loading=\"lazy\" class=\"size-full wp-image-127976\" src=\"https:\/\/i0.wp.com\/www.agrund.com\/wp-content\/uploads\/sites\/6\/2015\/04\/rdog_v16_056.jpg?resize=550%2C826\" alt=\"Casa de Criadores :: Rober Dognani primavera-ver\u00e3o 2015\/16 \" width=\"550\" height=\"826\" srcset=\"https:\/\/i0.wp.com\/agrund.com\/wp-content\/uploads\/sites\/6\/2015\/04\/rdog_v16_056.jpg?w=550&amp;ssl=1 550w, https:\/\/i0.wp.com\/agrund.com\/wp-content\/uploads\/sites\/6\/2015\/04\/rdog_v16_056.jpg?resize=200%2C300&amp;ssl=1 200w\" sizes=\"(max-width: 550px) 100vw, 550px\" data-recalc-dims=\"1\" \/><\/a><p id=\"caption-attachment-127976\" class=\"wp-caption-text\">Casa de Criadores :: Rober Dognani primavera-ver\u00e3o 2015\/16<\/p><\/div>\n<p>Imagens: Divulga\u00e7\u00e3o\/Marcelo Soubhia\/Ag\u00eancia Fotosite.<\/p>\n","protected":false},"excerpt":{"rendered":"<p>O grande avan\u00e7o de Rober Dognani nessa temporada da Casa de Criadores foi explorar a forma da mulher a fim de valorizar sua feminilidade. Nas palavras do pr\u00f3prio estilista, ficam de lado a profus\u00e3o de roupas com experimenta\u00e7\u00f5es curiosas nas modelagens, t\u00e3o marcantes no DNA do designer, para dar lugar a vestidos com al\u00e7as, decotes [&hellip;]<\/p>\n","protected":false},"author":8,"featured_media":127977,"comment_status":"open","ping_status":"open","sticky":false,"template":"","format":"standard","meta":{"jetpack_post_was_ever_published":false,"_jetpack_newsletter_access":"","jetpack_publicize_message":"Nessa Casa de Criadores, Rober Dognani mostrou uma cole\u00e7\u00e3o inspirada nas Medusas com muito paet\u00ea sobre o l\u00e1tex. Veja as fotos: http:\/\/wp.me\/p3Hz0n-xhV","jetpack_is_tweetstorm":false,"jetpack_publicize_feature_enabled":true,"jetpack_social_post_already_shared":true,"jetpack_social_options":{"image_generator_settings":{"template":"highway","enabled":false}}},"categories":[9,2],"tags":[],"jetpack_publicize_connections":[],"jetpack_featured_media_url":"https:\/\/i0.wp.com\/agrund.com\/wp-content\/uploads\/sites\/6\/2015\/04\/slide94.jpg?fit=960%2C300&ssl=1","jetpack_sharing_enabled":true,"jetpack_shortlink":"https:\/\/wp.me\/p3Hz0n-xhV","jetpack_likes_enabled":true,"_links":{"self":[{"href":"https:\/\/agrund.com\/index.php\/wp-json\/wp\/v2\/posts\/127963"}],"collection":[{"href":"https:\/\/agrund.com\/index.php\/wp-json\/wp\/v2\/posts"}],"about":[{"href":"https:\/\/agrund.com\/index.php\/wp-json\/wp\/v2\/types\/post"}],"author":[{"embeddable":true,"href":"https:\/\/agrund.com\/index.php\/wp-json\/wp\/v2\/users\/8"}],"replies":[{"embeddable":true,"href":"https:\/\/agrund.com\/index.php\/wp-json\/wp\/v2\/comments?post=127963"}],"version-history":[{"count":0,"href":"https:\/\/agrund.com\/index.php\/wp-json\/wp\/v2\/posts\/127963\/revisions"}],"wp:featuredmedia":[{"embeddable":true,"href":"https:\/\/agrund.com\/index.php\/wp-json\/wp\/v2\/media\/127977"}],"wp:attachment":[{"href":"https:\/\/agrund.com\/index.php\/wp-json\/wp\/v2\/media?parent=127963"}],"wp:term":[{"taxonomy":"category","embeddable":true,"href":"https:\/\/agrund.com\/index.php\/wp-json\/wp\/v2\/categories?post=127963"},{"taxonomy":"post_tag","embeddable":true,"href":"https:\/\/agrund.com\/index.php\/wp-json\/wp\/v2\/tags?post=127963"}],"curies":[{"name":"wp","href":"https:\/\/api.w.org\/{rel}","templated":true}]}}