{"id":127954,"date":"2015-04-24T10:00:45","date_gmt":"2015-04-24T13:00:45","guid":{"rendered":"http:\/\/www.agrund.com\/?p=127954"},"modified":"2015-04-23T19:24:44","modified_gmt":"2015-04-23T22:24:44","slug":"rita-ora-passa-por-transformacao-para-a-revista-clash","status":"publish","type":"post","link":"https:\/\/agrund.com\/index.php\/rita-ora-passa-por-transformacao-para-a-revista-clash\/","title":{"rendered":"Rita Ora passa por transforma\u00e7\u00e3o para a revista &#8220;Clash&#8221;"},"content":{"rendered":"<div id=\"attachment_127958\" style=\"width: 570px\" class=\"wp-caption aligncenter\"><a href=\"https:\/\/i0.wp.com\/www.agrund.com\/wp-content\/uploads\/sites\/6\/2015\/04\/rita-ora-bleached-eyebrows-clash04.jpg\"><img aria-describedby=\"caption-attachment-127958\" data-attachment-id=\"127958\" data-permalink=\"https:\/\/agrund.com\/index.php\/rita-ora-passa-por-transformacao-para-a-revista-clash\/rita-ora-bleached-eyebrows-clash04\/\" data-orig-file=\"https:\/\/i0.wp.com\/agrund.com\/wp-content\/uploads\/sites\/6\/2015\/04\/rita-ora-bleached-eyebrows-clash04.jpg?fit=628%2C826&amp;ssl=1\" data-orig-size=\"628,826\" data-comments-opened=\"1\" data-image-meta=\"{&quot;aperture&quot;:&quot;0&quot;,&quot;credit&quot;:&quot;&quot;,&quot;camera&quot;:&quot;&quot;,&quot;caption&quot;:&quot;&quot;,&quot;created_timestamp&quot;:&quot;0&quot;,&quot;copyright&quot;:&quot;&quot;,&quot;focal_length&quot;:&quot;0&quot;,&quot;iso&quot;:&quot;0&quot;,&quot;shutter_speed&quot;:&quot;0&quot;,&quot;title&quot;:&quot;&quot;,&quot;orientation&quot;:&quot;0&quot;}\" data-image-title=\"Rita Ora passa por transforma\u00e7\u00e3o para a revista &#8220;Clash&#8221;\" data-image-description=\"\" data-image-caption=\"&lt;p&gt;Rita Ora passa por transforma\u00e7\u00e3o para a revista &#8220;Clash&#8221; &lt;\/p&gt;\n\" data-medium-file=\"https:\/\/i0.wp.com\/agrund.com\/wp-content\/uploads\/sites\/6\/2015\/04\/rita-ora-bleached-eyebrows-clash04.jpg?fit=228%2C300&amp;ssl=1\" data-large-file=\"https:\/\/i0.wp.com\/agrund.com\/wp-content\/uploads\/sites\/6\/2015\/04\/rita-ora-bleached-eyebrows-clash04.jpg?fit=628%2C826&amp;ssl=1\" decoding=\"async\" loading=\"lazy\" class=\"wp-image-127958\" src=\"https:\/\/i0.wp.com\/www.agrund.com\/wp-content\/uploads\/sites\/6\/2015\/04\/rita-ora-bleached-eyebrows-clash04.jpg?resize=560%2C737\" alt=\"Rita Ora passa por transforma\u00e7\u00e3o para a revista &quot;Clash&quot; \" width=\"560\" height=\"737\" srcset=\"https:\/\/i0.wp.com\/agrund.com\/wp-content\/uploads\/sites\/6\/2015\/04\/rita-ora-bleached-eyebrows-clash04.jpg?w=628&amp;ssl=1 628w, https:\/\/i0.wp.com\/agrund.com\/wp-content\/uploads\/sites\/6\/2015\/04\/rita-ora-bleached-eyebrows-clash04.jpg?resize=228%2C300&amp;ssl=1 228w\" sizes=\"(max-width: 560px) 100vw, 560px\" data-recalc-dims=\"1\" \/><\/a><p id=\"caption-attachment-127958\" class=\"wp-caption-text\">Rita Ora passa por transforma\u00e7\u00e3o para a revista &#8220;Clash&#8221;<\/p><\/div>\n<p>Aposto que voc\u00ea n\u00e3o reconheceu Rita Ora na imagem acima! \u00c9 que a cantora apareceu com um visual bem diferente para uma sess\u00e3o de fotos da revista &#8220;Clash&#8221; com direito a cabelos loiros e sobrancelhas descoloridas. Mudan\u00e7a impressionante, n\u00e9?! Os cliques s\u00e3o de Mark Kean e voc\u00ea v\u00ea mais fotos do ensaio na galeria.<\/p>\n<div id=\"attachment_127955\" style=\"width: 570px\" class=\"wp-caption aligncenter\"><a href=\"https:\/\/i0.wp.com\/www.agrund.com\/wp-content\/uploads\/sites\/6\/2015\/04\/rita-ora-bleached-eyebrows-clash01.jpg\"><img aria-describedby=\"caption-attachment-127955\" data-attachment-id=\"127955\" data-permalink=\"https:\/\/agrund.com\/index.php\/rita-ora-passa-por-transformacao-para-a-revista-clash\/rita-ora-bleached-eyebrows-clash01\/\" data-orig-file=\"https:\/\/i0.wp.com\/agrund.com\/wp-content\/uploads\/sites\/6\/2015\/04\/rita-ora-bleached-eyebrows-clash01.jpg?fit=628%2C843&amp;ssl=1\" data-orig-size=\"628,843\" data-comments-opened=\"1\" data-image-meta=\"{&quot;aperture&quot;:&quot;0&quot;,&quot;credit&quot;:&quot;&quot;,&quot;camera&quot;:&quot;&quot;,&quot;caption&quot;:&quot;&quot;,&quot;created_timestamp&quot;:&quot;0&quot;,&quot;copyright&quot;:&quot;&quot;,&quot;focal_length&quot;:&quot;0&quot;,&quot;iso&quot;:&quot;0&quot;,&quot;shutter_speed&quot;:&quot;0&quot;,&quot;title&quot;:&quot;&quot;,&quot;orientation&quot;:&quot;0&quot;}\" data-image-title=\"Rita Ora passa por transforma\u00e7\u00e3o para a revista &#8220;Clash&#8221;\" data-image-description=\"\" data-image-caption=\"&lt;p&gt;Rita Ora passa por transforma\u00e7\u00e3o para a revista &#8220;Clash&#8221; &lt;\/p&gt;\n\" data-medium-file=\"https:\/\/i0.wp.com\/agrund.com\/wp-content\/uploads\/sites\/6\/2015\/04\/rita-ora-bleached-eyebrows-clash01.jpg?fit=223%2C300&amp;ssl=1\" data-large-file=\"https:\/\/i0.wp.com\/agrund.com\/wp-content\/uploads\/sites\/6\/2015\/04\/rita-ora-bleached-eyebrows-clash01.jpg?fit=628%2C843&amp;ssl=1\" decoding=\"async\" loading=\"lazy\" class=\"wp-image-127955\" src=\"https:\/\/i0.wp.com\/www.agrund.com\/wp-content\/uploads\/sites\/6\/2015\/04\/rita-ora-bleached-eyebrows-clash01.jpg?resize=560%2C752\" alt=\"Rita Ora passa por transforma\u00e7\u00e3o para a revista &quot;Clash&quot; \" width=\"560\" height=\"752\" srcset=\"https:\/\/i0.wp.com\/agrund.com\/wp-content\/uploads\/sites\/6\/2015\/04\/rita-ora-bleached-eyebrows-clash01.jpg?w=628&amp;ssl=1 628w, https:\/\/i0.wp.com\/agrund.com\/wp-content\/uploads\/sites\/6\/2015\/04\/rita-ora-bleached-eyebrows-clash01.jpg?resize=223%2C300&amp;ssl=1 223w\" sizes=\"(max-width: 560px) 100vw, 560px\" data-recalc-dims=\"1\" \/><\/a><p id=\"caption-attachment-127955\" class=\"wp-caption-text\">Rita Ora passa por transforma\u00e7\u00e3o para a revista &#8220;Clash&#8221;<\/p><\/div>\n<div id=\"attachment_127956\" style=\"width: 570px\" class=\"wp-caption aligncenter\"><a href=\"https:\/\/i0.wp.com\/www.agrund.com\/wp-content\/uploads\/sites\/6\/2015\/04\/rita-ora-bleached-eyebrows-clash02.jpg\"><img aria-describedby=\"caption-attachment-127956\" data-attachment-id=\"127956\" data-permalink=\"https:\/\/agrund.com\/index.php\/rita-ora-passa-por-transformacao-para-a-revista-clash\/rita-ora-bleached-eyebrows-clash02\/\" data-orig-file=\"https:\/\/i0.wp.com\/agrund.com\/wp-content\/uploads\/sites\/6\/2015\/04\/rita-ora-bleached-eyebrows-clash02.jpg?fit=628%2C843&amp;ssl=1\" data-orig-size=\"628,843\" data-comments-opened=\"1\" data-image-meta=\"{&quot;aperture&quot;:&quot;0&quot;,&quot;credit&quot;:&quot;&quot;,&quot;camera&quot;:&quot;&quot;,&quot;caption&quot;:&quot;&quot;,&quot;created_timestamp&quot;:&quot;0&quot;,&quot;copyright&quot;:&quot;&quot;,&quot;focal_length&quot;:&quot;0&quot;,&quot;iso&quot;:&quot;0&quot;,&quot;shutter_speed&quot;:&quot;0&quot;,&quot;title&quot;:&quot;&quot;,&quot;orientation&quot;:&quot;0&quot;}\" data-image-title=\"Rita Ora passa por transforma\u00e7\u00e3o para a revista &#8220;Clash&#8221;\" data-image-description=\"\" data-image-caption=\"&lt;p&gt;Rita Ora passa por transforma\u00e7\u00e3o para a revista &#8220;Clash&#8221; &lt;\/p&gt;\n\" data-medium-file=\"https:\/\/i0.wp.com\/agrund.com\/wp-content\/uploads\/sites\/6\/2015\/04\/rita-ora-bleached-eyebrows-clash02.jpg?fit=223%2C300&amp;ssl=1\" data-large-file=\"https:\/\/i0.wp.com\/agrund.com\/wp-content\/uploads\/sites\/6\/2015\/04\/rita-ora-bleached-eyebrows-clash02.jpg?fit=628%2C843&amp;ssl=1\" decoding=\"async\" loading=\"lazy\" class=\"wp-image-127956\" src=\"https:\/\/i0.wp.com\/www.agrund.com\/wp-content\/uploads\/sites\/6\/2015\/04\/rita-ora-bleached-eyebrows-clash02.jpg?resize=560%2C752\" alt=\"Rita Ora passa por transforma\u00e7\u00e3o para a revista &quot;Clash&quot; \" width=\"560\" height=\"752\" srcset=\"https:\/\/i0.wp.com\/agrund.com\/wp-content\/uploads\/sites\/6\/2015\/04\/rita-ora-bleached-eyebrows-clash02.jpg?w=628&amp;ssl=1 628w, https:\/\/i0.wp.com\/agrund.com\/wp-content\/uploads\/sites\/6\/2015\/04\/rita-ora-bleached-eyebrows-clash02.jpg?resize=223%2C300&amp;ssl=1 223w\" sizes=\"(max-width: 560px) 100vw, 560px\" data-recalc-dims=\"1\" \/><\/a><p id=\"caption-attachment-127956\" class=\"wp-caption-text\">Rita Ora passa por transforma\u00e7\u00e3o para a revista &#8220;Clash&#8221;<\/p><\/div>\n<div id=\"attachment_127959\" style=\"width: 570px\" class=\"wp-caption aligncenter\"><a href=\"https:\/\/i0.wp.com\/www.agrund.com\/wp-content\/uploads\/sites\/6\/2015\/04\/rita-ora-bleached-eyebrows-clash05.jpg\"><img aria-describedby=\"caption-attachment-127959\" data-attachment-id=\"127959\" data-permalink=\"https:\/\/agrund.com\/index.php\/rita-ora-passa-por-transformacao-para-a-revista-clash\/rita-ora-bleached-eyebrows-clash05\/\" data-orig-file=\"https:\/\/i0.wp.com\/agrund.com\/wp-content\/uploads\/sites\/6\/2015\/04\/rita-ora-bleached-eyebrows-clash05.jpg?fit=628%2C843&amp;ssl=1\" data-orig-size=\"628,843\" data-comments-opened=\"1\" data-image-meta=\"{&quot;aperture&quot;:&quot;0&quot;,&quot;credit&quot;:&quot;&quot;,&quot;camera&quot;:&quot;&quot;,&quot;caption&quot;:&quot;&quot;,&quot;created_timestamp&quot;:&quot;0&quot;,&quot;copyright&quot;:&quot;&quot;,&quot;focal_length&quot;:&quot;0&quot;,&quot;iso&quot;:&quot;0&quot;,&quot;shutter_speed&quot;:&quot;0&quot;,&quot;title&quot;:&quot;&quot;,&quot;orientation&quot;:&quot;0&quot;}\" data-image-title=\"Rita Ora passa por transforma\u00e7\u00e3o para a revista &#8220;Clash&#8221;\" data-image-description=\"\" data-image-caption=\"&lt;p&gt;Rita Ora passa por transforma\u00e7\u00e3o para a revista &#8220;Clash&#8221; &lt;\/p&gt;\n\" data-medium-file=\"https:\/\/i0.wp.com\/agrund.com\/wp-content\/uploads\/sites\/6\/2015\/04\/rita-ora-bleached-eyebrows-clash05.jpg?fit=223%2C300&amp;ssl=1\" data-large-file=\"https:\/\/i0.wp.com\/agrund.com\/wp-content\/uploads\/sites\/6\/2015\/04\/rita-ora-bleached-eyebrows-clash05.jpg?fit=628%2C843&amp;ssl=1\" decoding=\"async\" loading=\"lazy\" class=\"wp-image-127959\" src=\"https:\/\/i0.wp.com\/www.agrund.com\/wp-content\/uploads\/sites\/6\/2015\/04\/rita-ora-bleached-eyebrows-clash05.jpg?resize=560%2C752\" alt=\"Rita Ora passa por transforma\u00e7\u00e3o para a revista &quot;Clash&quot; \" width=\"560\" height=\"752\" srcset=\"https:\/\/i0.wp.com\/agrund.com\/wp-content\/uploads\/sites\/6\/2015\/04\/rita-ora-bleached-eyebrows-clash05.jpg?w=628&amp;ssl=1 628w, https:\/\/i0.wp.com\/agrund.com\/wp-content\/uploads\/sites\/6\/2015\/04\/rita-ora-bleached-eyebrows-clash05.jpg?resize=223%2C300&amp;ssl=1 223w\" sizes=\"(max-width: 560px) 100vw, 560px\" data-recalc-dims=\"1\" \/><\/a><p id=\"caption-attachment-127959\" class=\"wp-caption-text\">Rita Ora passa por transforma\u00e7\u00e3o para a revista &#8220;Clash&#8221;<\/p><\/div>\n<div id=\"attachment_127957\" style=\"width: 570px\" class=\"wp-caption aligncenter\"><a href=\"https:\/\/i0.wp.com\/www.agrund.com\/wp-content\/uploads\/sites\/6\/2015\/04\/rita-ora-bleached-eyebrows-clash03.jpg\"><img aria-describedby=\"caption-attachment-127957\" data-attachment-id=\"127957\" data-permalink=\"https:\/\/agrund.com\/index.php\/rita-ora-passa-por-transformacao-para-a-revista-clash\/rita-ora-bleached-eyebrows-clash03\/\" data-orig-file=\"https:\/\/i0.wp.com\/agrund.com\/wp-content\/uploads\/sites\/6\/2015\/04\/rita-ora-bleached-eyebrows-clash03.jpg?fit=628%2C842&amp;ssl=1\" data-orig-size=\"628,842\" data-comments-opened=\"1\" data-image-meta=\"{&quot;aperture&quot;:&quot;0&quot;,&quot;credit&quot;:&quot;&quot;,&quot;camera&quot;:&quot;&quot;,&quot;caption&quot;:&quot;&quot;,&quot;created_timestamp&quot;:&quot;0&quot;,&quot;copyright&quot;:&quot;&quot;,&quot;focal_length&quot;:&quot;0&quot;,&quot;iso&quot;:&quot;0&quot;,&quot;shutter_speed&quot;:&quot;0&quot;,&quot;title&quot;:&quot;&quot;,&quot;orientation&quot;:&quot;0&quot;}\" data-image-title=\"Rita Ora passa por transforma\u00e7\u00e3o para a revista &#8220;Clash&#8221;\" data-image-description=\"\" data-image-caption=\"&lt;p&gt;Rita Ora passa por transforma\u00e7\u00e3o para a revista &#8220;Clash&#8221; &lt;\/p&gt;\n\" data-medium-file=\"https:\/\/i0.wp.com\/agrund.com\/wp-content\/uploads\/sites\/6\/2015\/04\/rita-ora-bleached-eyebrows-clash03.jpg?fit=224%2C300&amp;ssl=1\" data-large-file=\"https:\/\/i0.wp.com\/agrund.com\/wp-content\/uploads\/sites\/6\/2015\/04\/rita-ora-bleached-eyebrows-clash03.jpg?fit=628%2C842&amp;ssl=1\" decoding=\"async\" loading=\"lazy\" class=\"wp-image-127957\" src=\"https:\/\/i0.wp.com\/www.agrund.com\/wp-content\/uploads\/sites\/6\/2015\/04\/rita-ora-bleached-eyebrows-clash03.jpg?resize=560%2C751\" alt=\"Rita Ora passa por transforma\u00e7\u00e3o para a revista &quot;Clash&quot; \" width=\"560\" height=\"751\" srcset=\"https:\/\/i0.wp.com\/agrund.com\/wp-content\/uploads\/sites\/6\/2015\/04\/rita-ora-bleached-eyebrows-clash03.jpg?w=628&amp;ssl=1 628w, https:\/\/i0.wp.com\/agrund.com\/wp-content\/uploads\/sites\/6\/2015\/04\/rita-ora-bleached-eyebrows-clash03.jpg?resize=224%2C300&amp;ssl=1 224w\" sizes=\"(max-width: 560px) 100vw, 560px\" data-recalc-dims=\"1\" \/><\/a><p id=\"caption-attachment-127957\" class=\"wp-caption-text\">Rita Ora passa por transforma\u00e7\u00e3o para a revista &#8220;Clash&#8221;<\/p><\/div>\n<div id=\"attachment_127960\" style=\"width: 570px\" class=\"wp-caption aligncenter\"><a href=\"https:\/\/i0.wp.com\/www.agrund.com\/wp-content\/uploads\/sites\/6\/2015\/04\/clash97_rita_4.jpg\"><img aria-describedby=\"caption-attachment-127960\" data-attachment-id=\"127960\" data-permalink=\"https:\/\/agrund.com\/index.php\/rita-ora-passa-por-transformacao-para-a-revista-clash\/clash97_rita_4\/\" data-orig-file=\"https:\/\/i0.wp.com\/agrund.com\/wp-content\/uploads\/sites\/6\/2015\/04\/clash97_rita_4.jpg?fit=628%2C842&amp;ssl=1\" data-orig-size=\"628,842\" data-comments-opened=\"1\" data-image-meta=\"{&quot;aperture&quot;:&quot;0&quot;,&quot;credit&quot;:&quot;&quot;,&quot;camera&quot;:&quot;&quot;,&quot;caption&quot;:&quot;&quot;,&quot;created_timestamp&quot;:&quot;0&quot;,&quot;copyright&quot;:&quot;&quot;,&quot;focal_length&quot;:&quot;0&quot;,&quot;iso&quot;:&quot;0&quot;,&quot;shutter_speed&quot;:&quot;0&quot;,&quot;title&quot;:&quot;&quot;,&quot;orientation&quot;:&quot;0&quot;}\" data-image-title=\"Rita Ora passa por transforma\u00e7\u00e3o para a revista &#8220;Clash&#8221;\" data-image-description=\"\" data-image-caption=\"&lt;p&gt;Rita Ora passa por transforma\u00e7\u00e3o para a revista &#8220;Clash&#8221; &lt;\/p&gt;\n\" data-medium-file=\"https:\/\/i0.wp.com\/agrund.com\/wp-content\/uploads\/sites\/6\/2015\/04\/clash97_rita_4.jpg?fit=224%2C300&amp;ssl=1\" data-large-file=\"https:\/\/i0.wp.com\/agrund.com\/wp-content\/uploads\/sites\/6\/2015\/04\/clash97_rita_4.jpg?fit=628%2C842&amp;ssl=1\" decoding=\"async\" loading=\"lazy\" class=\"wp-image-127960\" src=\"https:\/\/i0.wp.com\/www.agrund.com\/wp-content\/uploads\/sites\/6\/2015\/04\/clash97_rita_4.jpg?resize=560%2C751\" alt=\"Rita Ora passa por transforma\u00e7\u00e3o para a revista &quot;Clash&quot; \" width=\"560\" height=\"751\" srcset=\"https:\/\/i0.wp.com\/agrund.com\/wp-content\/uploads\/sites\/6\/2015\/04\/clash97_rita_4.jpg?w=628&amp;ssl=1 628w, https:\/\/i0.wp.com\/agrund.com\/wp-content\/uploads\/sites\/6\/2015\/04\/clash97_rita_4.jpg?resize=224%2C300&amp;ssl=1 224w\" sizes=\"(max-width: 560px) 100vw, 560px\" data-recalc-dims=\"1\" \/><\/a><p id=\"caption-attachment-127960\" class=\"wp-caption-text\">Rita Ora passa por transforma\u00e7\u00e3o para a revista &#8220;Clash&#8221;<\/p><\/div>\n<p>Imagens: Reprodu\u00e7\u00e3o.<\/p>\n","protected":false},"excerpt":{"rendered":"<p>Aposto que voc\u00ea n\u00e3o reconheceu Rita Ora na imagem acima! \u00c9 que a cantora apareceu com um visual bem diferente para uma sess\u00e3o de fotos da revista &#8220;Clash&#8221; com direito a cabelos loiros e sobrancelhas descoloridas. Mudan\u00e7a impressionante, n\u00e9?! Os cliques s\u00e3o de Mark Kean e voc\u00ea v\u00ea mais fotos do ensaio na galeria. Imagens: [&hellip;]<\/p>\n","protected":false},"author":8,"featured_media":127961,"comment_status":"open","ping_status":"open","sticky":false,"template":"","format":"standard","meta":{"jetpack_post_was_ever_published":false,"_jetpack_newsletter_access":"","jetpack_publicize_message":"E essa transforma\u00e7\u00e3o incr\u00edvel da Rita Ora pra revista \"Clash\"? Nem parece ela... http:\/\/wp.me\/p3Hz0n-xhM","jetpack_is_tweetstorm":false,"jetpack_publicize_feature_enabled":true,"jetpack_social_post_already_shared":true,"jetpack_social_options":{"image_generator_settings":{"template":"highway","enabled":false}}},"categories":[2],"tags":[],"jetpack_publicize_connections":[],"jetpack_featured_media_url":"https:\/\/i0.wp.com\/agrund.com\/wp-content\/uploads\/sites\/6\/2015\/04\/slide93.jpg?fit=960%2C300&ssl=1","jetpack_sharing_enabled":true,"jetpack_shortlink":"https:\/\/wp.me\/p3Hz0n-xhM","jetpack_likes_enabled":true,"_links":{"self":[{"href":"https:\/\/agrund.com\/index.php\/wp-json\/wp\/v2\/posts\/127954"}],"collection":[{"href":"https:\/\/agrund.com\/index.php\/wp-json\/wp\/v2\/posts"}],"about":[{"href":"https:\/\/agrund.com\/index.php\/wp-json\/wp\/v2\/types\/post"}],"author":[{"embeddable":true,"href":"https:\/\/agrund.com\/index.php\/wp-json\/wp\/v2\/users\/8"}],"replies":[{"embeddable":true,"href":"https:\/\/agrund.com\/index.php\/wp-json\/wp\/v2\/comments?post=127954"}],"version-history":[{"count":0,"href":"https:\/\/agrund.com\/index.php\/wp-json\/wp\/v2\/posts\/127954\/revisions"}],"wp:featuredmedia":[{"embeddable":true,"href":"https:\/\/agrund.com\/index.php\/wp-json\/wp\/v2\/media\/127961"}],"wp:attachment":[{"href":"https:\/\/agrund.com\/index.php\/wp-json\/wp\/v2\/media?parent=127954"}],"wp:term":[{"taxonomy":"category","embeddable":true,"href":"https:\/\/agrund.com\/index.php\/wp-json\/wp\/v2\/categories?post=127954"},{"taxonomy":"post_tag","embeddable":true,"href":"https:\/\/agrund.com\/index.php\/wp-json\/wp\/v2\/tags?post=127954"}],"curies":[{"name":"wp","href":"https:\/\/api.w.org\/{rel}","templated":true}]}}