{"id":127944,"date":"2015-04-23T20:00:45","date_gmt":"2015-04-23T23:00:45","guid":{"rendered":"http:\/\/www.agrund.com\/?p=127944"},"modified":"2015-04-23T17:31:46","modified_gmt":"2015-04-23T20:31:46","slug":"a-colecao-de-tenis-da-uniqlo","status":"publish","type":"post","link":"https:\/\/agrund.com\/index.php\/a-colecao-de-tenis-da-uniqlo\/","title":{"rendered":"A cole\u00e7\u00e3o de t\u00eanis da Uniqlo"},"content":{"rendered":"<div id=\"attachment_127945\" style=\"width: 570px\" class=\"wp-caption aligncenter\"><a href=\"https:\/\/i0.wp.com\/www.agrund.com\/wp-content\/uploads\/sites\/6\/2015\/04\/114.jpg\"><img aria-describedby=\"caption-attachment-127945\" data-attachment-id=\"127945\" data-permalink=\"https:\/\/agrund.com\/index.php\/a-colecao-de-tenis-da-uniqlo\/1-211\/\" data-orig-file=\"https:\/\/i0.wp.com\/agrund.com\/wp-content\/uploads\/sites\/6\/2015\/04\/114.jpg?fit=960%2C640&amp;ssl=1\" data-orig-size=\"960,640\" data-comments-opened=\"1\" data-image-meta=\"{&quot;aperture&quot;:&quot;0&quot;,&quot;credit&quot;:&quot;&quot;,&quot;camera&quot;:&quot;&quot;,&quot;caption&quot;:&quot;&quot;,&quot;created_timestamp&quot;:&quot;0&quot;,&quot;copyright&quot;:&quot;&quot;,&quot;focal_length&quot;:&quot;0&quot;,&quot;iso&quot;:&quot;0&quot;,&quot;shutter_speed&quot;:&quot;0&quot;,&quot;title&quot;:&quot;&quot;,&quot;orientation&quot;:&quot;0&quot;}\" data-image-title=\"1\" data-image-description=\"\" data-image-caption=\"&lt;p&gt;A cole\u00e7\u00e3o de t\u00eanis da Uniqlo &lt;\/p&gt;\n\" data-medium-file=\"https:\/\/i0.wp.com\/agrund.com\/wp-content\/uploads\/sites\/6\/2015\/04\/114.jpg?fit=300%2C200&amp;ssl=1\" data-large-file=\"https:\/\/i0.wp.com\/agrund.com\/wp-content\/uploads\/sites\/6\/2015\/04\/114.jpg?fit=960%2C640&amp;ssl=1\" decoding=\"async\" loading=\"lazy\" class=\"wp-image-127945\" src=\"https:\/\/i0.wp.com\/www.agrund.com\/wp-content\/uploads\/sites\/6\/2015\/04\/114.jpg?resize=560%2C373\" alt=\"A cole\u00e7\u00e3o de t\u00eanis da Uniqlo \" width=\"560\" height=\"373\" srcset=\"https:\/\/i0.wp.com\/agrund.com\/wp-content\/uploads\/sites\/6\/2015\/04\/114.jpg?w=960&amp;ssl=1 960w, https:\/\/i0.wp.com\/agrund.com\/wp-content\/uploads\/sites\/6\/2015\/04\/114.jpg?resize=300%2C200&amp;ssl=1 300w\" sizes=\"(max-width: 560px) 100vw, 560px\" data-recalc-dims=\"1\" \/><\/a><p id=\"caption-attachment-127945\" class=\"wp-caption-text\">A cole\u00e7\u00e3o de t\u00eanis da Uniqlo<\/p><\/div>\n<p>A fast fashion japonesa Uniqlo se prepara para lan\u00e7ar uma nova cole\u00e7\u00e3o de cal\u00e7ados masculinos. A linha vem com dois modelos base, um com cadar\u00e7o e outro slip-on que chegam dispon\u00edveis em cores que incluem azul, vermelho, cinza e branco. Os t\u00eanis traduzem a pegada minimalista da Uniqlo e estar\u00e3o dispon\u00edveis nas lojas da marca no mercado internacional por US$35 cada par (R$106, mais ou menos). Veja na galeria:<\/p>\n<div id=\"attachment_127946\" style=\"width: 570px\" class=\"wp-caption aligncenter\"><a href=\"https:\/\/i0.wp.com\/www.agrund.com\/wp-content\/uploads\/sites\/6\/2015\/04\/uniqlo-sneaker-collection-01.jpg\"><img aria-describedby=\"caption-attachment-127946\" data-attachment-id=\"127946\" data-permalink=\"https:\/\/agrund.com\/index.php\/a-colecao-de-tenis-da-uniqlo\/uniqlo-sneaker-collection-01\/\" data-orig-file=\"https:\/\/i0.wp.com\/agrund.com\/wp-content\/uploads\/sites\/6\/2015\/04\/uniqlo-sneaker-collection-01.jpg?fit=960%2C640&amp;ssl=1\" data-orig-size=\"960,640\" data-comments-opened=\"1\" data-image-meta=\"{&quot;aperture&quot;:&quot;0&quot;,&quot;credit&quot;:&quot;&quot;,&quot;camera&quot;:&quot;&quot;,&quot;caption&quot;:&quot;&quot;,&quot;created_timestamp&quot;:&quot;0&quot;,&quot;copyright&quot;:&quot;&quot;,&quot;focal_length&quot;:&quot;0&quot;,&quot;iso&quot;:&quot;0&quot;,&quot;shutter_speed&quot;:&quot;0&quot;,&quot;title&quot;:&quot;&quot;,&quot;orientation&quot;:&quot;0&quot;}\" data-image-title=\"uniqlo-sneaker-collection-01\" data-image-description=\"\" data-image-caption=\"&lt;p&gt;A cole\u00e7\u00e3o de t\u00eanis da Uniqlo &lt;\/p&gt;\n\" data-medium-file=\"https:\/\/i0.wp.com\/agrund.com\/wp-content\/uploads\/sites\/6\/2015\/04\/uniqlo-sneaker-collection-01.jpg?fit=300%2C200&amp;ssl=1\" data-large-file=\"https:\/\/i0.wp.com\/agrund.com\/wp-content\/uploads\/sites\/6\/2015\/04\/uniqlo-sneaker-collection-01.jpg?fit=960%2C640&amp;ssl=1\" decoding=\"async\" loading=\"lazy\" class=\"wp-image-127946\" src=\"https:\/\/i0.wp.com\/www.agrund.com\/wp-content\/uploads\/sites\/6\/2015\/04\/uniqlo-sneaker-collection-01.jpg?resize=560%2C373\" alt=\"A cole\u00e7\u00e3o de t\u00eanis da Uniqlo \" width=\"560\" height=\"373\" srcset=\"https:\/\/i0.wp.com\/agrund.com\/wp-content\/uploads\/sites\/6\/2015\/04\/uniqlo-sneaker-collection-01.jpg?w=960&amp;ssl=1 960w, https:\/\/i0.wp.com\/agrund.com\/wp-content\/uploads\/sites\/6\/2015\/04\/uniqlo-sneaker-collection-01.jpg?resize=300%2C200&amp;ssl=1 300w\" sizes=\"(max-width: 560px) 100vw, 560px\" data-recalc-dims=\"1\" \/><\/a><p id=\"caption-attachment-127946\" class=\"wp-caption-text\">A cole\u00e7\u00e3o de t\u00eanis da Uniqlo<\/p><\/div>\n<div id=\"attachment_127951\" style=\"width: 570px\" class=\"wp-caption aligncenter\"><a href=\"https:\/\/i0.wp.com\/www.agrund.com\/wp-content\/uploads\/sites\/6\/2015\/04\/uniqlo-sneaker-collection-09.jpg\"><img aria-describedby=\"caption-attachment-127951\" data-attachment-id=\"127951\" data-permalink=\"https:\/\/agrund.com\/index.php\/a-colecao-de-tenis-da-uniqlo\/uniqlo-sneaker-collection-09\/\" data-orig-file=\"https:\/\/i0.wp.com\/agrund.com\/wp-content\/uploads\/sites\/6\/2015\/04\/uniqlo-sneaker-collection-09.jpg?fit=960%2C640&amp;ssl=1\" data-orig-size=\"960,640\" data-comments-opened=\"1\" data-image-meta=\"{&quot;aperture&quot;:&quot;0&quot;,&quot;credit&quot;:&quot;&quot;,&quot;camera&quot;:&quot;&quot;,&quot;caption&quot;:&quot;&quot;,&quot;created_timestamp&quot;:&quot;0&quot;,&quot;copyright&quot;:&quot;&quot;,&quot;focal_length&quot;:&quot;0&quot;,&quot;iso&quot;:&quot;0&quot;,&quot;shutter_speed&quot;:&quot;0&quot;,&quot;title&quot;:&quot;&quot;,&quot;orientation&quot;:&quot;0&quot;}\" data-image-title=\"A cole\u00e7\u00e3o de t\u00eanis da Uniqlo\" data-image-description=\"\" data-image-caption=\"&lt;p&gt;A cole\u00e7\u00e3o de t\u00eanis da Uniqlo &lt;\/p&gt;\n\" data-medium-file=\"https:\/\/i0.wp.com\/agrund.com\/wp-content\/uploads\/sites\/6\/2015\/04\/uniqlo-sneaker-collection-09.jpg?fit=300%2C200&amp;ssl=1\" data-large-file=\"https:\/\/i0.wp.com\/agrund.com\/wp-content\/uploads\/sites\/6\/2015\/04\/uniqlo-sneaker-collection-09.jpg?fit=960%2C640&amp;ssl=1\" decoding=\"async\" loading=\"lazy\" class=\"wp-image-127951\" src=\"https:\/\/i0.wp.com\/www.agrund.com\/wp-content\/uploads\/sites\/6\/2015\/04\/uniqlo-sneaker-collection-09.jpg?resize=560%2C373\" alt=\"A cole\u00e7\u00e3o de t\u00eanis da Uniqlo \" width=\"560\" height=\"373\" srcset=\"https:\/\/i0.wp.com\/agrund.com\/wp-content\/uploads\/sites\/6\/2015\/04\/uniqlo-sneaker-collection-09.jpg?w=960&amp;ssl=1 960w, https:\/\/i0.wp.com\/agrund.com\/wp-content\/uploads\/sites\/6\/2015\/04\/uniqlo-sneaker-collection-09.jpg?resize=300%2C200&amp;ssl=1 300w\" sizes=\"(max-width: 560px) 100vw, 560px\" data-recalc-dims=\"1\" \/><\/a><p id=\"caption-attachment-127951\" class=\"wp-caption-text\">A cole\u00e7\u00e3o de t\u00eanis da Uniqlo<\/p><\/div>\n<div id=\"attachment_127947\" style=\"width: 570px\" class=\"wp-caption aligncenter\"><a href=\"https:\/\/i0.wp.com\/www.agrund.com\/wp-content\/uploads\/sites\/6\/2015\/04\/uniqlo-sneaker-collection-03.jpg\"><img aria-describedby=\"caption-attachment-127947\" data-attachment-id=\"127947\" data-permalink=\"https:\/\/agrund.com\/index.php\/a-colecao-de-tenis-da-uniqlo\/uniqlo-sneaker-collection-03\/\" data-orig-file=\"https:\/\/i0.wp.com\/agrund.com\/wp-content\/uploads\/sites\/6\/2015\/04\/uniqlo-sneaker-collection-03.jpg?fit=960%2C640&amp;ssl=1\" data-orig-size=\"960,640\" data-comments-opened=\"1\" data-image-meta=\"{&quot;aperture&quot;:&quot;0&quot;,&quot;credit&quot;:&quot;&quot;,&quot;camera&quot;:&quot;&quot;,&quot;caption&quot;:&quot;&quot;,&quot;created_timestamp&quot;:&quot;0&quot;,&quot;copyright&quot;:&quot;&quot;,&quot;focal_length&quot;:&quot;0&quot;,&quot;iso&quot;:&quot;0&quot;,&quot;shutter_speed&quot;:&quot;0&quot;,&quot;title&quot;:&quot;&quot;,&quot;orientation&quot;:&quot;0&quot;}\" data-image-title=\"A cole\u00e7\u00e3o de t\u00eanis da Uniqlo\" data-image-description=\"\" data-image-caption=\"&lt;p&gt;A cole\u00e7\u00e3o de t\u00eanis da Uniqlo &lt;\/p&gt;\n\" data-medium-file=\"https:\/\/i0.wp.com\/agrund.com\/wp-content\/uploads\/sites\/6\/2015\/04\/uniqlo-sneaker-collection-03.jpg?fit=300%2C200&amp;ssl=1\" data-large-file=\"https:\/\/i0.wp.com\/agrund.com\/wp-content\/uploads\/sites\/6\/2015\/04\/uniqlo-sneaker-collection-03.jpg?fit=960%2C640&amp;ssl=1\" decoding=\"async\" loading=\"lazy\" class=\"wp-image-127947\" src=\"https:\/\/i0.wp.com\/www.agrund.com\/wp-content\/uploads\/sites\/6\/2015\/04\/uniqlo-sneaker-collection-03.jpg?resize=560%2C373\" alt=\"A cole\u00e7\u00e3o de t\u00eanis da Uniqlo \" width=\"560\" height=\"373\" srcset=\"https:\/\/i0.wp.com\/agrund.com\/wp-content\/uploads\/sites\/6\/2015\/04\/uniqlo-sneaker-collection-03.jpg?w=960&amp;ssl=1 960w, https:\/\/i0.wp.com\/agrund.com\/wp-content\/uploads\/sites\/6\/2015\/04\/uniqlo-sneaker-collection-03.jpg?resize=300%2C200&amp;ssl=1 300w\" sizes=\"(max-width: 560px) 100vw, 560px\" data-recalc-dims=\"1\" \/><\/a><p id=\"caption-attachment-127947\" class=\"wp-caption-text\">A cole\u00e7\u00e3o de t\u00eanis da Uniqlo<\/p><\/div>\n<div id=\"attachment_127949\" style=\"width: 570px\" class=\"wp-caption aligncenter\"><a href=\"https:\/\/i0.wp.com\/www.agrund.com\/wp-content\/uploads\/sites\/6\/2015\/04\/uniqlo-sneaker-collection-06.jpg\"><img aria-describedby=\"caption-attachment-127949\" data-attachment-id=\"127949\" data-permalink=\"https:\/\/agrund.com\/index.php\/a-colecao-de-tenis-da-uniqlo\/uniqlo-sneaker-collection-06\/\" data-orig-file=\"https:\/\/i0.wp.com\/agrund.com\/wp-content\/uploads\/sites\/6\/2015\/04\/uniqlo-sneaker-collection-06.jpg?fit=960%2C640&amp;ssl=1\" data-orig-size=\"960,640\" data-comments-opened=\"1\" data-image-meta=\"{&quot;aperture&quot;:&quot;0&quot;,&quot;credit&quot;:&quot;&quot;,&quot;camera&quot;:&quot;&quot;,&quot;caption&quot;:&quot;&quot;,&quot;created_timestamp&quot;:&quot;0&quot;,&quot;copyright&quot;:&quot;&quot;,&quot;focal_length&quot;:&quot;0&quot;,&quot;iso&quot;:&quot;0&quot;,&quot;shutter_speed&quot;:&quot;0&quot;,&quot;title&quot;:&quot;&quot;,&quot;orientation&quot;:&quot;0&quot;}\" data-image-title=\"A cole\u00e7\u00e3o de t\u00eanis da Uniqlo\" data-image-description=\"\" data-image-caption=\"&lt;p&gt;A cole\u00e7\u00e3o de t\u00eanis da Uniqlo &lt;\/p&gt;\n\" data-medium-file=\"https:\/\/i0.wp.com\/agrund.com\/wp-content\/uploads\/sites\/6\/2015\/04\/uniqlo-sneaker-collection-06.jpg?fit=300%2C200&amp;ssl=1\" data-large-file=\"https:\/\/i0.wp.com\/agrund.com\/wp-content\/uploads\/sites\/6\/2015\/04\/uniqlo-sneaker-collection-06.jpg?fit=960%2C640&amp;ssl=1\" decoding=\"async\" loading=\"lazy\" class=\"wp-image-127949\" src=\"https:\/\/i0.wp.com\/www.agrund.com\/wp-content\/uploads\/sites\/6\/2015\/04\/uniqlo-sneaker-collection-06.jpg?resize=560%2C373\" alt=\"A cole\u00e7\u00e3o de t\u00eanis da Uniqlo \" width=\"560\" height=\"373\" srcset=\"https:\/\/i0.wp.com\/agrund.com\/wp-content\/uploads\/sites\/6\/2015\/04\/uniqlo-sneaker-collection-06.jpg?w=960&amp;ssl=1 960w, https:\/\/i0.wp.com\/agrund.com\/wp-content\/uploads\/sites\/6\/2015\/04\/uniqlo-sneaker-collection-06.jpg?resize=300%2C200&amp;ssl=1 300w\" sizes=\"(max-width: 560px) 100vw, 560px\" data-recalc-dims=\"1\" \/><\/a><p id=\"caption-attachment-127949\" class=\"wp-caption-text\">A cole\u00e7\u00e3o de t\u00eanis da Uniqlo<\/p><\/div>\n<div id=\"attachment_127948\" style=\"width: 570px\" class=\"wp-caption aligncenter\"><a href=\"https:\/\/i0.wp.com\/www.agrund.com\/wp-content\/uploads\/sites\/6\/2015\/04\/uniqlo-sneaker-collection-04.jpg\"><img aria-describedby=\"caption-attachment-127948\" data-attachment-id=\"127948\" data-permalink=\"https:\/\/agrund.com\/index.php\/a-colecao-de-tenis-da-uniqlo\/uniqlo-sneaker-collection-04\/\" data-orig-file=\"https:\/\/i0.wp.com\/agrund.com\/wp-content\/uploads\/sites\/6\/2015\/04\/uniqlo-sneaker-collection-04.jpg?fit=960%2C640&amp;ssl=1\" data-orig-size=\"960,640\" data-comments-opened=\"1\" data-image-meta=\"{&quot;aperture&quot;:&quot;0&quot;,&quot;credit&quot;:&quot;&quot;,&quot;camera&quot;:&quot;&quot;,&quot;caption&quot;:&quot;&quot;,&quot;created_timestamp&quot;:&quot;0&quot;,&quot;copyright&quot;:&quot;&quot;,&quot;focal_length&quot;:&quot;0&quot;,&quot;iso&quot;:&quot;0&quot;,&quot;shutter_speed&quot;:&quot;0&quot;,&quot;title&quot;:&quot;&quot;,&quot;orientation&quot;:&quot;0&quot;}\" data-image-title=\"A cole\u00e7\u00e3o de t\u00eanis da Uniqlo\" data-image-description=\"\" data-image-caption=\"&lt;p&gt;A cole\u00e7\u00e3o de t\u00eanis da Uniqlo &lt;\/p&gt;\n\" data-medium-file=\"https:\/\/i0.wp.com\/agrund.com\/wp-content\/uploads\/sites\/6\/2015\/04\/uniqlo-sneaker-collection-04.jpg?fit=300%2C200&amp;ssl=1\" data-large-file=\"https:\/\/i0.wp.com\/agrund.com\/wp-content\/uploads\/sites\/6\/2015\/04\/uniqlo-sneaker-collection-04.jpg?fit=960%2C640&amp;ssl=1\" decoding=\"async\" loading=\"lazy\" class=\"wp-image-127948\" src=\"https:\/\/i0.wp.com\/www.agrund.com\/wp-content\/uploads\/sites\/6\/2015\/04\/uniqlo-sneaker-collection-04.jpg?resize=560%2C373\" alt=\"A cole\u00e7\u00e3o de t\u00eanis da Uniqlo \" width=\"560\" height=\"373\" srcset=\"https:\/\/i0.wp.com\/agrund.com\/wp-content\/uploads\/sites\/6\/2015\/04\/uniqlo-sneaker-collection-04.jpg?w=960&amp;ssl=1 960w, https:\/\/i0.wp.com\/agrund.com\/wp-content\/uploads\/sites\/6\/2015\/04\/uniqlo-sneaker-collection-04.jpg?resize=300%2C200&amp;ssl=1 300w\" sizes=\"(max-width: 560px) 100vw, 560px\" data-recalc-dims=\"1\" \/><\/a><p id=\"caption-attachment-127948\" class=\"wp-caption-text\">A cole\u00e7\u00e3o de t\u00eanis da Uniqlo<\/p><\/div>\n<div id=\"attachment_127950\" style=\"width: 570px\" class=\"wp-caption aligncenter\"><a href=\"https:\/\/i0.wp.com\/www.agrund.com\/wp-content\/uploads\/sites\/6\/2015\/04\/uniqlo-sneaker-collection-08.jpg\"><img aria-describedby=\"caption-attachment-127950\" data-attachment-id=\"127950\" data-permalink=\"https:\/\/agrund.com\/index.php\/a-colecao-de-tenis-da-uniqlo\/uniqlo-sneaker-collection-08\/\" data-orig-file=\"https:\/\/i0.wp.com\/agrund.com\/wp-content\/uploads\/sites\/6\/2015\/04\/uniqlo-sneaker-collection-08.jpg?fit=960%2C640&amp;ssl=1\" data-orig-size=\"960,640\" data-comments-opened=\"1\" data-image-meta=\"{&quot;aperture&quot;:&quot;0&quot;,&quot;credit&quot;:&quot;&quot;,&quot;camera&quot;:&quot;&quot;,&quot;caption&quot;:&quot;&quot;,&quot;created_timestamp&quot;:&quot;0&quot;,&quot;copyright&quot;:&quot;&quot;,&quot;focal_length&quot;:&quot;0&quot;,&quot;iso&quot;:&quot;0&quot;,&quot;shutter_speed&quot;:&quot;0&quot;,&quot;title&quot;:&quot;&quot;,&quot;orientation&quot;:&quot;0&quot;}\" data-image-title=\"A cole\u00e7\u00e3o de t\u00eanis da Uniqlo\" data-image-description=\"\" data-image-caption=\"&lt;p&gt;A cole\u00e7\u00e3o de t\u00eanis da Uniqlo &lt;\/p&gt;\n\" data-medium-file=\"https:\/\/i0.wp.com\/agrund.com\/wp-content\/uploads\/sites\/6\/2015\/04\/uniqlo-sneaker-collection-08.jpg?fit=300%2C200&amp;ssl=1\" data-large-file=\"https:\/\/i0.wp.com\/agrund.com\/wp-content\/uploads\/sites\/6\/2015\/04\/uniqlo-sneaker-collection-08.jpg?fit=960%2C640&amp;ssl=1\" decoding=\"async\" loading=\"lazy\" class=\"wp-image-127950\" src=\"https:\/\/i0.wp.com\/www.agrund.com\/wp-content\/uploads\/sites\/6\/2015\/04\/uniqlo-sneaker-collection-08.jpg?resize=560%2C373\" alt=\"A cole\u00e7\u00e3o de t\u00eanis da Uniqlo \" width=\"560\" height=\"373\" srcset=\"https:\/\/i0.wp.com\/agrund.com\/wp-content\/uploads\/sites\/6\/2015\/04\/uniqlo-sneaker-collection-08.jpg?w=960&amp;ssl=1 960w, https:\/\/i0.wp.com\/agrund.com\/wp-content\/uploads\/sites\/6\/2015\/04\/uniqlo-sneaker-collection-08.jpg?resize=300%2C200&amp;ssl=1 300w\" sizes=\"(max-width: 560px) 100vw, 560px\" data-recalc-dims=\"1\" \/><\/a><p id=\"caption-attachment-127950\" class=\"wp-caption-text\">A cole\u00e7\u00e3o de t\u00eanis da Uniqlo<\/p><\/div>\n<p>Imagens: Reprodu\u00e7\u00e3o.<\/p>\n","protected":false},"excerpt":{"rendered":"<p>A fast fashion japonesa Uniqlo se prepara para lan\u00e7ar uma nova cole\u00e7\u00e3o de cal\u00e7ados masculinos. A linha vem com dois modelos base, um com cadar\u00e7o e outro slip-on que chegam dispon\u00edveis em cores que incluem azul, vermelho, cinza e branco. Os t\u00eanis traduzem a pegada minimalista da Uniqlo e estar\u00e3o dispon\u00edveis nas lojas da marca [&hellip;]<\/p>\n","protected":false},"author":8,"featured_media":127952,"comment_status":"open","ping_status":"open","sticky":false,"template":"","format":"standard","meta":{"jetpack_post_was_ever_published":false,"_jetpack_newsletter_access":"","jetpack_publicize_message":"Veja os modelos da nova cole\u00e7\u00e3o de t\u00eanis da japonesa Uniqlo: http:\/\/wp.me\/p3Hz0n-xhC","jetpack_is_tweetstorm":false,"jetpack_publicize_feature_enabled":true,"jetpack_social_post_already_shared":true,"jetpack_social_options":{"image_generator_settings":{"template":"highway","enabled":false}}},"categories":[2],"tags":[],"jetpack_publicize_connections":[],"jetpack_featured_media_url":"https:\/\/i0.wp.com\/agrund.com\/wp-content\/uploads\/sites\/6\/2015\/04\/slide92.jpg?fit=960%2C300&ssl=1","jetpack_sharing_enabled":true,"jetpack_shortlink":"https:\/\/wp.me\/p3Hz0n-xhC","jetpack_likes_enabled":true,"_links":{"self":[{"href":"https:\/\/agrund.com\/index.php\/wp-json\/wp\/v2\/posts\/127944"}],"collection":[{"href":"https:\/\/agrund.com\/index.php\/wp-json\/wp\/v2\/posts"}],"about":[{"href":"https:\/\/agrund.com\/index.php\/wp-json\/wp\/v2\/types\/post"}],"author":[{"embeddable":true,"href":"https:\/\/agrund.com\/index.php\/wp-json\/wp\/v2\/users\/8"}],"replies":[{"embeddable":true,"href":"https:\/\/agrund.com\/index.php\/wp-json\/wp\/v2\/comments?post=127944"}],"version-history":[{"count":0,"href":"https:\/\/agrund.com\/index.php\/wp-json\/wp\/v2\/posts\/127944\/revisions"}],"wp:featuredmedia":[{"embeddable":true,"href":"https:\/\/agrund.com\/index.php\/wp-json\/wp\/v2\/media\/127952"}],"wp:attachment":[{"href":"https:\/\/agrund.com\/index.php\/wp-json\/wp\/v2\/media?parent=127944"}],"wp:term":[{"taxonomy":"category","embeddable":true,"href":"https:\/\/agrund.com\/index.php\/wp-json\/wp\/v2\/categories?post=127944"},{"taxonomy":"post_tag","embeddable":true,"href":"https:\/\/agrund.com\/index.php\/wp-json\/wp\/v2\/tags?post=127944"}],"curies":[{"name":"wp","href":"https:\/\/api.w.org\/{rel}","templated":true}]}}