{"id":127841,"date":"2015-04-22T12:00:52","date_gmt":"2015-04-22T15:00:52","guid":{"rendered":"http:\/\/www.agrund.com\/?p=127841"},"modified":"2015-04-22T11:20:33","modified_gmt":"2015-04-22T14:20:33","slug":"as-novas-sandalias-da-open-ceremony-para-a-teva","status":"publish","type":"post","link":"https:\/\/agrund.com\/index.php\/as-novas-sandalias-da-open-ceremony-para-a-teva\/","title":{"rendered":"As novas sand\u00e1lias da Open Ceremony para a TEVA"},"content":{"rendered":"<div id=\"attachment_127842\" style=\"width: 560px\" class=\"wp-caption aligncenter\"><a href=\"https:\/\/i0.wp.com\/www.agrund.com\/wp-content\/uploads\/sites\/6\/2015\/04\/opening-ceremony-teva-sandals-1-960x640.jpg\"><img aria-describedby=\"caption-attachment-127842\" data-attachment-id=\"127842\" data-permalink=\"https:\/\/agrund.com\/index.php\/as-novas-sandalias-da-open-ceremony-para-a-teva\/opening-ceremony-teva-sandals-1-960x640\/\" data-orig-file=\"https:\/\/i0.wp.com\/agrund.com\/wp-content\/uploads\/sites\/6\/2015\/04\/opening-ceremony-teva-sandals-1-960x640.jpg?fit=960%2C639&amp;ssl=1\" data-orig-size=\"960,639\" data-comments-opened=\"1\" data-image-meta=\"{&quot;aperture&quot;:&quot;0&quot;,&quot;credit&quot;:&quot;&quot;,&quot;camera&quot;:&quot;&quot;,&quot;caption&quot;:&quot;&quot;,&quot;created_timestamp&quot;:&quot;0&quot;,&quot;copyright&quot;:&quot;&quot;,&quot;focal_length&quot;:&quot;0&quot;,&quot;iso&quot;:&quot;0&quot;,&quot;shutter_speed&quot;:&quot;0&quot;,&quot;title&quot;:&quot;&quot;,&quot;orientation&quot;:&quot;0&quot;}\" data-image-title=\"opening-ceremony-teva-sandals-1-960&#215;640\" data-image-description=\"\" data-image-caption=\"&lt;p&gt;As novas sand\u00e1lias da Open Ceremony para a TEVA &lt;\/p&gt;\n\" data-medium-file=\"https:\/\/i0.wp.com\/agrund.com\/wp-content\/uploads\/sites\/6\/2015\/04\/opening-ceremony-teva-sandals-1-960x640.jpg?fit=300%2C200&amp;ssl=1\" data-large-file=\"https:\/\/i0.wp.com\/agrund.com\/wp-content\/uploads\/sites\/6\/2015\/04\/opening-ceremony-teva-sandals-1-960x640.jpg?fit=960%2C639&amp;ssl=1\" decoding=\"async\" loading=\"lazy\" class=\"wp-image-127842\" src=\"https:\/\/i0.wp.com\/www.agrund.com\/wp-content\/uploads\/sites\/6\/2015\/04\/opening-ceremony-teva-sandals-1-960x640.jpg?resize=550%2C366\" alt=\"As novas sand\u00e1lias da Open Ceremony para a TEVA \" width=\"550\" height=\"366\" srcset=\"https:\/\/i0.wp.com\/agrund.com\/wp-content\/uploads\/sites\/6\/2015\/04\/opening-ceremony-teva-sandals-1-960x640.jpg?resize=960%2C640&amp;ssl=1 960w, https:\/\/i0.wp.com\/agrund.com\/wp-content\/uploads\/sites\/6\/2015\/04\/opening-ceremony-teva-sandals-1-960x640.jpg?resize=300%2C200&amp;ssl=1 300w\" sizes=\"(max-width: 550px) 100vw, 550px\" data-recalc-dims=\"1\" \/><\/a><p id=\"caption-attachment-127842\" class=\"wp-caption-text\">As novas sand\u00e1lias da Open Ceremony para a TEVA<\/p><\/div>\n<p>As sand\u00e1lias voltaram com tudo: depois de modelos de marcas como Camper e Birkenstock ca\u00edrem nas gra\u00e7as dos mais descolados, \u00e9 a vez da TEVA lan\u00e7ar uma cole\u00e7\u00e3o com a Open Ceremony. Essa \u00e9 a segunda parceria das duas marcas que desenvolveram novos visuais para dois modelos de sand\u00e1lias, sendo uma mais esportiva e a outra com sola plataforma \u2013 ambas em diversas cores. E a\u00ed, voc\u00ea usaria uma dessas? Veja a novidade em detalhes na galeria:<\/p>\n<div id=\"attachment_127844\" style=\"width: 560px\" class=\"wp-caption aligncenter\"><a href=\"https:\/\/i0.wp.com\/www.agrund.com\/wp-content\/uploads\/sites\/6\/2015\/04\/opening-ceremony-teva-sandals-3-960x640.jpg\"><img aria-describedby=\"caption-attachment-127844\" data-attachment-id=\"127844\" data-permalink=\"https:\/\/agrund.com\/index.php\/as-novas-sandalias-da-open-ceremony-para-a-teva\/opening-ceremony-teva-sandals-3-960x640\/\" data-orig-file=\"https:\/\/i0.wp.com\/agrund.com\/wp-content\/uploads\/sites\/6\/2015\/04\/opening-ceremony-teva-sandals-3-960x640.jpg?fit=960%2C639&amp;ssl=1\" data-orig-size=\"960,639\" data-comments-opened=\"1\" data-image-meta=\"{&quot;aperture&quot;:&quot;0&quot;,&quot;credit&quot;:&quot;&quot;,&quot;camera&quot;:&quot;&quot;,&quot;caption&quot;:&quot;&quot;,&quot;created_timestamp&quot;:&quot;0&quot;,&quot;copyright&quot;:&quot;&quot;,&quot;focal_length&quot;:&quot;0&quot;,&quot;iso&quot;:&quot;0&quot;,&quot;shutter_speed&quot;:&quot;0&quot;,&quot;title&quot;:&quot;&quot;,&quot;orientation&quot;:&quot;0&quot;}\" data-image-title=\"opening-ceremony-teva-sandals-3-960&#215;640\" data-image-description=\"\" data-image-caption=\"&lt;p&gt;As novas sand\u00e1lias da Open Ceremony para a TEVA &lt;\/p&gt;\n\" data-medium-file=\"https:\/\/i0.wp.com\/agrund.com\/wp-content\/uploads\/sites\/6\/2015\/04\/opening-ceremony-teva-sandals-3-960x640.jpg?fit=300%2C200&amp;ssl=1\" data-large-file=\"https:\/\/i0.wp.com\/agrund.com\/wp-content\/uploads\/sites\/6\/2015\/04\/opening-ceremony-teva-sandals-3-960x640.jpg?fit=960%2C639&amp;ssl=1\" decoding=\"async\" loading=\"lazy\" class=\"wp-image-127844\" src=\"https:\/\/i0.wp.com\/www.agrund.com\/wp-content\/uploads\/sites\/6\/2015\/04\/opening-ceremony-teva-sandals-3-960x640.jpg?resize=550%2C366\" alt=\"As novas sand\u00e1lias da Open Ceremony para a TEVA \" width=\"550\" height=\"366\" srcset=\"https:\/\/i0.wp.com\/agrund.com\/wp-content\/uploads\/sites\/6\/2015\/04\/opening-ceremony-teva-sandals-3-960x640.jpg?resize=960%2C640&amp;ssl=1 960w, https:\/\/i0.wp.com\/agrund.com\/wp-content\/uploads\/sites\/6\/2015\/04\/opening-ceremony-teva-sandals-3-960x640.jpg?resize=300%2C200&amp;ssl=1 300w\" sizes=\"(max-width: 550px) 100vw, 550px\" data-recalc-dims=\"1\" \/><\/a><p id=\"caption-attachment-127844\" class=\"wp-caption-text\">As novas sand\u00e1lias da Open Ceremony para a TEVA<\/p><\/div>\n<div id=\"attachment_127846\" style=\"width: 560px\" class=\"wp-caption aligncenter\"><a href=\"https:\/\/i0.wp.com\/www.agrund.com\/wp-content\/uploads\/sites\/6\/2015\/04\/opening-ceremony-teva-sandals-5-960x640.jpg\"><img aria-describedby=\"caption-attachment-127846\" data-attachment-id=\"127846\" data-permalink=\"https:\/\/agrund.com\/index.php\/as-novas-sandalias-da-open-ceremony-para-a-teva\/opening-ceremony-teva-sandals-5-960x640\/\" data-orig-file=\"https:\/\/i0.wp.com\/agrund.com\/wp-content\/uploads\/sites\/6\/2015\/04\/opening-ceremony-teva-sandals-5-960x640.jpg?fit=960%2C639&amp;ssl=1\" data-orig-size=\"960,639\" data-comments-opened=\"1\" data-image-meta=\"{&quot;aperture&quot;:&quot;0&quot;,&quot;credit&quot;:&quot;&quot;,&quot;camera&quot;:&quot;&quot;,&quot;caption&quot;:&quot;&quot;,&quot;created_timestamp&quot;:&quot;0&quot;,&quot;copyright&quot;:&quot;&quot;,&quot;focal_length&quot;:&quot;0&quot;,&quot;iso&quot;:&quot;0&quot;,&quot;shutter_speed&quot;:&quot;0&quot;,&quot;title&quot;:&quot;&quot;,&quot;orientation&quot;:&quot;0&quot;}\" data-image-title=\"opening-ceremony-teva-sandals-5-960&#215;640\" data-image-description=\"\" data-image-caption=\"&lt;p&gt;As novas sand\u00e1lias da Open Ceremony para a TEVA &lt;\/p&gt;\n\" data-medium-file=\"https:\/\/i0.wp.com\/agrund.com\/wp-content\/uploads\/sites\/6\/2015\/04\/opening-ceremony-teva-sandals-5-960x640.jpg?fit=300%2C200&amp;ssl=1\" data-large-file=\"https:\/\/i0.wp.com\/agrund.com\/wp-content\/uploads\/sites\/6\/2015\/04\/opening-ceremony-teva-sandals-5-960x640.jpg?fit=960%2C639&amp;ssl=1\" decoding=\"async\" loading=\"lazy\" class=\"wp-image-127846\" src=\"https:\/\/i0.wp.com\/www.agrund.com\/wp-content\/uploads\/sites\/6\/2015\/04\/opening-ceremony-teva-sandals-5-960x640.jpg?resize=550%2C366\" alt=\"As novas sand\u00e1lias da Open Ceremony para a TEVA \" width=\"550\" height=\"366\" srcset=\"https:\/\/i0.wp.com\/agrund.com\/wp-content\/uploads\/sites\/6\/2015\/04\/opening-ceremony-teva-sandals-5-960x640.jpg?resize=960%2C640&amp;ssl=1 960w, https:\/\/i0.wp.com\/agrund.com\/wp-content\/uploads\/sites\/6\/2015\/04\/opening-ceremony-teva-sandals-5-960x640.jpg?resize=300%2C200&amp;ssl=1 300w\" sizes=\"(max-width: 550px) 100vw, 550px\" data-recalc-dims=\"1\" \/><\/a><p id=\"caption-attachment-127846\" class=\"wp-caption-text\">As novas sand\u00e1lias da Open Ceremony para a TEVA<\/p><\/div>\n<div id=\"attachment_127845\" style=\"width: 560px\" class=\"wp-caption aligncenter\"><a href=\"https:\/\/i0.wp.com\/www.agrund.com\/wp-content\/uploads\/sites\/6\/2015\/04\/opening-ceremony-teva-sandals-4-960x640.jpg\"><img aria-describedby=\"caption-attachment-127845\" data-attachment-id=\"127845\" data-permalink=\"https:\/\/agrund.com\/index.php\/as-novas-sandalias-da-open-ceremony-para-a-teva\/opening-ceremony-teva-sandals-4-960x640\/\" data-orig-file=\"https:\/\/i0.wp.com\/agrund.com\/wp-content\/uploads\/sites\/6\/2015\/04\/opening-ceremony-teva-sandals-4-960x640.jpg?fit=960%2C639&amp;ssl=1\" data-orig-size=\"960,639\" data-comments-opened=\"1\" data-image-meta=\"{&quot;aperture&quot;:&quot;0&quot;,&quot;credit&quot;:&quot;&quot;,&quot;camera&quot;:&quot;&quot;,&quot;caption&quot;:&quot;&quot;,&quot;created_timestamp&quot;:&quot;0&quot;,&quot;copyright&quot;:&quot;&quot;,&quot;focal_length&quot;:&quot;0&quot;,&quot;iso&quot;:&quot;0&quot;,&quot;shutter_speed&quot;:&quot;0&quot;,&quot;title&quot;:&quot;&quot;,&quot;orientation&quot;:&quot;0&quot;}\" data-image-title=\"opening-ceremony-teva-sandals-4-960&#215;640\" data-image-description=\"\" data-image-caption=\"&lt;p&gt;As novas sand\u00e1lias da Open Ceremony para a TEVA &lt;\/p&gt;\n\" data-medium-file=\"https:\/\/i0.wp.com\/agrund.com\/wp-content\/uploads\/sites\/6\/2015\/04\/opening-ceremony-teva-sandals-4-960x640.jpg?fit=300%2C200&amp;ssl=1\" data-large-file=\"https:\/\/i0.wp.com\/agrund.com\/wp-content\/uploads\/sites\/6\/2015\/04\/opening-ceremony-teva-sandals-4-960x640.jpg?fit=960%2C639&amp;ssl=1\" decoding=\"async\" loading=\"lazy\" class=\"wp-image-127845\" src=\"https:\/\/i0.wp.com\/www.agrund.com\/wp-content\/uploads\/sites\/6\/2015\/04\/opening-ceremony-teva-sandals-4-960x640.jpg?resize=550%2C366\" alt=\"As novas sand\u00e1lias da Open Ceremony para a TEVA \" width=\"550\" height=\"366\" srcset=\"https:\/\/i0.wp.com\/agrund.com\/wp-content\/uploads\/sites\/6\/2015\/04\/opening-ceremony-teva-sandals-4-960x640.jpg?resize=960%2C640&amp;ssl=1 960w, https:\/\/i0.wp.com\/agrund.com\/wp-content\/uploads\/sites\/6\/2015\/04\/opening-ceremony-teva-sandals-4-960x640.jpg?resize=300%2C200&amp;ssl=1 300w\" sizes=\"(max-width: 550px) 100vw, 550px\" data-recalc-dims=\"1\" \/><\/a><p id=\"caption-attachment-127845\" class=\"wp-caption-text\">As novas sand\u00e1lias da Open Ceremony para a TEVA<\/p><\/div>\n<div id=\"attachment_127843\" style=\"width: 560px\" class=\"wp-caption aligncenter\"><a href=\"https:\/\/i0.wp.com\/www.agrund.com\/wp-content\/uploads\/sites\/6\/2015\/04\/opening-ceremony-teva-sandals-2-960x640.jpg\"><img aria-describedby=\"caption-attachment-127843\" data-attachment-id=\"127843\" data-permalink=\"https:\/\/agrund.com\/index.php\/as-novas-sandalias-da-open-ceremony-para-a-teva\/opening-ceremony-teva-sandals-2-960x640\/\" data-orig-file=\"https:\/\/i0.wp.com\/agrund.com\/wp-content\/uploads\/sites\/6\/2015\/04\/opening-ceremony-teva-sandals-2-960x640.jpg?fit=960%2C639&amp;ssl=1\" data-orig-size=\"960,639\" data-comments-opened=\"1\" data-image-meta=\"{&quot;aperture&quot;:&quot;0&quot;,&quot;credit&quot;:&quot;&quot;,&quot;camera&quot;:&quot;&quot;,&quot;caption&quot;:&quot;&quot;,&quot;created_timestamp&quot;:&quot;0&quot;,&quot;copyright&quot;:&quot;&quot;,&quot;focal_length&quot;:&quot;0&quot;,&quot;iso&quot;:&quot;0&quot;,&quot;shutter_speed&quot;:&quot;0&quot;,&quot;title&quot;:&quot;&quot;,&quot;orientation&quot;:&quot;0&quot;}\" data-image-title=\"opening-ceremony-teva-sandals-2-960&#215;640\" data-image-description=\"\" data-image-caption=\"&lt;p&gt;As novas sand\u00e1lias da Open Ceremony para a TEVA &lt;\/p&gt;\n\" data-medium-file=\"https:\/\/i0.wp.com\/agrund.com\/wp-content\/uploads\/sites\/6\/2015\/04\/opening-ceremony-teva-sandals-2-960x640.jpg?fit=300%2C200&amp;ssl=1\" data-large-file=\"https:\/\/i0.wp.com\/agrund.com\/wp-content\/uploads\/sites\/6\/2015\/04\/opening-ceremony-teva-sandals-2-960x640.jpg?fit=960%2C639&amp;ssl=1\" decoding=\"async\" loading=\"lazy\" class=\"wp-image-127843\" src=\"https:\/\/i0.wp.com\/www.agrund.com\/wp-content\/uploads\/sites\/6\/2015\/04\/opening-ceremony-teva-sandals-2-960x640.jpg?resize=550%2C366\" alt=\"As novas sand\u00e1lias da Open Ceremony para a TEVA \" width=\"550\" height=\"366\" srcset=\"https:\/\/i0.wp.com\/agrund.com\/wp-content\/uploads\/sites\/6\/2015\/04\/opening-ceremony-teva-sandals-2-960x640.jpg?resize=960%2C640&amp;ssl=1 960w, https:\/\/i0.wp.com\/agrund.com\/wp-content\/uploads\/sites\/6\/2015\/04\/opening-ceremony-teva-sandals-2-960x640.jpg?resize=300%2C200&amp;ssl=1 300w\" sizes=\"(max-width: 550px) 100vw, 550px\" data-recalc-dims=\"1\" \/><\/a><p id=\"caption-attachment-127843\" class=\"wp-caption-text\">As novas sand\u00e1lias da Open Ceremony para a TEVA<\/p><\/div>\n<p>Imagens: Reprodu\u00e7\u00e3o.<\/p>\n","protected":false},"excerpt":{"rendered":"<p>As sand\u00e1lias voltaram com tudo: depois de modelos de marcas como Camper e Birkenstock ca\u00edrem nas gra\u00e7as dos mais descolados, \u00e9 a vez da TEVA lan\u00e7ar uma cole\u00e7\u00e3o com a Open Ceremony. Essa \u00e9 a segunda parceria das duas marcas que desenvolveram novos visuais para dois modelos de sand\u00e1lias, sendo uma mais esportiva e a [&hellip;]<\/p>\n","protected":false},"author":8,"featured_media":127847,"comment_status":"open","ping_status":"open","sticky":false,"template":"","format":"standard","meta":{"jetpack_post_was_ever_published":false,"_jetpack_newsletter_access":"","jetpack_publicize_message":"Agrund.com adorou as novas sand\u00e1lias da Opening Ceremony para a TEVA! Veja os modelos: http:\/\/wp.me\/p3Hz0n-xfX","jetpack_is_tweetstorm":false,"jetpack_publicize_feature_enabled":true,"jetpack_social_post_already_shared":true,"jetpack_social_options":{"image_generator_settings":{"template":"highway","enabled":false}}},"categories":[2],"tags":[],"jetpack_publicize_connections":[],"jetpack_featured_media_url":"https:\/\/i0.wp.com\/agrund.com\/wp-content\/uploads\/sites\/6\/2015\/04\/slide79.jpg?fit=960%2C300&ssl=1","jetpack_sharing_enabled":true,"jetpack_shortlink":"https:\/\/wp.me\/p3Hz0n-xfX","jetpack_likes_enabled":true,"_links":{"self":[{"href":"https:\/\/agrund.com\/index.php\/wp-json\/wp\/v2\/posts\/127841"}],"collection":[{"href":"https:\/\/agrund.com\/index.php\/wp-json\/wp\/v2\/posts"}],"about":[{"href":"https:\/\/agrund.com\/index.php\/wp-json\/wp\/v2\/types\/post"}],"author":[{"embeddable":true,"href":"https:\/\/agrund.com\/index.php\/wp-json\/wp\/v2\/users\/8"}],"replies":[{"embeddable":true,"href":"https:\/\/agrund.com\/index.php\/wp-json\/wp\/v2\/comments?post=127841"}],"version-history":[{"count":0,"href":"https:\/\/agrund.com\/index.php\/wp-json\/wp\/v2\/posts\/127841\/revisions"}],"wp:featuredmedia":[{"embeddable":true,"href":"https:\/\/agrund.com\/index.php\/wp-json\/wp\/v2\/media\/127847"}],"wp:attachment":[{"href":"https:\/\/agrund.com\/index.php\/wp-json\/wp\/v2\/media?parent=127841"}],"wp:term":[{"taxonomy":"category","embeddable":true,"href":"https:\/\/agrund.com\/index.php\/wp-json\/wp\/v2\/categories?post=127841"},{"taxonomy":"post_tag","embeddable":true,"href":"https:\/\/agrund.com\/index.php\/wp-json\/wp\/v2\/tags?post=127841"}],"curies":[{"name":"wp","href":"https:\/\/api.w.org\/{rel}","templated":true}]}}