{"id":127825,"date":"2015-04-22T10:00:59","date_gmt":"2015-04-22T13:00:59","guid":{"rendered":"http:\/\/www.agrund.com\/?p=127825"},"modified":"2015-04-22T09:42:59","modified_gmt":"2015-04-22T12:42:59","slug":"rihanna-platinada-na-capa-da-v","status":"publish","type":"post","link":"https:\/\/agrund.com\/index.php\/rihanna-platinada-na-capa-da-v\/","title":{"rendered":"Rihanna platinada na capa da &#8220;V&#8221;"},"content":{"rendered":"<div id=\"attachment_127829\" style=\"width: 510px\" class=\"wp-caption aligncenter\"><a href=\"https:\/\/i0.wp.com\/www.agrund.com\/wp-content\/uploads\/sites\/6\/2015\/04\/rihanna-v-magazine-summer-2015-issue-01-960x640.jpg\"><img aria-describedby=\"caption-attachment-127829\" data-attachment-id=\"127829\" data-permalink=\"https:\/\/agrund.com\/index.php\/rihanna-platinada-na-capa-da-v\/rihanna-v-magazine-summer-2015-issue-01-960x640\/\" data-orig-file=\"https:\/\/i0.wp.com\/agrund.com\/wp-content\/uploads\/sites\/6\/2015\/04\/rihanna-v-magazine-summer-2015-issue-01-960x640.jpg?fit=550%2C767&amp;ssl=1\" data-orig-size=\"550,767\" data-comments-opened=\"1\" data-image-meta=\"{&quot;aperture&quot;:&quot;0&quot;,&quot;credit&quot;:&quot;&quot;,&quot;camera&quot;:&quot;&quot;,&quot;caption&quot;:&quot;&quot;,&quot;created_timestamp&quot;:&quot;0&quot;,&quot;copyright&quot;:&quot;&quot;,&quot;focal_length&quot;:&quot;0&quot;,&quot;iso&quot;:&quot;0&quot;,&quot;shutter_speed&quot;:&quot;0&quot;,&quot;title&quot;:&quot;&quot;,&quot;orientation&quot;:&quot;0&quot;}\" data-image-title=\"rihanna-v-magazine-summer-2015-issue-01-960&#215;640\" data-image-description=\"\" data-image-caption=\"&lt;p&gt;Rihanna platinada na capa da &#8220;V&#8221; &lt;\/p&gt;\n\" data-medium-file=\"https:\/\/i0.wp.com\/agrund.com\/wp-content\/uploads\/sites\/6\/2015\/04\/rihanna-v-magazine-summer-2015-issue-01-960x640.jpg?fit=215%2C300&amp;ssl=1\" data-large-file=\"https:\/\/i0.wp.com\/agrund.com\/wp-content\/uploads\/sites\/6\/2015\/04\/rihanna-v-magazine-summer-2015-issue-01-960x640.jpg?fit=550%2C767&amp;ssl=1\" decoding=\"async\" loading=\"lazy\" class=\"wp-image-127829\" src=\"https:\/\/i0.wp.com\/www.agrund.com\/wp-content\/uploads\/sites\/6\/2015\/04\/rihanna-v-magazine-summer-2015-issue-01-960x640.jpg?resize=500%2C697\" alt=\"Rihanna platinada na capa da &quot;V&quot; \" width=\"500\" height=\"697\" srcset=\"https:\/\/i0.wp.com\/agrund.com\/wp-content\/uploads\/sites\/6\/2015\/04\/rihanna-v-magazine-summer-2015-issue-01-960x640.jpg?w=550&amp;ssl=1 550w, https:\/\/i0.wp.com\/agrund.com\/wp-content\/uploads\/sites\/6\/2015\/04\/rihanna-v-magazine-summer-2015-issue-01-960x640.jpg?resize=215%2C300&amp;ssl=1 215w\" sizes=\"(max-width: 500px) 100vw, 500px\" data-recalc-dims=\"1\" \/><\/a><p id=\"caption-attachment-127829\" class=\"wp-caption-text\">Rihanna platinada na capa da &#8220;V&#8221;<\/p><\/div>\n<p>Rihanna volta a atacar: depois de estrelar a edi\u00e7\u00e3o de mar\u00e7o da &#8220;Harper&#8217;s Bazaar&#8221; americana (reveja <a href=\"http:\/\/www.agrund.com\/rihanna-%E2%80%8Bna-harpers-bazaar-americana\/\" target=\"_blank\">AQUI<\/a>), a cantora agora \u00e9 capa da revista &#8220;V&#8221; de maio. Em um clique bem sensual de Steven Klein, a americana faz um topless e mostra o corpo coberto apenas por uma calcinha da Versace \u2013 tudo arrematado por uma beleza com sombras azuis e peruca platinada. O styiling \u00e9 de Carlyne Cerf Dudzeele e voc\u00ea v\u00ea o resultado da capa e do ensaio do recheio na galeria:<\/p>\n<div id=\"attachment_127830\" style=\"width: 510px\" class=\"wp-caption aligncenter\"><a href=\"https:\/\/i0.wp.com\/www.agrund.com\/wp-content\/uploads\/sites\/6\/2015\/04\/rihanna-v-magazine-summer-2015-issue-03-960x640.jpg\"><img aria-describedby=\"caption-attachment-127830\" data-attachment-id=\"127830\" data-permalink=\"https:\/\/agrund.com\/index.php\/rihanna-platinada-na-capa-da-v\/rihanna-v-magazine-summer-2015-issue-03-960x640\/\" data-orig-file=\"https:\/\/i0.wp.com\/agrund.com\/wp-content\/uploads\/sites\/6\/2015\/04\/rihanna-v-magazine-summer-2015-issue-03-960x640.jpg?fit=960%2C639&amp;ssl=1\" data-orig-size=\"960,639\" data-comments-opened=\"1\" data-image-meta=\"{&quot;aperture&quot;:&quot;0&quot;,&quot;credit&quot;:&quot;&quot;,&quot;camera&quot;:&quot;&quot;,&quot;caption&quot;:&quot;&quot;,&quot;created_timestamp&quot;:&quot;0&quot;,&quot;copyright&quot;:&quot;&quot;,&quot;focal_length&quot;:&quot;0&quot;,&quot;iso&quot;:&quot;0&quot;,&quot;shutter_speed&quot;:&quot;0&quot;,&quot;title&quot;:&quot;&quot;,&quot;orientation&quot;:&quot;0&quot;}\" data-image-title=\"rihanna-v-magazine-summer-2015-issue-03-960&#215;640\" data-image-description=\"\" data-image-caption=\"&lt;p&gt;Rihanna platinada na capa da &#8220;V&#8221; &lt;\/p&gt;\n\" data-medium-file=\"https:\/\/i0.wp.com\/agrund.com\/wp-content\/uploads\/sites\/6\/2015\/04\/rihanna-v-magazine-summer-2015-issue-03-960x640.jpg?fit=300%2C200&amp;ssl=1\" data-large-file=\"https:\/\/i0.wp.com\/agrund.com\/wp-content\/uploads\/sites\/6\/2015\/04\/rihanna-v-magazine-summer-2015-issue-03-960x640.jpg?fit=960%2C639&amp;ssl=1\" decoding=\"async\" loading=\"lazy\" class=\"wp-image-127830\" src=\"https:\/\/i0.wp.com\/www.agrund.com\/wp-content\/uploads\/sites\/6\/2015\/04\/rihanna-v-magazine-summer-2015-issue-03-960x640.jpg?resize=500%2C333\" alt=\"Rihanna platinada na capa da &quot;V&quot; \" width=\"500\" height=\"333\" srcset=\"https:\/\/i0.wp.com\/agrund.com\/wp-content\/uploads\/sites\/6\/2015\/04\/rihanna-v-magazine-summer-2015-issue-03-960x640.jpg?resize=960%2C640&amp;ssl=1 960w, https:\/\/i0.wp.com\/agrund.com\/wp-content\/uploads\/sites\/6\/2015\/04\/rihanna-v-magazine-summer-2015-issue-03-960x640.jpg?resize=300%2C200&amp;ssl=1 300w\" sizes=\"(max-width: 500px) 100vw, 500px\" data-recalc-dims=\"1\" \/><\/a><p id=\"caption-attachment-127830\" class=\"wp-caption-text\">Rihanna platinada na capa da &#8220;V&#8221;<\/p><\/div>\n<div id=\"attachment_127826\" style=\"width: 510px\" class=\"wp-caption aligncenter\"><a href=\"https:\/\/i0.wp.com\/www.agrund.com\/wp-content\/uploads\/sites\/6\/2015\/04\/311.jpg\"><img aria-describedby=\"caption-attachment-127826\" data-attachment-id=\"127826\" data-permalink=\"https:\/\/agrund.com\/index.php\/rihanna-platinada-na-capa-da-v\/3-183\/\" data-orig-file=\"https:\/\/i0.wp.com\/agrund.com\/wp-content\/uploads\/sites\/6\/2015\/04\/311.jpg?fit=960%2C639&amp;ssl=1\" data-orig-size=\"960,639\" data-comments-opened=\"1\" data-image-meta=\"{&quot;aperture&quot;:&quot;0&quot;,&quot;credit&quot;:&quot;&quot;,&quot;camera&quot;:&quot;&quot;,&quot;caption&quot;:&quot;&quot;,&quot;created_timestamp&quot;:&quot;0&quot;,&quot;copyright&quot;:&quot;&quot;,&quot;focal_length&quot;:&quot;0&quot;,&quot;iso&quot;:&quot;0&quot;,&quot;shutter_speed&quot;:&quot;0&quot;,&quot;title&quot;:&quot;&quot;,&quot;orientation&quot;:&quot;0&quot;}\" data-image-title=\"3\" data-image-description=\"\" data-image-caption=\"&lt;p&gt;Rihanna platinada na capa da &#8220;V&#8221; &lt;\/p&gt;\n\" data-medium-file=\"https:\/\/i0.wp.com\/agrund.com\/wp-content\/uploads\/sites\/6\/2015\/04\/311.jpg?fit=300%2C200&amp;ssl=1\" data-large-file=\"https:\/\/i0.wp.com\/agrund.com\/wp-content\/uploads\/sites\/6\/2015\/04\/311.jpg?fit=960%2C639&amp;ssl=1\" decoding=\"async\" loading=\"lazy\" class=\"wp-image-127826\" src=\"https:\/\/i0.wp.com\/www.agrund.com\/wp-content\/uploads\/sites\/6\/2015\/04\/311.jpg?resize=500%2C333\" alt=\"Rihanna platinada na capa da &quot;V&quot; \" width=\"500\" height=\"333\" srcset=\"https:\/\/i0.wp.com\/agrund.com\/wp-content\/uploads\/sites\/6\/2015\/04\/311.jpg?w=960&amp;ssl=1 960w, https:\/\/i0.wp.com\/agrund.com\/wp-content\/uploads\/sites\/6\/2015\/04\/311.jpg?resize=300%2C200&amp;ssl=1 300w\" sizes=\"(max-width: 500px) 100vw, 500px\" data-recalc-dims=\"1\" \/><\/a><p id=\"caption-attachment-127826\" class=\"wp-caption-text\">Rihanna platinada na capa da &#8220;V&#8221;<\/p><\/div>\n<div id=\"attachment_127827\" style=\"width: 510px\" class=\"wp-caption aligncenter\"><a href=\"https:\/\/i0.wp.com\/www.agrund.com\/wp-content\/uploads\/sites\/6\/2015\/04\/49.jpg\"><img aria-describedby=\"caption-attachment-127827\" data-attachment-id=\"127827\" data-permalink=\"https:\/\/agrund.com\/index.php\/rihanna-platinada-na-capa-da-v\/4-179\/\" data-orig-file=\"https:\/\/i0.wp.com\/agrund.com\/wp-content\/uploads\/sites\/6\/2015\/04\/49.jpg?fit=361%2C500&amp;ssl=1\" data-orig-size=\"361,500\" data-comments-opened=\"1\" data-image-meta=\"{&quot;aperture&quot;:&quot;0&quot;,&quot;credit&quot;:&quot;&quot;,&quot;camera&quot;:&quot;&quot;,&quot;caption&quot;:&quot;&quot;,&quot;created_timestamp&quot;:&quot;0&quot;,&quot;copyright&quot;:&quot;&quot;,&quot;focal_length&quot;:&quot;0&quot;,&quot;iso&quot;:&quot;0&quot;,&quot;shutter_speed&quot;:&quot;0&quot;,&quot;title&quot;:&quot;&quot;,&quot;orientation&quot;:&quot;0&quot;}\" data-image-title=\"4\" data-image-description=\"\" data-image-caption=\"&lt;p&gt;Rihanna platinada na capa da &#8220;V&#8221; &lt;\/p&gt;\n\" data-medium-file=\"https:\/\/i0.wp.com\/agrund.com\/wp-content\/uploads\/sites\/6\/2015\/04\/49.jpg?fit=217%2C300&amp;ssl=1\" data-large-file=\"https:\/\/i0.wp.com\/agrund.com\/wp-content\/uploads\/sites\/6\/2015\/04\/49.jpg?fit=361%2C500&amp;ssl=1\" decoding=\"async\" loading=\"lazy\" class=\"wp-image-127827\" src=\"https:\/\/i0.wp.com\/www.agrund.com\/wp-content\/uploads\/sites\/6\/2015\/04\/49.jpg?resize=500%2C693\" alt=\"Rihanna platinada na capa da &quot;V&quot; \" width=\"500\" height=\"693\" srcset=\"https:\/\/i0.wp.com\/agrund.com\/wp-content\/uploads\/sites\/6\/2015\/04\/49.jpg?w=361&amp;ssl=1 361w, https:\/\/i0.wp.com\/agrund.com\/wp-content\/uploads\/sites\/6\/2015\/04\/49.jpg?resize=217%2C300&amp;ssl=1 217w\" sizes=\"(max-width: 500px) 100vw, 500px\" data-recalc-dims=\"1\" \/><\/a><p id=\"caption-attachment-127827\" class=\"wp-caption-text\">Rihanna platinada na capa da &#8220;V&#8221;<\/p><\/div>\n<div id=\"attachment_127828\" style=\"width: 510px\" class=\"wp-caption aligncenter\"><a href=\"https:\/\/i0.wp.com\/www.agrund.com\/wp-content\/uploads\/sites\/6\/2015\/04\/54.jpg\"><img aria-describedby=\"caption-attachment-127828\" data-attachment-id=\"127828\" data-permalink=\"https:\/\/agrund.com\/index.php\/rihanna-platinada-na-capa-da-v\/5-163\/\" data-orig-file=\"https:\/\/i0.wp.com\/agrund.com\/wp-content\/uploads\/sites\/6\/2015\/04\/54.jpg?fit=366%2C500&amp;ssl=1\" data-orig-size=\"366,500\" data-comments-opened=\"1\" data-image-meta=\"{&quot;aperture&quot;:&quot;0&quot;,&quot;credit&quot;:&quot;&quot;,&quot;camera&quot;:&quot;&quot;,&quot;caption&quot;:&quot;&quot;,&quot;created_timestamp&quot;:&quot;0&quot;,&quot;copyright&quot;:&quot;&quot;,&quot;focal_length&quot;:&quot;0&quot;,&quot;iso&quot;:&quot;0&quot;,&quot;shutter_speed&quot;:&quot;0&quot;,&quot;title&quot;:&quot;&quot;,&quot;orientation&quot;:&quot;0&quot;}\" data-image-title=\"5\" data-image-description=\"\" data-image-caption=\"&lt;p&gt;Rihanna platinada na capa da &#8220;V&#8221; &lt;\/p&gt;\n\" data-medium-file=\"https:\/\/i0.wp.com\/agrund.com\/wp-content\/uploads\/sites\/6\/2015\/04\/54.jpg?fit=220%2C300&amp;ssl=1\" data-large-file=\"https:\/\/i0.wp.com\/agrund.com\/wp-content\/uploads\/sites\/6\/2015\/04\/54.jpg?fit=366%2C500&amp;ssl=1\" decoding=\"async\" loading=\"lazy\" class=\"wp-image-127828\" src=\"https:\/\/i0.wp.com\/www.agrund.com\/wp-content\/uploads\/sites\/6\/2015\/04\/54.jpg?resize=500%2C683\" alt=\"Rihanna platinada na capa da &quot;V&quot; \" width=\"500\" height=\"683\" srcset=\"https:\/\/i0.wp.com\/agrund.com\/wp-content\/uploads\/sites\/6\/2015\/04\/54.jpg?w=366&amp;ssl=1 366w, https:\/\/i0.wp.com\/agrund.com\/wp-content\/uploads\/sites\/6\/2015\/04\/54.jpg?resize=220%2C300&amp;ssl=1 220w\" sizes=\"(max-width: 500px) 100vw, 500px\" data-recalc-dims=\"1\" \/><\/a><p id=\"caption-attachment-127828\" class=\"wp-caption-text\">Rihanna platinada na capa da &#8220;V&#8221;<\/p><\/div>\n<p>Imagens: Reprodu\u00e7\u00e3o.<\/p>\n","protected":false},"excerpt":{"rendered":"<p>Rihanna volta a atacar: depois de estrelar a edi\u00e7\u00e3o de mar\u00e7o da &#8220;Harper&#8217;s Bazaar&#8221; americana (reveja AQUI), a cantora agora \u00e9 capa da revista &#8220;V&#8221; de maio. Em um clique bem sensual de Steven Klein, a americana faz um topless e mostra o corpo coberto apenas por uma calcinha da Versace \u2013 tudo arrematado por [&hellip;]<\/p>\n","protected":false},"author":8,"featured_media":127831,"comment_status":"open","ping_status":"open","sticky":false,"template":"","format":"standard","meta":{"jetpack_post_was_ever_published":false,"_jetpack_newsletter_access":"","jetpack_publicize_message":"Que tal o ensaio da Rihanna vers\u00e3o platinada na nova edi\u00e7\u00e3o da revista \"V\"? http:\/\/wp.me\/p3Hz0n-xfH","jetpack_is_tweetstorm":false,"jetpack_publicize_feature_enabled":true,"jetpack_social_post_already_shared":true,"jetpack_social_options":{"image_generator_settings":{"template":"highway","enabled":false}}},"categories":[2],"tags":[],"jetpack_publicize_connections":[],"jetpack_featured_media_url":"https:\/\/i0.wp.com\/agrund.com\/wp-content\/uploads\/sites\/6\/2015\/04\/slide77.jpg?fit=960%2C300&ssl=1","jetpack_sharing_enabled":true,"jetpack_shortlink":"https:\/\/wp.me\/p3Hz0n-xfH","jetpack_likes_enabled":true,"_links":{"self":[{"href":"https:\/\/agrund.com\/index.php\/wp-json\/wp\/v2\/posts\/127825"}],"collection":[{"href":"https:\/\/agrund.com\/index.php\/wp-json\/wp\/v2\/posts"}],"about":[{"href":"https:\/\/agrund.com\/index.php\/wp-json\/wp\/v2\/types\/post"}],"author":[{"embeddable":true,"href":"https:\/\/agrund.com\/index.php\/wp-json\/wp\/v2\/users\/8"}],"replies":[{"embeddable":true,"href":"https:\/\/agrund.com\/index.php\/wp-json\/wp\/v2\/comments?post=127825"}],"version-history":[{"count":0,"href":"https:\/\/agrund.com\/index.php\/wp-json\/wp\/v2\/posts\/127825\/revisions"}],"wp:featuredmedia":[{"embeddable":true,"href":"https:\/\/agrund.com\/index.php\/wp-json\/wp\/v2\/media\/127831"}],"wp:attachment":[{"href":"https:\/\/agrund.com\/index.php\/wp-json\/wp\/v2\/media?parent=127825"}],"wp:term":[{"taxonomy":"category","embeddable":true,"href":"https:\/\/agrund.com\/index.php\/wp-json\/wp\/v2\/categories?post=127825"},{"taxonomy":"post_tag","embeddable":true,"href":"https:\/\/agrund.com\/index.php\/wp-json\/wp\/v2\/tags?post=127825"}],"curies":[{"name":"wp","href":"https:\/\/api.w.org\/{rel}","templated":true}]}}