{"id":127608,"date":"2015-04-17T14:00:12","date_gmt":"2015-04-17T17:00:12","guid":{"rendered":"http:\/\/www.agrund.com\/?p=127608"},"modified":"2015-04-17T11:33:42","modified_gmt":"2015-04-17T14:33:42","slug":"a-moda-do-coachella","status":"publish","type":"post","link":"https:\/\/agrund.com\/index.php\/a-moda-do-coachella\/","title":{"rendered":"A moda do Coachella"},"content":{"rendered":"<p style=\"text-align: right\">Por Anna Lee, de Los Angeles<\/p>\n<p>O estilo indie com pegada hippie foi a marca registrada do festival Cochaella, que chega ao fim nesse fim de semana aqui na California. Mas n\u00e3o pense que esse estilo continua o mesmo: certas celebridades andam investindo em detalhes que atualizam o visual, seja nos cabelos, seja na maquiagem. Veja na galeria e pegue carona nessa onda:<\/p>\n<p>Kate Bosworth, por exemplo, investiu em uma tran\u00e7a centralizada na risca do cabelo \u2013 um \u00f3timo penteado para quem quer disfar\u00e7ar raiz sem retoque!<\/p>\n<div id=\"attachment_127609\" style=\"width: 410px\" class=\"wp-caption aligncenter\"><a href=\"https:\/\/i0.wp.com\/www.agrund.com\/wp-content\/uploads\/sites\/6\/2015\/04\/image1.jpeg\"><img aria-describedby=\"caption-attachment-127609\" data-attachment-id=\"127609\" data-permalink=\"https:\/\/agrund.com\/index.php\/a-moda-do-coachella\/image1-2\/\" data-orig-file=\"https:\/\/i0.wp.com\/agrund.com\/wp-content\/uploads\/sites\/6\/2015\/04\/image1.jpeg?fit=310%2C453&amp;ssl=1\" data-orig-size=\"310,453\" data-comments-opened=\"1\" data-image-meta=\"{&quot;aperture&quot;:&quot;0&quot;,&quot;credit&quot;:&quot;&quot;,&quot;camera&quot;:&quot;&quot;,&quot;caption&quot;:&quot;&quot;,&quot;created_timestamp&quot;:&quot;0&quot;,&quot;copyright&quot;:&quot;2015 Getty Images&quot;,&quot;focal_length&quot;:&quot;0&quot;,&quot;iso&quot;:&quot;0&quot;,&quot;shutter_speed&quot;:&quot;0&quot;,&quot;title&quot;:&quot;&quot;,&quot;orientation&quot;:&quot;0&quot;}\" data-image-title=\"image1\" data-image-description=\"\" data-image-caption=\"&lt;p&gt;A moda do Coachella &lt;\/p&gt;\n\" data-medium-file=\"https:\/\/i0.wp.com\/agrund.com\/wp-content\/uploads\/sites\/6\/2015\/04\/image1.jpeg?fit=205%2C300&amp;ssl=1\" data-large-file=\"https:\/\/i0.wp.com\/agrund.com\/wp-content\/uploads\/sites\/6\/2015\/04\/image1.jpeg?fit=310%2C453&amp;ssl=1\" decoding=\"async\" loading=\"lazy\" class=\"wp-image-127609\" src=\"https:\/\/i0.wp.com\/www.agrund.com\/wp-content\/uploads\/sites\/6\/2015\/04\/image1.jpeg?resize=400%2C585\" alt=\"A moda do Coachella \" width=\"400\" height=\"585\" srcset=\"https:\/\/i0.wp.com\/agrund.com\/wp-content\/uploads\/sites\/6\/2015\/04\/image1.jpeg?w=310&amp;ssl=1 310w, https:\/\/i0.wp.com\/agrund.com\/wp-content\/uploads\/sites\/6\/2015\/04\/image1.jpeg?resize=205%2C300&amp;ssl=1 205w\" sizes=\"(max-width: 400px) 100vw, 400px\" data-recalc-dims=\"1\" \/><\/a><p id=\"caption-attachment-127609\" class=\"wp-caption-text\">A moda do Coachella<\/p><\/div>\n<p>&nbsp;<\/p>\n<p>J\u00e1 Rihanna causou com um batom roxo da Free Spirit. Esse tom j\u00e1 virou o queridinho por aqui e promete estar no topo das vendas nos pr\u00f3ximos meses!<\/p>\n<div id=\"attachment_127610\" style=\"width: 410px\" class=\"wp-caption aligncenter\"><a href=\"https:\/\/i0.wp.com\/www.agrund.com\/wp-content\/uploads\/sites\/6\/2015\/04\/image2.jpeg\"><img aria-describedby=\"caption-attachment-127610\" data-attachment-id=\"127610\" data-permalink=\"https:\/\/agrund.com\/index.php\/a-moda-do-coachella\/rihanna-wears-a-full-length-purple-fur-coat-and-pink-boots-in-the-desert-as-she-smokes-a-funny-looking-cigarette-and-watches-a-concert-at-the-coachella-music-festival-in-indio\/\" data-orig-file=\"https:\/\/i0.wp.com\/agrund.com\/wp-content\/uploads\/sites\/6\/2015\/04\/image2.jpeg?fit=933%2C1400&amp;ssl=1\" data-orig-size=\"933,1400\" data-comments-opened=\"1\" data-image-meta=\"{&quot;aperture&quot;:&quot;0&quot;,&quot;credit&quot;:&quot;PacificCoastNews&quot;,&quot;camera&quot;:&quot;&quot;,&quot;caption&quot;:&quot;135471, Rihanna wears a full length purple fur coat and pink boots in the desert as she smokes a funny looking cigarette and watches a concert at the Coachella Music Festival in Indio. The singer recently lightened her hair to its current light brown. Indio, California - Saturday, April 11. 2015. Photograph: \\u00a9 PacificCoastNews. Los Angeles Office: +1 310.822.0419 sales@pacificcoastnews.com FEE MUST BE AGREED PRIOR TO USAGE&quot;,&quot;created_timestamp&quot;:&quot;1428815322&quot;,&quot;copyright&quot;:&quot;\\u00a9 PacificCoastNews&quot;,&quot;focal_length&quot;:&quot;0&quot;,&quot;iso&quot;:&quot;0&quot;,&quot;shutter_speed&quot;:&quot;0&quot;,&quot;title&quot;:&quot;Rihanna wears a full length purple fur coat and pink boots in the desert as she smokes a funny looking cigarette and watches a concert at the Coachella Music Festival in Indio&quot;,&quot;orientation&quot;:&quot;0&quot;}\" data-image-title=\"Rihanna wears a full length purple fur coat and pink boots in the desert as she smokes a funny looking cigarette and watches a concert at the Coachella Music Festival in Indio\" data-image-description=\"&lt;p&gt;135471, Rihanna wears a full length purple fur coat and pink boots in the desert as she smokes a funny looking cigarette and watches a concert at the Coachella Music Festival in Indio. The singer recently lightened her hair to its current light brown. Indio, California &#8211; Saturday, April 11. 2015. Photograph: \u00a9 PacificCoastNews. Los Angeles Office: +1 310.822.0419 sales@pacificcoastnews.com FEE MUST BE AGREED PRIOR TO USAGE&lt;\/p&gt;\n\" data-image-caption=\"&lt;p&gt;A moda do Coachella &lt;\/p&gt;\n\" data-medium-file=\"https:\/\/i0.wp.com\/agrund.com\/wp-content\/uploads\/sites\/6\/2015\/04\/image2.jpeg?fit=200%2C300&amp;ssl=1\" data-large-file=\"https:\/\/i0.wp.com\/agrund.com\/wp-content\/uploads\/sites\/6\/2015\/04\/image2.jpeg?fit=682%2C1024&amp;ssl=1\" decoding=\"async\" loading=\"lazy\" class=\"wp-image-127610\" src=\"https:\/\/i0.wp.com\/www.agrund.com\/wp-content\/uploads\/sites\/6\/2015\/04\/image2.jpeg?resize=400%2C600\" alt=\"A moda do Coachella \" width=\"400\" height=\"600\" srcset=\"https:\/\/i0.wp.com\/agrund.com\/wp-content\/uploads\/sites\/6\/2015\/04\/image2.jpeg?w=933&amp;ssl=1 933w, https:\/\/i0.wp.com\/agrund.com\/wp-content\/uploads\/sites\/6\/2015\/04\/image2.jpeg?resize=200%2C300&amp;ssl=1 200w, https:\/\/i0.wp.com\/agrund.com\/wp-content\/uploads\/sites\/6\/2015\/04\/image2.jpeg?resize=682%2C1024&amp;ssl=1 682w\" sizes=\"(max-width: 400px) 100vw, 400px\" data-recalc-dims=\"1\" \/><\/a><p id=\"caption-attachment-127610\" class=\"wp-caption-text\">A moda do Coachella<\/p><\/div>\n<p>Quer ficar por dentro de outras novidades sobre beleza? Acompanhe o Instagram @annaleemakeup!<\/p>\n<p>Imagens: Reprodu\u00e7\u00e3o.<\/p>\n","protected":false},"excerpt":{"rendered":"<p>Por Anna Lee, de Los Angeles O estilo indie com pegada hippie foi a marca registrada do festival Cochaella, que chega ao fim nesse fim de semana aqui na California. Mas n\u00e3o pense que esse estilo continua o mesmo: certas celebridades andam investindo em detalhes que atualizam o visual, seja nos cabelos, seja na maquiagem. [&hellip;]<\/p>\n","protected":false},"author":8,"featured_media":127611,"comment_status":"open","ping_status":"open","sticky":false,"template":"","format":"standard","meta":{"jetpack_post_was_ever_published":false,"_jetpack_newsletter_access":"","jetpack_publicize_message":"Pausa no #SPFW: Anna Lee fala sobre o estilo \"indie hippie\" que bombou entre as celebridades do Coachella! http:\/\/wp.me\/p3Hz0n-xcc","jetpack_is_tweetstorm":false,"jetpack_publicize_feature_enabled":true,"jetpack_social_post_already_shared":true,"jetpack_social_options":{"image_generator_settings":{"template":"highway","enabled":false}}},"categories":[2],"tags":[],"jetpack_publicize_connections":[],"jetpack_featured_media_url":"https:\/\/i0.wp.com\/agrund.com\/wp-content\/uploads\/sites\/6\/2015\/04\/slideriri.jpg?fit=960%2C300&ssl=1","jetpack_sharing_enabled":true,"jetpack_shortlink":"https:\/\/wp.me\/p3Hz0n-xcc","jetpack_likes_enabled":true,"_links":{"self":[{"href":"https:\/\/agrund.com\/index.php\/wp-json\/wp\/v2\/posts\/127608"}],"collection":[{"href":"https:\/\/agrund.com\/index.php\/wp-json\/wp\/v2\/posts"}],"about":[{"href":"https:\/\/agrund.com\/index.php\/wp-json\/wp\/v2\/types\/post"}],"author":[{"embeddable":true,"href":"https:\/\/agrund.com\/index.php\/wp-json\/wp\/v2\/users\/8"}],"replies":[{"embeddable":true,"href":"https:\/\/agrund.com\/index.php\/wp-json\/wp\/v2\/comments?post=127608"}],"version-history":[{"count":0,"href":"https:\/\/agrund.com\/index.php\/wp-json\/wp\/v2\/posts\/127608\/revisions"}],"wp:featuredmedia":[{"embeddable":true,"href":"https:\/\/agrund.com\/index.php\/wp-json\/wp\/v2\/media\/127611"}],"wp:attachment":[{"href":"https:\/\/agrund.com\/index.php\/wp-json\/wp\/v2\/media?parent=127608"}],"wp:term":[{"taxonomy":"category","embeddable":true,"href":"https:\/\/agrund.com\/index.php\/wp-json\/wp\/v2\/categories?post=127608"},{"taxonomy":"post_tag","embeddable":true,"href":"https:\/\/agrund.com\/index.php\/wp-json\/wp\/v2\/tags?post=127608"}],"curies":[{"name":"wp","href":"https:\/\/api.w.org\/{rel}","templated":true}]}}