{"id":12713,"date":"2011-06-29T14:30:24","date_gmt":"2011-06-29T17:30:24","guid":{"rendered":"http:\/\/www.agrund.com\/blogs\/notas\/?p=12713"},"modified":"2011-06-29T14:30:24","modified_gmt":"2011-06-29T17:30:24","slug":"12713","status":"publish","type":"post","link":"https:\/\/agrund.com\/index.php\/12713\/","title":{"rendered":"Lookbook :: Jeremy Scott + Adidas"},"content":{"rendered":"<p>J\u00e1 viram o lookbook de outono\/inverno da parceria \u2013mega bem sucedida! \u2013 Jeremy Scott e Adidas? Varia\u00e7\u00f5es das famosas asinhas, animal prints e um \u00f3timo sportwear para a noite. Confira:<\/p>\n<p><img decoding=\"async\" loading=\"lazy\" class=\"aligncenter size-full wp-image-12699\" src=\"https:\/\/i0.wp.com\/www.agrund.com\/arquivo\/notas\/files\/2011\/06\/adidas-jeremy-scott-fw11-0.jpg?resize=470%2C348\" alt=\"\" width=\"470\" height=\"348\" data-recalc-dims=\"1\" \/><img decoding=\"async\" loading=\"lazy\" class=\"aligncenter size-full wp-image-12700\" src=\"https:\/\/i0.wp.com\/www.agrund.com\/arquivo\/notas\/files\/2011\/06\/adidas-jeremy-scott-fw11-6-392x540.jpg?resize=392%2C540\" alt=\"\" width=\"392\" height=\"540\" data-recalc-dims=\"1\" \/><img decoding=\"async\" loading=\"lazy\" class=\"aligncenter size-full wp-image-12701\" src=\"https:\/\/i0.wp.com\/www.agrund.com\/arquivo\/notas\/files\/2011\/06\/adidas-jeremy-scott-fw11-9-353x540.jpg?resize=470%2C719\" alt=\"\" width=\"470\" height=\"719\" data-recalc-dims=\"1\" \/><img decoding=\"async\" loading=\"lazy\" class=\"aligncenter size-full wp-image-12703\" src=\"https:\/\/i0.wp.com\/www.agrund.com\/arquivo\/notas\/files\/2011\/06\/adidas-jeremy-scott-fw11-13-406x540.jpg?resize=406%2C540\" alt=\"\" width=\"406\" height=\"540\" data-recalc-dims=\"1\" \/><\/p>\n<p><img decoding=\"async\" loading=\"lazy\" class=\"aligncenter size-full wp-image-12702\" src=\"https:\/\/i0.wp.com\/www.agrund.com\/arquivo\/notas\/files\/2011\/06\/adidas-jeremy-scott-fw11-11-329x540.jpg?resize=329%2C540\" alt=\"\" width=\"329\" height=\"540\" data-recalc-dims=\"1\" \/><\/p>\n<p>Veja a cole\u00e7\u00e3o inteira <a href=\"http:\/\/www.highsnobiety.com\/news\/2011\/06\/29\/adidas-originals-by-originals-jeremy-scott-fallwinter-2011-lookbook\/\">aqui<\/a>.<\/p>\n","protected":false},"excerpt":{"rendered":"<p>J\u00e1 viram o lookbook de outono\/inverno da parceria \u2013mega bem sucedida! \u2013 Jeremy Scott e Adidas? Varia\u00e7\u00f5es das famosas asinhas, animal prints e um \u00f3timo sportwear para a noite. Confira: Veja a cole\u00e7\u00e3o inteira aqui.<\/p>\n","protected":false},"author":8,"featured_media":12699,"comment_status":"open","ping_status":"open","sticky":false,"template":"","format":"standard","meta":{"jetpack_post_was_ever_published":false,"_jetpack_newsletter_access":"","jetpack_publicize_message":"","jetpack_is_tweetstorm":false,"jetpack_publicize_feature_enabled":true,"jetpack_social_post_already_shared":false,"jetpack_social_options":{"image_generator_settings":{"template":"highway","enabled":false}}},"categories":[2],"tags":[],"jetpack_publicize_connections":[],"jetpack_featured_media_url":"","jetpack_sharing_enabled":true,"jetpack_shortlink":"https:\/\/wp.me\/s3Hz0n-12713","jetpack_likes_enabled":true,"_links":{"self":[{"href":"https:\/\/agrund.com\/index.php\/wp-json\/wp\/v2\/posts\/12713"}],"collection":[{"href":"https:\/\/agrund.com\/index.php\/wp-json\/wp\/v2\/posts"}],"about":[{"href":"https:\/\/agrund.com\/index.php\/wp-json\/wp\/v2\/types\/post"}],"author":[{"embeddable":true,"href":"https:\/\/agrund.com\/index.php\/wp-json\/wp\/v2\/users\/8"}],"replies":[{"embeddable":true,"href":"https:\/\/agrund.com\/index.php\/wp-json\/wp\/v2\/comments?post=12713"}],"version-history":[{"count":0,"href":"https:\/\/agrund.com\/index.php\/wp-json\/wp\/v2\/posts\/12713\/revisions"}],"wp:featuredmedia":[{"embeddable":true,"href":"https:\/\/agrund.com\/index.php\/wp-json\/"}],"wp:attachment":[{"href":"https:\/\/agrund.com\/index.php\/wp-json\/wp\/v2\/media?parent=12713"}],"wp:term":[{"taxonomy":"category","embeddable":true,"href":"https:\/\/agrund.com\/index.php\/wp-json\/wp\/v2\/categories?post=12713"},{"taxonomy":"post_tag","embeddable":true,"href":"https:\/\/agrund.com\/index.php\/wp-json\/wp\/v2\/tags?post=12713"}],"curies":[{"name":"wp","href":"https:\/\/api.w.org\/{rel}","templated":true}]}}