{"id":126737,"date":"2015-04-10T18:00:36","date_gmt":"2015-04-10T21:00:36","guid":{"rendered":"http:\/\/www.agrund.com\/?p=126737"},"modified":"2015-04-10T17:38:04","modified_gmt":"2015-04-10T20:38:04","slug":"karl-lagerfeld-recusa-papel-em-zoolander-2","status":"publish","type":"post","link":"https:\/\/agrund.com\/index.php\/karl-lagerfeld-recusa-papel-em-zoolander-2\/","title":{"rendered":"Karl Lagerfeld recusa papel em &#8220;Zoolander 2&#8221;"},"content":{"rendered":"<div id=\"attachment_126738\" style=\"width: 570px\" class=\"wp-caption aligncenter\"><a href=\"https:\/\/i0.wp.com\/www.agrund.com\/wp-content\/uploads\/sites\/6\/2015\/04\/6a00e54f05e1bb88340168e995f963970c.jpg\"><img aria-describedby=\"caption-attachment-126738\" data-attachment-id=\"126738\" data-permalink=\"https:\/\/agrund.com\/index.php\/karl-lagerfeld-recusa-papel-em-zoolander-2\/6a00e54f05e1bb88340168e995f963970c\/\" data-orig-file=\"https:\/\/i0.wp.com\/agrund.com\/wp-content\/uploads\/sites\/6\/2015\/04\/6a00e54f05e1bb88340168e995f963970c.jpg?fit=1600%2C900&amp;ssl=1\" data-orig-size=\"1600,900\" data-comments-opened=\"1\" data-image-meta=\"{&quot;aperture&quot;:&quot;0&quot;,&quot;credit&quot;:&quot;&quot;,&quot;camera&quot;:&quot;&quot;,&quot;caption&quot;:&quot;&quot;,&quot;created_timestamp&quot;:&quot;0&quot;,&quot;copyright&quot;:&quot;&quot;,&quot;focal_length&quot;:&quot;0&quot;,&quot;iso&quot;:&quot;0&quot;,&quot;shutter_speed&quot;:&quot;0&quot;,&quot;title&quot;:&quot;&quot;,&quot;orientation&quot;:&quot;0&quot;}\" data-image-title=\"Karl Lagerfeld recusa papel em &#8220;Zoolander 2&#8221;\" data-image-description=\"\" data-image-caption=\"&lt;p&gt;Karl Lagerfeld recusa papel em &#8220;Zoolander 2&#8221; &lt;\/p&gt;\n\" data-medium-file=\"https:\/\/i0.wp.com\/agrund.com\/wp-content\/uploads\/sites\/6\/2015\/04\/6a00e54f05e1bb88340168e995f963970c.jpg?fit=300%2C169&amp;ssl=1\" data-large-file=\"https:\/\/i0.wp.com\/agrund.com\/wp-content\/uploads\/sites\/6\/2015\/04\/6a00e54f05e1bb88340168e995f963970c.jpg?fit=1024%2C576&amp;ssl=1\" decoding=\"async\" loading=\"lazy\" class=\"wp-image-126738\" src=\"https:\/\/i0.wp.com\/www.agrund.com\/wp-content\/uploads\/sites\/6\/2015\/04\/6a00e54f05e1bb88340168e995f963970c.jpg?resize=560%2C315\" alt=\"Karl Lagerfeld recusa papel em &quot;Zoolander 2&quot; \" width=\"560\" height=\"315\" srcset=\"https:\/\/i0.wp.com\/agrund.com\/wp-content\/uploads\/sites\/6\/2015\/04\/6a00e54f05e1bb88340168e995f963970c.jpg?w=1600&amp;ssl=1 1600w, https:\/\/i0.wp.com\/agrund.com\/wp-content\/uploads\/sites\/6\/2015\/04\/6a00e54f05e1bb88340168e995f963970c.jpg?resize=300%2C169&amp;ssl=1 300w, https:\/\/i0.wp.com\/agrund.com\/wp-content\/uploads\/sites\/6\/2015\/04\/6a00e54f05e1bb88340168e995f963970c.jpg?resize=1024%2C576&amp;ssl=1 1024w\" sizes=\"(max-width: 560px) 100vw, 560px\" data-recalc-dims=\"1\" \/><\/a><p id=\"caption-attachment-126738\" class=\"wp-caption-text\">Karl Lagerfeld recusa papel em &#8220;Zoolander 2&#8221;<\/p><\/div>\n<p>Ser\u00e1 que &#8220;Zoolander 2&#8221; vai se consagrar como o pr\u00f3ximo filme do momento no mundo da moda? Se depender das novidades que andam circulando por a\u00ed o sucesso do longa j\u00e1 est\u00e1 garantido! \u00c9 que o filme est\u00e1 na boca do povo, e depois de ser tema de um editorial com Ben Stiller e Owen Wilson (veja <a href=\"http:\/\/www.agrund.com\/ben-stiller-e-owen-wilson-estrelam-editorial-de-moda-no-clima-de-zoolander-2\/\" target=\"_blank\">AQUI<\/a>) e anunciar Karlie Kloss como uma das pessoas do elenco (<a href=\"http:\/\/www.agrund.com\/karlie-kloss-estara-em-zoolander-2\/\" target=\"_blank\">AQUI<\/a>), foi a vez de ningu\u00e9m menos que Karl Lagerfeld ter seu nome envolvido com a produ\u00e7\u00e3o. Mas as not\u00edcias n\u00e3o s\u00e3o t\u00e3o boas: segundo uma mat\u00e9ria da &#8220;Hello&#8221;, o diretor criativo da Fendi e da Chanel teria negado um convite para aparecer no filme simplesmente porque, segundo ele mesmo, Karl n\u00e3o \u00e9 ator.<\/p>\n<p>Mas n\u00e3o fique triste, t\u00e1? Boatos dizem que Carine Roitfeld anda bem interessada em &#8220;Zoolander 2&#8221; \u2013 quem sabe a gente n\u00e3o v\u00ea a editora nas telonas!<\/p>\n<p>Imagem: Reprodu\u00e7\u00e3o.<\/p>\n","protected":false},"excerpt":{"rendered":"<p>Ser\u00e1 que &#8220;Zoolander 2&#8221; vai se consagrar como o pr\u00f3ximo filme do momento no mundo da moda? Se depender das novidades que andam circulando por a\u00ed o sucesso do longa j\u00e1 est\u00e1 garantido! \u00c9 que o filme est\u00e1 na boca do povo, e depois de ser tema de um editorial com Ben Stiller e Owen [&hellip;]<\/p>\n","protected":false},"author":8,"featured_media":126739,"comment_status":"open","ping_status":"open","sticky":false,"template":"","format":"standard","meta":{"jetpack_post_was_ever_published":false,"_jetpack_newsletter_access":"","jetpack_publicize_message":"Parece que Karl Lagerfeld foi convidado para aparecer em \"Zoolander 2\", mas dizem que ele n\u00e3o gostou muito da ideia... http:\/\/wp.me\/p3Hz0n-wY9","jetpack_is_tweetstorm":false,"jetpack_publicize_feature_enabled":true,"jetpack_social_post_already_shared":true,"jetpack_social_options":{"image_generator_settings":{"template":"highway","enabled":false}}},"categories":[2],"tags":[],"jetpack_publicize_connections":[],"jetpack_featured_media_url":"https:\/\/i0.wp.com\/agrund.com\/wp-content\/uploads\/sites\/6\/2015\/04\/slide49.jpg?fit=960%2C300&ssl=1","jetpack_sharing_enabled":true,"jetpack_shortlink":"https:\/\/wp.me\/p3Hz0n-wY9","jetpack_likes_enabled":true,"_links":{"self":[{"href":"https:\/\/agrund.com\/index.php\/wp-json\/wp\/v2\/posts\/126737"}],"collection":[{"href":"https:\/\/agrund.com\/index.php\/wp-json\/wp\/v2\/posts"}],"about":[{"href":"https:\/\/agrund.com\/index.php\/wp-json\/wp\/v2\/types\/post"}],"author":[{"embeddable":true,"href":"https:\/\/agrund.com\/index.php\/wp-json\/wp\/v2\/users\/8"}],"replies":[{"embeddable":true,"href":"https:\/\/agrund.com\/index.php\/wp-json\/wp\/v2\/comments?post=126737"}],"version-history":[{"count":0,"href":"https:\/\/agrund.com\/index.php\/wp-json\/wp\/v2\/posts\/126737\/revisions"}],"wp:featuredmedia":[{"embeddable":true,"href":"https:\/\/agrund.com\/index.php\/wp-json\/wp\/v2\/media\/126739"}],"wp:attachment":[{"href":"https:\/\/agrund.com\/index.php\/wp-json\/wp\/v2\/media?parent=126737"}],"wp:term":[{"taxonomy":"category","embeddable":true,"href":"https:\/\/agrund.com\/index.php\/wp-json\/wp\/v2\/categories?post=126737"},{"taxonomy":"post_tag","embeddable":true,"href":"https:\/\/agrund.com\/index.php\/wp-json\/wp\/v2\/tags?post=126737"}],"curies":[{"name":"wp","href":"https:\/\/api.w.org\/{rel}","templated":true}]}}