{"id":126590,"date":"2015-04-09T10:00:02","date_gmt":"2015-04-09T13:00:02","guid":{"rendered":"http:\/\/www.agrund.com\/?p=126590"},"modified":"2015-04-09T10:06:29","modified_gmt":"2015-04-09T13:06:29","slug":"minas-trend-lucas-magalhaes-primavera-verao-201516","status":"publish","type":"post","link":"https:\/\/agrund.com\/index.php\/minas-trend-lucas-magalhaes-primavera-verao-201516\/","title":{"rendered":"Minas Trend :: Lucas Magalh\u00e3es primavera-ver\u00e3o 2015\/16"},"content":{"rendered":"<p>Lucas Magalh\u00e3es buscou inspira\u00e7\u00e3o no movimento Beatnik que antecedeu os hippies no fim dos anos 1950, come\u00e7o dos 1960 para explorar um mundo rico visualmente: o das texturas, alinhadas com as estampas caracter\u00edsticas do DNA do estilista. Mas essa n\u00e3o \u00e9 a \u00fanica novidade nas roupas do mineiro, que desembarca no ver\u00e3o 2016 apostando em shapes curtos. O resultado? Pe\u00e7as com misturas interessantes de mat\u00e9rias-primas que v\u00e3o do jacquard com perfume oriental at\u00e9 os tress\u00eas de tiras de neoprene. Essas chegam a confundir o olhar com o que \u00e9 real e o que \u00e9 estampa nas combina\u00e7\u00f5es descoladas e modernas de v\u00e1rios tecidos na mesma pe\u00e7a enquanto, por outro lado, Lucas tamb\u00e9m aproveitou para brincar com o frente e o verso das roupas mostrando listras junto de florais. A novidade maior ficou para o beachwear, inova\u00e7\u00e3o no trabalho do designer que aparece dilu\u00eddo junto de outras pe\u00e7as de forma moderna e descolada.<\/p>\n<div id=\"attachment_126591\" style=\"width: 510px\" class=\"wp-caption aligncenter\"><a href=\"https:\/\/i0.wp.com\/www.agrund.com\/wp-content\/uploads\/sites\/6\/2015\/04\/lmag_v16_0001.jpg\"><img aria-describedby=\"caption-attachment-126591\" data-attachment-id=\"126591\" data-permalink=\"https:\/\/agrund.com\/index.php\/minas-trend-lucas-magalhaes-primavera-verao-201516\/lucas-magalhaes-2\/\" data-orig-file=\"https:\/\/i0.wp.com\/agrund.com\/wp-content\/uploads\/sites\/6\/2015\/04\/lmag_v16_0001.jpg?fit=399%2C600&amp;ssl=1\" data-orig-size=\"399,600\" data-comments-opened=\"1\" data-image-meta=\"{&quot;aperture&quot;:&quot;0&quot;,&quot;credit&quot;:&quot;Ze Takahashi\\\/FOTOSITE&quot;,&quot;camera&quot;:&quot;&quot;,&quot;caption&quot;:&quot;Lucas Magalhaes\\n\\nMinas Trend - Verao 2016 \\n\\nFoto : Ze Takahashi\\\/ FOTOSITE&quot;,&quot;created_timestamp&quot;:&quot;0&quot;,&quot;copyright&quot;:&quot;FOTOSITE&quot;,&quot;focal_length&quot;:&quot;0&quot;,&quot;iso&quot;:&quot;0&quot;,&quot;shutter_speed&quot;:&quot;0&quot;,&quot;title&quot;:&quot;Lucas Magalhaes&quot;,&quot;orientation&quot;:&quot;0&quot;}\" data-image-title=\"Minas Trend :: Lucas Magalh\u00e3es primavera-ver\u00e3o 2015\/16\" data-image-description=\"&lt;p&gt;Lucas Magalhaes&lt;\/p&gt;\n&lt;p&gt;Minas Trend &#8211; Verao 2016 &lt;\/p&gt;\n&lt;p&gt;Foto : Ze Takahashi\/ FOTOSITE&lt;\/p&gt;\n\" data-image-caption=\"&lt;p&gt;Minas Trend :: Lucas Magalh\u00e3es primavera-ver\u00e3o 2015\/16 &lt;\/p&gt;\n\" data-medium-file=\"https:\/\/i0.wp.com\/agrund.com\/wp-content\/uploads\/sites\/6\/2015\/04\/lmag_v16_0001.jpg?fit=200%2C300&amp;ssl=1\" data-large-file=\"https:\/\/i0.wp.com\/agrund.com\/wp-content\/uploads\/sites\/6\/2015\/04\/lmag_v16_0001.jpg?fit=399%2C600&amp;ssl=1\" decoding=\"async\" loading=\"lazy\" class=\"wp-image-126591\" src=\"https:\/\/i0.wp.com\/www.agrund.com\/wp-content\/uploads\/sites\/6\/2015\/04\/lmag_v16_0001.jpg?resize=500%2C752\" alt=\"Minas Trend :: Lucas Magalh\u00e3es primavera-ver\u00e3o 2015\/16 \" width=\"500\" height=\"752\" srcset=\"https:\/\/i0.wp.com\/agrund.com\/wp-content\/uploads\/sites\/6\/2015\/04\/lmag_v16_0001.jpg?w=399&amp;ssl=1 399w, https:\/\/i0.wp.com\/agrund.com\/wp-content\/uploads\/sites\/6\/2015\/04\/lmag_v16_0001.jpg?resize=200%2C300&amp;ssl=1 200w\" sizes=\"(max-width: 500px) 100vw, 500px\" data-recalc-dims=\"1\" \/><\/a><p id=\"caption-attachment-126591\" class=\"wp-caption-text\">Minas Trend :: Lucas Magalh\u00e3es primavera-ver\u00e3o 2015\/16<\/p><\/div>\n<div id=\"attachment_126592\" style=\"width: 510px\" class=\"wp-caption aligncenter\"><a href=\"https:\/\/i0.wp.com\/www.agrund.com\/wp-content\/uploads\/sites\/6\/2015\/04\/lmag_v16_0005.jpg\"><img aria-describedby=\"caption-attachment-126592\" data-attachment-id=\"126592\" data-permalink=\"https:\/\/agrund.com\/index.php\/minas-trend-lucas-magalhaes-primavera-verao-201516\/lucas-magalhaes-3\/\" data-orig-file=\"https:\/\/i0.wp.com\/agrund.com\/wp-content\/uploads\/sites\/6\/2015\/04\/lmag_v16_0005.jpg?fit=399%2C600&amp;ssl=1\" data-orig-size=\"399,600\" data-comments-opened=\"1\" data-image-meta=\"{&quot;aperture&quot;:&quot;0&quot;,&quot;credit&quot;:&quot;Ze Takahashi\\\/FOTOSITE&quot;,&quot;camera&quot;:&quot;&quot;,&quot;caption&quot;:&quot;Lucas Magalhaes\\n\\nMinas Trend - Verao 2016 \\n\\nFoto : Ze Takahashi\\\/ FOTOSITE&quot;,&quot;created_timestamp&quot;:&quot;0&quot;,&quot;copyright&quot;:&quot;FOTOSITE&quot;,&quot;focal_length&quot;:&quot;0&quot;,&quot;iso&quot;:&quot;0&quot;,&quot;shutter_speed&quot;:&quot;0&quot;,&quot;title&quot;:&quot;Lucas Magalhaes&quot;,&quot;orientation&quot;:&quot;0&quot;}\" data-image-title=\"Minas Trend :: Lucas Magalh\u00e3es primavera-ver\u00e3o 2015\/16\" data-image-description=\"&lt;p&gt;Lucas Magalhaes&lt;\/p&gt;\n&lt;p&gt;Minas Trend &#8211; Verao 2016 &lt;\/p&gt;\n&lt;p&gt;Foto : Ze Takahashi\/ FOTOSITE&lt;\/p&gt;\n\" data-image-caption=\"&lt;p&gt;Minas Trend :: Lucas Magalh\u00e3es primavera-ver\u00e3o 2015\/16 &lt;\/p&gt;\n\" data-medium-file=\"https:\/\/i0.wp.com\/agrund.com\/wp-content\/uploads\/sites\/6\/2015\/04\/lmag_v16_0005.jpg?fit=200%2C300&amp;ssl=1\" data-large-file=\"https:\/\/i0.wp.com\/agrund.com\/wp-content\/uploads\/sites\/6\/2015\/04\/lmag_v16_0005.jpg?fit=399%2C600&amp;ssl=1\" decoding=\"async\" loading=\"lazy\" class=\"wp-image-126592\" src=\"https:\/\/i0.wp.com\/www.agrund.com\/wp-content\/uploads\/sites\/6\/2015\/04\/lmag_v16_0005.jpg?resize=500%2C752\" alt=\"Minas Trend :: Lucas Magalh\u00e3es primavera-ver\u00e3o 2015\/16 \" width=\"500\" height=\"752\" srcset=\"https:\/\/i0.wp.com\/agrund.com\/wp-content\/uploads\/sites\/6\/2015\/04\/lmag_v16_0005.jpg?w=399&amp;ssl=1 399w, https:\/\/i0.wp.com\/agrund.com\/wp-content\/uploads\/sites\/6\/2015\/04\/lmag_v16_0005.jpg?resize=200%2C300&amp;ssl=1 200w\" sizes=\"(max-width: 500px) 100vw, 500px\" data-recalc-dims=\"1\" \/><\/a><p id=\"caption-attachment-126592\" class=\"wp-caption-text\">Minas Trend :: Lucas Magalh\u00e3es primavera-ver\u00e3o 2015\/16<\/p><\/div>\n<div id=\"attachment_126593\" style=\"width: 510px\" class=\"wp-caption aligncenter\"><a href=\"https:\/\/i0.wp.com\/www.agrund.com\/wp-content\/uploads\/sites\/6\/2015\/04\/lmag_v16_0009.jpg\"><img aria-describedby=\"caption-attachment-126593\" data-attachment-id=\"126593\" data-permalink=\"https:\/\/agrund.com\/index.php\/minas-trend-lucas-magalhaes-primavera-verao-201516\/lmag_v16_0009\/\" data-orig-file=\"https:\/\/i0.wp.com\/agrund.com\/wp-content\/uploads\/sites\/6\/2015\/04\/lmag_v16_0009.jpg?fit=399%2C600&amp;ssl=1\" data-orig-size=\"399,600\" data-comments-opened=\"1\" data-image-meta=\"{&quot;aperture&quot;:&quot;0&quot;,&quot;credit&quot;:&quot;&quot;,&quot;camera&quot;:&quot;&quot;,&quot;caption&quot;:&quot;&quot;,&quot;created_timestamp&quot;:&quot;0&quot;,&quot;copyright&quot;:&quot;&quot;,&quot;focal_length&quot;:&quot;0&quot;,&quot;iso&quot;:&quot;0&quot;,&quot;shutter_speed&quot;:&quot;0&quot;,&quot;title&quot;:&quot;&quot;,&quot;orientation&quot;:&quot;0&quot;}\" data-image-title=\"Minas Trend :: Lucas Magalh\u00e3es primavera-ver\u00e3o 2015\/16\" data-image-description=\"\" data-image-caption=\"&lt;p&gt;Minas Trend :: Lucas Magalh\u00e3es primavera-ver\u00e3o 2015\/16 &lt;\/p&gt;\n\" data-medium-file=\"https:\/\/i0.wp.com\/agrund.com\/wp-content\/uploads\/sites\/6\/2015\/04\/lmag_v16_0009.jpg?fit=200%2C300&amp;ssl=1\" data-large-file=\"https:\/\/i0.wp.com\/agrund.com\/wp-content\/uploads\/sites\/6\/2015\/04\/lmag_v16_0009.jpg?fit=399%2C600&amp;ssl=1\" decoding=\"async\" loading=\"lazy\" class=\"wp-image-126593\" src=\"https:\/\/i0.wp.com\/www.agrund.com\/wp-content\/uploads\/sites\/6\/2015\/04\/lmag_v16_0009.jpg?resize=500%2C752\" alt=\"Minas Trend :: Lucas Magalh\u00e3es primavera-ver\u00e3o 2015\/16 \" width=\"500\" height=\"752\" srcset=\"https:\/\/i0.wp.com\/agrund.com\/wp-content\/uploads\/sites\/6\/2015\/04\/lmag_v16_0009.jpg?w=399&amp;ssl=1 399w, https:\/\/i0.wp.com\/agrund.com\/wp-content\/uploads\/sites\/6\/2015\/04\/lmag_v16_0009.jpg?resize=200%2C300&amp;ssl=1 200w\" sizes=\"(max-width: 500px) 100vw, 500px\" data-recalc-dims=\"1\" \/><\/a><p id=\"caption-attachment-126593\" class=\"wp-caption-text\">Minas Trend :: Lucas Magalh\u00e3es primavera-ver\u00e3o 2015\/16<\/p><\/div>\n<div id=\"attachment_126594\" style=\"width: 510px\" class=\"wp-caption aligncenter\"><a href=\"https:\/\/i0.wp.com\/www.agrund.com\/wp-content\/uploads\/sites\/6\/2015\/04\/lmag_v16_0017.jpg\"><img aria-describedby=\"caption-attachment-126594\" data-attachment-id=\"126594\" data-permalink=\"https:\/\/agrund.com\/index.php\/minas-trend-lucas-magalhaes-primavera-verao-201516\/lucas-magalhaes-4\/\" data-orig-file=\"https:\/\/i0.wp.com\/agrund.com\/wp-content\/uploads\/sites\/6\/2015\/04\/lmag_v16_0017.jpg?fit=399%2C600&amp;ssl=1\" data-orig-size=\"399,600\" data-comments-opened=\"1\" data-image-meta=\"{&quot;aperture&quot;:&quot;0&quot;,&quot;credit&quot;:&quot;Ze Takahashi\\\/FOTOSITE&quot;,&quot;camera&quot;:&quot;&quot;,&quot;caption&quot;:&quot;Lucas Magalhaes\\n\\nMinas Trend - Verao 2016 \\n\\nFoto : Ze Takahashi\\\/ FOTOSITE&quot;,&quot;created_timestamp&quot;:&quot;0&quot;,&quot;copyright&quot;:&quot;FOTOSITE&quot;,&quot;focal_length&quot;:&quot;0&quot;,&quot;iso&quot;:&quot;0&quot;,&quot;shutter_speed&quot;:&quot;0&quot;,&quot;title&quot;:&quot;Lucas Magalhaes&quot;,&quot;orientation&quot;:&quot;0&quot;}\" data-image-title=\"Minas Trend :: Lucas Magalh\u00e3es primavera-ver\u00e3o 2015\/16\" data-image-description=\"&lt;p&gt;Lucas Magalhaes&lt;\/p&gt;\n&lt;p&gt;Minas Trend &#8211; Verao 2016 &lt;\/p&gt;\n&lt;p&gt;Foto : Ze Takahashi\/ FOTOSITE&lt;\/p&gt;\n\" data-image-caption=\"&lt;p&gt;Minas Trend :: Lucas Magalh\u00e3es primavera-ver\u00e3o 2015\/16 &lt;\/p&gt;\n\" data-medium-file=\"https:\/\/i0.wp.com\/agrund.com\/wp-content\/uploads\/sites\/6\/2015\/04\/lmag_v16_0017.jpg?fit=200%2C300&amp;ssl=1\" data-large-file=\"https:\/\/i0.wp.com\/agrund.com\/wp-content\/uploads\/sites\/6\/2015\/04\/lmag_v16_0017.jpg?fit=399%2C600&amp;ssl=1\" decoding=\"async\" loading=\"lazy\" class=\"wp-image-126594\" src=\"https:\/\/i0.wp.com\/www.agrund.com\/wp-content\/uploads\/sites\/6\/2015\/04\/lmag_v16_0017.jpg?resize=500%2C752\" alt=\"Minas Trend :: Lucas Magalh\u00e3es primavera-ver\u00e3o 2015\/16 \" width=\"500\" height=\"752\" srcset=\"https:\/\/i0.wp.com\/agrund.com\/wp-content\/uploads\/sites\/6\/2015\/04\/lmag_v16_0017.jpg?w=399&amp;ssl=1 399w, https:\/\/i0.wp.com\/agrund.com\/wp-content\/uploads\/sites\/6\/2015\/04\/lmag_v16_0017.jpg?resize=200%2C300&amp;ssl=1 200w\" sizes=\"(max-width: 500px) 100vw, 500px\" data-recalc-dims=\"1\" \/><\/a><p id=\"caption-attachment-126594\" class=\"wp-caption-text\">Minas Trend :: Lucas Magalh\u00e3es primavera-ver\u00e3o 2015\/16<\/p><\/div>\n<div id=\"attachment_126595\" style=\"width: 510px\" class=\"wp-caption aligncenter\"><a href=\"https:\/\/i0.wp.com\/www.agrund.com\/wp-content\/uploads\/sites\/6\/2015\/04\/lmag_v16_0021.jpg\"><img aria-describedby=\"caption-attachment-126595\" data-attachment-id=\"126595\" data-permalink=\"https:\/\/agrund.com\/index.php\/minas-trend-lucas-magalhaes-primavera-verao-201516\/lmag_v16_0021\/\" data-orig-file=\"https:\/\/i0.wp.com\/agrund.com\/wp-content\/uploads\/sites\/6\/2015\/04\/lmag_v16_0021.jpg?fit=399%2C600&amp;ssl=1\" data-orig-size=\"399,600\" data-comments-opened=\"1\" data-image-meta=\"{&quot;aperture&quot;:&quot;0&quot;,&quot;credit&quot;:&quot;&quot;,&quot;camera&quot;:&quot;&quot;,&quot;caption&quot;:&quot;&quot;,&quot;created_timestamp&quot;:&quot;0&quot;,&quot;copyright&quot;:&quot;&quot;,&quot;focal_length&quot;:&quot;0&quot;,&quot;iso&quot;:&quot;0&quot;,&quot;shutter_speed&quot;:&quot;0&quot;,&quot;title&quot;:&quot;&quot;,&quot;orientation&quot;:&quot;0&quot;}\" data-image-title=\"Minas Trend :: Lucas Magalh\u00e3es primavera-ver\u00e3o 2015\/16\" data-image-description=\"\" data-image-caption=\"&lt;p&gt;Minas Trend :: Lucas Magalh\u00e3es primavera-ver\u00e3o 2015\/16 &lt;\/p&gt;\n\" data-medium-file=\"https:\/\/i0.wp.com\/agrund.com\/wp-content\/uploads\/sites\/6\/2015\/04\/lmag_v16_0021.jpg?fit=200%2C300&amp;ssl=1\" data-large-file=\"https:\/\/i0.wp.com\/agrund.com\/wp-content\/uploads\/sites\/6\/2015\/04\/lmag_v16_0021.jpg?fit=399%2C600&amp;ssl=1\" decoding=\"async\" loading=\"lazy\" class=\"wp-image-126595\" src=\"https:\/\/i0.wp.com\/www.agrund.com\/wp-content\/uploads\/sites\/6\/2015\/04\/lmag_v16_0021.jpg?resize=500%2C752\" alt=\"Minas Trend :: Lucas Magalh\u00e3es primavera-ver\u00e3o 2015\/16 \" width=\"500\" height=\"752\" srcset=\"https:\/\/i0.wp.com\/agrund.com\/wp-content\/uploads\/sites\/6\/2015\/04\/lmag_v16_0021.jpg?w=399&amp;ssl=1 399w, https:\/\/i0.wp.com\/agrund.com\/wp-content\/uploads\/sites\/6\/2015\/04\/lmag_v16_0021.jpg?resize=200%2C300&amp;ssl=1 200w\" sizes=\"(max-width: 500px) 100vw, 500px\" data-recalc-dims=\"1\" \/><\/a><p id=\"caption-attachment-126595\" class=\"wp-caption-text\">Minas Trend :: Lucas Magalh\u00e3es primavera-ver\u00e3o 2015\/16<\/p><\/div>\n<div id=\"attachment_126596\" style=\"width: 510px\" class=\"wp-caption aligncenter\"><a href=\"https:\/\/i0.wp.com\/www.agrund.com\/wp-content\/uploads\/sites\/6\/2015\/04\/lmag_v16_0029.jpg\"><img aria-describedby=\"caption-attachment-126596\" data-attachment-id=\"126596\" data-permalink=\"https:\/\/agrund.com\/index.php\/minas-trend-lucas-magalhaes-primavera-verao-201516\/lucas-magalhaes-5\/\" data-orig-file=\"https:\/\/i0.wp.com\/agrund.com\/wp-content\/uploads\/sites\/6\/2015\/04\/lmag_v16_0029.jpg?fit=399%2C600&amp;ssl=1\" data-orig-size=\"399,600\" data-comments-opened=\"1\" data-image-meta=\"{&quot;aperture&quot;:&quot;0&quot;,&quot;credit&quot;:&quot;Ze Takahashi\\\/FOTOSITE&quot;,&quot;camera&quot;:&quot;&quot;,&quot;caption&quot;:&quot;Lucas Magalhaes\\n\\nMinas Trend - Verao 2016 \\n\\nFoto : Ze Takahashi\\\/ FOTOSITE&quot;,&quot;created_timestamp&quot;:&quot;0&quot;,&quot;copyright&quot;:&quot;FOTOSITE&quot;,&quot;focal_length&quot;:&quot;0&quot;,&quot;iso&quot;:&quot;0&quot;,&quot;shutter_speed&quot;:&quot;0&quot;,&quot;title&quot;:&quot;Lucas Magalhaes&quot;,&quot;orientation&quot;:&quot;0&quot;}\" data-image-title=\"Minas Trend :: Lucas Magalh\u00e3es primavera-ver\u00e3o 2015\/16\" data-image-description=\"&lt;p&gt;Lucas Magalhaes&lt;\/p&gt;\n&lt;p&gt;Minas Trend &#8211; Verao 2016 &lt;\/p&gt;\n&lt;p&gt;Foto : Ze Takahashi\/ FOTOSITE&lt;\/p&gt;\n\" data-image-caption=\"&lt;p&gt;Minas Trend :: Lucas Magalh\u00e3es primavera-ver\u00e3o 2015\/16 &lt;\/p&gt;\n\" data-medium-file=\"https:\/\/i0.wp.com\/agrund.com\/wp-content\/uploads\/sites\/6\/2015\/04\/lmag_v16_0029.jpg?fit=200%2C300&amp;ssl=1\" data-large-file=\"https:\/\/i0.wp.com\/agrund.com\/wp-content\/uploads\/sites\/6\/2015\/04\/lmag_v16_0029.jpg?fit=399%2C600&amp;ssl=1\" decoding=\"async\" loading=\"lazy\" class=\"wp-image-126596\" src=\"https:\/\/i0.wp.com\/www.agrund.com\/wp-content\/uploads\/sites\/6\/2015\/04\/lmag_v16_0029.jpg?resize=500%2C752\" alt=\"Minas Trend :: Lucas Magalh\u00e3es primavera-ver\u00e3o 2015\/16 \" width=\"500\" height=\"752\" srcset=\"https:\/\/i0.wp.com\/agrund.com\/wp-content\/uploads\/sites\/6\/2015\/04\/lmag_v16_0029.jpg?w=399&amp;ssl=1 399w, https:\/\/i0.wp.com\/agrund.com\/wp-content\/uploads\/sites\/6\/2015\/04\/lmag_v16_0029.jpg?resize=200%2C300&amp;ssl=1 200w\" sizes=\"(max-width: 500px) 100vw, 500px\" data-recalc-dims=\"1\" \/><\/a><p id=\"caption-attachment-126596\" class=\"wp-caption-text\">Minas Trend :: Lucas Magalh\u00e3es primavera-ver\u00e3o 2015\/16<\/p><\/div>\n<div id=\"attachment_126597\" style=\"width: 510px\" class=\"wp-caption aligncenter\"><a href=\"https:\/\/i0.wp.com\/www.agrund.com\/wp-content\/uploads\/sites\/6\/2015\/04\/lmag_v16_0045.jpg\"><img aria-describedby=\"caption-attachment-126597\" data-attachment-id=\"126597\" data-permalink=\"https:\/\/agrund.com\/index.php\/minas-trend-lucas-magalhaes-primavera-verao-201516\/lucas-magalhaes-6\/\" data-orig-file=\"https:\/\/i0.wp.com\/agrund.com\/wp-content\/uploads\/sites\/6\/2015\/04\/lmag_v16_0045.jpg?fit=399%2C600&amp;ssl=1\" data-orig-size=\"399,600\" data-comments-opened=\"1\" data-image-meta=\"{&quot;aperture&quot;:&quot;0&quot;,&quot;credit&quot;:&quot;Ze Takahashi\\\/FOTOSITE&quot;,&quot;camera&quot;:&quot;&quot;,&quot;caption&quot;:&quot;Lucas Magalhaes\\n\\nMinas Trend - Verao 2016 \\n\\nFoto : Ze Takahashi\\\/ FOTOSITE&quot;,&quot;created_timestamp&quot;:&quot;0&quot;,&quot;copyright&quot;:&quot;FOTOSITE&quot;,&quot;focal_length&quot;:&quot;0&quot;,&quot;iso&quot;:&quot;0&quot;,&quot;shutter_speed&quot;:&quot;0&quot;,&quot;title&quot;:&quot;Lucas Magalhaes&quot;,&quot;orientation&quot;:&quot;0&quot;}\" data-image-title=\"Minas Trend :: Lucas Magalh\u00e3es primavera-ver\u00e3o 2015\/16\" data-image-description=\"&lt;p&gt;Lucas Magalhaes&lt;\/p&gt;\n&lt;p&gt;Minas Trend &#8211; Verao 2016 &lt;\/p&gt;\n&lt;p&gt;Foto : Ze Takahashi\/ FOTOSITE&lt;\/p&gt;\n\" data-image-caption=\"&lt;p&gt;Minas Trend :: Lucas Magalh\u00e3es primavera-ver\u00e3o 2015\/16 &lt;\/p&gt;\n\" data-medium-file=\"https:\/\/i0.wp.com\/agrund.com\/wp-content\/uploads\/sites\/6\/2015\/04\/lmag_v16_0045.jpg?fit=200%2C300&amp;ssl=1\" data-large-file=\"https:\/\/i0.wp.com\/agrund.com\/wp-content\/uploads\/sites\/6\/2015\/04\/lmag_v16_0045.jpg?fit=399%2C600&amp;ssl=1\" decoding=\"async\" loading=\"lazy\" class=\"wp-image-126597\" src=\"https:\/\/i0.wp.com\/www.agrund.com\/wp-content\/uploads\/sites\/6\/2015\/04\/lmag_v16_0045.jpg?resize=500%2C752\" alt=\"Minas Trend :: Lucas Magalh\u00e3es primavera-ver\u00e3o 2015\/16 \" width=\"500\" height=\"752\" srcset=\"https:\/\/i0.wp.com\/agrund.com\/wp-content\/uploads\/sites\/6\/2015\/04\/lmag_v16_0045.jpg?w=399&amp;ssl=1 399w, https:\/\/i0.wp.com\/agrund.com\/wp-content\/uploads\/sites\/6\/2015\/04\/lmag_v16_0045.jpg?resize=200%2C300&amp;ssl=1 200w\" sizes=\"(max-width: 500px) 100vw, 500px\" data-recalc-dims=\"1\" \/><\/a><p id=\"caption-attachment-126597\" class=\"wp-caption-text\">Minas Trend :: Lucas Magalh\u00e3es primavera-ver\u00e3o 2015\/16<\/p><\/div>\n<div id=\"attachment_126598\" style=\"width: 510px\" class=\"wp-caption aligncenter\"><a href=\"https:\/\/i0.wp.com\/www.agrund.com\/wp-content\/uploads\/sites\/6\/2015\/04\/lmag_v16_0053.jpg\"><img aria-describedby=\"caption-attachment-126598\" data-attachment-id=\"126598\" data-permalink=\"https:\/\/agrund.com\/index.php\/minas-trend-lucas-magalhaes-primavera-verao-201516\/lucas-magalhaes-7\/\" data-orig-file=\"https:\/\/i0.wp.com\/agrund.com\/wp-content\/uploads\/sites\/6\/2015\/04\/lmag_v16_0053.jpg?fit=399%2C600&amp;ssl=1\" data-orig-size=\"399,600\" data-comments-opened=\"1\" data-image-meta=\"{&quot;aperture&quot;:&quot;0&quot;,&quot;credit&quot;:&quot;Ze Takahashi\\\/FOTOSITE&quot;,&quot;camera&quot;:&quot;&quot;,&quot;caption&quot;:&quot;Lucas Magalhaes\\n\\nMinas Trend - Verao 2016 \\n\\nFoto : Ze Takahashi\\\/ FOTOSITE&quot;,&quot;created_timestamp&quot;:&quot;0&quot;,&quot;copyright&quot;:&quot;FOTOSITE&quot;,&quot;focal_length&quot;:&quot;0&quot;,&quot;iso&quot;:&quot;0&quot;,&quot;shutter_speed&quot;:&quot;0&quot;,&quot;title&quot;:&quot;Lucas Magalhaes&quot;,&quot;orientation&quot;:&quot;0&quot;}\" data-image-title=\"Minas Trend :: Lucas Magalh\u00e3es primavera-ver\u00e3o 2015\/16\" data-image-description=\"&lt;p&gt;Lucas Magalhaes&lt;\/p&gt;\n&lt;p&gt;Minas Trend &#8211; Verao 2016 &lt;\/p&gt;\n&lt;p&gt;Foto : Ze Takahashi\/ FOTOSITE&lt;\/p&gt;\n\" data-image-caption=\"&lt;p&gt;Minas Trend :: Lucas Magalh\u00e3es primavera-ver\u00e3o 2015\/16 &lt;\/p&gt;\n\" data-medium-file=\"https:\/\/i0.wp.com\/agrund.com\/wp-content\/uploads\/sites\/6\/2015\/04\/lmag_v16_0053.jpg?fit=200%2C300&amp;ssl=1\" data-large-file=\"https:\/\/i0.wp.com\/agrund.com\/wp-content\/uploads\/sites\/6\/2015\/04\/lmag_v16_0053.jpg?fit=399%2C600&amp;ssl=1\" decoding=\"async\" loading=\"lazy\" class=\"wp-image-126598\" src=\"https:\/\/i0.wp.com\/www.agrund.com\/wp-content\/uploads\/sites\/6\/2015\/04\/lmag_v16_0053.jpg?resize=500%2C752\" alt=\"Minas Trend :: Lucas Magalh\u00e3es primavera-ver\u00e3o 2015\/16 \" width=\"500\" height=\"752\" srcset=\"https:\/\/i0.wp.com\/agrund.com\/wp-content\/uploads\/sites\/6\/2015\/04\/lmag_v16_0053.jpg?w=399&amp;ssl=1 399w, https:\/\/i0.wp.com\/agrund.com\/wp-content\/uploads\/sites\/6\/2015\/04\/lmag_v16_0053.jpg?resize=200%2C300&amp;ssl=1 200w\" sizes=\"(max-width: 500px) 100vw, 500px\" data-recalc-dims=\"1\" \/><\/a><p id=\"caption-attachment-126598\" class=\"wp-caption-text\">Minas Trend :: Lucas Magalh\u00e3es primavera-ver\u00e3o 2015\/16<\/p><\/div>\n<div id=\"attachment_126599\" style=\"width: 510px\" class=\"wp-caption aligncenter\"><a href=\"https:\/\/i0.wp.com\/www.agrund.com\/wp-content\/uploads\/sites\/6\/2015\/04\/lmag_v16_0062.jpg\"><img aria-describedby=\"caption-attachment-126599\" data-attachment-id=\"126599\" data-permalink=\"https:\/\/agrund.com\/index.php\/minas-trend-lucas-magalhaes-primavera-verao-201516\/lmag_v16_0062\/\" data-orig-file=\"https:\/\/i0.wp.com\/agrund.com\/wp-content\/uploads\/sites\/6\/2015\/04\/lmag_v16_0062.jpg?fit=399%2C600&amp;ssl=1\" data-orig-size=\"399,600\" data-comments-opened=\"1\" data-image-meta=\"{&quot;aperture&quot;:&quot;0&quot;,&quot;credit&quot;:&quot;&quot;,&quot;camera&quot;:&quot;&quot;,&quot;caption&quot;:&quot;&quot;,&quot;created_timestamp&quot;:&quot;0&quot;,&quot;copyright&quot;:&quot;&quot;,&quot;focal_length&quot;:&quot;0&quot;,&quot;iso&quot;:&quot;0&quot;,&quot;shutter_speed&quot;:&quot;0&quot;,&quot;title&quot;:&quot;&quot;,&quot;orientation&quot;:&quot;0&quot;}\" data-image-title=\"Minas Trend :: Lucas Magalh\u00e3es primavera-ver\u00e3o 2015\/16\" data-image-description=\"\" data-image-caption=\"&lt;p&gt;Minas Trend :: Lucas Magalh\u00e3es primavera-ver\u00e3o 2015\/16 &lt;\/p&gt;\n\" data-medium-file=\"https:\/\/i0.wp.com\/agrund.com\/wp-content\/uploads\/sites\/6\/2015\/04\/lmag_v16_0062.jpg?fit=200%2C300&amp;ssl=1\" data-large-file=\"https:\/\/i0.wp.com\/agrund.com\/wp-content\/uploads\/sites\/6\/2015\/04\/lmag_v16_0062.jpg?fit=399%2C600&amp;ssl=1\" decoding=\"async\" loading=\"lazy\" class=\"wp-image-126599\" src=\"https:\/\/i0.wp.com\/www.agrund.com\/wp-content\/uploads\/sites\/6\/2015\/04\/lmag_v16_0062.jpg?resize=500%2C752\" alt=\"Minas Trend :: Lucas Magalh\u00e3es primavera-ver\u00e3o 2015\/16 \" width=\"500\" height=\"752\" srcset=\"https:\/\/i0.wp.com\/agrund.com\/wp-content\/uploads\/sites\/6\/2015\/04\/lmag_v16_0062.jpg?w=399&amp;ssl=1 399w, https:\/\/i0.wp.com\/agrund.com\/wp-content\/uploads\/sites\/6\/2015\/04\/lmag_v16_0062.jpg?resize=200%2C300&amp;ssl=1 200w\" sizes=\"(max-width: 500px) 100vw, 500px\" data-recalc-dims=\"1\" \/><\/a><p id=\"caption-attachment-126599\" class=\"wp-caption-text\">Minas Trend :: Lucas Magalh\u00e3es primavera-ver\u00e3o 2015\/16<\/p><\/div>\n<div id=\"attachment_126600\" style=\"width: 510px\" class=\"wp-caption aligncenter\"><a href=\"https:\/\/i0.wp.com\/www.agrund.com\/wp-content\/uploads\/sites\/6\/2015\/04\/lmag_v16_0069.jpg\"><img aria-describedby=\"caption-attachment-126600\" data-attachment-id=\"126600\" data-permalink=\"https:\/\/agrund.com\/index.php\/minas-trend-lucas-magalhaes-primavera-verao-201516\/lucas-magalhaes-8\/\" data-orig-file=\"https:\/\/i0.wp.com\/agrund.com\/wp-content\/uploads\/sites\/6\/2015\/04\/lmag_v16_0069.jpg?fit=399%2C600&amp;ssl=1\" data-orig-size=\"399,600\" data-comments-opened=\"1\" data-image-meta=\"{&quot;aperture&quot;:&quot;0&quot;,&quot;credit&quot;:&quot;Ze Takahashi\\\/FOTOSITE&quot;,&quot;camera&quot;:&quot;&quot;,&quot;caption&quot;:&quot;Lucas Magalhaes\\n\\nMinas Trend - Verao 2016 \\n\\nFoto : Ze Takahashi\\\/ FOTOSITE&quot;,&quot;created_timestamp&quot;:&quot;0&quot;,&quot;copyright&quot;:&quot;FOTOSITE&quot;,&quot;focal_length&quot;:&quot;0&quot;,&quot;iso&quot;:&quot;0&quot;,&quot;shutter_speed&quot;:&quot;0&quot;,&quot;title&quot;:&quot;Lucas Magalhaes&quot;,&quot;orientation&quot;:&quot;0&quot;}\" data-image-title=\"Minas Trend :: Lucas Magalh\u00e3es primavera-ver\u00e3o 2015\/16\" data-image-description=\"&lt;p&gt;Lucas Magalhaes&lt;\/p&gt;\n&lt;p&gt;Minas Trend &#8211; Verao 2016 &lt;\/p&gt;\n&lt;p&gt;Foto : Ze Takahashi\/ FOTOSITE&lt;\/p&gt;\n\" data-image-caption=\"&lt;p&gt;Minas Trend :: Lucas Magalh\u00e3es primavera-ver\u00e3o 2015\/16 &lt;\/p&gt;\n\" data-medium-file=\"https:\/\/i0.wp.com\/agrund.com\/wp-content\/uploads\/sites\/6\/2015\/04\/lmag_v16_0069.jpg?fit=200%2C300&amp;ssl=1\" data-large-file=\"https:\/\/i0.wp.com\/agrund.com\/wp-content\/uploads\/sites\/6\/2015\/04\/lmag_v16_0069.jpg?fit=399%2C600&amp;ssl=1\" decoding=\"async\" loading=\"lazy\" class=\"wp-image-126600\" src=\"https:\/\/i0.wp.com\/www.agrund.com\/wp-content\/uploads\/sites\/6\/2015\/04\/lmag_v16_0069.jpg?resize=500%2C752\" alt=\"Minas Trend :: Lucas Magalh\u00e3es primavera-ver\u00e3o 2015\/16 \" width=\"500\" height=\"752\" srcset=\"https:\/\/i0.wp.com\/agrund.com\/wp-content\/uploads\/sites\/6\/2015\/04\/lmag_v16_0069.jpg?w=399&amp;ssl=1 399w, https:\/\/i0.wp.com\/agrund.com\/wp-content\/uploads\/sites\/6\/2015\/04\/lmag_v16_0069.jpg?resize=200%2C300&amp;ssl=1 200w\" sizes=\"(max-width: 500px) 100vw, 500px\" data-recalc-dims=\"1\" \/><\/a><p id=\"caption-attachment-126600\" class=\"wp-caption-text\">Minas Trend :: Lucas Magalh\u00e3es primavera-ver\u00e3o 2015\/16<\/p><\/div>\n<div id=\"attachment_126601\" style=\"width: 510px\" class=\"wp-caption aligncenter\"><a href=\"https:\/\/i0.wp.com\/www.agrund.com\/wp-content\/uploads\/sites\/6\/2015\/04\/lmag_v16_0074.jpg\"><img aria-describedby=\"caption-attachment-126601\" data-attachment-id=\"126601\" data-permalink=\"https:\/\/agrund.com\/index.php\/minas-trend-lucas-magalhaes-primavera-verao-201516\/lmag_v16_0074\/\" data-orig-file=\"https:\/\/i0.wp.com\/agrund.com\/wp-content\/uploads\/sites\/6\/2015\/04\/lmag_v16_0074.jpg?fit=399%2C600&amp;ssl=1\" data-orig-size=\"399,600\" data-comments-opened=\"1\" data-image-meta=\"{&quot;aperture&quot;:&quot;0&quot;,&quot;credit&quot;:&quot;&quot;,&quot;camera&quot;:&quot;&quot;,&quot;caption&quot;:&quot;&quot;,&quot;created_timestamp&quot;:&quot;0&quot;,&quot;copyright&quot;:&quot;&quot;,&quot;focal_length&quot;:&quot;0&quot;,&quot;iso&quot;:&quot;0&quot;,&quot;shutter_speed&quot;:&quot;0&quot;,&quot;title&quot;:&quot;&quot;,&quot;orientation&quot;:&quot;0&quot;}\" data-image-title=\"Minas Trend :: Lucas Magalh\u00e3es primavera-ver\u00e3o 2015\/16\" data-image-description=\"\" data-image-caption=\"&lt;p&gt;Minas Trend :: Lucas Magalh\u00e3es primavera-ver\u00e3o 2015\/16 &lt;\/p&gt;\n\" data-medium-file=\"https:\/\/i0.wp.com\/agrund.com\/wp-content\/uploads\/sites\/6\/2015\/04\/lmag_v16_0074.jpg?fit=200%2C300&amp;ssl=1\" data-large-file=\"https:\/\/i0.wp.com\/agrund.com\/wp-content\/uploads\/sites\/6\/2015\/04\/lmag_v16_0074.jpg?fit=399%2C600&amp;ssl=1\" decoding=\"async\" loading=\"lazy\" class=\"wp-image-126601\" src=\"https:\/\/i0.wp.com\/www.agrund.com\/wp-content\/uploads\/sites\/6\/2015\/04\/lmag_v16_0074.jpg?resize=500%2C752\" alt=\"Minas Trend :: Lucas Magalh\u00e3es primavera-ver\u00e3o 2015\/16 \" width=\"500\" height=\"752\" srcset=\"https:\/\/i0.wp.com\/agrund.com\/wp-content\/uploads\/sites\/6\/2015\/04\/lmag_v16_0074.jpg?w=399&amp;ssl=1 399w, https:\/\/i0.wp.com\/agrund.com\/wp-content\/uploads\/sites\/6\/2015\/04\/lmag_v16_0074.jpg?resize=200%2C300&amp;ssl=1 200w\" sizes=\"(max-width: 500px) 100vw, 500px\" data-recalc-dims=\"1\" \/><\/a><p id=\"caption-attachment-126601\" class=\"wp-caption-text\">Minas Trend :: Lucas Magalh\u00e3es primavera-ver\u00e3o 2015\/16<\/p><\/div>\n<div id=\"attachment_126602\" style=\"width: 510px\" class=\"wp-caption aligncenter\"><a href=\"https:\/\/i0.wp.com\/www.agrund.com\/wp-content\/uploads\/sites\/6\/2015\/04\/lmag_v16_0082.jpg\"><img aria-describedby=\"caption-attachment-126602\" data-attachment-id=\"126602\" data-permalink=\"https:\/\/agrund.com\/index.php\/minas-trend-lucas-magalhaes-primavera-verao-201516\/lucas-magalhaes-9\/\" data-orig-file=\"https:\/\/i0.wp.com\/agrund.com\/wp-content\/uploads\/sites\/6\/2015\/04\/lmag_v16_0082.jpg?fit=399%2C600&amp;ssl=1\" data-orig-size=\"399,600\" data-comments-opened=\"1\" data-image-meta=\"{&quot;aperture&quot;:&quot;0&quot;,&quot;credit&quot;:&quot;Ze Takahashi\\\/FOTOSITE&quot;,&quot;camera&quot;:&quot;&quot;,&quot;caption&quot;:&quot;Lucas Magalhaes\\n\\nMinas Trend - Verao 2016 \\n\\nFoto : Ze Takahashi\\\/ FOTOSITE&quot;,&quot;created_timestamp&quot;:&quot;0&quot;,&quot;copyright&quot;:&quot;FOTOSITE&quot;,&quot;focal_length&quot;:&quot;0&quot;,&quot;iso&quot;:&quot;0&quot;,&quot;shutter_speed&quot;:&quot;0&quot;,&quot;title&quot;:&quot;Lucas Magalhaes&quot;,&quot;orientation&quot;:&quot;0&quot;}\" data-image-title=\"Minas Trend :: Lucas Magalh\u00e3es primavera-ver\u00e3o 2015\/16\" data-image-description=\"&lt;p&gt;Lucas Magalhaes&lt;\/p&gt;\n&lt;p&gt;Minas Trend &#8211; Verao 2016 &lt;\/p&gt;\n&lt;p&gt;Foto : Ze Takahashi\/ FOTOSITE&lt;\/p&gt;\n\" data-image-caption=\"&lt;p&gt;Minas Trend :: Lucas Magalh\u00e3es primavera-ver\u00e3o 2015\/16 &lt;\/p&gt;\n\" data-medium-file=\"https:\/\/i0.wp.com\/agrund.com\/wp-content\/uploads\/sites\/6\/2015\/04\/lmag_v16_0082.jpg?fit=200%2C300&amp;ssl=1\" data-large-file=\"https:\/\/i0.wp.com\/agrund.com\/wp-content\/uploads\/sites\/6\/2015\/04\/lmag_v16_0082.jpg?fit=399%2C600&amp;ssl=1\" decoding=\"async\" loading=\"lazy\" class=\"wp-image-126602\" src=\"https:\/\/i0.wp.com\/www.agrund.com\/wp-content\/uploads\/sites\/6\/2015\/04\/lmag_v16_0082.jpg?resize=500%2C752\" alt=\"Minas Trend :: Lucas Magalh\u00e3es primavera-ver\u00e3o 2015\/16 \" width=\"500\" height=\"752\" srcset=\"https:\/\/i0.wp.com\/agrund.com\/wp-content\/uploads\/sites\/6\/2015\/04\/lmag_v16_0082.jpg?w=399&amp;ssl=1 399w, https:\/\/i0.wp.com\/agrund.com\/wp-content\/uploads\/sites\/6\/2015\/04\/lmag_v16_0082.jpg?resize=200%2C300&amp;ssl=1 200w\" sizes=\"(max-width: 500px) 100vw, 500px\" data-recalc-dims=\"1\" \/><\/a><p id=\"caption-attachment-126602\" class=\"wp-caption-text\">Minas Trend :: Lucas Magalh\u00e3es primavera-ver\u00e3o 2015\/16<\/p><\/div>\n<div id=\"attachment_126603\" style=\"width: 510px\" class=\"wp-caption aligncenter\"><a href=\"https:\/\/i0.wp.com\/www.agrund.com\/wp-content\/uploads\/sites\/6\/2015\/04\/lmag_v16_0086.jpg\"><img aria-describedby=\"caption-attachment-126603\" data-attachment-id=\"126603\" data-permalink=\"https:\/\/agrund.com\/index.php\/minas-trend-lucas-magalhaes-primavera-verao-201516\/lucas-magalhaes-10\/\" data-orig-file=\"https:\/\/i0.wp.com\/agrund.com\/wp-content\/uploads\/sites\/6\/2015\/04\/lmag_v16_0086.jpg?fit=399%2C600&amp;ssl=1\" data-orig-size=\"399,600\" data-comments-opened=\"1\" data-image-meta=\"{&quot;aperture&quot;:&quot;0&quot;,&quot;credit&quot;:&quot;Ze Takahashi\\\/FOTOSITE&quot;,&quot;camera&quot;:&quot;&quot;,&quot;caption&quot;:&quot;Lucas Magalhaes\\n\\nMinas Trend - Verao 2016 \\n\\nFoto : Ze Takahashi\\\/ FOTOSITE&quot;,&quot;created_timestamp&quot;:&quot;0&quot;,&quot;copyright&quot;:&quot;FOTOSITE&quot;,&quot;focal_length&quot;:&quot;0&quot;,&quot;iso&quot;:&quot;0&quot;,&quot;shutter_speed&quot;:&quot;0&quot;,&quot;title&quot;:&quot;Lucas Magalhaes&quot;,&quot;orientation&quot;:&quot;0&quot;}\" data-image-title=\"Minas Trend :: Lucas Magalh\u00e3es primavera-ver\u00e3o 2015\/16\" data-image-description=\"&lt;p&gt;Lucas Magalhaes&lt;\/p&gt;\n&lt;p&gt;Minas Trend &#8211; Verao 2016 &lt;\/p&gt;\n&lt;p&gt;Foto : Ze Takahashi\/ FOTOSITE&lt;\/p&gt;\n\" data-image-caption=\"&lt;p&gt;Minas Trend :: Lucas Magalh\u00e3es primavera-ver\u00e3o 2015\/16 &lt;\/p&gt;\n\" data-medium-file=\"https:\/\/i0.wp.com\/agrund.com\/wp-content\/uploads\/sites\/6\/2015\/04\/lmag_v16_0086.jpg?fit=200%2C300&amp;ssl=1\" data-large-file=\"https:\/\/i0.wp.com\/agrund.com\/wp-content\/uploads\/sites\/6\/2015\/04\/lmag_v16_0086.jpg?fit=399%2C600&amp;ssl=1\" decoding=\"async\" loading=\"lazy\" class=\"wp-image-126603\" src=\"https:\/\/i0.wp.com\/www.agrund.com\/wp-content\/uploads\/sites\/6\/2015\/04\/lmag_v16_0086.jpg?resize=500%2C752\" alt=\"Minas Trend :: Lucas Magalh\u00e3es primavera-ver\u00e3o 2015\/16 \" width=\"500\" height=\"752\" srcset=\"https:\/\/i0.wp.com\/agrund.com\/wp-content\/uploads\/sites\/6\/2015\/04\/lmag_v16_0086.jpg?w=399&amp;ssl=1 399w, https:\/\/i0.wp.com\/agrund.com\/wp-content\/uploads\/sites\/6\/2015\/04\/lmag_v16_0086.jpg?resize=200%2C300&amp;ssl=1 200w\" sizes=\"(max-width: 500px) 100vw, 500px\" data-recalc-dims=\"1\" \/><\/a><p id=\"caption-attachment-126603\" class=\"wp-caption-text\">Minas Trend :: Lucas Magalh\u00e3es primavera-ver\u00e3o 2015\/16<\/p><\/div>\n<p>Imagens: Divulga\u00e7\u00e3o\/Ag\u00eancia Fotosite.<\/p>\n","protected":false},"excerpt":{"rendered":"<p>Lucas Magalh\u00e3es buscou inspira\u00e7\u00e3o no movimento Beatnik que antecedeu os hippies no fim dos anos 1950, come\u00e7o dos 1960 para explorar um mundo rico visualmente: o das texturas, alinhadas com as estampas caracter\u00edsticas do DNA do estilista. Mas essa n\u00e3o \u00e9 a \u00fanica novidade nas roupas do mineiro, que desembarca no ver\u00e3o 2016 apostando em [&hellip;]<\/p>\n","protected":false},"author":8,"featured_media":126604,"comment_status":"open","ping_status":"open","sticky":false,"template":"","format":"standard","meta":{"jetpack_post_was_ever_published":false,"_jetpack_newsletter_access":"","jetpack_publicize_message":"Lucas Magalh\u00e3es, estilista mineiro que vem ganhando o Brasil, lan\u00e7a seu ver\u00e3o 2016 apostando no mix de texturas e estampas: http:\/\/wp.me\/p3Hz0n-wVM","jetpack_is_tweetstorm":false,"jetpack_publicize_feature_enabled":true,"jetpack_social_post_already_shared":true,"jetpack_social_options":{"image_generator_settings":{"template":"highway","enabled":false}}},"categories":[338,9],"tags":[],"jetpack_publicize_connections":[],"jetpack_featured_media_url":"https:\/\/i0.wp.com\/agrund.com\/wp-content\/uploads\/sites\/6\/2015\/04\/slidelucas.jpg?fit=960%2C300&ssl=1","jetpack_sharing_enabled":true,"jetpack_shortlink":"https:\/\/wp.me\/p3Hz0n-wVM","jetpack_likes_enabled":true,"_links":{"self":[{"href":"https:\/\/agrund.com\/index.php\/wp-json\/wp\/v2\/posts\/126590"}],"collection":[{"href":"https:\/\/agrund.com\/index.php\/wp-json\/wp\/v2\/posts"}],"about":[{"href":"https:\/\/agrund.com\/index.php\/wp-json\/wp\/v2\/types\/post"}],"author":[{"embeddable":true,"href":"https:\/\/agrund.com\/index.php\/wp-json\/wp\/v2\/users\/8"}],"replies":[{"embeddable":true,"href":"https:\/\/agrund.com\/index.php\/wp-json\/wp\/v2\/comments?post=126590"}],"version-history":[{"count":0,"href":"https:\/\/agrund.com\/index.php\/wp-json\/wp\/v2\/posts\/126590\/revisions"}],"wp:featuredmedia":[{"embeddable":true,"href":"https:\/\/agrund.com\/index.php\/wp-json\/wp\/v2\/media\/126604"}],"wp:attachment":[{"href":"https:\/\/agrund.com\/index.php\/wp-json\/wp\/v2\/media?parent=126590"}],"wp:term":[{"taxonomy":"category","embeddable":true,"href":"https:\/\/agrund.com\/index.php\/wp-json\/wp\/v2\/categories?post=126590"},{"taxonomy":"post_tag","embeddable":true,"href":"https:\/\/agrund.com\/index.php\/wp-json\/wp\/v2\/tags?post=126590"}],"curies":[{"name":"wp","href":"https:\/\/api.w.org\/{rel}","templated":true}]}}