{"id":126544,"date":"2015-04-08T16:00:23","date_gmt":"2015-04-08T19:00:23","guid":{"rendered":"http:\/\/www.agrund.com\/?p=126544"},"modified":"2015-04-08T13:36:22","modified_gmt":"2015-04-08T16:36:22","slug":"prada-lanca-serie-de-videos","status":"publish","type":"post","link":"https:\/\/agrund.com\/index.php\/prada-lanca-serie-de-videos\/","title":{"rendered":"Prada lan\u00e7a s\u00e9rie de v\u00eddeos"},"content":{"rendered":"<p>Para divulgar sua nova bolsa Galleria, a Prada acaba de lan\u00e7ar tr\u00eas v\u00eddeos dirigidos pela ic\u00f4nica Autumn de Wilde, diretora e fot\u00f3grafa famosa pelos ensaios com m\u00fasicos. A s\u00e9rie, que contar\u00e1 com cinco v\u00eddeos ao todo, foi batizada &#8220;The Postman Dreams&#8221; (&#8220;Os Sonhos do Carteiro&#8221;, em portugu\u00eas) e combina ironia, surrealismo e sofistica\u00e7\u00e3o. Ficou curiosa para ver o resultado? Ent\u00e3o confira os cap\u00edtulos &#8220;The Postman&#8221;, &#8220;The Makeout&#8221; e &#8220;The Battlefield&#8221; clicando <a href=\"http:\/\/thepostmandreams.prada.com\/en\" target=\"_blank\">AQUI<\/a>!<\/p>\n<div id=\"attachment_126545\" style=\"width: 570px\" class=\"wp-caption aligncenter\"><a href=\"https:\/\/i0.wp.com\/www.agrund.com\/wp-content\/uploads\/sites\/6\/2015\/04\/prada-postman-dreams-video-2015-01-960x640.jpg\"><img aria-describedby=\"caption-attachment-126545\" data-attachment-id=\"126545\" data-permalink=\"https:\/\/agrund.com\/index.php\/prada-lanca-serie-de-videos\/prada-postman-dreams-video-2015-01-960x640\/\" data-orig-file=\"https:\/\/i0.wp.com\/agrund.com\/wp-content\/uploads\/sites\/6\/2015\/04\/prada-postman-dreams-video-2015-01-960x640.jpg?fit=960%2C640&amp;ssl=1\" data-orig-size=\"960,640\" data-comments-opened=\"1\" data-image-meta=\"{&quot;aperture&quot;:&quot;0&quot;,&quot;credit&quot;:&quot;&quot;,&quot;camera&quot;:&quot;&quot;,&quot;caption&quot;:&quot;&quot;,&quot;created_timestamp&quot;:&quot;0&quot;,&quot;copyright&quot;:&quot;&quot;,&quot;focal_length&quot;:&quot;0&quot;,&quot;iso&quot;:&quot;0&quot;,&quot;shutter_speed&quot;:&quot;0&quot;,&quot;title&quot;:&quot;&quot;,&quot;orientation&quot;:&quot;0&quot;}\" data-image-title=\"Prada lan\u00e7a s\u00e9rie de v\u00eddeos\" data-image-description=\"\" data-image-caption=\"&lt;p&gt;Prada lan\u00e7a s\u00e9rie de v\u00eddeos &lt;\/p&gt;\n\" data-medium-file=\"https:\/\/i0.wp.com\/agrund.com\/wp-content\/uploads\/sites\/6\/2015\/04\/prada-postman-dreams-video-2015-01-960x640.jpg?fit=300%2C200&amp;ssl=1\" data-large-file=\"https:\/\/i0.wp.com\/agrund.com\/wp-content\/uploads\/sites\/6\/2015\/04\/prada-postman-dreams-video-2015-01-960x640.jpg?fit=960%2C640&amp;ssl=1\" decoding=\"async\" loading=\"lazy\" class=\"wp-image-126545\" src=\"https:\/\/i0.wp.com\/www.agrund.com\/wp-content\/uploads\/sites\/6\/2015\/04\/prada-postman-dreams-video-2015-01-960x640.jpg?resize=560%2C373\" alt=\"Prada lan\u00e7a s\u00e9rie de v\u00eddeos \" width=\"560\" height=\"373\" srcset=\"https:\/\/i0.wp.com\/agrund.com\/wp-content\/uploads\/sites\/6\/2015\/04\/prada-postman-dreams-video-2015-01-960x640.jpg?resize=960%2C640&amp;ssl=1 960w, https:\/\/i0.wp.com\/agrund.com\/wp-content\/uploads\/sites\/6\/2015\/04\/prada-postman-dreams-video-2015-01-960x640.jpg?resize=300%2C200&amp;ssl=1 300w\" sizes=\"(max-width: 560px) 100vw, 560px\" data-recalc-dims=\"1\" \/><\/a><p id=\"caption-attachment-126545\" class=\"wp-caption-text\">Prada lan\u00e7a s\u00e9rie de v\u00eddeos<\/p><\/div>\n<p>Imagem: Reprodu\u00e7\u00e3o.<\/p>\n","protected":false},"excerpt":{"rendered":"<p>Para divulgar sua nova bolsa Galleria, a Prada acaba de lan\u00e7ar tr\u00eas v\u00eddeos dirigidos pela ic\u00f4nica Autumn de Wilde, diretora e fot\u00f3grafa famosa pelos ensaios com m\u00fasicos. A s\u00e9rie, que contar\u00e1 com cinco v\u00eddeos ao todo, foi batizada &#8220;The Postman Dreams&#8221; (&#8220;Os Sonhos do Carteiro&#8221;, em portugu\u00eas) e combina ironia, surrealismo e sofistica\u00e7\u00e3o. Ficou curiosa [&hellip;]<\/p>\n","protected":false},"author":8,"featured_media":126546,"comment_status":"open","ping_status":"open","sticky":false,"template":"","format":"standard","meta":{"jetpack_post_was_ever_published":false,"_jetpack_newsletter_access":"","jetpack_publicize_message":"Gosta de v\u00eddeos de moda? Agrund.com conta os detalhes da nova s\u00e9rie da Prada: http:\/\/wp.me\/p3Hz0n-wV2","jetpack_is_tweetstorm":false,"jetpack_publicize_feature_enabled":true,"jetpack_social_post_already_shared":true,"jetpack_social_options":{"image_generator_settings":{"template":"highway","enabled":false}}},"categories":[2],"tags":[],"jetpack_publicize_connections":[],"jetpack_featured_media_url":"https:\/\/i0.wp.com\/agrund.com\/wp-content\/uploads\/sites\/6\/2015\/04\/slide35.jpg?fit=960%2C300&ssl=1","jetpack_sharing_enabled":true,"jetpack_shortlink":"https:\/\/wp.me\/p3Hz0n-wV2","jetpack_likes_enabled":true,"_links":{"self":[{"href":"https:\/\/agrund.com\/index.php\/wp-json\/wp\/v2\/posts\/126544"}],"collection":[{"href":"https:\/\/agrund.com\/index.php\/wp-json\/wp\/v2\/posts"}],"about":[{"href":"https:\/\/agrund.com\/index.php\/wp-json\/wp\/v2\/types\/post"}],"author":[{"embeddable":true,"href":"https:\/\/agrund.com\/index.php\/wp-json\/wp\/v2\/users\/8"}],"replies":[{"embeddable":true,"href":"https:\/\/agrund.com\/index.php\/wp-json\/wp\/v2\/comments?post=126544"}],"version-history":[{"count":0,"href":"https:\/\/agrund.com\/index.php\/wp-json\/wp\/v2\/posts\/126544\/revisions"}],"wp:featuredmedia":[{"embeddable":true,"href":"https:\/\/agrund.com\/index.php\/wp-json\/wp\/v2\/media\/126546"}],"wp:attachment":[{"href":"https:\/\/agrund.com\/index.php\/wp-json\/wp\/v2\/media?parent=126544"}],"wp:term":[{"taxonomy":"category","embeddable":true,"href":"https:\/\/agrund.com\/index.php\/wp-json\/wp\/v2\/categories?post=126544"},{"taxonomy":"post_tag","embeddable":true,"href":"https:\/\/agrund.com\/index.php\/wp-json\/wp\/v2\/tags?post=126544"}],"curies":[{"name":"wp","href":"https:\/\/api.w.org\/{rel}","templated":true}]}}