{"id":126530,"date":"2015-04-08T15:00:26","date_gmt":"2015-04-08T18:00:26","guid":{"rendered":"http:\/\/www.agrund.com\/?p=126530"},"modified":"2015-04-08T13:29:01","modified_gmt":"2015-04-08T16:29:01","slug":"minas-trend-patricia-motta-primavera-verao-201516","status":"publish","type":"post","link":"https:\/\/agrund.com\/index.php\/minas-trend-patricia-motta-primavera-verao-201516\/","title":{"rendered":"Minas Trend :: Patricia Motta primavera-ver\u00e3o 2015\/16"},"content":{"rendered":"<p>Patricia Motta leva novamente sua experi\u00eancia com o couro para o Minas Trend \u2013 e claro, novamente surpreende pela delicadeza e inova\u00e7\u00e3o no trabalho com a mat\u00e9ria-prima. Dessa vez inspirada pela alegria (mais precisamente no vers\u00edculo b\u00edblico &#8220;A alegria do senhor \u00e9 nossa for\u00e7a&#8221;), a estilista transformou suas modelos em princesas delicadas e rom\u00e2nticas, muito mais &#8220;leves&#8221; que o esteri\u00f3tipo de princesa conhecido pela maioria das pessoas. \u00c9 que as roupas v\u00eam em tons pastel adocicados sem muitos detalhes over, e enquanto algumas delas nem parecem couro, outras entregam um trabalho artesanal minucioso que resultou em vazados florais por toda a roupa com p\u00e9talas feitas \u00e0 m\u00e3o, uma a uma.<\/p>\n<p>Patricia tamb\u00e9m explorou as estampas com duas varia\u00e7\u00f5es principais, sendo uma criada pelo filho da estilista e a outra resultado de uma foto de flamingos clicada pelo marido dela. E para completar tudo isso, o desfile ainda contou com trilha ao vivo cantada por Lu Alone, respons\u00e1vel por criar uma m\u00fasica exclusiva para a apresenta\u00e7\u00e3o a partir de coment\u00e1rios da designer que refletem sua felicidade e seus sentimentos ao longo de todo o processo criativo da cole\u00e7\u00e3o.<\/p>\n<div id=\"attachment_126531\" style=\"width: 560px\" class=\"wp-caption aligncenter\"><a href=\"https:\/\/i0.wp.com\/www.agrund.com\/wp-content\/uploads\/sites\/6\/2015\/04\/Patricia-Motta-1.jpg\"><img aria-describedby=\"caption-attachment-126531\" data-attachment-id=\"126531\" data-permalink=\"https:\/\/agrund.com\/index.php\/minas-trend-patricia-motta-primavera-verao-201516\/patricia-motta-2\/\" data-orig-file=\"https:\/\/i0.wp.com\/agrund.com\/wp-content\/uploads\/sites\/6\/2015\/04\/Patricia-Motta-1.jpg?fit=799%2C1200&amp;ssl=1\" data-orig-size=\"799,1200\" data-comments-opened=\"1\" data-image-meta=\"{&quot;aperture&quot;:&quot;0&quot;,&quot;credit&quot;:&quot;Ze Takahashi\\\/FOTOSITE&quot;,&quot;camera&quot;:&quot;&quot;,&quot;caption&quot;:&quot;Patricia Motta\\n\\nMinas Trend - Verao 2016 \\n\\nFoto : Ze Takahashi\\\/ FOTOSITE&quot;,&quot;created_timestamp&quot;:&quot;0&quot;,&quot;copyright&quot;:&quot;FOTOSITE&quot;,&quot;focal_length&quot;:&quot;0&quot;,&quot;iso&quot;:&quot;0&quot;,&quot;shutter_speed&quot;:&quot;0&quot;,&quot;title&quot;:&quot;Patricia Motta&quot;,&quot;orientation&quot;:&quot;0&quot;}\" data-image-title=\"Minas Trend :: Patricia Motta primavera-ver\u00e3o 2015\/16\" data-image-description=\"&lt;p&gt;Patricia Motta&lt;\/p&gt;\n&lt;p&gt;Minas Trend &#8211; Verao 2016 &lt;\/p&gt;\n&lt;p&gt;Foto : Ze Takahashi\/ FOTOSITE&lt;\/p&gt;\n\" data-image-caption=\"&lt;p&gt;Minas Trend :: Patricia Motta primavera-ver\u00e3o 2015\/16 &lt;\/p&gt;\n\" data-medium-file=\"https:\/\/i0.wp.com\/agrund.com\/wp-content\/uploads\/sites\/6\/2015\/04\/Patricia-Motta-1.jpg?fit=200%2C300&amp;ssl=1\" data-large-file=\"https:\/\/i0.wp.com\/agrund.com\/wp-content\/uploads\/sites\/6\/2015\/04\/Patricia-Motta-1.jpg?fit=682%2C1024&amp;ssl=1\" decoding=\"async\" loading=\"lazy\" class=\"wp-image-126531\" src=\"https:\/\/i0.wp.com\/www.agrund.com\/wp-content\/uploads\/sites\/6\/2015\/04\/Patricia-Motta-1.jpg?resize=550%2C826\" alt=\"Minas Trend :: Patricia Motta primavera-ver\u00e3o 2015\/16 \" width=\"550\" height=\"826\" srcset=\"https:\/\/i0.wp.com\/agrund.com\/wp-content\/uploads\/sites\/6\/2015\/04\/Patricia-Motta-1.jpg?w=799&amp;ssl=1 799w, https:\/\/i0.wp.com\/agrund.com\/wp-content\/uploads\/sites\/6\/2015\/04\/Patricia-Motta-1.jpg?resize=200%2C300&amp;ssl=1 200w, https:\/\/i0.wp.com\/agrund.com\/wp-content\/uploads\/sites\/6\/2015\/04\/Patricia-Motta-1.jpg?resize=682%2C1024&amp;ssl=1 682w\" sizes=\"(max-width: 550px) 100vw, 550px\" data-recalc-dims=\"1\" \/><\/a><p id=\"caption-attachment-126531\" class=\"wp-caption-text\">Minas Trend :: Patricia Motta primavera-ver\u00e3o 2015\/16<\/p><\/div>\n<div id=\"attachment_126532\" style=\"width: 560px\" class=\"wp-caption aligncenter\"><a href=\"https:\/\/i0.wp.com\/www.agrund.com\/wp-content\/uploads\/sites\/6\/2015\/04\/Patricia-Motta-2.jpg\"><img aria-describedby=\"caption-attachment-126532\" data-attachment-id=\"126532\" data-permalink=\"https:\/\/agrund.com\/index.php\/minas-trend-patricia-motta-primavera-verao-201516\/patricia-motta-3\/\" data-orig-file=\"https:\/\/i0.wp.com\/agrund.com\/wp-content\/uploads\/sites\/6\/2015\/04\/Patricia-Motta-2.jpg?fit=799%2C1200&amp;ssl=1\" data-orig-size=\"799,1200\" data-comments-opened=\"1\" data-image-meta=\"{&quot;aperture&quot;:&quot;0&quot;,&quot;credit&quot;:&quot;Ze Takahashi\\\/FOTOSITE&quot;,&quot;camera&quot;:&quot;&quot;,&quot;caption&quot;:&quot;Patricia Motta\\n\\nMinas Trend - Verao 2016 \\n\\nFoto : Ze Takahashi\\\/ FOTOSITE&quot;,&quot;created_timestamp&quot;:&quot;0&quot;,&quot;copyright&quot;:&quot;FOTOSITE&quot;,&quot;focal_length&quot;:&quot;0&quot;,&quot;iso&quot;:&quot;0&quot;,&quot;shutter_speed&quot;:&quot;0&quot;,&quot;title&quot;:&quot;Patricia Motta&quot;,&quot;orientation&quot;:&quot;0&quot;}\" data-image-title=\"Minas Trend :: Patricia Motta primavera-ver\u00e3o 2015\/16\" data-image-description=\"&lt;p&gt;Patricia Motta&lt;\/p&gt;\n&lt;p&gt;Minas Trend &#8211; Verao 2016 &lt;\/p&gt;\n&lt;p&gt;Foto : Ze Takahashi\/ FOTOSITE&lt;\/p&gt;\n\" data-image-caption=\"&lt;p&gt;Minas Trend :: Patricia Motta primavera-ver\u00e3o 2015\/16 &lt;\/p&gt;\n\" data-medium-file=\"https:\/\/i0.wp.com\/agrund.com\/wp-content\/uploads\/sites\/6\/2015\/04\/Patricia-Motta-2.jpg?fit=200%2C300&amp;ssl=1\" data-large-file=\"https:\/\/i0.wp.com\/agrund.com\/wp-content\/uploads\/sites\/6\/2015\/04\/Patricia-Motta-2.jpg?fit=682%2C1024&amp;ssl=1\" decoding=\"async\" loading=\"lazy\" class=\"wp-image-126532\" src=\"https:\/\/i0.wp.com\/www.agrund.com\/wp-content\/uploads\/sites\/6\/2015\/04\/Patricia-Motta-2.jpg?resize=550%2C826\" alt=\"Minas Trend :: Patricia Motta primavera-ver\u00e3o 2015\/16 \" width=\"550\" height=\"826\" srcset=\"https:\/\/i0.wp.com\/agrund.com\/wp-content\/uploads\/sites\/6\/2015\/04\/Patricia-Motta-2.jpg?w=799&amp;ssl=1 799w, https:\/\/i0.wp.com\/agrund.com\/wp-content\/uploads\/sites\/6\/2015\/04\/Patricia-Motta-2.jpg?resize=200%2C300&amp;ssl=1 200w, https:\/\/i0.wp.com\/agrund.com\/wp-content\/uploads\/sites\/6\/2015\/04\/Patricia-Motta-2.jpg?resize=682%2C1024&amp;ssl=1 682w\" sizes=\"(max-width: 550px) 100vw, 550px\" data-recalc-dims=\"1\" \/><\/a><p id=\"caption-attachment-126532\" class=\"wp-caption-text\">Minas Trend :: Patricia Motta primavera-ver\u00e3o 2015\/16<\/p><\/div>\n<div id=\"attachment_126533\" style=\"width: 560px\" class=\"wp-caption aligncenter\"><a href=\"https:\/\/i0.wp.com\/www.agrund.com\/wp-content\/uploads\/sites\/6\/2015\/04\/Patricia-Motta-3.jpg\"><img aria-describedby=\"caption-attachment-126533\" data-attachment-id=\"126533\" data-permalink=\"https:\/\/agrund.com\/index.php\/minas-trend-patricia-motta-primavera-verao-201516\/patricia-motta-4\/\" data-orig-file=\"https:\/\/i0.wp.com\/agrund.com\/wp-content\/uploads\/sites\/6\/2015\/04\/Patricia-Motta-3.jpg?fit=799%2C1200&amp;ssl=1\" data-orig-size=\"799,1200\" data-comments-opened=\"1\" data-image-meta=\"{&quot;aperture&quot;:&quot;0&quot;,&quot;credit&quot;:&quot;Ze Takahashi\\\/FOTOSITE&quot;,&quot;camera&quot;:&quot;&quot;,&quot;caption&quot;:&quot;Patricia Motta\\n\\nMinas Trend - Verao 2016 \\n\\nFoto : Ze Takahashi\\\/ FOTOSITE&quot;,&quot;created_timestamp&quot;:&quot;0&quot;,&quot;copyright&quot;:&quot;FOTOSITE&quot;,&quot;focal_length&quot;:&quot;0&quot;,&quot;iso&quot;:&quot;0&quot;,&quot;shutter_speed&quot;:&quot;0&quot;,&quot;title&quot;:&quot;Patricia Motta&quot;,&quot;orientation&quot;:&quot;0&quot;}\" data-image-title=\"Minas Trend :: Patricia Motta primavera-ver\u00e3o 2015\/16\" data-image-description=\"&lt;p&gt;Patricia Motta&lt;\/p&gt;\n&lt;p&gt;Minas Trend &#8211; Verao 2016 &lt;\/p&gt;\n&lt;p&gt;Foto : Ze Takahashi\/ FOTOSITE&lt;\/p&gt;\n\" data-image-caption=\"&lt;p&gt;Minas Trend :: Patricia Motta primavera-ver\u00e3o 2015\/16 &lt;\/p&gt;\n\" data-medium-file=\"https:\/\/i0.wp.com\/agrund.com\/wp-content\/uploads\/sites\/6\/2015\/04\/Patricia-Motta-3.jpg?fit=200%2C300&amp;ssl=1\" data-large-file=\"https:\/\/i0.wp.com\/agrund.com\/wp-content\/uploads\/sites\/6\/2015\/04\/Patricia-Motta-3.jpg?fit=682%2C1024&amp;ssl=1\" decoding=\"async\" loading=\"lazy\" class=\"wp-image-126533\" src=\"https:\/\/i0.wp.com\/www.agrund.com\/wp-content\/uploads\/sites\/6\/2015\/04\/Patricia-Motta-3.jpg?resize=550%2C826\" alt=\"Minas Trend :: Patricia Motta primavera-ver\u00e3o 2015\/16 \" width=\"550\" height=\"826\" srcset=\"https:\/\/i0.wp.com\/agrund.com\/wp-content\/uploads\/sites\/6\/2015\/04\/Patricia-Motta-3.jpg?w=799&amp;ssl=1 799w, https:\/\/i0.wp.com\/agrund.com\/wp-content\/uploads\/sites\/6\/2015\/04\/Patricia-Motta-3.jpg?resize=200%2C300&amp;ssl=1 200w, https:\/\/i0.wp.com\/agrund.com\/wp-content\/uploads\/sites\/6\/2015\/04\/Patricia-Motta-3.jpg?resize=682%2C1024&amp;ssl=1 682w\" sizes=\"(max-width: 550px) 100vw, 550px\" data-recalc-dims=\"1\" \/><\/a><p id=\"caption-attachment-126533\" class=\"wp-caption-text\">Minas Trend :: Patricia Motta primavera-ver\u00e3o 2015\/16<\/p><\/div>\n<div id=\"attachment_126534\" style=\"width: 560px\" class=\"wp-caption aligncenter\"><a href=\"https:\/\/i0.wp.com\/www.agrund.com\/wp-content\/uploads\/sites\/6\/2015\/04\/Patricia-Motta-4.jpg\"><img aria-describedby=\"caption-attachment-126534\" data-attachment-id=\"126534\" data-permalink=\"https:\/\/agrund.com\/index.php\/minas-trend-patricia-motta-primavera-verao-201516\/patricia-motta-5\/\" data-orig-file=\"https:\/\/i0.wp.com\/agrund.com\/wp-content\/uploads\/sites\/6\/2015\/04\/Patricia-Motta-4.jpg?fit=799%2C1200&amp;ssl=1\" data-orig-size=\"799,1200\" data-comments-opened=\"1\" data-image-meta=\"{&quot;aperture&quot;:&quot;0&quot;,&quot;credit&quot;:&quot;Ze Takahashi\\\/FOTOSITE&quot;,&quot;camera&quot;:&quot;&quot;,&quot;caption&quot;:&quot;Patricia Motta\\n\\nMinas Trend - Verao 2016 \\n\\nFoto : Ze Takahashi\\\/ FOTOSITE&quot;,&quot;created_timestamp&quot;:&quot;0&quot;,&quot;copyright&quot;:&quot;FOTOSITE&quot;,&quot;focal_length&quot;:&quot;0&quot;,&quot;iso&quot;:&quot;0&quot;,&quot;shutter_speed&quot;:&quot;0&quot;,&quot;title&quot;:&quot;Patricia Motta&quot;,&quot;orientation&quot;:&quot;0&quot;}\" data-image-title=\"Minas Trend :: Patricia Motta primavera-ver\u00e3o 2015\/16\" data-image-description=\"&lt;p&gt;Patricia Motta&lt;\/p&gt;\n&lt;p&gt;Minas Trend &#8211; Verao 2016 &lt;\/p&gt;\n&lt;p&gt;Foto : Ze Takahashi\/ FOTOSITE&lt;\/p&gt;\n\" data-image-caption=\"&lt;p&gt;Minas Trend :: Patricia Motta primavera-ver\u00e3o 2015\/16 &lt;\/p&gt;\n\" data-medium-file=\"https:\/\/i0.wp.com\/agrund.com\/wp-content\/uploads\/sites\/6\/2015\/04\/Patricia-Motta-4.jpg?fit=200%2C300&amp;ssl=1\" data-large-file=\"https:\/\/i0.wp.com\/agrund.com\/wp-content\/uploads\/sites\/6\/2015\/04\/Patricia-Motta-4.jpg?fit=682%2C1024&amp;ssl=1\" decoding=\"async\" loading=\"lazy\" class=\"wp-image-126534\" src=\"https:\/\/i0.wp.com\/www.agrund.com\/wp-content\/uploads\/sites\/6\/2015\/04\/Patricia-Motta-4.jpg?resize=550%2C826\" alt=\"Minas Trend :: Patricia Motta primavera-ver\u00e3o 2015\/16 \" width=\"550\" height=\"826\" srcset=\"https:\/\/i0.wp.com\/agrund.com\/wp-content\/uploads\/sites\/6\/2015\/04\/Patricia-Motta-4.jpg?w=799&amp;ssl=1 799w, https:\/\/i0.wp.com\/agrund.com\/wp-content\/uploads\/sites\/6\/2015\/04\/Patricia-Motta-4.jpg?resize=200%2C300&amp;ssl=1 200w, https:\/\/i0.wp.com\/agrund.com\/wp-content\/uploads\/sites\/6\/2015\/04\/Patricia-Motta-4.jpg?resize=682%2C1024&amp;ssl=1 682w\" sizes=\"(max-width: 550px) 100vw, 550px\" data-recalc-dims=\"1\" \/><\/a><p id=\"caption-attachment-126534\" class=\"wp-caption-text\">Minas Trend :: Patricia Motta primavera-ver\u00e3o 2015\/16<\/p><\/div>\n<div id=\"attachment_126535\" style=\"width: 560px\" class=\"wp-caption aligncenter\"><a href=\"https:\/\/i0.wp.com\/www.agrund.com\/wp-content\/uploads\/sites\/6\/2015\/04\/Patricia-Motta-5.jpg\"><img aria-describedby=\"caption-attachment-126535\" data-attachment-id=\"126535\" data-permalink=\"https:\/\/agrund.com\/index.php\/minas-trend-patricia-motta-primavera-verao-201516\/patricia-motta-6\/\" data-orig-file=\"https:\/\/i0.wp.com\/agrund.com\/wp-content\/uploads\/sites\/6\/2015\/04\/Patricia-Motta-5.jpg?fit=799%2C1200&amp;ssl=1\" data-orig-size=\"799,1200\" data-comments-opened=\"1\" data-image-meta=\"{&quot;aperture&quot;:&quot;0&quot;,&quot;credit&quot;:&quot;Ze Takahashi\\\/FOTOSITE&quot;,&quot;camera&quot;:&quot;&quot;,&quot;caption&quot;:&quot;Patricia Motta\\n\\nMinas Trend - Verao 2016 \\n\\nFoto : Ze Takahashi\\\/ FOTOSITE&quot;,&quot;created_timestamp&quot;:&quot;0&quot;,&quot;copyright&quot;:&quot;FOTOSITE&quot;,&quot;focal_length&quot;:&quot;0&quot;,&quot;iso&quot;:&quot;0&quot;,&quot;shutter_speed&quot;:&quot;0&quot;,&quot;title&quot;:&quot;Patricia Motta&quot;,&quot;orientation&quot;:&quot;0&quot;}\" data-image-title=\"Minas Trend :: Patricia Motta primavera-ver\u00e3o 2015\/16\" data-image-description=\"&lt;p&gt;Patricia Motta&lt;\/p&gt;\n&lt;p&gt;Minas Trend &#8211; Verao 2016 &lt;\/p&gt;\n&lt;p&gt;Foto : Ze Takahashi\/ FOTOSITE&lt;\/p&gt;\n\" data-image-caption=\"&lt;p&gt;Minas Trend :: Patricia Motta primavera-ver\u00e3o 2015\/16 &lt;\/p&gt;\n\" data-medium-file=\"https:\/\/i0.wp.com\/agrund.com\/wp-content\/uploads\/sites\/6\/2015\/04\/Patricia-Motta-5.jpg?fit=200%2C300&amp;ssl=1\" data-large-file=\"https:\/\/i0.wp.com\/agrund.com\/wp-content\/uploads\/sites\/6\/2015\/04\/Patricia-Motta-5.jpg?fit=682%2C1024&amp;ssl=1\" decoding=\"async\" loading=\"lazy\" class=\"wp-image-126535\" src=\"https:\/\/i0.wp.com\/www.agrund.com\/wp-content\/uploads\/sites\/6\/2015\/04\/Patricia-Motta-5.jpg?resize=550%2C826\" alt=\"Minas Trend :: Patricia Motta primavera-ver\u00e3o 2015\/16 \" width=\"550\" height=\"826\" srcset=\"https:\/\/i0.wp.com\/agrund.com\/wp-content\/uploads\/sites\/6\/2015\/04\/Patricia-Motta-5.jpg?w=799&amp;ssl=1 799w, https:\/\/i0.wp.com\/agrund.com\/wp-content\/uploads\/sites\/6\/2015\/04\/Patricia-Motta-5.jpg?resize=200%2C300&amp;ssl=1 200w, https:\/\/i0.wp.com\/agrund.com\/wp-content\/uploads\/sites\/6\/2015\/04\/Patricia-Motta-5.jpg?resize=682%2C1024&amp;ssl=1 682w\" sizes=\"(max-width: 550px) 100vw, 550px\" data-recalc-dims=\"1\" \/><\/a><p id=\"caption-attachment-126535\" class=\"wp-caption-text\">Minas Trend :: Patricia Motta primavera-ver\u00e3o 2015\/16<\/p><\/div>\n<div id=\"attachment_126536\" style=\"width: 560px\" class=\"wp-caption aligncenter\"><a href=\"https:\/\/i0.wp.com\/www.agrund.com\/wp-content\/uploads\/sites\/6\/2015\/04\/Patricia-Motta-6.jpg\"><img aria-describedby=\"caption-attachment-126536\" data-attachment-id=\"126536\" data-permalink=\"https:\/\/agrund.com\/index.php\/minas-trend-patricia-motta-primavera-verao-201516\/patricia-motta-6-2\/\" data-orig-file=\"https:\/\/i0.wp.com\/agrund.com\/wp-content\/uploads\/sites\/6\/2015\/04\/Patricia-Motta-6.jpg?fit=799%2C1200&amp;ssl=1\" data-orig-size=\"799,1200\" data-comments-opened=\"1\" data-image-meta=\"{&quot;aperture&quot;:&quot;0&quot;,&quot;credit&quot;:&quot;&quot;,&quot;camera&quot;:&quot;&quot;,&quot;caption&quot;:&quot;&quot;,&quot;created_timestamp&quot;:&quot;0&quot;,&quot;copyright&quot;:&quot;&quot;,&quot;focal_length&quot;:&quot;0&quot;,&quot;iso&quot;:&quot;0&quot;,&quot;shutter_speed&quot;:&quot;0&quot;,&quot;title&quot;:&quot;&quot;,&quot;orientation&quot;:&quot;0&quot;}\" data-image-title=\"Minas Trend :: Patricia Motta primavera-ver\u00e3o 2015\/16\" data-image-description=\"\" data-image-caption=\"&lt;p&gt;Minas Trend :: Patricia Motta primavera-ver\u00e3o 2015\/16 &lt;\/p&gt;\n\" data-medium-file=\"https:\/\/i0.wp.com\/agrund.com\/wp-content\/uploads\/sites\/6\/2015\/04\/Patricia-Motta-6.jpg?fit=200%2C300&amp;ssl=1\" data-large-file=\"https:\/\/i0.wp.com\/agrund.com\/wp-content\/uploads\/sites\/6\/2015\/04\/Patricia-Motta-6.jpg?fit=682%2C1024&amp;ssl=1\" decoding=\"async\" loading=\"lazy\" class=\"wp-image-126536\" src=\"https:\/\/i0.wp.com\/www.agrund.com\/wp-content\/uploads\/sites\/6\/2015\/04\/Patricia-Motta-6.jpg?resize=550%2C826\" alt=\"Minas Trend :: Patricia Motta primavera-ver\u00e3o 2015\/16 \" width=\"550\" height=\"826\" srcset=\"https:\/\/i0.wp.com\/agrund.com\/wp-content\/uploads\/sites\/6\/2015\/04\/Patricia-Motta-6.jpg?w=799&amp;ssl=1 799w, https:\/\/i0.wp.com\/agrund.com\/wp-content\/uploads\/sites\/6\/2015\/04\/Patricia-Motta-6.jpg?resize=200%2C300&amp;ssl=1 200w, https:\/\/i0.wp.com\/agrund.com\/wp-content\/uploads\/sites\/6\/2015\/04\/Patricia-Motta-6.jpg?resize=682%2C1024&amp;ssl=1 682w\" sizes=\"(max-width: 550px) 100vw, 550px\" data-recalc-dims=\"1\" \/><\/a><p id=\"caption-attachment-126536\" class=\"wp-caption-text\">Minas Trend :: Patricia Motta primavera-ver\u00e3o 2015\/16<\/p><\/div>\n<div id=\"attachment_126537\" style=\"width: 560px\" class=\"wp-caption aligncenter\"><a href=\"https:\/\/i0.wp.com\/www.agrund.com\/wp-content\/uploads\/sites\/6\/2015\/04\/Patricia-Motta-7.jpg\"><img aria-describedby=\"caption-attachment-126537\" data-attachment-id=\"126537\" data-permalink=\"https:\/\/agrund.com\/index.php\/minas-trend-patricia-motta-primavera-verao-201516\/patricia-motta-7\/\" data-orig-file=\"https:\/\/i0.wp.com\/agrund.com\/wp-content\/uploads\/sites\/6\/2015\/04\/Patricia-Motta-7.jpg?fit=799%2C1200&amp;ssl=1\" data-orig-size=\"799,1200\" data-comments-opened=\"1\" data-image-meta=\"{&quot;aperture&quot;:&quot;0&quot;,&quot;credit&quot;:&quot;Ze Takahashi\\\/FOTOSITE&quot;,&quot;camera&quot;:&quot;&quot;,&quot;caption&quot;:&quot;Patricia Motta\\n\\nMinas Trend - Verao 2016 \\n\\nFoto : Ze Takahashi\\\/ FOTOSITE&quot;,&quot;created_timestamp&quot;:&quot;0&quot;,&quot;copyright&quot;:&quot;FOTOSITE&quot;,&quot;focal_length&quot;:&quot;0&quot;,&quot;iso&quot;:&quot;0&quot;,&quot;shutter_speed&quot;:&quot;0&quot;,&quot;title&quot;:&quot;Patricia Motta&quot;,&quot;orientation&quot;:&quot;0&quot;}\" data-image-title=\"Minas Trend :: Patricia Motta primavera-ver\u00e3o 2015\/16\" data-image-description=\"&lt;p&gt;Patricia Motta&lt;\/p&gt;\n&lt;p&gt;Minas Trend &#8211; Verao 2016 &lt;\/p&gt;\n&lt;p&gt;Foto : Ze Takahashi\/ FOTOSITE&lt;\/p&gt;\n\" data-image-caption=\"&lt;p&gt;Minas Trend :: Patricia Motta primavera-ver\u00e3o 2015\/16 &lt;\/p&gt;\n\" data-medium-file=\"https:\/\/i0.wp.com\/agrund.com\/wp-content\/uploads\/sites\/6\/2015\/04\/Patricia-Motta-7.jpg?fit=200%2C300&amp;ssl=1\" data-large-file=\"https:\/\/i0.wp.com\/agrund.com\/wp-content\/uploads\/sites\/6\/2015\/04\/Patricia-Motta-7.jpg?fit=682%2C1024&amp;ssl=1\" decoding=\"async\" loading=\"lazy\" class=\"wp-image-126537\" src=\"https:\/\/i0.wp.com\/www.agrund.com\/wp-content\/uploads\/sites\/6\/2015\/04\/Patricia-Motta-7.jpg?resize=550%2C826\" alt=\"Minas Trend :: Patricia Motta primavera-ver\u00e3o 2015\/16 \" width=\"550\" height=\"826\" srcset=\"https:\/\/i0.wp.com\/agrund.com\/wp-content\/uploads\/sites\/6\/2015\/04\/Patricia-Motta-7.jpg?w=799&amp;ssl=1 799w, https:\/\/i0.wp.com\/agrund.com\/wp-content\/uploads\/sites\/6\/2015\/04\/Patricia-Motta-7.jpg?resize=200%2C300&amp;ssl=1 200w, https:\/\/i0.wp.com\/agrund.com\/wp-content\/uploads\/sites\/6\/2015\/04\/Patricia-Motta-7.jpg?resize=682%2C1024&amp;ssl=1 682w\" sizes=\"(max-width: 550px) 100vw, 550px\" data-recalc-dims=\"1\" \/><\/a><p id=\"caption-attachment-126537\" class=\"wp-caption-text\">Minas Trend :: Patricia Motta primavera-ver\u00e3o 2015\/16<\/p><\/div>\n<div id=\"attachment_126538\" style=\"width: 560px\" class=\"wp-caption aligncenter\"><a href=\"https:\/\/i0.wp.com\/www.agrund.com\/wp-content\/uploads\/sites\/6\/2015\/04\/Patricia-Motta-8.jpg\"><img aria-describedby=\"caption-attachment-126538\" data-attachment-id=\"126538\" data-permalink=\"https:\/\/agrund.com\/index.php\/minas-trend-patricia-motta-primavera-verao-201516\/patricia-motta-8\/\" data-orig-file=\"https:\/\/i0.wp.com\/agrund.com\/wp-content\/uploads\/sites\/6\/2015\/04\/Patricia-Motta-8.jpg?fit=799%2C1200&amp;ssl=1\" data-orig-size=\"799,1200\" data-comments-opened=\"1\" data-image-meta=\"{&quot;aperture&quot;:&quot;0&quot;,&quot;credit&quot;:&quot;Ze Takahashi\\\/FOTOSITE&quot;,&quot;camera&quot;:&quot;&quot;,&quot;caption&quot;:&quot;Patricia Motta\\n\\nMinas Trend - Verao 2016 \\n\\nFoto : Ze Takahashi\\\/ FOTOSITE&quot;,&quot;created_timestamp&quot;:&quot;0&quot;,&quot;copyright&quot;:&quot;FOTOSITE&quot;,&quot;focal_length&quot;:&quot;0&quot;,&quot;iso&quot;:&quot;0&quot;,&quot;shutter_speed&quot;:&quot;0&quot;,&quot;title&quot;:&quot;Patricia Motta&quot;,&quot;orientation&quot;:&quot;0&quot;}\" data-image-title=\"Minas Trend :: Patricia Motta primavera-ver\u00e3o 2015\/16\" data-image-description=\"&lt;p&gt;Patricia Motta&lt;\/p&gt;\n&lt;p&gt;Minas Trend &#8211; Verao 2016 &lt;\/p&gt;\n&lt;p&gt;Foto : Ze Takahashi\/ FOTOSITE&lt;\/p&gt;\n\" data-image-caption=\"&lt;p&gt;Minas Trend :: Patricia Motta primavera-ver\u00e3o 2015\/16 &lt;\/p&gt;\n\" data-medium-file=\"https:\/\/i0.wp.com\/agrund.com\/wp-content\/uploads\/sites\/6\/2015\/04\/Patricia-Motta-8.jpg?fit=200%2C300&amp;ssl=1\" data-large-file=\"https:\/\/i0.wp.com\/agrund.com\/wp-content\/uploads\/sites\/6\/2015\/04\/Patricia-Motta-8.jpg?fit=682%2C1024&amp;ssl=1\" decoding=\"async\" loading=\"lazy\" class=\"wp-image-126538\" src=\"https:\/\/i0.wp.com\/www.agrund.com\/wp-content\/uploads\/sites\/6\/2015\/04\/Patricia-Motta-8.jpg?resize=550%2C826\" alt=\"Minas Trend :: Patricia Motta primavera-ver\u00e3o 2015\/16 \" width=\"550\" height=\"826\" srcset=\"https:\/\/i0.wp.com\/agrund.com\/wp-content\/uploads\/sites\/6\/2015\/04\/Patricia-Motta-8.jpg?w=799&amp;ssl=1 799w, https:\/\/i0.wp.com\/agrund.com\/wp-content\/uploads\/sites\/6\/2015\/04\/Patricia-Motta-8.jpg?resize=200%2C300&amp;ssl=1 200w, https:\/\/i0.wp.com\/agrund.com\/wp-content\/uploads\/sites\/6\/2015\/04\/Patricia-Motta-8.jpg?resize=682%2C1024&amp;ssl=1 682w\" sizes=\"(max-width: 550px) 100vw, 550px\" data-recalc-dims=\"1\" \/><\/a><p id=\"caption-attachment-126538\" class=\"wp-caption-text\">Minas Trend :: Patricia Motta primavera-ver\u00e3o 2015\/16<\/p><\/div>\n<div id=\"attachment_126539\" style=\"width: 560px\" class=\"wp-caption aligncenter\"><a href=\"https:\/\/i0.wp.com\/www.agrund.com\/wp-content\/uploads\/sites\/6\/2015\/04\/Patricia-Motta-9.jpg\"><img aria-describedby=\"caption-attachment-126539\" data-attachment-id=\"126539\" data-permalink=\"https:\/\/agrund.com\/index.php\/minas-trend-patricia-motta-primavera-verao-201516\/patricia-motta-9\/\" data-orig-file=\"https:\/\/i0.wp.com\/agrund.com\/wp-content\/uploads\/sites\/6\/2015\/04\/Patricia-Motta-9.jpg?fit=799%2C1200&amp;ssl=1\" data-orig-size=\"799,1200\" data-comments-opened=\"1\" data-image-meta=\"{&quot;aperture&quot;:&quot;0&quot;,&quot;credit&quot;:&quot;Ze Takahashi\\\/FOTOSITE&quot;,&quot;camera&quot;:&quot;&quot;,&quot;caption&quot;:&quot;Patricia Motta\\n\\nMinas Trend - Verao 2016 \\n\\nFoto : Ze Takahashi\\\/ FOTOSITE&quot;,&quot;created_timestamp&quot;:&quot;0&quot;,&quot;copyright&quot;:&quot;FOTOSITE&quot;,&quot;focal_length&quot;:&quot;0&quot;,&quot;iso&quot;:&quot;0&quot;,&quot;shutter_speed&quot;:&quot;0&quot;,&quot;title&quot;:&quot;Patricia Motta&quot;,&quot;orientation&quot;:&quot;0&quot;}\" data-image-title=\"Minas Trend :: Patricia Motta primavera-ver\u00e3o 2015\/16\" data-image-description=\"&lt;p&gt;Patricia Motta&lt;\/p&gt;\n&lt;p&gt;Minas Trend &#8211; Verao 2016 &lt;\/p&gt;\n&lt;p&gt;Foto : Ze Takahashi\/ FOTOSITE&lt;\/p&gt;\n\" data-image-caption=\"&lt;p&gt;Minas Trend :: Patricia Motta primavera-ver\u00e3o 2015\/16 &lt;\/p&gt;\n\" data-medium-file=\"https:\/\/i0.wp.com\/agrund.com\/wp-content\/uploads\/sites\/6\/2015\/04\/Patricia-Motta-9.jpg?fit=200%2C300&amp;ssl=1\" data-large-file=\"https:\/\/i0.wp.com\/agrund.com\/wp-content\/uploads\/sites\/6\/2015\/04\/Patricia-Motta-9.jpg?fit=682%2C1024&amp;ssl=1\" decoding=\"async\" loading=\"lazy\" class=\"wp-image-126539\" src=\"https:\/\/i0.wp.com\/www.agrund.com\/wp-content\/uploads\/sites\/6\/2015\/04\/Patricia-Motta-9.jpg?resize=550%2C826\" alt=\"Minas Trend :: Patricia Motta primavera-ver\u00e3o 2015\/16 \" width=\"550\" height=\"826\" srcset=\"https:\/\/i0.wp.com\/agrund.com\/wp-content\/uploads\/sites\/6\/2015\/04\/Patricia-Motta-9.jpg?w=799&amp;ssl=1 799w, https:\/\/i0.wp.com\/agrund.com\/wp-content\/uploads\/sites\/6\/2015\/04\/Patricia-Motta-9.jpg?resize=200%2C300&amp;ssl=1 200w, https:\/\/i0.wp.com\/agrund.com\/wp-content\/uploads\/sites\/6\/2015\/04\/Patricia-Motta-9.jpg?resize=682%2C1024&amp;ssl=1 682w\" sizes=\"(max-width: 550px) 100vw, 550px\" data-recalc-dims=\"1\" \/><\/a><p id=\"caption-attachment-126539\" class=\"wp-caption-text\">Minas Trend :: Patricia Motta primavera-ver\u00e3o 2015\/16<\/p><\/div>\n<div id=\"attachment_126540\" style=\"width: 560px\" class=\"wp-caption aligncenter\"><a href=\"https:\/\/i0.wp.com\/www.agrund.com\/wp-content\/uploads\/sites\/6\/2015\/04\/Patricia-Motta-10.jpg\"><img aria-describedby=\"caption-attachment-126540\" data-attachment-id=\"126540\" data-permalink=\"https:\/\/agrund.com\/index.php\/minas-trend-patricia-motta-primavera-verao-201516\/patricia-motta-10\/\" data-orig-file=\"https:\/\/i0.wp.com\/agrund.com\/wp-content\/uploads\/sites\/6\/2015\/04\/Patricia-Motta-10.jpg?fit=799%2C1200&amp;ssl=1\" data-orig-size=\"799,1200\" data-comments-opened=\"1\" data-image-meta=\"{&quot;aperture&quot;:&quot;0&quot;,&quot;credit&quot;:&quot;Ze Takahashi\\\/FOTOSITE&quot;,&quot;camera&quot;:&quot;&quot;,&quot;caption&quot;:&quot;Patricia Motta\\n\\nMinas Trend - Verao 2016 \\n\\nFoto : Ze Takahashi\\\/ FOTOSITE&quot;,&quot;created_timestamp&quot;:&quot;0&quot;,&quot;copyright&quot;:&quot;FOTOSITE&quot;,&quot;focal_length&quot;:&quot;0&quot;,&quot;iso&quot;:&quot;0&quot;,&quot;shutter_speed&quot;:&quot;0&quot;,&quot;title&quot;:&quot;Patricia Motta&quot;,&quot;orientation&quot;:&quot;0&quot;}\" data-image-title=\"Minas Trend :: Patricia Motta primavera-ver\u00e3o 2015\/16\" data-image-description=\"&lt;p&gt;Patricia Motta&lt;\/p&gt;\n&lt;p&gt;Minas Trend &#8211; Verao 2016 &lt;\/p&gt;\n&lt;p&gt;Foto : Ze Takahashi\/ FOTOSITE&lt;\/p&gt;\n\" data-image-caption=\"&lt;p&gt;Minas Trend :: Patricia Motta primavera-ver\u00e3o 2015\/16 &lt;\/p&gt;\n\" data-medium-file=\"https:\/\/i0.wp.com\/agrund.com\/wp-content\/uploads\/sites\/6\/2015\/04\/Patricia-Motta-10.jpg?fit=200%2C300&amp;ssl=1\" data-large-file=\"https:\/\/i0.wp.com\/agrund.com\/wp-content\/uploads\/sites\/6\/2015\/04\/Patricia-Motta-10.jpg?fit=682%2C1024&amp;ssl=1\" decoding=\"async\" loading=\"lazy\" class=\"wp-image-126540\" src=\"https:\/\/i0.wp.com\/www.agrund.com\/wp-content\/uploads\/sites\/6\/2015\/04\/Patricia-Motta-10.jpg?resize=550%2C826\" alt=\"Minas Trend :: Patricia Motta primavera-ver\u00e3o 2015\/16 \" width=\"550\" height=\"826\" srcset=\"https:\/\/i0.wp.com\/agrund.com\/wp-content\/uploads\/sites\/6\/2015\/04\/Patricia-Motta-10.jpg?w=799&amp;ssl=1 799w, https:\/\/i0.wp.com\/agrund.com\/wp-content\/uploads\/sites\/6\/2015\/04\/Patricia-Motta-10.jpg?resize=200%2C300&amp;ssl=1 200w, https:\/\/i0.wp.com\/agrund.com\/wp-content\/uploads\/sites\/6\/2015\/04\/Patricia-Motta-10.jpg?resize=682%2C1024&amp;ssl=1 682w\" sizes=\"(max-width: 550px) 100vw, 550px\" data-recalc-dims=\"1\" \/><\/a><p id=\"caption-attachment-126540\" class=\"wp-caption-text\">Minas Trend :: Patricia Motta primavera-ver\u00e3o 2015\/16<\/p><\/div>\n<div id=\"attachment_126541\" style=\"width: 560px\" class=\"wp-caption aligncenter\"><a href=\"https:\/\/i0.wp.com\/www.agrund.com\/wp-content\/uploads\/sites\/6\/2015\/04\/Patricia-Motta-11.jpg\"><img aria-describedby=\"caption-attachment-126541\" data-attachment-id=\"126541\" data-permalink=\"https:\/\/agrund.com\/index.php\/minas-trend-patricia-motta-primavera-verao-201516\/patricia-motta-11\/\" data-orig-file=\"https:\/\/i0.wp.com\/agrund.com\/wp-content\/uploads\/sites\/6\/2015\/04\/Patricia-Motta-11.jpg?fit=799%2C1200&amp;ssl=1\" data-orig-size=\"799,1200\" data-comments-opened=\"1\" data-image-meta=\"{&quot;aperture&quot;:&quot;0&quot;,&quot;credit&quot;:&quot;Ze Takahashi\\\/FOTOSITE&quot;,&quot;camera&quot;:&quot;&quot;,&quot;caption&quot;:&quot;Patricia Motta\\n\\nMinas Trend - Verao 2016 \\n\\nFoto : Ze Takahashi\\\/ FOTOSITE&quot;,&quot;created_timestamp&quot;:&quot;0&quot;,&quot;copyright&quot;:&quot;FOTOSITE&quot;,&quot;focal_length&quot;:&quot;0&quot;,&quot;iso&quot;:&quot;0&quot;,&quot;shutter_speed&quot;:&quot;0&quot;,&quot;title&quot;:&quot;Patricia Motta&quot;,&quot;orientation&quot;:&quot;0&quot;}\" data-image-title=\"Minas Trend :: Patricia Motta primavera-ver\u00e3o 2015\/16\" data-image-description=\"&lt;p&gt;Patricia Motta&lt;\/p&gt;\n&lt;p&gt;Minas Trend &#8211; Verao 2016 &lt;\/p&gt;\n&lt;p&gt;Foto : Ze Takahashi\/ FOTOSITE&lt;\/p&gt;\n\" data-image-caption=\"&lt;p&gt;Minas Trend :: Patricia Motta primavera-ver\u00e3o 2015\/16 &lt;\/p&gt;\n\" data-medium-file=\"https:\/\/i0.wp.com\/agrund.com\/wp-content\/uploads\/sites\/6\/2015\/04\/Patricia-Motta-11.jpg?fit=200%2C300&amp;ssl=1\" data-large-file=\"https:\/\/i0.wp.com\/agrund.com\/wp-content\/uploads\/sites\/6\/2015\/04\/Patricia-Motta-11.jpg?fit=682%2C1024&amp;ssl=1\" decoding=\"async\" loading=\"lazy\" class=\"wp-image-126541\" src=\"https:\/\/i0.wp.com\/www.agrund.com\/wp-content\/uploads\/sites\/6\/2015\/04\/Patricia-Motta-11.jpg?resize=550%2C826\" alt=\"Minas Trend :: Patricia Motta primavera-ver\u00e3o 2015\/16 \" width=\"550\" height=\"826\" srcset=\"https:\/\/i0.wp.com\/agrund.com\/wp-content\/uploads\/sites\/6\/2015\/04\/Patricia-Motta-11.jpg?w=799&amp;ssl=1 799w, https:\/\/i0.wp.com\/agrund.com\/wp-content\/uploads\/sites\/6\/2015\/04\/Patricia-Motta-11.jpg?resize=200%2C300&amp;ssl=1 200w, https:\/\/i0.wp.com\/agrund.com\/wp-content\/uploads\/sites\/6\/2015\/04\/Patricia-Motta-11.jpg?resize=682%2C1024&amp;ssl=1 682w\" sizes=\"(max-width: 550px) 100vw, 550px\" data-recalc-dims=\"1\" \/><\/a><p id=\"caption-attachment-126541\" class=\"wp-caption-text\">Minas Trend :: Patricia Motta primavera-ver\u00e3o 2015\/16<\/p><\/div>\n<p>Imagens: Divulga\u00e7\u00e3o\/Ag\u00eancia Fotosite.<\/p>\n","protected":false},"excerpt":{"rendered":"<p>Patricia Motta leva novamente sua experi\u00eancia com o couro para o Minas Trend \u2013 e claro, novamente surpreende pela delicadeza e inova\u00e7\u00e3o no trabalho com a mat\u00e9ria-prima. Dessa vez inspirada pela alegria (mais precisamente no vers\u00edculo b\u00edblico &#8220;A alegria do senhor \u00e9 nossa for\u00e7a&#8221;), a estilista transformou suas modelos em princesas delicadas e rom\u00e2nticas, muito [&hellip;]<\/p>\n","protected":false},"author":8,"featured_media":126542,"comment_status":"open","ping_status":"open","sticky":false,"template":"","format":"standard","meta":{"jetpack_post_was_ever_published":false,"_jetpack_newsletter_access":"","jetpack_publicize_message":"Inspirada na alegria, Patricia Motta mostrou sua especialidade e talento com o couro em um desfile no Minas Trend: http:\/\/wp.me\/p3Hz0n-wUO","jetpack_is_tweetstorm":false,"jetpack_publicize_feature_enabled":true,"jetpack_social_post_already_shared":true,"jetpack_social_options":{"image_generator_settings":{"template":"highway","enabled":false}}},"categories":[9],"tags":[],"jetpack_publicize_connections":[],"jetpack_featured_media_url":"https:\/\/i0.wp.com\/agrund.com\/wp-content\/uploads\/sites\/6\/2015\/04\/slidepatr.jpg?fit=960%2C300&ssl=1","jetpack_sharing_enabled":true,"jetpack_shortlink":"https:\/\/wp.me\/p3Hz0n-wUO","jetpack_likes_enabled":true,"_links":{"self":[{"href":"https:\/\/agrund.com\/index.php\/wp-json\/wp\/v2\/posts\/126530"}],"collection":[{"href":"https:\/\/agrund.com\/index.php\/wp-json\/wp\/v2\/posts"}],"about":[{"href":"https:\/\/agrund.com\/index.php\/wp-json\/wp\/v2\/types\/post"}],"author":[{"embeddable":true,"href":"https:\/\/agrund.com\/index.php\/wp-json\/wp\/v2\/users\/8"}],"replies":[{"embeddable":true,"href":"https:\/\/agrund.com\/index.php\/wp-json\/wp\/v2\/comments?post=126530"}],"version-history":[{"count":0,"href":"https:\/\/agrund.com\/index.php\/wp-json\/wp\/v2\/posts\/126530\/revisions"}],"wp:featuredmedia":[{"embeddable":true,"href":"https:\/\/agrund.com\/index.php\/wp-json\/wp\/v2\/media\/126542"}],"wp:attachment":[{"href":"https:\/\/agrund.com\/index.php\/wp-json\/wp\/v2\/media?parent=126530"}],"wp:term":[{"taxonomy":"category","embeddable":true,"href":"https:\/\/agrund.com\/index.php\/wp-json\/wp\/v2\/categories?post=126530"},{"taxonomy":"post_tag","embeddable":true,"href":"https:\/\/agrund.com\/index.php\/wp-json\/wp\/v2\/tags?post=126530"}],"curies":[{"name":"wp","href":"https:\/\/api.w.org\/{rel}","templated":true}]}}