{"id":126473,"date":"2015-04-08T10:00:08","date_gmt":"2015-04-08T13:00:08","guid":{"rendered":"http:\/\/www.agrund.com\/?p=126473"},"modified":"2015-04-08T10:01:38","modified_gmt":"2015-04-08T13:01:38","slug":"minas-trend-madreperola-primavera-verao-201516","status":"publish","type":"post","link":"https:\/\/agrund.com\/index.php\/minas-trend-madreperola-primavera-verao-201516\/","title":{"rendered":"Minas Trend :: Madrep\u00e9rola primavera-ver\u00e3o 2015\/16"},"content":{"rendered":"<p>O clima po\u00e9tico da primavera-ver\u00e3o 2015\/16 da Madrep\u00e9rola j\u00e1 era anunciado pela trilha \u2013 um quarteto de cordas e sopro tocando ao vivo no fundo da passarela. Mas a &#8220;poesia&#8221; em si vai muito al\u00e9m das roupas apresentadas no Minas Trend: a equipe de estilo da marca explicou que a inspira\u00e7\u00e3o para a temporada veio do processo criativo de um artista, indo do quadro em branco (da\u00ed as tramas quadriculadas que lembram as tramas do tecido das telas), at\u00e9 os looks cinza em refer\u00eancia aos esbo\u00e7os de desenhos em carv\u00e3o e as pe\u00e7as em vermelho que v\u00eam como um tra\u00e7o de cor no conjunto final da obra.<\/p>\n<p>E por mais que o resultado seja lindo de ver com direito a muitas refer\u00eancias ao guarda-roupa masculino, a riqueza da marca se sobrep\u00f5e ao visual das roupas e aparece mesmo no trabalho com os tecidos, como aconteceu com os delicados gazar e crepe de seda que demoram muito mais para ficarem prontos do que a pr\u00f3pria modelagem das roupas.<\/p>\n<div id=\"attachment_126474\" style=\"width: 560px\" class=\"wp-caption aligncenter\"><a href=\"https:\/\/i0.wp.com\/www.agrund.com\/wp-content\/uploads\/sites\/6\/2015\/04\/Madrep\u00e9rola-1.jpg\"><img aria-describedby=\"caption-attachment-126474\" data-attachment-id=\"126474\" data-permalink=\"https:\/\/agrund.com\/index.php\/minas-trend-madreperola-primavera-verao-201516\/madreperola-1\/\" data-orig-file=\"https:\/\/i0.wp.com\/agrund.com\/wp-content\/uploads\/sites\/6\/2015\/04\/Madrep\u00e9rola-1.jpg?fit=799%2C1200&amp;ssl=1\" data-orig-size=\"799,1200\" data-comments-opened=\"1\" data-image-meta=\"{&quot;aperture&quot;:&quot;0&quot;,&quot;credit&quot;:&quot;&quot;,&quot;camera&quot;:&quot;&quot;,&quot;caption&quot;:&quot;&quot;,&quot;created_timestamp&quot;:&quot;0&quot;,&quot;copyright&quot;:&quot;&quot;,&quot;focal_length&quot;:&quot;0&quot;,&quot;iso&quot;:&quot;0&quot;,&quot;shutter_speed&quot;:&quot;0&quot;,&quot;title&quot;:&quot;&quot;,&quot;orientation&quot;:&quot;0&quot;}\" data-image-title=\"Minas Trend :: Madrep\u00e9rola primavera-ver\u00e3o 2015\/16\" data-image-description=\"\" data-image-caption=\"&lt;p&gt;Minas Trend :: Madrep\u00e9rola primavera-ver\u00e3o 2015\/16 &lt;\/p&gt;\n\" data-medium-file=\"https:\/\/i0.wp.com\/agrund.com\/wp-content\/uploads\/sites\/6\/2015\/04\/Madrep\u00e9rola-1.jpg?fit=200%2C300&amp;ssl=1\" data-large-file=\"https:\/\/i0.wp.com\/agrund.com\/wp-content\/uploads\/sites\/6\/2015\/04\/Madrep\u00e9rola-1.jpg?fit=682%2C1024&amp;ssl=1\" decoding=\"async\" loading=\"lazy\" class=\"wp-image-126474\" src=\"https:\/\/i0.wp.com\/www.agrund.com\/wp-content\/uploads\/sites\/6\/2015\/04\/Madrep\u00e9rola-1.jpg?resize=550%2C826\" alt=\"Minas Trend :: Madrep\u00e9rola primavera-ver\u00e3o 2015\/16 \" width=\"550\" height=\"826\" srcset=\"https:\/\/i0.wp.com\/agrund.com\/wp-content\/uploads\/sites\/6\/2015\/04\/Madrep\u00e9rola-1.jpg?w=799&amp;ssl=1 799w, https:\/\/i0.wp.com\/agrund.com\/wp-content\/uploads\/sites\/6\/2015\/04\/Madrep\u00e9rola-1.jpg?resize=200%2C300&amp;ssl=1 200w, https:\/\/i0.wp.com\/agrund.com\/wp-content\/uploads\/sites\/6\/2015\/04\/Madrep\u00e9rola-1.jpg?resize=682%2C1024&amp;ssl=1 682w\" sizes=\"(max-width: 550px) 100vw, 550px\" data-recalc-dims=\"1\" \/><\/a><p id=\"caption-attachment-126474\" class=\"wp-caption-text\">Minas Trend :: Madrep\u00e9rola primavera-ver\u00e3o 2015\/16<\/p><\/div>\n<div id=\"attachment_126475\" style=\"width: 560px\" class=\"wp-caption aligncenter\"><a href=\"https:\/\/i0.wp.com\/www.agrund.com\/wp-content\/uploads\/sites\/6\/2015\/04\/Madrep\u00e9rola-2.jpg\"><img aria-describedby=\"caption-attachment-126475\" data-attachment-id=\"126475\" data-permalink=\"https:\/\/agrund.com\/index.php\/minas-trend-madreperola-primavera-verao-201516\/madreperola-2\/\" data-orig-file=\"https:\/\/i0.wp.com\/agrund.com\/wp-content\/uploads\/sites\/6\/2015\/04\/Madrep\u00e9rola-2.jpg?fit=799%2C1200&amp;ssl=1\" data-orig-size=\"799,1200\" data-comments-opened=\"1\" data-image-meta=\"{&quot;aperture&quot;:&quot;0&quot;,&quot;credit&quot;:&quot;&quot;,&quot;camera&quot;:&quot;&quot;,&quot;caption&quot;:&quot;&quot;,&quot;created_timestamp&quot;:&quot;0&quot;,&quot;copyright&quot;:&quot;&quot;,&quot;focal_length&quot;:&quot;0&quot;,&quot;iso&quot;:&quot;0&quot;,&quot;shutter_speed&quot;:&quot;0&quot;,&quot;title&quot;:&quot;&quot;,&quot;orientation&quot;:&quot;0&quot;}\" data-image-title=\"Minas Trend :: Madrep\u00e9rola primavera-ver\u00e3o 2015\/16\" data-image-description=\"\" data-image-caption=\"&lt;p&gt;Minas Trend :: Madrep\u00e9rola primavera-ver\u00e3o 2015\/16 &lt;\/p&gt;\n\" data-medium-file=\"https:\/\/i0.wp.com\/agrund.com\/wp-content\/uploads\/sites\/6\/2015\/04\/Madrep\u00e9rola-2.jpg?fit=200%2C300&amp;ssl=1\" data-large-file=\"https:\/\/i0.wp.com\/agrund.com\/wp-content\/uploads\/sites\/6\/2015\/04\/Madrep\u00e9rola-2.jpg?fit=682%2C1024&amp;ssl=1\" decoding=\"async\" loading=\"lazy\" class=\"wp-image-126475\" src=\"https:\/\/i0.wp.com\/www.agrund.com\/wp-content\/uploads\/sites\/6\/2015\/04\/Madrep\u00e9rola-2.jpg?resize=550%2C826\" alt=\"Minas Trend :: Madrep\u00e9rola primavera-ver\u00e3o 2015\/16 \" width=\"550\" height=\"826\" srcset=\"https:\/\/i0.wp.com\/agrund.com\/wp-content\/uploads\/sites\/6\/2015\/04\/Madrep\u00e9rola-2.jpg?w=799&amp;ssl=1 799w, https:\/\/i0.wp.com\/agrund.com\/wp-content\/uploads\/sites\/6\/2015\/04\/Madrep\u00e9rola-2.jpg?resize=200%2C300&amp;ssl=1 200w, https:\/\/i0.wp.com\/agrund.com\/wp-content\/uploads\/sites\/6\/2015\/04\/Madrep\u00e9rola-2.jpg?resize=682%2C1024&amp;ssl=1 682w\" sizes=\"(max-width: 550px) 100vw, 550px\" data-recalc-dims=\"1\" \/><\/a><p id=\"caption-attachment-126475\" class=\"wp-caption-text\">Minas Trend :: Madrep\u00e9rola primavera-ver\u00e3o 2015\/16<\/p><\/div>\n<div id=\"attachment_126476\" style=\"width: 560px\" class=\"wp-caption aligncenter\"><a href=\"https:\/\/i0.wp.com\/www.agrund.com\/wp-content\/uploads\/sites\/6\/2015\/04\/Madrep\u00e9rola-3.jpg\"><img aria-describedby=\"caption-attachment-126476\" data-attachment-id=\"126476\" data-permalink=\"https:\/\/agrund.com\/index.php\/minas-trend-madreperola-primavera-verao-201516\/madreperola-3\/\" data-orig-file=\"https:\/\/i0.wp.com\/agrund.com\/wp-content\/uploads\/sites\/6\/2015\/04\/Madrep\u00e9rola-3.jpg?fit=799%2C1200&amp;ssl=1\" data-orig-size=\"799,1200\" data-comments-opened=\"1\" data-image-meta=\"{&quot;aperture&quot;:&quot;0&quot;,&quot;credit&quot;:&quot;&quot;,&quot;camera&quot;:&quot;&quot;,&quot;caption&quot;:&quot;&quot;,&quot;created_timestamp&quot;:&quot;0&quot;,&quot;copyright&quot;:&quot;&quot;,&quot;focal_length&quot;:&quot;0&quot;,&quot;iso&quot;:&quot;0&quot;,&quot;shutter_speed&quot;:&quot;0&quot;,&quot;title&quot;:&quot;&quot;,&quot;orientation&quot;:&quot;0&quot;}\" data-image-title=\"Minas Trend :: Madrep\u00e9rola primavera-ver\u00e3o 2015\/16\" data-image-description=\"\" data-image-caption=\"&lt;p&gt;Minas Trend :: Madrep\u00e9rola primavera-ver\u00e3o 2015\/16 &lt;\/p&gt;\n\" data-medium-file=\"https:\/\/i0.wp.com\/agrund.com\/wp-content\/uploads\/sites\/6\/2015\/04\/Madrep\u00e9rola-3.jpg?fit=200%2C300&amp;ssl=1\" data-large-file=\"https:\/\/i0.wp.com\/agrund.com\/wp-content\/uploads\/sites\/6\/2015\/04\/Madrep\u00e9rola-3.jpg?fit=682%2C1024&amp;ssl=1\" decoding=\"async\" loading=\"lazy\" class=\"wp-image-126476\" src=\"https:\/\/i0.wp.com\/www.agrund.com\/wp-content\/uploads\/sites\/6\/2015\/04\/Madrep\u00e9rola-3.jpg?resize=550%2C826\" alt=\"Minas Trend :: Madrep\u00e9rola primavera-ver\u00e3o 2015\/16 \" width=\"550\" height=\"826\" srcset=\"https:\/\/i0.wp.com\/agrund.com\/wp-content\/uploads\/sites\/6\/2015\/04\/Madrep\u00e9rola-3.jpg?w=799&amp;ssl=1 799w, https:\/\/i0.wp.com\/agrund.com\/wp-content\/uploads\/sites\/6\/2015\/04\/Madrep\u00e9rola-3.jpg?resize=200%2C300&amp;ssl=1 200w, https:\/\/i0.wp.com\/agrund.com\/wp-content\/uploads\/sites\/6\/2015\/04\/Madrep\u00e9rola-3.jpg?resize=682%2C1024&amp;ssl=1 682w\" sizes=\"(max-width: 550px) 100vw, 550px\" data-recalc-dims=\"1\" \/><\/a><p id=\"caption-attachment-126476\" class=\"wp-caption-text\">Minas Trend :: Madrep\u00e9rola primavera-ver\u00e3o 2015\/16<\/p><\/div>\n<div id=\"attachment_126477\" style=\"width: 560px\" class=\"wp-caption aligncenter\"><a href=\"https:\/\/i0.wp.com\/www.agrund.com\/wp-content\/uploads\/sites\/6\/2015\/04\/Madrep\u00e9rola-4.jpg\"><img aria-describedby=\"caption-attachment-126477\" data-attachment-id=\"126477\" data-permalink=\"https:\/\/agrund.com\/index.php\/minas-trend-madreperola-primavera-verao-201516\/madreperola-4\/\" data-orig-file=\"https:\/\/i0.wp.com\/agrund.com\/wp-content\/uploads\/sites\/6\/2015\/04\/Madrep\u00e9rola-4.jpg?fit=799%2C1200&amp;ssl=1\" data-orig-size=\"799,1200\" data-comments-opened=\"1\" data-image-meta=\"{&quot;aperture&quot;:&quot;0&quot;,&quot;credit&quot;:&quot;&quot;,&quot;camera&quot;:&quot;&quot;,&quot;caption&quot;:&quot;&quot;,&quot;created_timestamp&quot;:&quot;0&quot;,&quot;copyright&quot;:&quot;&quot;,&quot;focal_length&quot;:&quot;0&quot;,&quot;iso&quot;:&quot;0&quot;,&quot;shutter_speed&quot;:&quot;0&quot;,&quot;title&quot;:&quot;&quot;,&quot;orientation&quot;:&quot;0&quot;}\" data-image-title=\"Minas Trend :: Madrep\u00e9rola primavera-ver\u00e3o 2015\/16\" data-image-description=\"\" data-image-caption=\"&lt;p&gt;Minas Trend :: Madrep\u00e9rola primavera-ver\u00e3o 2015\/16 &lt;\/p&gt;\n\" data-medium-file=\"https:\/\/i0.wp.com\/agrund.com\/wp-content\/uploads\/sites\/6\/2015\/04\/Madrep\u00e9rola-4.jpg?fit=200%2C300&amp;ssl=1\" data-large-file=\"https:\/\/i0.wp.com\/agrund.com\/wp-content\/uploads\/sites\/6\/2015\/04\/Madrep\u00e9rola-4.jpg?fit=682%2C1024&amp;ssl=1\" decoding=\"async\" loading=\"lazy\" class=\"wp-image-126477\" src=\"https:\/\/i0.wp.com\/www.agrund.com\/wp-content\/uploads\/sites\/6\/2015\/04\/Madrep\u00e9rola-4.jpg?resize=550%2C826\" alt=\"Minas Trend :: Madrep\u00e9rola primavera-ver\u00e3o 2015\/16 \" width=\"550\" height=\"826\" srcset=\"https:\/\/i0.wp.com\/agrund.com\/wp-content\/uploads\/sites\/6\/2015\/04\/Madrep\u00e9rola-4.jpg?w=799&amp;ssl=1 799w, https:\/\/i0.wp.com\/agrund.com\/wp-content\/uploads\/sites\/6\/2015\/04\/Madrep\u00e9rola-4.jpg?resize=200%2C300&amp;ssl=1 200w, https:\/\/i0.wp.com\/agrund.com\/wp-content\/uploads\/sites\/6\/2015\/04\/Madrep\u00e9rola-4.jpg?resize=682%2C1024&amp;ssl=1 682w\" sizes=\"(max-width: 550px) 100vw, 550px\" data-recalc-dims=\"1\" \/><\/a><p id=\"caption-attachment-126477\" class=\"wp-caption-text\">Minas Trend :: Madrep\u00e9rola primavera-ver\u00e3o 2015\/16<\/p><\/div>\n<div id=\"attachment_126478\" style=\"width: 560px\" class=\"wp-caption aligncenter\"><a href=\"https:\/\/i0.wp.com\/www.agrund.com\/wp-content\/uploads\/sites\/6\/2015\/04\/Madrep\u00e9rola-5.jpg\"><img aria-describedby=\"caption-attachment-126478\" data-attachment-id=\"126478\" data-permalink=\"https:\/\/agrund.com\/index.php\/minas-trend-madreperola-primavera-verao-201516\/madreperola-5\/\" data-orig-file=\"https:\/\/i0.wp.com\/agrund.com\/wp-content\/uploads\/sites\/6\/2015\/04\/Madrep\u00e9rola-5.jpg?fit=799%2C1200&amp;ssl=1\" data-orig-size=\"799,1200\" data-comments-opened=\"1\" data-image-meta=\"{&quot;aperture&quot;:&quot;0&quot;,&quot;credit&quot;:&quot;&quot;,&quot;camera&quot;:&quot;&quot;,&quot;caption&quot;:&quot;&quot;,&quot;created_timestamp&quot;:&quot;0&quot;,&quot;copyright&quot;:&quot;&quot;,&quot;focal_length&quot;:&quot;0&quot;,&quot;iso&quot;:&quot;0&quot;,&quot;shutter_speed&quot;:&quot;0&quot;,&quot;title&quot;:&quot;&quot;,&quot;orientation&quot;:&quot;0&quot;}\" data-image-title=\"Minas Trend :: Madrep\u00e9rola primavera-ver\u00e3o 2015\/16\" data-image-description=\"\" data-image-caption=\"&lt;p&gt;Minas Trend :: Madrep\u00e9rola primavera-ver\u00e3o 2015\/16 &lt;\/p&gt;\n\" data-medium-file=\"https:\/\/i0.wp.com\/agrund.com\/wp-content\/uploads\/sites\/6\/2015\/04\/Madrep\u00e9rola-5.jpg?fit=200%2C300&amp;ssl=1\" data-large-file=\"https:\/\/i0.wp.com\/agrund.com\/wp-content\/uploads\/sites\/6\/2015\/04\/Madrep\u00e9rola-5.jpg?fit=682%2C1024&amp;ssl=1\" decoding=\"async\" loading=\"lazy\" class=\"wp-image-126478\" src=\"https:\/\/i0.wp.com\/www.agrund.com\/wp-content\/uploads\/sites\/6\/2015\/04\/Madrep\u00e9rola-5.jpg?resize=550%2C826\" alt=\"Minas Trend :: Madrep\u00e9rola primavera-ver\u00e3o 2015\/16 \" width=\"550\" height=\"826\" srcset=\"https:\/\/i0.wp.com\/agrund.com\/wp-content\/uploads\/sites\/6\/2015\/04\/Madrep\u00e9rola-5.jpg?w=799&amp;ssl=1 799w, https:\/\/i0.wp.com\/agrund.com\/wp-content\/uploads\/sites\/6\/2015\/04\/Madrep\u00e9rola-5.jpg?resize=200%2C300&amp;ssl=1 200w, https:\/\/i0.wp.com\/agrund.com\/wp-content\/uploads\/sites\/6\/2015\/04\/Madrep\u00e9rola-5.jpg?resize=682%2C1024&amp;ssl=1 682w\" sizes=\"(max-width: 550px) 100vw, 550px\" data-recalc-dims=\"1\" \/><\/a><p id=\"caption-attachment-126478\" class=\"wp-caption-text\">Minas Trend :: Madrep\u00e9rola primavera-ver\u00e3o 2015\/16<\/p><\/div>\n<div id=\"attachment_126479\" style=\"width: 560px\" class=\"wp-caption aligncenter\"><a href=\"https:\/\/i0.wp.com\/www.agrund.com\/wp-content\/uploads\/sites\/6\/2015\/04\/Madrep\u00e9rola-6.jpg\"><img aria-describedby=\"caption-attachment-126479\" data-attachment-id=\"126479\" data-permalink=\"https:\/\/agrund.com\/index.php\/minas-trend-madreperola-primavera-verao-201516\/madreperola\/\" data-orig-file=\"https:\/\/i0.wp.com\/agrund.com\/wp-content\/uploads\/sites\/6\/2015\/04\/Madrep\u00e9rola-6.jpg?fit=799%2C1200&amp;ssl=1\" data-orig-size=\"799,1200\" data-comments-opened=\"1\" data-image-meta=\"{&quot;aperture&quot;:&quot;0&quot;,&quot;credit&quot;:&quot;Ze Takahashi\\\/FOTOSITE&quot;,&quot;camera&quot;:&quot;&quot;,&quot;caption&quot;:&quot;Madreperola\\n\\nMinas Trend - Verao 2016 \\n\\nFoto : Ze Takahashi\\\/ FOTOSITE&quot;,&quot;created_timestamp&quot;:&quot;0&quot;,&quot;copyright&quot;:&quot;FOTOSITE&quot;,&quot;focal_length&quot;:&quot;0&quot;,&quot;iso&quot;:&quot;0&quot;,&quot;shutter_speed&quot;:&quot;0&quot;,&quot;title&quot;:&quot;Madreperola&quot;,&quot;orientation&quot;:&quot;0&quot;}\" data-image-title=\"Minas Trend :: Madrep\u00e9rola primavera-ver\u00e3o 2015\/16\" data-image-description=\"&lt;p&gt;Madreperola&lt;\/p&gt;\n&lt;p&gt;Minas Trend &#8211; Verao 2016 &lt;\/p&gt;\n&lt;p&gt;Foto : Ze Takahashi\/ FOTOSITE&lt;\/p&gt;\n\" data-image-caption=\"&lt;p&gt;Minas Trend :: Madrep\u00e9rola primavera-ver\u00e3o 2015\/16 &lt;\/p&gt;\n\" data-medium-file=\"https:\/\/i0.wp.com\/agrund.com\/wp-content\/uploads\/sites\/6\/2015\/04\/Madrep\u00e9rola-6.jpg?fit=200%2C300&amp;ssl=1\" data-large-file=\"https:\/\/i0.wp.com\/agrund.com\/wp-content\/uploads\/sites\/6\/2015\/04\/Madrep\u00e9rola-6.jpg?fit=682%2C1024&amp;ssl=1\" decoding=\"async\" loading=\"lazy\" class=\"wp-image-126479\" src=\"https:\/\/i0.wp.com\/www.agrund.com\/wp-content\/uploads\/sites\/6\/2015\/04\/Madrep\u00e9rola-6.jpg?resize=550%2C826\" alt=\"Minas Trend :: Madrep\u00e9rola primavera-ver\u00e3o 2015\/16 \" width=\"550\" height=\"826\" srcset=\"https:\/\/i0.wp.com\/agrund.com\/wp-content\/uploads\/sites\/6\/2015\/04\/Madrep\u00e9rola-6.jpg?w=799&amp;ssl=1 799w, https:\/\/i0.wp.com\/agrund.com\/wp-content\/uploads\/sites\/6\/2015\/04\/Madrep\u00e9rola-6.jpg?resize=200%2C300&amp;ssl=1 200w, https:\/\/i0.wp.com\/agrund.com\/wp-content\/uploads\/sites\/6\/2015\/04\/Madrep\u00e9rola-6.jpg?resize=682%2C1024&amp;ssl=1 682w\" sizes=\"(max-width: 550px) 100vw, 550px\" data-recalc-dims=\"1\" \/><\/a><p id=\"caption-attachment-126479\" class=\"wp-caption-text\">Minas Trend :: Madrep\u00e9rola primavera-ver\u00e3o 2015\/16<\/p><\/div>\n<div id=\"attachment_126480\" style=\"width: 560px\" class=\"wp-caption aligncenter\"><a href=\"https:\/\/i0.wp.com\/www.agrund.com\/wp-content\/uploads\/sites\/6\/2015\/04\/Madrep\u00e9rola-7.jpg\"><img aria-describedby=\"caption-attachment-126480\" data-attachment-id=\"126480\" data-permalink=\"https:\/\/agrund.com\/index.php\/minas-trend-madreperola-primavera-verao-201516\/madreperola-6\/\" data-orig-file=\"https:\/\/i0.wp.com\/agrund.com\/wp-content\/uploads\/sites\/6\/2015\/04\/Madrep\u00e9rola-7.jpg?fit=799%2C1200&amp;ssl=1\" data-orig-size=\"799,1200\" data-comments-opened=\"1\" data-image-meta=\"{&quot;aperture&quot;:&quot;0&quot;,&quot;credit&quot;:&quot;Ze Takahashi\\\/FOTOSITE&quot;,&quot;camera&quot;:&quot;&quot;,&quot;caption&quot;:&quot;Madreperola\\n\\nMinas Trend - Verao 2016 \\n\\nFoto : Ze Takahashi\\\/ FOTOSITE&quot;,&quot;created_timestamp&quot;:&quot;0&quot;,&quot;copyright&quot;:&quot;FOTOSITE&quot;,&quot;focal_length&quot;:&quot;0&quot;,&quot;iso&quot;:&quot;0&quot;,&quot;shutter_speed&quot;:&quot;0&quot;,&quot;title&quot;:&quot;Madreperola&quot;,&quot;orientation&quot;:&quot;0&quot;}\" data-image-title=\"Minas Trend :: Madrep\u00e9rola primavera-ver\u00e3o 2015\/16\" data-image-description=\"&lt;p&gt;Madreperola&lt;\/p&gt;\n&lt;p&gt;Minas Trend &#8211; Verao 2016 &lt;\/p&gt;\n&lt;p&gt;Foto : Ze Takahashi\/ FOTOSITE&lt;\/p&gt;\n\" data-image-caption=\"&lt;p&gt;Minas Trend :: Madrep\u00e9rola primavera-ver\u00e3o 2015\/16 &lt;\/p&gt;\n\" data-medium-file=\"https:\/\/i0.wp.com\/agrund.com\/wp-content\/uploads\/sites\/6\/2015\/04\/Madrep\u00e9rola-7.jpg?fit=200%2C300&amp;ssl=1\" data-large-file=\"https:\/\/i0.wp.com\/agrund.com\/wp-content\/uploads\/sites\/6\/2015\/04\/Madrep\u00e9rola-7.jpg?fit=682%2C1024&amp;ssl=1\" decoding=\"async\" loading=\"lazy\" class=\"wp-image-126480\" src=\"https:\/\/i0.wp.com\/www.agrund.com\/wp-content\/uploads\/sites\/6\/2015\/04\/Madrep\u00e9rola-7.jpg?resize=550%2C826\" alt=\"Minas Trend :: Madrep\u00e9rola primavera-ver\u00e3o 2015\/16 \" width=\"550\" height=\"826\" srcset=\"https:\/\/i0.wp.com\/agrund.com\/wp-content\/uploads\/sites\/6\/2015\/04\/Madrep\u00e9rola-7.jpg?w=799&amp;ssl=1 799w, https:\/\/i0.wp.com\/agrund.com\/wp-content\/uploads\/sites\/6\/2015\/04\/Madrep\u00e9rola-7.jpg?resize=200%2C300&amp;ssl=1 200w, https:\/\/i0.wp.com\/agrund.com\/wp-content\/uploads\/sites\/6\/2015\/04\/Madrep\u00e9rola-7.jpg?resize=682%2C1024&amp;ssl=1 682w\" sizes=\"(max-width: 550px) 100vw, 550px\" data-recalc-dims=\"1\" \/><\/a><p id=\"caption-attachment-126480\" class=\"wp-caption-text\">Minas Trend :: Madrep\u00e9rola primavera-ver\u00e3o 2015\/16<\/p><\/div>\n<div id=\"attachment_126481\" style=\"width: 560px\" class=\"wp-caption aligncenter\"><a href=\"https:\/\/i0.wp.com\/www.agrund.com\/wp-content\/uploads\/sites\/6\/2015\/04\/Madrep\u00e9rola-8.jpg\"><img aria-describedby=\"caption-attachment-126481\" data-attachment-id=\"126481\" data-permalink=\"https:\/\/agrund.com\/index.php\/minas-trend-madreperola-primavera-verao-201516\/madreperola-7\/\" data-orig-file=\"https:\/\/i0.wp.com\/agrund.com\/wp-content\/uploads\/sites\/6\/2015\/04\/Madrep\u00e9rola-8.jpg?fit=799%2C1200&amp;ssl=1\" data-orig-size=\"799,1200\" data-comments-opened=\"1\" data-image-meta=\"{&quot;aperture&quot;:&quot;0&quot;,&quot;credit&quot;:&quot;Ze Takahashi\\\/FOTOSITE&quot;,&quot;camera&quot;:&quot;&quot;,&quot;caption&quot;:&quot;Madreperola\\n\\nMinas Trend - Verao 2016 \\n\\nFoto : Ze Takahashi\\\/ FOTOSITE&quot;,&quot;created_timestamp&quot;:&quot;0&quot;,&quot;copyright&quot;:&quot;FOTOSITE&quot;,&quot;focal_length&quot;:&quot;0&quot;,&quot;iso&quot;:&quot;0&quot;,&quot;shutter_speed&quot;:&quot;0&quot;,&quot;title&quot;:&quot;Madreperola&quot;,&quot;orientation&quot;:&quot;0&quot;}\" data-image-title=\"Minas Trend :: Madrep\u00e9rola primavera-ver\u00e3o 2015\/16\" data-image-description=\"&lt;p&gt;Madreperola&lt;\/p&gt;\n&lt;p&gt;Minas Trend &#8211; Verao 2016 &lt;\/p&gt;\n&lt;p&gt;Foto : Ze Takahashi\/ FOTOSITE&lt;\/p&gt;\n\" data-image-caption=\"&lt;p&gt;Minas Trend :: Madrep\u00e9rola primavera-ver\u00e3o 2015\/16 &lt;\/p&gt;\n\" data-medium-file=\"https:\/\/i0.wp.com\/agrund.com\/wp-content\/uploads\/sites\/6\/2015\/04\/Madrep\u00e9rola-8.jpg?fit=200%2C300&amp;ssl=1\" data-large-file=\"https:\/\/i0.wp.com\/agrund.com\/wp-content\/uploads\/sites\/6\/2015\/04\/Madrep\u00e9rola-8.jpg?fit=682%2C1024&amp;ssl=1\" decoding=\"async\" loading=\"lazy\" class=\"wp-image-126481\" src=\"https:\/\/i0.wp.com\/www.agrund.com\/wp-content\/uploads\/sites\/6\/2015\/04\/Madrep\u00e9rola-8.jpg?resize=550%2C826\" alt=\"Minas Trend :: Madrep\u00e9rola primavera-ver\u00e3o 2015\/16 \" width=\"550\" height=\"826\" srcset=\"https:\/\/i0.wp.com\/agrund.com\/wp-content\/uploads\/sites\/6\/2015\/04\/Madrep\u00e9rola-8.jpg?w=799&amp;ssl=1 799w, https:\/\/i0.wp.com\/agrund.com\/wp-content\/uploads\/sites\/6\/2015\/04\/Madrep\u00e9rola-8.jpg?resize=200%2C300&amp;ssl=1 200w, https:\/\/i0.wp.com\/agrund.com\/wp-content\/uploads\/sites\/6\/2015\/04\/Madrep\u00e9rola-8.jpg?resize=682%2C1024&amp;ssl=1 682w\" sizes=\"(max-width: 550px) 100vw, 550px\" data-recalc-dims=\"1\" \/><\/a><p id=\"caption-attachment-126481\" class=\"wp-caption-text\">Minas Trend :: Madrep\u00e9rola primavera-ver\u00e3o 2015\/16<\/p><\/div>\n<div id=\"attachment_126482\" style=\"width: 560px\" class=\"wp-caption aligncenter\"><a href=\"https:\/\/i0.wp.com\/www.agrund.com\/wp-content\/uploads\/sites\/6\/2015\/04\/Madrep\u00e9rola-9.jpg\"><img aria-describedby=\"caption-attachment-126482\" data-attachment-id=\"126482\" data-permalink=\"https:\/\/agrund.com\/index.php\/minas-trend-madreperola-primavera-verao-201516\/madreperola-8\/\" data-orig-file=\"https:\/\/i0.wp.com\/agrund.com\/wp-content\/uploads\/sites\/6\/2015\/04\/Madrep\u00e9rola-9.jpg?fit=799%2C1200&amp;ssl=1\" data-orig-size=\"799,1200\" data-comments-opened=\"1\" data-image-meta=\"{&quot;aperture&quot;:&quot;0&quot;,&quot;credit&quot;:&quot;Ze Takahashi\\\/FOTOSITE&quot;,&quot;camera&quot;:&quot;&quot;,&quot;caption&quot;:&quot;Madreperola\\n\\nMinas Trend - Verao 2016 \\n\\nFoto : Ze Takahashi\\\/ FOTOSITE&quot;,&quot;created_timestamp&quot;:&quot;0&quot;,&quot;copyright&quot;:&quot;FOTOSITE&quot;,&quot;focal_length&quot;:&quot;0&quot;,&quot;iso&quot;:&quot;0&quot;,&quot;shutter_speed&quot;:&quot;0&quot;,&quot;title&quot;:&quot;Madreperola&quot;,&quot;orientation&quot;:&quot;0&quot;}\" data-image-title=\"Minas Trend :: Madrep\u00e9rola primavera-ver\u00e3o 2015\/16\" data-image-description=\"&lt;p&gt;Madreperola&lt;\/p&gt;\n&lt;p&gt;Minas Trend &#8211; Verao 2016 &lt;\/p&gt;\n&lt;p&gt;Foto : Ze Takahashi\/ FOTOSITE&lt;\/p&gt;\n\" data-image-caption=\"&lt;p&gt;Minas Trend :: Madrep\u00e9rola primavera-ver\u00e3o 2015\/16 &lt;\/p&gt;\n\" data-medium-file=\"https:\/\/i0.wp.com\/agrund.com\/wp-content\/uploads\/sites\/6\/2015\/04\/Madrep\u00e9rola-9.jpg?fit=200%2C300&amp;ssl=1\" data-large-file=\"https:\/\/i0.wp.com\/agrund.com\/wp-content\/uploads\/sites\/6\/2015\/04\/Madrep\u00e9rola-9.jpg?fit=682%2C1024&amp;ssl=1\" decoding=\"async\" loading=\"lazy\" class=\"wp-image-126482\" src=\"https:\/\/i0.wp.com\/www.agrund.com\/wp-content\/uploads\/sites\/6\/2015\/04\/Madrep\u00e9rola-9.jpg?resize=550%2C826\" alt=\"Minas Trend :: Madrep\u00e9rola primavera-ver\u00e3o 2015\/16 \" width=\"550\" height=\"826\" srcset=\"https:\/\/i0.wp.com\/agrund.com\/wp-content\/uploads\/sites\/6\/2015\/04\/Madrep\u00e9rola-9.jpg?w=799&amp;ssl=1 799w, https:\/\/i0.wp.com\/agrund.com\/wp-content\/uploads\/sites\/6\/2015\/04\/Madrep\u00e9rola-9.jpg?resize=200%2C300&amp;ssl=1 200w, https:\/\/i0.wp.com\/agrund.com\/wp-content\/uploads\/sites\/6\/2015\/04\/Madrep\u00e9rola-9.jpg?resize=682%2C1024&amp;ssl=1 682w\" sizes=\"(max-width: 550px) 100vw, 550px\" data-recalc-dims=\"1\" \/><\/a><p id=\"caption-attachment-126482\" class=\"wp-caption-text\">Minas Trend :: Madrep\u00e9rola primavera-ver\u00e3o 2015\/16<\/p><\/div>\n<div id=\"attachment_126483\" style=\"width: 560px\" class=\"wp-caption aligncenter\"><a href=\"https:\/\/i0.wp.com\/www.agrund.com\/wp-content\/uploads\/sites\/6\/2015\/04\/Madrep\u00e9rola-10.jpg\"><img aria-describedby=\"caption-attachment-126483\" data-attachment-id=\"126483\" data-permalink=\"https:\/\/agrund.com\/index.php\/minas-trend-madreperola-primavera-verao-201516\/madreperola-9\/\" data-orig-file=\"https:\/\/i0.wp.com\/agrund.com\/wp-content\/uploads\/sites\/6\/2015\/04\/Madrep\u00e9rola-10.jpg?fit=799%2C1200&amp;ssl=1\" data-orig-size=\"799,1200\" data-comments-opened=\"1\" data-image-meta=\"{&quot;aperture&quot;:&quot;0&quot;,&quot;credit&quot;:&quot;Ze Takahashi\\\/FOTOSITE&quot;,&quot;camera&quot;:&quot;&quot;,&quot;caption&quot;:&quot;Madreperola\\n\\nMinas Trend - Verao 2016 \\n\\nFoto : Ze Takahashi\\\/ FOTOSITE&quot;,&quot;created_timestamp&quot;:&quot;0&quot;,&quot;copyright&quot;:&quot;FOTOSITE&quot;,&quot;focal_length&quot;:&quot;0&quot;,&quot;iso&quot;:&quot;0&quot;,&quot;shutter_speed&quot;:&quot;0&quot;,&quot;title&quot;:&quot;Madreperola&quot;,&quot;orientation&quot;:&quot;0&quot;}\" data-image-title=\"Minas Trend :: Madrep\u00e9rola primavera-ver\u00e3o 2015\/16\" data-image-description=\"&lt;p&gt;Madreperola&lt;\/p&gt;\n&lt;p&gt;Minas Trend &#8211; Verao 2016 &lt;\/p&gt;\n&lt;p&gt;Foto : Ze Takahashi\/ FOTOSITE&lt;\/p&gt;\n\" data-image-caption=\"&lt;p&gt;Minas Trend :: Madrep\u00e9rola primavera-ver\u00e3o 2015\/16 &lt;\/p&gt;\n\" data-medium-file=\"https:\/\/i0.wp.com\/agrund.com\/wp-content\/uploads\/sites\/6\/2015\/04\/Madrep\u00e9rola-10.jpg?fit=200%2C300&amp;ssl=1\" data-large-file=\"https:\/\/i0.wp.com\/agrund.com\/wp-content\/uploads\/sites\/6\/2015\/04\/Madrep\u00e9rola-10.jpg?fit=682%2C1024&amp;ssl=1\" decoding=\"async\" loading=\"lazy\" class=\"wp-image-126483\" src=\"https:\/\/i0.wp.com\/www.agrund.com\/wp-content\/uploads\/sites\/6\/2015\/04\/Madrep\u00e9rola-10.jpg?resize=550%2C826\" alt=\"Minas Trend :: Madrep\u00e9rola primavera-ver\u00e3o 2015\/16 \" width=\"550\" height=\"826\" srcset=\"https:\/\/i0.wp.com\/agrund.com\/wp-content\/uploads\/sites\/6\/2015\/04\/Madrep\u00e9rola-10.jpg?w=799&amp;ssl=1 799w, https:\/\/i0.wp.com\/agrund.com\/wp-content\/uploads\/sites\/6\/2015\/04\/Madrep\u00e9rola-10.jpg?resize=200%2C300&amp;ssl=1 200w, https:\/\/i0.wp.com\/agrund.com\/wp-content\/uploads\/sites\/6\/2015\/04\/Madrep\u00e9rola-10.jpg?resize=682%2C1024&amp;ssl=1 682w\" sizes=\"(max-width: 550px) 100vw, 550px\" data-recalc-dims=\"1\" \/><\/a><p id=\"caption-attachment-126483\" class=\"wp-caption-text\">Minas Trend :: Madrep\u00e9rola primavera-ver\u00e3o 2015\/16<\/p><\/div>\n<div id=\"attachment_126484\" style=\"width: 560px\" class=\"wp-caption aligncenter\"><a href=\"https:\/\/i0.wp.com\/www.agrund.com\/wp-content\/uploads\/sites\/6\/2015\/04\/Madrep\u00e9rola-11.jpg\"><img aria-describedby=\"caption-attachment-126484\" data-attachment-id=\"126484\" data-permalink=\"https:\/\/agrund.com\/index.php\/minas-trend-madreperola-primavera-verao-201516\/madreperola-10\/\" data-orig-file=\"https:\/\/i0.wp.com\/agrund.com\/wp-content\/uploads\/sites\/6\/2015\/04\/Madrep\u00e9rola-11.jpg?fit=799%2C1200&amp;ssl=1\" data-orig-size=\"799,1200\" data-comments-opened=\"1\" data-image-meta=\"{&quot;aperture&quot;:&quot;0&quot;,&quot;credit&quot;:&quot;Ze Takahashi\\\/FOTOSITE&quot;,&quot;camera&quot;:&quot;&quot;,&quot;caption&quot;:&quot;Madreperola\\n\\nMinas Trend - Verao 2016 \\n\\nFoto : Ze Takahashi\\\/ FOTOSITE&quot;,&quot;created_timestamp&quot;:&quot;0&quot;,&quot;copyright&quot;:&quot;FOTOSITE&quot;,&quot;focal_length&quot;:&quot;0&quot;,&quot;iso&quot;:&quot;0&quot;,&quot;shutter_speed&quot;:&quot;0&quot;,&quot;title&quot;:&quot;Madreperola&quot;,&quot;orientation&quot;:&quot;0&quot;}\" data-image-title=\"Minas Trend :: Madrep\u00e9rola primavera-ver\u00e3o 2015\/16\" data-image-description=\"&lt;p&gt;Madreperola&lt;\/p&gt;\n&lt;p&gt;Minas Trend &#8211; Verao 2016 &lt;\/p&gt;\n&lt;p&gt;Foto : Ze Takahashi\/ FOTOSITE&lt;\/p&gt;\n\" data-image-caption=\"&lt;p&gt;Minas Trend :: Madrep\u00e9rola primavera-ver\u00e3o 2015\/16 &lt;\/p&gt;\n\" data-medium-file=\"https:\/\/i0.wp.com\/agrund.com\/wp-content\/uploads\/sites\/6\/2015\/04\/Madrep\u00e9rola-11.jpg?fit=200%2C300&amp;ssl=1\" data-large-file=\"https:\/\/i0.wp.com\/agrund.com\/wp-content\/uploads\/sites\/6\/2015\/04\/Madrep\u00e9rola-11.jpg?fit=682%2C1024&amp;ssl=1\" decoding=\"async\" loading=\"lazy\" class=\"wp-image-126484\" src=\"https:\/\/i0.wp.com\/www.agrund.com\/wp-content\/uploads\/sites\/6\/2015\/04\/Madrep\u00e9rola-11.jpg?resize=550%2C826\" alt=\"Minas Trend :: Madrep\u00e9rola primavera-ver\u00e3o 2015\/16 \" width=\"550\" height=\"826\" srcset=\"https:\/\/i0.wp.com\/agrund.com\/wp-content\/uploads\/sites\/6\/2015\/04\/Madrep\u00e9rola-11.jpg?w=799&amp;ssl=1 799w, https:\/\/i0.wp.com\/agrund.com\/wp-content\/uploads\/sites\/6\/2015\/04\/Madrep\u00e9rola-11.jpg?resize=200%2C300&amp;ssl=1 200w, https:\/\/i0.wp.com\/agrund.com\/wp-content\/uploads\/sites\/6\/2015\/04\/Madrep\u00e9rola-11.jpg?resize=682%2C1024&amp;ssl=1 682w\" sizes=\"(max-width: 550px) 100vw, 550px\" data-recalc-dims=\"1\" \/><\/a><p id=\"caption-attachment-126484\" class=\"wp-caption-text\">Minas Trend :: Madrep\u00e9rola primavera-ver\u00e3o 2015\/16<\/p><\/div>\n<div id=\"attachment_126485\" style=\"width: 560px\" class=\"wp-caption aligncenter\"><a href=\"https:\/\/i0.wp.com\/www.agrund.com\/wp-content\/uploads\/sites\/6\/2015\/04\/Madrep\u00e9rola-12.jpg\"><img aria-describedby=\"caption-attachment-126485\" data-attachment-id=\"126485\" data-permalink=\"https:\/\/agrund.com\/index.php\/minas-trend-madreperola-primavera-verao-201516\/madreperola-11\/\" data-orig-file=\"https:\/\/i0.wp.com\/agrund.com\/wp-content\/uploads\/sites\/6\/2015\/04\/Madrep\u00e9rola-12.jpg?fit=799%2C1200&amp;ssl=1\" data-orig-size=\"799,1200\" data-comments-opened=\"1\" data-image-meta=\"{&quot;aperture&quot;:&quot;0&quot;,&quot;credit&quot;:&quot;Ze Takahashi\\\/FOTOSITE&quot;,&quot;camera&quot;:&quot;&quot;,&quot;caption&quot;:&quot;Madreperola\\n\\nMinas Trend - Verao 2016 \\n\\nFoto : Ze Takahashi\\\/ FOTOSITE&quot;,&quot;created_timestamp&quot;:&quot;0&quot;,&quot;copyright&quot;:&quot;FOTOSITE&quot;,&quot;focal_length&quot;:&quot;0&quot;,&quot;iso&quot;:&quot;0&quot;,&quot;shutter_speed&quot;:&quot;0&quot;,&quot;title&quot;:&quot;Madreperola&quot;,&quot;orientation&quot;:&quot;0&quot;}\" data-image-title=\"Minas Trend :: Madrep\u00e9rola primavera-ver\u00e3o 2015\/16\" data-image-description=\"&lt;p&gt;Madreperola&lt;\/p&gt;\n&lt;p&gt;Minas Trend &#8211; Verao 2016 &lt;\/p&gt;\n&lt;p&gt;Foto : Ze Takahashi\/ FOTOSITE&lt;\/p&gt;\n\" data-image-caption=\"&lt;p&gt;Minas Trend :: Madrep\u00e9rola primavera-ver\u00e3o 2015\/16 &lt;\/p&gt;\n\" data-medium-file=\"https:\/\/i0.wp.com\/agrund.com\/wp-content\/uploads\/sites\/6\/2015\/04\/Madrep\u00e9rola-12.jpg?fit=200%2C300&amp;ssl=1\" data-large-file=\"https:\/\/i0.wp.com\/agrund.com\/wp-content\/uploads\/sites\/6\/2015\/04\/Madrep\u00e9rola-12.jpg?fit=682%2C1024&amp;ssl=1\" decoding=\"async\" loading=\"lazy\" class=\"wp-image-126485\" src=\"https:\/\/i0.wp.com\/www.agrund.com\/wp-content\/uploads\/sites\/6\/2015\/04\/Madrep\u00e9rola-12.jpg?resize=550%2C826\" alt=\"Minas Trend :: Madrep\u00e9rola primavera-ver\u00e3o 2015\/16 \" width=\"550\" height=\"826\" srcset=\"https:\/\/i0.wp.com\/agrund.com\/wp-content\/uploads\/sites\/6\/2015\/04\/Madrep\u00e9rola-12.jpg?w=799&amp;ssl=1 799w, https:\/\/i0.wp.com\/agrund.com\/wp-content\/uploads\/sites\/6\/2015\/04\/Madrep\u00e9rola-12.jpg?resize=200%2C300&amp;ssl=1 200w, https:\/\/i0.wp.com\/agrund.com\/wp-content\/uploads\/sites\/6\/2015\/04\/Madrep\u00e9rola-12.jpg?resize=682%2C1024&amp;ssl=1 682w\" sizes=\"(max-width: 550px) 100vw, 550px\" data-recalc-dims=\"1\" \/><\/a><p id=\"caption-attachment-126485\" class=\"wp-caption-text\">Minas Trend :: Madrep\u00e9rola primavera-ver\u00e3o 2015\/16<\/p><\/div>\n<div id=\"attachment_126486\" style=\"width: 560px\" class=\"wp-caption aligncenter\"><a href=\"https:\/\/i0.wp.com\/www.agrund.com\/wp-content\/uploads\/sites\/6\/2015\/04\/Madrep\u00e9rola-13.jpg\"><img aria-describedby=\"caption-attachment-126486\" data-attachment-id=\"126486\" data-permalink=\"https:\/\/agrund.com\/index.php\/minas-trend-madreperola-primavera-verao-201516\/madreperola-12\/\" data-orig-file=\"https:\/\/i0.wp.com\/agrund.com\/wp-content\/uploads\/sites\/6\/2015\/04\/Madrep\u00e9rola-13.jpg?fit=799%2C1200&amp;ssl=1\" data-orig-size=\"799,1200\" data-comments-opened=\"1\" data-image-meta=\"{&quot;aperture&quot;:&quot;0&quot;,&quot;credit&quot;:&quot;Ze Takahashi\\\/FOTOSITE&quot;,&quot;camera&quot;:&quot;&quot;,&quot;caption&quot;:&quot;Madreperola\\n\\nMinas Trend - Verao 2016 \\n\\nFoto : Ze Takahashi\\\/ FOTOSITE&quot;,&quot;created_timestamp&quot;:&quot;0&quot;,&quot;copyright&quot;:&quot;FOTOSITE&quot;,&quot;focal_length&quot;:&quot;0&quot;,&quot;iso&quot;:&quot;0&quot;,&quot;shutter_speed&quot;:&quot;0&quot;,&quot;title&quot;:&quot;Madreperola&quot;,&quot;orientation&quot;:&quot;0&quot;}\" data-image-title=\"Minas Trend :: Madrep\u00e9rola primavera-ver\u00e3o 2015\/16\" data-image-description=\"&lt;p&gt;Madreperola&lt;\/p&gt;\n&lt;p&gt;Minas Trend &#8211; Verao 2016 &lt;\/p&gt;\n&lt;p&gt;Foto : Ze Takahashi\/ FOTOSITE&lt;\/p&gt;\n\" data-image-caption=\"&lt;p&gt;Minas Trend :: Madrep\u00e9rola primavera-ver\u00e3o 2015\/16 &lt;\/p&gt;\n\" data-medium-file=\"https:\/\/i0.wp.com\/agrund.com\/wp-content\/uploads\/sites\/6\/2015\/04\/Madrep\u00e9rola-13.jpg?fit=200%2C300&amp;ssl=1\" data-large-file=\"https:\/\/i0.wp.com\/agrund.com\/wp-content\/uploads\/sites\/6\/2015\/04\/Madrep\u00e9rola-13.jpg?fit=682%2C1024&amp;ssl=1\" decoding=\"async\" loading=\"lazy\" class=\"wp-image-126486\" src=\"https:\/\/i0.wp.com\/www.agrund.com\/wp-content\/uploads\/sites\/6\/2015\/04\/Madrep\u00e9rola-13.jpg?resize=550%2C826\" alt=\"Minas Trend :: Madrep\u00e9rola primavera-ver\u00e3o 2015\/16 \" width=\"550\" height=\"826\" srcset=\"https:\/\/i0.wp.com\/agrund.com\/wp-content\/uploads\/sites\/6\/2015\/04\/Madrep\u00e9rola-13.jpg?w=799&amp;ssl=1 799w, https:\/\/i0.wp.com\/agrund.com\/wp-content\/uploads\/sites\/6\/2015\/04\/Madrep\u00e9rola-13.jpg?resize=200%2C300&amp;ssl=1 200w, https:\/\/i0.wp.com\/agrund.com\/wp-content\/uploads\/sites\/6\/2015\/04\/Madrep\u00e9rola-13.jpg?resize=682%2C1024&amp;ssl=1 682w\" sizes=\"(max-width: 550px) 100vw, 550px\" data-recalc-dims=\"1\" \/><\/a><p id=\"caption-attachment-126486\" class=\"wp-caption-text\">Minas Trend :: Madrep\u00e9rola primavera-ver\u00e3o 2015\/16<\/p><\/div>\n<p>Imagens: Divulga\u00e7\u00e3o\/Ag\u00eancia Fotosite.<\/p>\n","protected":false},"excerpt":{"rendered":"<p>O clima po\u00e9tico da primavera-ver\u00e3o 2015\/16 da Madrep\u00e9rola j\u00e1 era anunciado pela trilha \u2013 um quarteto de cordas e sopro tocando ao vivo no fundo da passarela. Mas a &#8220;poesia&#8221; em si vai muito al\u00e9m das roupas apresentadas no Minas Trend: a equipe de estilo da marca explicou que a inspira\u00e7\u00e3o para a temporada veio [&hellip;]<\/p>\n","protected":false},"author":8,"featured_media":126487,"comment_status":"open","ping_status":"open","sticky":false,"template":"","format":"standard","meta":{"jetpack_post_was_ever_published":false,"_jetpack_newsletter_access":"","jetpack_publicize_message":"Agrund.com mostra as fotos do desfile de ver\u00e3o 2016 da Madrep\u00e9rola direto do Minas Trend: http:\/\/wp.me\/p3Hz0n-wTT","jetpack_is_tweetstorm":false,"jetpack_publicize_feature_enabled":true,"jetpack_social_post_already_shared":true,"jetpack_social_options":{"image_generator_settings":{"template":"highway","enabled":false}}},"categories":[9],"tags":[],"jetpack_publicize_connections":[],"jetpack_featured_media_url":"https:\/\/i0.wp.com\/agrund.com\/wp-content\/uploads\/sites\/6\/2015\/04\/slidemadreperola.jpg?fit=960%2C300&ssl=1","jetpack_sharing_enabled":true,"jetpack_shortlink":"https:\/\/wp.me\/p3Hz0n-wTT","jetpack_likes_enabled":true,"_links":{"self":[{"href":"https:\/\/agrund.com\/index.php\/wp-json\/wp\/v2\/posts\/126473"}],"collection":[{"href":"https:\/\/agrund.com\/index.php\/wp-json\/wp\/v2\/posts"}],"about":[{"href":"https:\/\/agrund.com\/index.php\/wp-json\/wp\/v2\/types\/post"}],"author":[{"embeddable":true,"href":"https:\/\/agrund.com\/index.php\/wp-json\/wp\/v2\/users\/8"}],"replies":[{"embeddable":true,"href":"https:\/\/agrund.com\/index.php\/wp-json\/wp\/v2\/comments?post=126473"}],"version-history":[{"count":0,"href":"https:\/\/agrund.com\/index.php\/wp-json\/wp\/v2\/posts\/126473\/revisions"}],"wp:featuredmedia":[{"embeddable":true,"href":"https:\/\/agrund.com\/index.php\/wp-json\/wp\/v2\/media\/126487"}],"wp:attachment":[{"href":"https:\/\/agrund.com\/index.php\/wp-json\/wp\/v2\/media?parent=126473"}],"wp:term":[{"taxonomy":"category","embeddable":true,"href":"https:\/\/agrund.com\/index.php\/wp-json\/wp\/v2\/categories?post=126473"},{"taxonomy":"post_tag","embeddable":true,"href":"https:\/\/agrund.com\/index.php\/wp-json\/wp\/v2\/tags?post=126473"}],"curies":[{"name":"wp","href":"https:\/\/api.w.org\/{rel}","templated":true}]}}