{"id":126448,"date":"2015-04-07T18:00:40","date_gmt":"2015-04-07T21:00:40","guid":{"rendered":"http:\/\/www.agrund.com\/?p=126448"},"modified":"2015-04-07T18:00:43","modified_gmt":"2015-04-07T21:00:43","slug":"minas-trend-vivaz-primavera-verao-201516","status":"publish","type":"post","link":"https:\/\/agrund.com\/index.php\/minas-trend-vivaz-primavera-verao-201516\/","title":{"rendered":"Minas Trend :: Vivaz primavera-ver\u00e3o 2015\/16"},"content":{"rendered":"<p>A abertura oficial da passarela do Minas Trend ficou a cargo da Vivaz, marca das estilistas Elizabeth, Camila e Isabela Faria que mostraram n\u00e3o s\u00f3 a cole\u00e7\u00e3o principal da etiqueta, como tamb\u00e9m pe\u00e7as da segunda linha da marca, a Viva por Vivaz. Combinando a inspira\u00e7\u00e3o nas jabuticabas com o &#8220;Have Fun Way of Life&#8221; (um lema que prega a divers\u00e3o), o resultado s\u00e3o os vestidos de festa ricamente bordados t\u00edpicos do DNA da grife, lado a lado com jaquetas e outras pe\u00e7as de apelo urbano e esportivo \u2013 tudo com muita sobriedade e sofistica\u00e7\u00e3o representadas pelos tecidos leves e pelas cores mais claras.<\/p>\n<p>E enquanto a refer\u00eancia das jabuticabas aparecem de forma literal nas p\u00e9rolas e nas esferas pretas aplicadas sobre as roupas, um certo toque boyish d\u00e1 as caras a partir de camisas que viram vestidos com rendas e plumas e da inspira\u00e7\u00e3o na pintura &#8220;O Lavrador de Caf\u00e9&#8221;, de C\u00e2ndido Portinari, cujo personagem retratado empresta suas cal\u00e7as mais larguinhas para as estilistas criarem modelos chiqu\u00e9rrimos em organza junto de jaquetas bombers no mesmo estilo.<\/p>\n<div id=\"attachment_126449\" style=\"width: 570px\" class=\"wp-caption aligncenter\"><a href=\"https:\/\/i0.wp.com\/www.agrund.com\/wp-content\/uploads\/sites\/6\/2015\/04\/Vivaz-1.jpg\"><img aria-describedby=\"caption-attachment-126449\" data-attachment-id=\"126449\" data-permalink=\"https:\/\/agrund.com\/index.php\/minas-trend-vivaz-primavera-verao-201516\/vivaz-2\/\" data-orig-file=\"https:\/\/i0.wp.com\/agrund.com\/wp-content\/uploads\/sites\/6\/2015\/04\/Vivaz-1.jpg?fit=799%2C1200&amp;ssl=1\" data-orig-size=\"799,1200\" data-comments-opened=\"1\" data-image-meta=\"{&quot;aperture&quot;:&quot;0&quot;,&quot;credit&quot;:&quot;Ze Takahashi\\\/FOTOSITE&quot;,&quot;camera&quot;:&quot;&quot;,&quot;caption&quot;:&quot;Vivaz\\n\\nMinas Trend - Verao 2016 \\n\\nFoto : Ze Takahashi\\\/ FOTOSITE&quot;,&quot;created_timestamp&quot;:&quot;0&quot;,&quot;copyright&quot;:&quot;FOTOSITE&quot;,&quot;focal_length&quot;:&quot;0&quot;,&quot;iso&quot;:&quot;0&quot;,&quot;shutter_speed&quot;:&quot;0&quot;,&quot;title&quot;:&quot;Vivaz&quot;,&quot;orientation&quot;:&quot;0&quot;}\" data-image-title=\"Minas Trend :: Vivaz primavera-ver\u00e3o 2015\/16\" data-image-description=\"&lt;p&gt;Vivaz&lt;\/p&gt;\n&lt;p&gt;Minas Trend &#8211; Verao 2016 &lt;\/p&gt;\n&lt;p&gt;Foto : Ze Takahashi\/ FOTOSITE&lt;\/p&gt;\n\" data-image-caption=\"&lt;p&gt;Minas Trend :: Vivaz primavera-ver\u00e3o 2015\/16 &lt;\/p&gt;\n\" data-medium-file=\"https:\/\/i0.wp.com\/agrund.com\/wp-content\/uploads\/sites\/6\/2015\/04\/Vivaz-1.jpg?fit=200%2C300&amp;ssl=1\" data-large-file=\"https:\/\/i0.wp.com\/agrund.com\/wp-content\/uploads\/sites\/6\/2015\/04\/Vivaz-1.jpg?fit=682%2C1024&amp;ssl=1\" decoding=\"async\" loading=\"lazy\" class=\"wp-image-126449\" src=\"https:\/\/i0.wp.com\/www.agrund.com\/wp-content\/uploads\/sites\/6\/2015\/04\/Vivaz-1.jpg?resize=560%2C841\" alt=\"Minas Trend :: Vivaz primavera-ver\u00e3o 2015\/16 \" width=\"560\" height=\"841\" srcset=\"https:\/\/i0.wp.com\/agrund.com\/wp-content\/uploads\/sites\/6\/2015\/04\/Vivaz-1.jpg?w=799&amp;ssl=1 799w, https:\/\/i0.wp.com\/agrund.com\/wp-content\/uploads\/sites\/6\/2015\/04\/Vivaz-1.jpg?resize=200%2C300&amp;ssl=1 200w, https:\/\/i0.wp.com\/agrund.com\/wp-content\/uploads\/sites\/6\/2015\/04\/Vivaz-1.jpg?resize=682%2C1024&amp;ssl=1 682w\" sizes=\"(max-width: 560px) 100vw, 560px\" data-recalc-dims=\"1\" \/><\/a><p id=\"caption-attachment-126449\" class=\"wp-caption-text\">Minas Trend :: Vivaz primavera-ver\u00e3o 2015\/16<\/p><\/div>\n<div id=\"attachment_126450\" style=\"width: 570px\" class=\"wp-caption aligncenter\"><a href=\"https:\/\/i0.wp.com\/www.agrund.com\/wp-content\/uploads\/sites\/6\/2015\/04\/Vivaz-2.jpg\"><img aria-describedby=\"caption-attachment-126450\" data-attachment-id=\"126450\" data-permalink=\"https:\/\/agrund.com\/index.php\/minas-trend-vivaz-primavera-verao-201516\/vivaz-3\/\" data-orig-file=\"https:\/\/i0.wp.com\/agrund.com\/wp-content\/uploads\/sites\/6\/2015\/04\/Vivaz-2.jpg?fit=799%2C1200&amp;ssl=1\" data-orig-size=\"799,1200\" data-comments-opened=\"1\" data-image-meta=\"{&quot;aperture&quot;:&quot;0&quot;,&quot;credit&quot;:&quot;Ze Takahashi\\\/FOTOSITE&quot;,&quot;camera&quot;:&quot;&quot;,&quot;caption&quot;:&quot;Vivaz\\n\\nMinas Trend - Verao 2016 \\n\\nFoto : Ze Takahashi\\\/ FOTOSITE&quot;,&quot;created_timestamp&quot;:&quot;0&quot;,&quot;copyright&quot;:&quot;FOTOSITE&quot;,&quot;focal_length&quot;:&quot;0&quot;,&quot;iso&quot;:&quot;0&quot;,&quot;shutter_speed&quot;:&quot;0&quot;,&quot;title&quot;:&quot;Vivaz&quot;,&quot;orientation&quot;:&quot;0&quot;}\" data-image-title=\"Minas Trend :: Vivaz primavera-ver\u00e3o 2015\/16\" data-image-description=\"&lt;p&gt;Vivaz&lt;\/p&gt;\n&lt;p&gt;Minas Trend &#8211; Verao 2016 &lt;\/p&gt;\n&lt;p&gt;Foto : Ze Takahashi\/ FOTOSITE&lt;\/p&gt;\n\" data-image-caption=\"&lt;p&gt;Minas Trend :: Vivaz primavera-ver\u00e3o 2015\/16 &lt;\/p&gt;\n\" data-medium-file=\"https:\/\/i0.wp.com\/agrund.com\/wp-content\/uploads\/sites\/6\/2015\/04\/Vivaz-2.jpg?fit=200%2C300&amp;ssl=1\" data-large-file=\"https:\/\/i0.wp.com\/agrund.com\/wp-content\/uploads\/sites\/6\/2015\/04\/Vivaz-2.jpg?fit=682%2C1024&amp;ssl=1\" decoding=\"async\" loading=\"lazy\" class=\"wp-image-126450\" src=\"https:\/\/i0.wp.com\/www.agrund.com\/wp-content\/uploads\/sites\/6\/2015\/04\/Vivaz-2.jpg?resize=560%2C841\" alt=\"Minas Trend :: Vivaz primavera-ver\u00e3o 2015\/16 \" width=\"560\" height=\"841\" srcset=\"https:\/\/i0.wp.com\/agrund.com\/wp-content\/uploads\/sites\/6\/2015\/04\/Vivaz-2.jpg?w=799&amp;ssl=1 799w, https:\/\/i0.wp.com\/agrund.com\/wp-content\/uploads\/sites\/6\/2015\/04\/Vivaz-2.jpg?resize=200%2C300&amp;ssl=1 200w, https:\/\/i0.wp.com\/agrund.com\/wp-content\/uploads\/sites\/6\/2015\/04\/Vivaz-2.jpg?resize=682%2C1024&amp;ssl=1 682w\" sizes=\"(max-width: 560px) 100vw, 560px\" data-recalc-dims=\"1\" \/><\/a><p id=\"caption-attachment-126450\" class=\"wp-caption-text\">Minas Trend :: Vivaz primavera-ver\u00e3o 2015\/16<\/p><\/div>\n<div id=\"attachment_126451\" style=\"width: 570px\" class=\"wp-caption aligncenter\"><a href=\"https:\/\/i0.wp.com\/www.agrund.com\/wp-content\/uploads\/sites\/6\/2015\/04\/Vivaz-3.jpg\"><img aria-describedby=\"caption-attachment-126451\" data-attachment-id=\"126451\" data-permalink=\"https:\/\/agrund.com\/index.php\/minas-trend-vivaz-primavera-verao-201516\/vivaz-4\/\" data-orig-file=\"https:\/\/i0.wp.com\/agrund.com\/wp-content\/uploads\/sites\/6\/2015\/04\/Vivaz-3.jpg?fit=799%2C1200&amp;ssl=1\" data-orig-size=\"799,1200\" data-comments-opened=\"1\" data-image-meta=\"{&quot;aperture&quot;:&quot;0&quot;,&quot;credit&quot;:&quot;Ze Takahashi\\\/FOTOSITE&quot;,&quot;camera&quot;:&quot;&quot;,&quot;caption&quot;:&quot;Vivaz\\n\\nMinas Trend - Verao 2016 \\n\\nFoto : Ze Takahashi\\\/ FOTOSITE&quot;,&quot;created_timestamp&quot;:&quot;0&quot;,&quot;copyright&quot;:&quot;FOTOSITE&quot;,&quot;focal_length&quot;:&quot;0&quot;,&quot;iso&quot;:&quot;0&quot;,&quot;shutter_speed&quot;:&quot;0&quot;,&quot;title&quot;:&quot;Vivaz&quot;,&quot;orientation&quot;:&quot;0&quot;}\" data-image-title=\"Minas Trend :: Vivaz primavera-ver\u00e3o 2015\/16\" data-image-description=\"&lt;p&gt;Vivaz&lt;\/p&gt;\n&lt;p&gt;Minas Trend &#8211; Verao 2016 &lt;\/p&gt;\n&lt;p&gt;Foto : Ze Takahashi\/ FOTOSITE&lt;\/p&gt;\n\" data-image-caption=\"&lt;p&gt;Minas Trend :: Vivaz primavera-ver\u00e3o 2015\/16 &lt;\/p&gt;\n\" data-medium-file=\"https:\/\/i0.wp.com\/agrund.com\/wp-content\/uploads\/sites\/6\/2015\/04\/Vivaz-3.jpg?fit=200%2C300&amp;ssl=1\" data-large-file=\"https:\/\/i0.wp.com\/agrund.com\/wp-content\/uploads\/sites\/6\/2015\/04\/Vivaz-3.jpg?fit=682%2C1024&amp;ssl=1\" decoding=\"async\" loading=\"lazy\" class=\"wp-image-126451\" src=\"https:\/\/i0.wp.com\/www.agrund.com\/wp-content\/uploads\/sites\/6\/2015\/04\/Vivaz-3.jpg?resize=560%2C841\" alt=\"Minas Trend :: Vivaz primavera-ver\u00e3o 2015\/16 \" width=\"560\" height=\"841\" srcset=\"https:\/\/i0.wp.com\/agrund.com\/wp-content\/uploads\/sites\/6\/2015\/04\/Vivaz-3.jpg?w=799&amp;ssl=1 799w, https:\/\/i0.wp.com\/agrund.com\/wp-content\/uploads\/sites\/6\/2015\/04\/Vivaz-3.jpg?resize=200%2C300&amp;ssl=1 200w, https:\/\/i0.wp.com\/agrund.com\/wp-content\/uploads\/sites\/6\/2015\/04\/Vivaz-3.jpg?resize=682%2C1024&amp;ssl=1 682w\" sizes=\"(max-width: 560px) 100vw, 560px\" data-recalc-dims=\"1\" \/><\/a><p id=\"caption-attachment-126451\" class=\"wp-caption-text\">Minas Trend :: Vivaz primavera-ver\u00e3o 2015\/16<\/p><\/div>\n<div id=\"attachment_126452\" style=\"width: 570px\" class=\"wp-caption aligncenter\"><a href=\"https:\/\/i0.wp.com\/www.agrund.com\/wp-content\/uploads\/sites\/6\/2015\/04\/Vivaz-4.jpg\"><img aria-describedby=\"caption-attachment-126452\" data-attachment-id=\"126452\" data-permalink=\"https:\/\/agrund.com\/index.php\/minas-trend-vivaz-primavera-verao-201516\/vivaz-5\/\" data-orig-file=\"https:\/\/i0.wp.com\/agrund.com\/wp-content\/uploads\/sites\/6\/2015\/04\/Vivaz-4.jpg?fit=799%2C1200&amp;ssl=1\" data-orig-size=\"799,1200\" data-comments-opened=\"1\" data-image-meta=\"{&quot;aperture&quot;:&quot;0&quot;,&quot;credit&quot;:&quot;Ze Takahashi\\\/FOTOSITE&quot;,&quot;camera&quot;:&quot;&quot;,&quot;caption&quot;:&quot;Vivaz\\n\\nMinas Trend - Verao 2016 \\n\\nFoto : Ze Takahashi\\\/ FOTOSITE&quot;,&quot;created_timestamp&quot;:&quot;0&quot;,&quot;copyright&quot;:&quot;FOTOSITE&quot;,&quot;focal_length&quot;:&quot;0&quot;,&quot;iso&quot;:&quot;0&quot;,&quot;shutter_speed&quot;:&quot;0&quot;,&quot;title&quot;:&quot;Vivaz&quot;,&quot;orientation&quot;:&quot;0&quot;}\" data-image-title=\"Minas Trend :: Vivaz primavera-ver\u00e3o 2015\/16\" data-image-description=\"&lt;p&gt;Vivaz&lt;\/p&gt;\n&lt;p&gt;Minas Trend &#8211; Verao 2016 &lt;\/p&gt;\n&lt;p&gt;Foto : Ze Takahashi\/ FOTOSITE&lt;\/p&gt;\n\" data-image-caption=\"&lt;p&gt;Minas Trend :: Vivaz primavera-ver\u00e3o 2015\/16 &lt;\/p&gt;\n\" data-medium-file=\"https:\/\/i0.wp.com\/agrund.com\/wp-content\/uploads\/sites\/6\/2015\/04\/Vivaz-4.jpg?fit=200%2C300&amp;ssl=1\" data-large-file=\"https:\/\/i0.wp.com\/agrund.com\/wp-content\/uploads\/sites\/6\/2015\/04\/Vivaz-4.jpg?fit=682%2C1024&amp;ssl=1\" decoding=\"async\" loading=\"lazy\" class=\"wp-image-126452\" src=\"https:\/\/i0.wp.com\/www.agrund.com\/wp-content\/uploads\/sites\/6\/2015\/04\/Vivaz-4.jpg?resize=560%2C841\" alt=\"Minas Trend :: Vivaz primavera-ver\u00e3o 2015\/16 \" width=\"560\" height=\"841\" srcset=\"https:\/\/i0.wp.com\/agrund.com\/wp-content\/uploads\/sites\/6\/2015\/04\/Vivaz-4.jpg?w=799&amp;ssl=1 799w, https:\/\/i0.wp.com\/agrund.com\/wp-content\/uploads\/sites\/6\/2015\/04\/Vivaz-4.jpg?resize=200%2C300&amp;ssl=1 200w, https:\/\/i0.wp.com\/agrund.com\/wp-content\/uploads\/sites\/6\/2015\/04\/Vivaz-4.jpg?resize=682%2C1024&amp;ssl=1 682w\" sizes=\"(max-width: 560px) 100vw, 560px\" data-recalc-dims=\"1\" \/><\/a><p id=\"caption-attachment-126452\" class=\"wp-caption-text\">Minas Trend :: Vivaz primavera-ver\u00e3o 2015\/16<\/p><\/div>\n<div id=\"attachment_126453\" style=\"width: 570px\" class=\"wp-caption aligncenter\"><a href=\"https:\/\/i0.wp.com\/www.agrund.com\/wp-content\/uploads\/sites\/6\/2015\/04\/Vivaz-5.jpg\"><img aria-describedby=\"caption-attachment-126453\" data-attachment-id=\"126453\" data-permalink=\"https:\/\/agrund.com\/index.php\/minas-trend-vivaz-primavera-verao-201516\/vivaz-6\/\" data-orig-file=\"https:\/\/i0.wp.com\/agrund.com\/wp-content\/uploads\/sites\/6\/2015\/04\/Vivaz-5.jpg?fit=799%2C1200&amp;ssl=1\" data-orig-size=\"799,1200\" data-comments-opened=\"1\" data-image-meta=\"{&quot;aperture&quot;:&quot;0&quot;,&quot;credit&quot;:&quot;Ze Takahashi\\\/FOTOSITE&quot;,&quot;camera&quot;:&quot;&quot;,&quot;caption&quot;:&quot;Vivaz\\n\\nMinas Trend - Verao 2016 \\n\\nFoto : Ze Takahashi\\\/ FOTOSITE&quot;,&quot;created_timestamp&quot;:&quot;0&quot;,&quot;copyright&quot;:&quot;FOTOSITE&quot;,&quot;focal_length&quot;:&quot;0&quot;,&quot;iso&quot;:&quot;0&quot;,&quot;shutter_speed&quot;:&quot;0&quot;,&quot;title&quot;:&quot;Vivaz&quot;,&quot;orientation&quot;:&quot;0&quot;}\" data-image-title=\"Minas Trend :: Vivaz primavera-ver\u00e3o 2015\/16\" data-image-description=\"&lt;p&gt;Vivaz&lt;\/p&gt;\n&lt;p&gt;Minas Trend &#8211; Verao 2016 &lt;\/p&gt;\n&lt;p&gt;Foto : Ze Takahashi\/ FOTOSITE&lt;\/p&gt;\n\" data-image-caption=\"&lt;p&gt;Minas Trend :: Vivaz primavera-ver\u00e3o 2015\/16 &lt;\/p&gt;\n\" data-medium-file=\"https:\/\/i0.wp.com\/agrund.com\/wp-content\/uploads\/sites\/6\/2015\/04\/Vivaz-5.jpg?fit=200%2C300&amp;ssl=1\" data-large-file=\"https:\/\/i0.wp.com\/agrund.com\/wp-content\/uploads\/sites\/6\/2015\/04\/Vivaz-5.jpg?fit=682%2C1024&amp;ssl=1\" decoding=\"async\" loading=\"lazy\" class=\"wp-image-126453\" src=\"https:\/\/i0.wp.com\/www.agrund.com\/wp-content\/uploads\/sites\/6\/2015\/04\/Vivaz-5.jpg?resize=560%2C841\" alt=\"Minas Trend :: Vivaz primavera-ver\u00e3o 2015\/16 \" width=\"560\" height=\"841\" srcset=\"https:\/\/i0.wp.com\/agrund.com\/wp-content\/uploads\/sites\/6\/2015\/04\/Vivaz-5.jpg?w=799&amp;ssl=1 799w, https:\/\/i0.wp.com\/agrund.com\/wp-content\/uploads\/sites\/6\/2015\/04\/Vivaz-5.jpg?resize=200%2C300&amp;ssl=1 200w, https:\/\/i0.wp.com\/agrund.com\/wp-content\/uploads\/sites\/6\/2015\/04\/Vivaz-5.jpg?resize=682%2C1024&amp;ssl=1 682w\" sizes=\"(max-width: 560px) 100vw, 560px\" data-recalc-dims=\"1\" \/><\/a><p id=\"caption-attachment-126453\" class=\"wp-caption-text\">Minas Trend :: Vivaz primavera-ver\u00e3o 2015\/16<\/p><\/div>\n<div id=\"attachment_126454\" style=\"width: 570px\" class=\"wp-caption aligncenter\"><a href=\"https:\/\/i0.wp.com\/www.agrund.com\/wp-content\/uploads\/sites\/6\/2015\/04\/Vivaz-6.jpg\"><img aria-describedby=\"caption-attachment-126454\" data-attachment-id=\"126454\" data-permalink=\"https:\/\/agrund.com\/index.php\/minas-trend-vivaz-primavera-verao-201516\/vivaz-7\/\" data-orig-file=\"https:\/\/i0.wp.com\/agrund.com\/wp-content\/uploads\/sites\/6\/2015\/04\/Vivaz-6.jpg?fit=799%2C1200&amp;ssl=1\" data-orig-size=\"799,1200\" data-comments-opened=\"1\" data-image-meta=\"{&quot;aperture&quot;:&quot;0&quot;,&quot;credit&quot;:&quot;Ze Takahashi\\\/FOTOSITE&quot;,&quot;camera&quot;:&quot;&quot;,&quot;caption&quot;:&quot;Vivaz\\n\\nMinas Trend - Verao 2016 \\n\\nFoto : Ze Takahashi\\\/ FOTOSITE&quot;,&quot;created_timestamp&quot;:&quot;0&quot;,&quot;copyright&quot;:&quot;FOTOSITE&quot;,&quot;focal_length&quot;:&quot;0&quot;,&quot;iso&quot;:&quot;0&quot;,&quot;shutter_speed&quot;:&quot;0&quot;,&quot;title&quot;:&quot;Vivaz&quot;,&quot;orientation&quot;:&quot;0&quot;}\" data-image-title=\"Minas Trend :: Vivaz primavera-ver\u00e3o 2015\/16\" data-image-description=\"&lt;p&gt;Vivaz&lt;\/p&gt;\n&lt;p&gt;Minas Trend &#8211; Verao 2016 &lt;\/p&gt;\n&lt;p&gt;Foto : Ze Takahashi\/ FOTOSITE&lt;\/p&gt;\n\" data-image-caption=\"&lt;p&gt;Minas Trend :: Vivaz primavera-ver\u00e3o 2015\/16 &lt;\/p&gt;\n\" data-medium-file=\"https:\/\/i0.wp.com\/agrund.com\/wp-content\/uploads\/sites\/6\/2015\/04\/Vivaz-6.jpg?fit=200%2C300&amp;ssl=1\" data-large-file=\"https:\/\/i0.wp.com\/agrund.com\/wp-content\/uploads\/sites\/6\/2015\/04\/Vivaz-6.jpg?fit=682%2C1024&amp;ssl=1\" decoding=\"async\" loading=\"lazy\" class=\"wp-image-126454\" src=\"https:\/\/i0.wp.com\/www.agrund.com\/wp-content\/uploads\/sites\/6\/2015\/04\/Vivaz-6.jpg?resize=560%2C841\" alt=\"Minas Trend :: Vivaz primavera-ver\u00e3o 2015\/16 \" width=\"560\" height=\"841\" srcset=\"https:\/\/i0.wp.com\/agrund.com\/wp-content\/uploads\/sites\/6\/2015\/04\/Vivaz-6.jpg?w=799&amp;ssl=1 799w, https:\/\/i0.wp.com\/agrund.com\/wp-content\/uploads\/sites\/6\/2015\/04\/Vivaz-6.jpg?resize=200%2C300&amp;ssl=1 200w, https:\/\/i0.wp.com\/agrund.com\/wp-content\/uploads\/sites\/6\/2015\/04\/Vivaz-6.jpg?resize=682%2C1024&amp;ssl=1 682w\" sizes=\"(max-width: 560px) 100vw, 560px\" data-recalc-dims=\"1\" \/><\/a><p id=\"caption-attachment-126454\" class=\"wp-caption-text\">Minas Trend :: Vivaz primavera-ver\u00e3o 2015\/16<\/p><\/div>\n<div id=\"attachment_126455\" style=\"width: 570px\" class=\"wp-caption aligncenter\"><a href=\"https:\/\/i0.wp.com\/www.agrund.com\/wp-content\/uploads\/sites\/6\/2015\/04\/Vivaz-7.jpg\"><img aria-describedby=\"caption-attachment-126455\" data-attachment-id=\"126455\" data-permalink=\"https:\/\/agrund.com\/index.php\/minas-trend-vivaz-primavera-verao-201516\/vivaz-8\/\" data-orig-file=\"https:\/\/i0.wp.com\/agrund.com\/wp-content\/uploads\/sites\/6\/2015\/04\/Vivaz-7.jpg?fit=799%2C1200&amp;ssl=1\" data-orig-size=\"799,1200\" data-comments-opened=\"1\" data-image-meta=\"{&quot;aperture&quot;:&quot;0&quot;,&quot;credit&quot;:&quot;Ze Takahashi\\\/FOTOSITE&quot;,&quot;camera&quot;:&quot;&quot;,&quot;caption&quot;:&quot;Vivaz\\n\\nMinas Trend - Verao 2016 \\n\\nFoto : Ze Takahashi\\\/ FOTOSITE&quot;,&quot;created_timestamp&quot;:&quot;0&quot;,&quot;copyright&quot;:&quot;FOTOSITE&quot;,&quot;focal_length&quot;:&quot;0&quot;,&quot;iso&quot;:&quot;0&quot;,&quot;shutter_speed&quot;:&quot;0&quot;,&quot;title&quot;:&quot;Vivaz&quot;,&quot;orientation&quot;:&quot;0&quot;}\" data-image-title=\"Minas Trend :: Vivaz primavera-ver\u00e3o 2015\/16\" data-image-description=\"&lt;p&gt;Vivaz&lt;\/p&gt;\n&lt;p&gt;Minas Trend &#8211; Verao 2016 &lt;\/p&gt;\n&lt;p&gt;Foto : Ze Takahashi\/ FOTOSITE&lt;\/p&gt;\n\" data-image-caption=\"&lt;p&gt;Minas Trend :: Vivaz primavera-ver\u00e3o 2015\/16 &lt;\/p&gt;\n\" data-medium-file=\"https:\/\/i0.wp.com\/agrund.com\/wp-content\/uploads\/sites\/6\/2015\/04\/Vivaz-7.jpg?fit=200%2C300&amp;ssl=1\" data-large-file=\"https:\/\/i0.wp.com\/agrund.com\/wp-content\/uploads\/sites\/6\/2015\/04\/Vivaz-7.jpg?fit=682%2C1024&amp;ssl=1\" decoding=\"async\" loading=\"lazy\" class=\"wp-image-126455\" src=\"https:\/\/i0.wp.com\/www.agrund.com\/wp-content\/uploads\/sites\/6\/2015\/04\/Vivaz-7.jpg?resize=560%2C841\" alt=\"Minas Trend :: Vivaz primavera-ver\u00e3o 2015\/16 \" width=\"560\" height=\"841\" srcset=\"https:\/\/i0.wp.com\/agrund.com\/wp-content\/uploads\/sites\/6\/2015\/04\/Vivaz-7.jpg?w=799&amp;ssl=1 799w, https:\/\/i0.wp.com\/agrund.com\/wp-content\/uploads\/sites\/6\/2015\/04\/Vivaz-7.jpg?resize=200%2C300&amp;ssl=1 200w, https:\/\/i0.wp.com\/agrund.com\/wp-content\/uploads\/sites\/6\/2015\/04\/Vivaz-7.jpg?resize=682%2C1024&amp;ssl=1 682w\" sizes=\"(max-width: 560px) 100vw, 560px\" data-recalc-dims=\"1\" \/><\/a><p id=\"caption-attachment-126455\" class=\"wp-caption-text\">Minas Trend :: Vivaz primavera-ver\u00e3o 2015\/16<\/p><\/div>\n<div id=\"attachment_126456\" style=\"width: 570px\" class=\"wp-caption aligncenter\"><a href=\"https:\/\/i0.wp.com\/www.agrund.com\/wp-content\/uploads\/sites\/6\/2015\/04\/Vivaz-8.jpg\"><img aria-describedby=\"caption-attachment-126456\" data-attachment-id=\"126456\" data-permalink=\"https:\/\/agrund.com\/index.php\/minas-trend-vivaz-primavera-verao-201516\/vivaz-9\/\" data-orig-file=\"https:\/\/i0.wp.com\/agrund.com\/wp-content\/uploads\/sites\/6\/2015\/04\/Vivaz-8.jpg?fit=799%2C1200&amp;ssl=1\" data-orig-size=\"799,1200\" data-comments-opened=\"1\" data-image-meta=\"{&quot;aperture&quot;:&quot;0&quot;,&quot;credit&quot;:&quot;Ze Takahashi\\\/FOTOSITE&quot;,&quot;camera&quot;:&quot;&quot;,&quot;caption&quot;:&quot;Vivaz\\n\\nMinas Trend - Verao 2016 \\n\\nFoto : Ze Takahashi\\\/ FOTOSITE&quot;,&quot;created_timestamp&quot;:&quot;0&quot;,&quot;copyright&quot;:&quot;FOTOSITE&quot;,&quot;focal_length&quot;:&quot;0&quot;,&quot;iso&quot;:&quot;0&quot;,&quot;shutter_speed&quot;:&quot;0&quot;,&quot;title&quot;:&quot;Vivaz&quot;,&quot;orientation&quot;:&quot;0&quot;}\" data-image-title=\"Minas Trend :: Vivaz primavera-ver\u00e3o 2015\/16\" data-image-description=\"&lt;p&gt;Vivaz&lt;\/p&gt;\n&lt;p&gt;Minas Trend &#8211; Verao 2016 &lt;\/p&gt;\n&lt;p&gt;Foto : Ze Takahashi\/ FOTOSITE&lt;\/p&gt;\n\" data-image-caption=\"&lt;p&gt;Minas Trend :: Vivaz primavera-ver\u00e3o 2015\/16 &lt;\/p&gt;\n\" data-medium-file=\"https:\/\/i0.wp.com\/agrund.com\/wp-content\/uploads\/sites\/6\/2015\/04\/Vivaz-8.jpg?fit=200%2C300&amp;ssl=1\" data-large-file=\"https:\/\/i0.wp.com\/agrund.com\/wp-content\/uploads\/sites\/6\/2015\/04\/Vivaz-8.jpg?fit=682%2C1024&amp;ssl=1\" decoding=\"async\" loading=\"lazy\" class=\"wp-image-126456\" src=\"https:\/\/i0.wp.com\/www.agrund.com\/wp-content\/uploads\/sites\/6\/2015\/04\/Vivaz-8.jpg?resize=560%2C841\" alt=\"Minas Trend :: Vivaz primavera-ver\u00e3o 2015\/16 \" width=\"560\" height=\"841\" srcset=\"https:\/\/i0.wp.com\/agrund.com\/wp-content\/uploads\/sites\/6\/2015\/04\/Vivaz-8.jpg?w=799&amp;ssl=1 799w, https:\/\/i0.wp.com\/agrund.com\/wp-content\/uploads\/sites\/6\/2015\/04\/Vivaz-8.jpg?resize=200%2C300&amp;ssl=1 200w, https:\/\/i0.wp.com\/agrund.com\/wp-content\/uploads\/sites\/6\/2015\/04\/Vivaz-8.jpg?resize=682%2C1024&amp;ssl=1 682w\" sizes=\"(max-width: 560px) 100vw, 560px\" data-recalc-dims=\"1\" \/><\/a><p id=\"caption-attachment-126456\" class=\"wp-caption-text\">Minas Trend :: Vivaz primavera-ver\u00e3o 2015\/16<\/p><\/div>\n<div id=\"attachment_126457\" style=\"width: 570px\" class=\"wp-caption aligncenter\"><a href=\"https:\/\/i0.wp.com\/www.agrund.com\/wp-content\/uploads\/sites\/6\/2015\/04\/Vivaz-9.jpg\"><img aria-describedby=\"caption-attachment-126457\" data-attachment-id=\"126457\" data-permalink=\"https:\/\/agrund.com\/index.php\/minas-trend-vivaz-primavera-verao-201516\/vivaz-10\/\" data-orig-file=\"https:\/\/i0.wp.com\/agrund.com\/wp-content\/uploads\/sites\/6\/2015\/04\/Vivaz-9.jpg?fit=799%2C1200&amp;ssl=1\" data-orig-size=\"799,1200\" data-comments-opened=\"1\" data-image-meta=\"{&quot;aperture&quot;:&quot;0&quot;,&quot;credit&quot;:&quot;Ze Takahashi\\\/FOTOSITE&quot;,&quot;camera&quot;:&quot;&quot;,&quot;caption&quot;:&quot;Vivaz\\n\\nMinas Trend - Verao 2016 \\n\\nFoto : Ze Takahashi\\\/ FOTOSITE&quot;,&quot;created_timestamp&quot;:&quot;0&quot;,&quot;copyright&quot;:&quot;FOTOSITE&quot;,&quot;focal_length&quot;:&quot;0&quot;,&quot;iso&quot;:&quot;0&quot;,&quot;shutter_speed&quot;:&quot;0&quot;,&quot;title&quot;:&quot;Vivaz&quot;,&quot;orientation&quot;:&quot;0&quot;}\" data-image-title=\"Minas Trend :: Vivaz primavera-ver\u00e3o 2015\/16\" data-image-description=\"&lt;p&gt;Vivaz&lt;\/p&gt;\n&lt;p&gt;Minas Trend &#8211; Verao 2016 &lt;\/p&gt;\n&lt;p&gt;Foto : Ze Takahashi\/ FOTOSITE&lt;\/p&gt;\n\" data-image-caption=\"&lt;p&gt;Minas Trend :: Vivaz primavera-ver\u00e3o 2015\/16 &lt;\/p&gt;\n\" data-medium-file=\"https:\/\/i0.wp.com\/agrund.com\/wp-content\/uploads\/sites\/6\/2015\/04\/Vivaz-9.jpg?fit=200%2C300&amp;ssl=1\" data-large-file=\"https:\/\/i0.wp.com\/agrund.com\/wp-content\/uploads\/sites\/6\/2015\/04\/Vivaz-9.jpg?fit=682%2C1024&amp;ssl=1\" decoding=\"async\" loading=\"lazy\" class=\"wp-image-126457\" src=\"https:\/\/i0.wp.com\/www.agrund.com\/wp-content\/uploads\/sites\/6\/2015\/04\/Vivaz-9.jpg?resize=560%2C841\" alt=\"Minas Trend :: Vivaz primavera-ver\u00e3o 2015\/16 \" width=\"560\" height=\"841\" srcset=\"https:\/\/i0.wp.com\/agrund.com\/wp-content\/uploads\/sites\/6\/2015\/04\/Vivaz-9.jpg?w=799&amp;ssl=1 799w, https:\/\/i0.wp.com\/agrund.com\/wp-content\/uploads\/sites\/6\/2015\/04\/Vivaz-9.jpg?resize=200%2C300&amp;ssl=1 200w, https:\/\/i0.wp.com\/agrund.com\/wp-content\/uploads\/sites\/6\/2015\/04\/Vivaz-9.jpg?resize=682%2C1024&amp;ssl=1 682w\" sizes=\"(max-width: 560px) 100vw, 560px\" data-recalc-dims=\"1\" \/><\/a><p id=\"caption-attachment-126457\" class=\"wp-caption-text\">Minas Trend :: Vivaz primavera-ver\u00e3o 2015\/16<\/p><\/div>\n<div id=\"attachment_126458\" style=\"width: 570px\" class=\"wp-caption aligncenter\"><a href=\"https:\/\/i0.wp.com\/www.agrund.com\/wp-content\/uploads\/sites\/6\/2015\/04\/Vivaz-10.jpg\"><img aria-describedby=\"caption-attachment-126458\" data-attachment-id=\"126458\" data-permalink=\"https:\/\/agrund.com\/index.php\/minas-trend-vivaz-primavera-verao-201516\/vivaz-11\/\" data-orig-file=\"https:\/\/i0.wp.com\/agrund.com\/wp-content\/uploads\/sites\/6\/2015\/04\/Vivaz-10.jpg?fit=799%2C1200&amp;ssl=1\" data-orig-size=\"799,1200\" data-comments-opened=\"1\" data-image-meta=\"{&quot;aperture&quot;:&quot;0&quot;,&quot;credit&quot;:&quot;Ze Takahashi\\\/FOTOSITE&quot;,&quot;camera&quot;:&quot;&quot;,&quot;caption&quot;:&quot;Vivaz\\n\\nMinas Trend - Verao 2016 \\n\\nFoto : Ze Takahashi\\\/ FOTOSITE&quot;,&quot;created_timestamp&quot;:&quot;0&quot;,&quot;copyright&quot;:&quot;FOTOSITE&quot;,&quot;focal_length&quot;:&quot;0&quot;,&quot;iso&quot;:&quot;0&quot;,&quot;shutter_speed&quot;:&quot;0&quot;,&quot;title&quot;:&quot;Vivaz&quot;,&quot;orientation&quot;:&quot;0&quot;}\" data-image-title=\"Minas Trend :: Vivaz primavera-ver\u00e3o 2015\/16\" data-image-description=\"&lt;p&gt;Vivaz&lt;\/p&gt;\n&lt;p&gt;Minas Trend &#8211; Verao 2016 &lt;\/p&gt;\n&lt;p&gt;Foto : Ze Takahashi\/ FOTOSITE&lt;\/p&gt;\n\" data-image-caption=\"&lt;p&gt;Minas Trend :: Vivaz primavera-ver\u00e3o 2015\/16 &lt;\/p&gt;\n\" data-medium-file=\"https:\/\/i0.wp.com\/agrund.com\/wp-content\/uploads\/sites\/6\/2015\/04\/Vivaz-10.jpg?fit=200%2C300&amp;ssl=1\" data-large-file=\"https:\/\/i0.wp.com\/agrund.com\/wp-content\/uploads\/sites\/6\/2015\/04\/Vivaz-10.jpg?fit=682%2C1024&amp;ssl=1\" decoding=\"async\" loading=\"lazy\" class=\"wp-image-126458\" src=\"https:\/\/i0.wp.com\/www.agrund.com\/wp-content\/uploads\/sites\/6\/2015\/04\/Vivaz-10.jpg?resize=560%2C841\" alt=\"Minas Trend :: Vivaz primavera-ver\u00e3o 2015\/16 \" width=\"560\" height=\"841\" srcset=\"https:\/\/i0.wp.com\/agrund.com\/wp-content\/uploads\/sites\/6\/2015\/04\/Vivaz-10.jpg?w=799&amp;ssl=1 799w, https:\/\/i0.wp.com\/agrund.com\/wp-content\/uploads\/sites\/6\/2015\/04\/Vivaz-10.jpg?resize=200%2C300&amp;ssl=1 200w, https:\/\/i0.wp.com\/agrund.com\/wp-content\/uploads\/sites\/6\/2015\/04\/Vivaz-10.jpg?resize=682%2C1024&amp;ssl=1 682w\" sizes=\"(max-width: 560px) 100vw, 560px\" data-recalc-dims=\"1\" \/><\/a><p id=\"caption-attachment-126458\" class=\"wp-caption-text\">Minas Trend :: Vivaz primavera-ver\u00e3o 2015\/16<\/p><\/div>\n<div id=\"attachment_126459\" style=\"width: 570px\" class=\"wp-caption aligncenter\"><a href=\"https:\/\/i0.wp.com\/www.agrund.com\/wp-content\/uploads\/sites\/6\/2015\/04\/Vivaz-11.jpg\"><img aria-describedby=\"caption-attachment-126459\" data-attachment-id=\"126459\" data-permalink=\"https:\/\/agrund.com\/index.php\/minas-trend-vivaz-primavera-verao-201516\/vivaz-11-2\/\" data-orig-file=\"https:\/\/i0.wp.com\/agrund.com\/wp-content\/uploads\/sites\/6\/2015\/04\/Vivaz-11.jpg?fit=799%2C1200&amp;ssl=1\" data-orig-size=\"799,1200\" data-comments-opened=\"1\" data-image-meta=\"{&quot;aperture&quot;:&quot;0&quot;,&quot;credit&quot;:&quot;&quot;,&quot;camera&quot;:&quot;&quot;,&quot;caption&quot;:&quot;&quot;,&quot;created_timestamp&quot;:&quot;0&quot;,&quot;copyright&quot;:&quot;&quot;,&quot;focal_length&quot;:&quot;0&quot;,&quot;iso&quot;:&quot;0&quot;,&quot;shutter_speed&quot;:&quot;0&quot;,&quot;title&quot;:&quot;&quot;,&quot;orientation&quot;:&quot;0&quot;}\" data-image-title=\"Minas Trend :: Vivaz primavera-ver\u00e3o 2015\/16\" data-image-description=\"\" data-image-caption=\"&lt;p&gt;Minas Trend :: Vivaz primavera-ver\u00e3o 2015\/16 &lt;\/p&gt;\n\" data-medium-file=\"https:\/\/i0.wp.com\/agrund.com\/wp-content\/uploads\/sites\/6\/2015\/04\/Vivaz-11.jpg?fit=200%2C300&amp;ssl=1\" data-large-file=\"https:\/\/i0.wp.com\/agrund.com\/wp-content\/uploads\/sites\/6\/2015\/04\/Vivaz-11.jpg?fit=682%2C1024&amp;ssl=1\" decoding=\"async\" loading=\"lazy\" class=\"wp-image-126459\" src=\"https:\/\/i0.wp.com\/www.agrund.com\/wp-content\/uploads\/sites\/6\/2015\/04\/Vivaz-11.jpg?resize=560%2C841\" alt=\"Minas Trend :: Vivaz primavera-ver\u00e3o 2015\/16 \" width=\"560\" height=\"841\" srcset=\"https:\/\/i0.wp.com\/agrund.com\/wp-content\/uploads\/sites\/6\/2015\/04\/Vivaz-11.jpg?w=799&amp;ssl=1 799w, https:\/\/i0.wp.com\/agrund.com\/wp-content\/uploads\/sites\/6\/2015\/04\/Vivaz-11.jpg?resize=200%2C300&amp;ssl=1 200w, https:\/\/i0.wp.com\/agrund.com\/wp-content\/uploads\/sites\/6\/2015\/04\/Vivaz-11.jpg?resize=682%2C1024&amp;ssl=1 682w\" sizes=\"(max-width: 560px) 100vw, 560px\" data-recalc-dims=\"1\" \/><\/a><p id=\"caption-attachment-126459\" class=\"wp-caption-text\">Minas Trend :: Vivaz primavera-ver\u00e3o 2015\/16<\/p><\/div>\n<div id=\"attachment_126460\" style=\"width: 570px\" class=\"wp-caption aligncenter\"><a href=\"https:\/\/i0.wp.com\/www.agrund.com\/wp-content\/uploads\/sites\/6\/2015\/04\/Vivaz-12.jpg\"><img aria-describedby=\"caption-attachment-126460\" data-attachment-id=\"126460\" data-permalink=\"https:\/\/agrund.com\/index.php\/minas-trend-vivaz-primavera-verao-201516\/vivaz-12\/\" data-orig-file=\"https:\/\/i0.wp.com\/agrund.com\/wp-content\/uploads\/sites\/6\/2015\/04\/Vivaz-12.jpg?fit=799%2C1200&amp;ssl=1\" data-orig-size=\"799,1200\" data-comments-opened=\"1\" data-image-meta=\"{&quot;aperture&quot;:&quot;0&quot;,&quot;credit&quot;:&quot;Ze Takahashi\\\/FOTOSITE&quot;,&quot;camera&quot;:&quot;&quot;,&quot;caption&quot;:&quot;Vivaz\\n\\nMinas Trend - Verao 2016 \\n\\nFoto : Ze Takahashi\\\/ FOTOSITE&quot;,&quot;created_timestamp&quot;:&quot;0&quot;,&quot;copyright&quot;:&quot;FOTOSITE&quot;,&quot;focal_length&quot;:&quot;0&quot;,&quot;iso&quot;:&quot;0&quot;,&quot;shutter_speed&quot;:&quot;0&quot;,&quot;title&quot;:&quot;Vivaz&quot;,&quot;orientation&quot;:&quot;0&quot;}\" data-image-title=\"Minas Trend :: Vivaz primavera-ver\u00e3o 2015\/16\" data-image-description=\"&lt;p&gt;Vivaz&lt;\/p&gt;\n&lt;p&gt;Minas Trend &#8211; Verao 2016 &lt;\/p&gt;\n&lt;p&gt;Foto : Ze Takahashi\/ FOTOSITE&lt;\/p&gt;\n\" data-image-caption=\"&lt;p&gt;Minas Trend :: Vivaz primavera-ver\u00e3o 2015\/16 &lt;\/p&gt;\n\" data-medium-file=\"https:\/\/i0.wp.com\/agrund.com\/wp-content\/uploads\/sites\/6\/2015\/04\/Vivaz-12.jpg?fit=200%2C300&amp;ssl=1\" data-large-file=\"https:\/\/i0.wp.com\/agrund.com\/wp-content\/uploads\/sites\/6\/2015\/04\/Vivaz-12.jpg?fit=682%2C1024&amp;ssl=1\" decoding=\"async\" loading=\"lazy\" class=\"wp-image-126460\" src=\"https:\/\/i0.wp.com\/www.agrund.com\/wp-content\/uploads\/sites\/6\/2015\/04\/Vivaz-12.jpg?resize=560%2C841\" alt=\"Minas Trend :: Vivaz primavera-ver\u00e3o 2015\/16 \" width=\"560\" height=\"841\" srcset=\"https:\/\/i0.wp.com\/agrund.com\/wp-content\/uploads\/sites\/6\/2015\/04\/Vivaz-12.jpg?w=799&amp;ssl=1 799w, https:\/\/i0.wp.com\/agrund.com\/wp-content\/uploads\/sites\/6\/2015\/04\/Vivaz-12.jpg?resize=200%2C300&amp;ssl=1 200w, https:\/\/i0.wp.com\/agrund.com\/wp-content\/uploads\/sites\/6\/2015\/04\/Vivaz-12.jpg?resize=682%2C1024&amp;ssl=1 682w\" sizes=\"(max-width: 560px) 100vw, 560px\" data-recalc-dims=\"1\" \/><\/a><p id=\"caption-attachment-126460\" class=\"wp-caption-text\">Minas Trend :: Vivaz primavera-ver\u00e3o 2015\/16<\/p><\/div>\n<div id=\"attachment_126461\" style=\"width: 570px\" class=\"wp-caption aligncenter\"><a href=\"https:\/\/i0.wp.com\/www.agrund.com\/wp-content\/uploads\/sites\/6\/2015\/04\/Vivaz-13.jpg\"><img aria-describedby=\"caption-attachment-126461\" data-attachment-id=\"126461\" data-permalink=\"https:\/\/agrund.com\/index.php\/minas-trend-vivaz-primavera-verao-201516\/vivaz-13\/\" data-orig-file=\"https:\/\/i0.wp.com\/agrund.com\/wp-content\/uploads\/sites\/6\/2015\/04\/Vivaz-13.jpg?fit=799%2C1200&amp;ssl=1\" data-orig-size=\"799,1200\" data-comments-opened=\"1\" data-image-meta=\"{&quot;aperture&quot;:&quot;0&quot;,&quot;credit&quot;:&quot;Ze Takahashi\\\/FOTOSITE&quot;,&quot;camera&quot;:&quot;&quot;,&quot;caption&quot;:&quot;Vivaz\\n\\nMinas Trend - Verao 2016 \\n\\nFoto : Ze Takahashi\\\/ FOTOSITE&quot;,&quot;created_timestamp&quot;:&quot;0&quot;,&quot;copyright&quot;:&quot;FOTOSITE&quot;,&quot;focal_length&quot;:&quot;0&quot;,&quot;iso&quot;:&quot;0&quot;,&quot;shutter_speed&quot;:&quot;0&quot;,&quot;title&quot;:&quot;Vivaz&quot;,&quot;orientation&quot;:&quot;0&quot;}\" data-image-title=\"Minas Trend :: Vivaz primavera-ver\u00e3o 2015\/16\" data-image-description=\"&lt;p&gt;Vivaz&lt;\/p&gt;\n&lt;p&gt;Minas Trend &#8211; Verao 2016 &lt;\/p&gt;\n&lt;p&gt;Foto : Ze Takahashi\/ FOTOSITE&lt;\/p&gt;\n\" data-image-caption=\"&lt;p&gt;Minas Trend :: Vivaz primavera-ver\u00e3o 2015\/16 &lt;\/p&gt;\n\" data-medium-file=\"https:\/\/i0.wp.com\/agrund.com\/wp-content\/uploads\/sites\/6\/2015\/04\/Vivaz-13.jpg?fit=200%2C300&amp;ssl=1\" data-large-file=\"https:\/\/i0.wp.com\/agrund.com\/wp-content\/uploads\/sites\/6\/2015\/04\/Vivaz-13.jpg?fit=682%2C1024&amp;ssl=1\" decoding=\"async\" loading=\"lazy\" class=\"wp-image-126461\" src=\"https:\/\/i0.wp.com\/www.agrund.com\/wp-content\/uploads\/sites\/6\/2015\/04\/Vivaz-13.jpg?resize=560%2C841\" alt=\"Minas Trend :: Vivaz primavera-ver\u00e3o 2015\/16 \" width=\"560\" height=\"841\" srcset=\"https:\/\/i0.wp.com\/agrund.com\/wp-content\/uploads\/sites\/6\/2015\/04\/Vivaz-13.jpg?w=799&amp;ssl=1 799w, https:\/\/i0.wp.com\/agrund.com\/wp-content\/uploads\/sites\/6\/2015\/04\/Vivaz-13.jpg?resize=200%2C300&amp;ssl=1 200w, https:\/\/i0.wp.com\/agrund.com\/wp-content\/uploads\/sites\/6\/2015\/04\/Vivaz-13.jpg?resize=682%2C1024&amp;ssl=1 682w\" sizes=\"(max-width: 560px) 100vw, 560px\" data-recalc-dims=\"1\" \/><\/a><p id=\"caption-attachment-126461\" class=\"wp-caption-text\">Minas Trend :: Vivaz primavera-ver\u00e3o 2015\/16<\/p><\/div>\n<p>Imagens: Divulga\u00e7\u00e3o\/Ag\u00eancia Fotosite.<\/p>\n","protected":false},"excerpt":{"rendered":"<p>A abertura oficial da passarela do Minas Trend ficou a cargo da Vivaz, marca das estilistas Elizabeth, Camila e Isabela Faria que mostraram n\u00e3o s\u00f3 a cole\u00e7\u00e3o principal da etiqueta, como tamb\u00e9m pe\u00e7as da segunda linha da marca, a Viva por Vivaz. Combinando a inspira\u00e7\u00e3o nas jabuticabas com o &#8220;Have Fun Way of Life&#8221; (um [&hellip;]<\/p>\n","protected":false},"author":8,"featured_media":126462,"comment_status":"open","ping_status":"open","sticky":false,"template":"","format":"standard","meta":{"jetpack_post_was_ever_published":false,"_jetpack_newsletter_access":"","jetpack_publicize_message":"A Vivaz aproveitou o Minas Trend para mostrar sua cole\u00e7\u00e3o principal junto da segunda linha da marca, a Viva por Vivaz. Confira o desfile: http:\/\/wp.me\/p3Hz0n-wTu","jetpack_is_tweetstorm":false,"jetpack_publicize_feature_enabled":true,"jetpack_social_post_already_shared":true,"jetpack_social_options":{"image_generator_settings":{"template":"highway","enabled":false}}},"categories":[9],"tags":[],"jetpack_publicize_connections":[],"jetpack_featured_media_url":"https:\/\/i0.wp.com\/agrund.com\/wp-content\/uploads\/sites\/6\/2015\/04\/slidevivaz.jpg?fit=960%2C300&ssl=1","jetpack_sharing_enabled":true,"jetpack_shortlink":"https:\/\/wp.me\/p3Hz0n-wTu","jetpack_likes_enabled":true,"_links":{"self":[{"href":"https:\/\/agrund.com\/index.php\/wp-json\/wp\/v2\/posts\/126448"}],"collection":[{"href":"https:\/\/agrund.com\/index.php\/wp-json\/wp\/v2\/posts"}],"about":[{"href":"https:\/\/agrund.com\/index.php\/wp-json\/wp\/v2\/types\/post"}],"author":[{"embeddable":true,"href":"https:\/\/agrund.com\/index.php\/wp-json\/wp\/v2\/users\/8"}],"replies":[{"embeddable":true,"href":"https:\/\/agrund.com\/index.php\/wp-json\/wp\/v2\/comments?post=126448"}],"version-history":[{"count":0,"href":"https:\/\/agrund.com\/index.php\/wp-json\/wp\/v2\/posts\/126448\/revisions"}],"wp:featuredmedia":[{"embeddable":true,"href":"https:\/\/agrund.com\/index.php\/wp-json\/wp\/v2\/media\/126462"}],"wp:attachment":[{"href":"https:\/\/agrund.com\/index.php\/wp-json\/wp\/v2\/media?parent=126448"}],"wp:term":[{"taxonomy":"category","embeddable":true,"href":"https:\/\/agrund.com\/index.php\/wp-json\/wp\/v2\/categories?post=126448"},{"taxonomy":"post_tag","embeddable":true,"href":"https:\/\/agrund.com\/index.php\/wp-json\/wp\/v2\/tags?post=126448"}],"curies":[{"name":"wp","href":"https:\/\/api.w.org\/{rel}","templated":true}]}}