{"id":126440,"date":"2015-04-07T17:00:16","date_gmt":"2015-04-07T20:00:16","guid":{"rendered":"http:\/\/www.agrund.com\/?p=126440"},"modified":"2015-04-07T17:06:25","modified_gmt":"2015-04-07T20:06:25","slug":"minas-trend-as-novidades-da-primavera-verao-201516","status":"publish","type":"post","link":"https:\/\/agrund.com\/index.php\/minas-trend-as-novidades-da-primavera-verao-201516\/","title":{"rendered":"Minas Trend :: As novidades da primavera-ver\u00e3o 2015\/16"},"content":{"rendered":"<p>Agrund.com desembarcou em Belo Horizonte para o Minas Trend Preview de primavera-ver\u00e3o 2015\/16. E dessa vez o evento est\u00e1 maior do que nunca: com uma megaestrutura armada no Expominas, a 16\u00ba edi\u00e7\u00e3o da feira que celebra a moda mineira consagra o potencial criativo e comercial dessa regi\u00e3o do pa\u00eds, dando mais visibilidade para marcas de diferentes segmentos com destaque para os acess\u00f3rios e a moda festa. Mas n\u00e3o s\u00e3o s\u00f3 os mineiros que est\u00e3o de olho no Minas Trend, viu? Enquanto Patr\u00edcia Bonaldi e Mabel Magalh\u00e3es usam seu nome de peso para atrair a aten\u00e7\u00e3o do pa\u00eds pra c\u00e1, outros estilistas conhecidos j\u00e1 desfilam por aqui, como o Alexandre Herchcovitch.<\/p>\n<p>E quem circular pelo Minas Trend essa temporada n\u00e3o s\u00f3 vai se dividir entre a sala de desfiles e os stands da feira: os convidados s\u00e3o recebidos por duas exposi\u00e7\u00f5es de designers renomadas, sendo uma delas em homengaem \u00e0 Claudia Arbex e outra celebrando os 25 anos de Luiza Barcelos. Enquanto a primeira ganha manequins com colares e outros acess\u00f3rios criados por Claudia em parceria com a Swarovski, a segunda vem com releituras de sapatos famosos de Luiza feitas por membros do coletivo de arte &#8220;Quarto Amado&#8221;. Isso sem falar, \u00e9 claro, nas mostras do SESI SENAI que abrem espa\u00e7o para novos nomes na moda, no Pr\u00eamio Empresa Tend\u00eancia 2015 promovido pela CODEMIG (Companhia de Desenvolvimento do Estado de Minas Gerais) e uma s\u00e9rie de eventos e palestras paralelas que v\u00e3o animar Belo Horizonte at\u00e9 sexta, 10\/04. Veja mais das exposi\u00e7\u00f5es na galeria, confira o line-up do Minas Trend <a href=\"http:\/\/www.agrund.com\/minas-trend-o-line-up-da-primavera-verao-201516\/\" target=\"_blank\">AQUI<\/a> e continue acompanhando o agrund.com para conferir tudo em primeira m\u00e3o!<\/p>\n<div id=\"attachment_126441\" style=\"width: 570px\" class=\"wp-caption aligncenter\"><a href=\"https:\/\/i0.wp.com\/www.agrund.com\/wp-content\/uploads\/sites\/6\/2015\/04\/Claudia-1.jpg\"><img aria-describedby=\"caption-attachment-126441\" data-attachment-id=\"126441\" data-permalink=\"https:\/\/agrund.com\/index.php\/minas-trend-as-novidades-da-primavera-verao-201516\/claudia-1\/\" data-orig-file=\"https:\/\/i0.wp.com\/agrund.com\/wp-content\/uploads\/sites\/6\/2015\/04\/Claudia-1.jpg?fit=1200%2C800&amp;ssl=1\" data-orig-size=\"1200,800\" data-comments-opened=\"1\" data-image-meta=\"{&quot;aperture&quot;:&quot;0&quot;,&quot;credit&quot;:&quot;&quot;,&quot;camera&quot;:&quot;&quot;,&quot;caption&quot;:&quot;&quot;,&quot;created_timestamp&quot;:&quot;0&quot;,&quot;copyright&quot;:&quot;copyright: Barbara  Dutra   barbaradutrafotos@gmail.com&quot;,&quot;focal_length&quot;:&quot;0&quot;,&quot;iso&quot;:&quot;0&quot;,&quot;shutter_speed&quot;:&quot;0&quot;,&quot;title&quot;:&quot;&quot;,&quot;orientation&quot;:&quot;0&quot;}\" data-image-title=\"Claudia 1\" data-image-description=\"\" data-image-caption=\"&lt;p&gt;Claudia Arbex&lt;\/p&gt;\n\" data-medium-file=\"https:\/\/i0.wp.com\/agrund.com\/wp-content\/uploads\/sites\/6\/2015\/04\/Claudia-1.jpg?fit=300%2C200&amp;ssl=1\" data-large-file=\"https:\/\/i0.wp.com\/agrund.com\/wp-content\/uploads\/sites\/6\/2015\/04\/Claudia-1.jpg?fit=1024%2C683&amp;ssl=1\" decoding=\"async\" loading=\"lazy\" class=\"wp-image-126441\" src=\"https:\/\/i0.wp.com\/www.agrund.com\/wp-content\/uploads\/sites\/6\/2015\/04\/Claudia-1.jpg?resize=560%2C373\" alt=\"Claudia Arbex\" width=\"560\" height=\"373\" srcset=\"https:\/\/i0.wp.com\/agrund.com\/wp-content\/uploads\/sites\/6\/2015\/04\/Claudia-1.jpg?w=1200&amp;ssl=1 1200w, https:\/\/i0.wp.com\/agrund.com\/wp-content\/uploads\/sites\/6\/2015\/04\/Claudia-1.jpg?resize=300%2C200&amp;ssl=1 300w, https:\/\/i0.wp.com\/agrund.com\/wp-content\/uploads\/sites\/6\/2015\/04\/Claudia-1.jpg?resize=1024%2C683&amp;ssl=1 1024w\" sizes=\"(max-width: 560px) 100vw, 560px\" data-recalc-dims=\"1\" \/><\/a><p id=\"caption-attachment-126441\" class=\"wp-caption-text\">Claudia Arbex<\/p><\/div>\n<div id=\"attachment_126442\" style=\"width: 570px\" class=\"wp-caption aligncenter\"><a href=\"https:\/\/i0.wp.com\/www.agrund.com\/wp-content\/uploads\/sites\/6\/2015\/04\/Claudia-2.jpg\"><img aria-describedby=\"caption-attachment-126442\" data-attachment-id=\"126442\" data-permalink=\"https:\/\/agrund.com\/index.php\/minas-trend-as-novidades-da-primavera-verao-201516\/claudia-2\/\" data-orig-file=\"https:\/\/i0.wp.com\/agrund.com\/wp-content\/uploads\/sites\/6\/2015\/04\/Claudia-2.jpg?fit=1200%2C800&amp;ssl=1\" data-orig-size=\"1200,800\" data-comments-opened=\"1\" data-image-meta=\"{&quot;aperture&quot;:&quot;0&quot;,&quot;credit&quot;:&quot;&quot;,&quot;camera&quot;:&quot;&quot;,&quot;caption&quot;:&quot;&quot;,&quot;created_timestamp&quot;:&quot;0&quot;,&quot;copyright&quot;:&quot;copyright: Barbara  Dutra   barbaradutrafotos@gmail.com&quot;,&quot;focal_length&quot;:&quot;0&quot;,&quot;iso&quot;:&quot;0&quot;,&quot;shutter_speed&quot;:&quot;0&quot;,&quot;title&quot;:&quot;&quot;,&quot;orientation&quot;:&quot;0&quot;}\" data-image-title=\"Claudia 2\" data-image-description=\"\" data-image-caption=\"&lt;p&gt;Claudia Arbex&lt;\/p&gt;\n\" data-medium-file=\"https:\/\/i0.wp.com\/agrund.com\/wp-content\/uploads\/sites\/6\/2015\/04\/Claudia-2.jpg?fit=300%2C200&amp;ssl=1\" data-large-file=\"https:\/\/i0.wp.com\/agrund.com\/wp-content\/uploads\/sites\/6\/2015\/04\/Claudia-2.jpg?fit=1024%2C683&amp;ssl=1\" decoding=\"async\" loading=\"lazy\" class=\"wp-image-126442\" src=\"https:\/\/i0.wp.com\/www.agrund.com\/wp-content\/uploads\/sites\/6\/2015\/04\/Claudia-2.jpg?resize=560%2C373\" alt=\"Claudia Arbex\" width=\"560\" height=\"373\" srcset=\"https:\/\/i0.wp.com\/agrund.com\/wp-content\/uploads\/sites\/6\/2015\/04\/Claudia-2.jpg?w=1200&amp;ssl=1 1200w, https:\/\/i0.wp.com\/agrund.com\/wp-content\/uploads\/sites\/6\/2015\/04\/Claudia-2.jpg?resize=300%2C200&amp;ssl=1 300w, https:\/\/i0.wp.com\/agrund.com\/wp-content\/uploads\/sites\/6\/2015\/04\/Claudia-2.jpg?resize=1024%2C683&amp;ssl=1 1024w\" sizes=\"(max-width: 560px) 100vw, 560px\" data-recalc-dims=\"1\" \/><\/a><p id=\"caption-attachment-126442\" class=\"wp-caption-text\">Claudia Arbex<\/p><\/div>\n<div id=\"attachment_126443\" style=\"width: 570px\" class=\"wp-caption aligncenter\"><a href=\"https:\/\/i0.wp.com\/www.agrund.com\/wp-content\/uploads\/sites\/6\/2015\/04\/Claudia-3.jpg\"><img aria-describedby=\"caption-attachment-126443\" data-attachment-id=\"126443\" data-permalink=\"https:\/\/agrund.com\/index.php\/minas-trend-as-novidades-da-primavera-verao-201516\/claudia-3\/\" data-orig-file=\"https:\/\/i0.wp.com\/agrund.com\/wp-content\/uploads\/sites\/6\/2015\/04\/Claudia-3.jpg?fit=1200%2C800&amp;ssl=1\" data-orig-size=\"1200,800\" data-comments-opened=\"1\" data-image-meta=\"{&quot;aperture&quot;:&quot;0&quot;,&quot;credit&quot;:&quot;&quot;,&quot;camera&quot;:&quot;&quot;,&quot;caption&quot;:&quot;&quot;,&quot;created_timestamp&quot;:&quot;0&quot;,&quot;copyright&quot;:&quot;copyright: Barbara  Dutra   barbaradutrafotos@gmail.com&quot;,&quot;focal_length&quot;:&quot;0&quot;,&quot;iso&quot;:&quot;0&quot;,&quot;shutter_speed&quot;:&quot;0&quot;,&quot;title&quot;:&quot;&quot;,&quot;orientation&quot;:&quot;0&quot;}\" data-image-title=\"Claudia Arbex\" data-image-description=\"\" data-image-caption=\"&lt;p&gt;Claudia Arbex&lt;\/p&gt;\n\" data-medium-file=\"https:\/\/i0.wp.com\/agrund.com\/wp-content\/uploads\/sites\/6\/2015\/04\/Claudia-3.jpg?fit=300%2C200&amp;ssl=1\" data-large-file=\"https:\/\/i0.wp.com\/agrund.com\/wp-content\/uploads\/sites\/6\/2015\/04\/Claudia-3.jpg?fit=1024%2C683&amp;ssl=1\" decoding=\"async\" loading=\"lazy\" class=\"wp-image-126443\" src=\"https:\/\/i0.wp.com\/www.agrund.com\/wp-content\/uploads\/sites\/6\/2015\/04\/Claudia-3.jpg?resize=560%2C373\" alt=\"Claudia Arbex\" width=\"560\" height=\"373\" srcset=\"https:\/\/i0.wp.com\/agrund.com\/wp-content\/uploads\/sites\/6\/2015\/04\/Claudia-3.jpg?w=1200&amp;ssl=1 1200w, https:\/\/i0.wp.com\/agrund.com\/wp-content\/uploads\/sites\/6\/2015\/04\/Claudia-3.jpg?resize=300%2C200&amp;ssl=1 300w, https:\/\/i0.wp.com\/agrund.com\/wp-content\/uploads\/sites\/6\/2015\/04\/Claudia-3.jpg?resize=1024%2C683&amp;ssl=1 1024w\" sizes=\"(max-width: 560px) 100vw, 560px\" data-recalc-dims=\"1\" \/><\/a><p id=\"caption-attachment-126443\" class=\"wp-caption-text\">Claudia Arbex<\/p><\/div>\n<div id=\"attachment_126445\" style=\"width: 570px\" class=\"wp-caption aligncenter\"><a href=\"https:\/\/i0.wp.com\/www.agrund.com\/wp-content\/uploads\/sites\/6\/2015\/04\/Luiza-2.jpg\"><img aria-describedby=\"caption-attachment-126445\" data-attachment-id=\"126445\" data-permalink=\"https:\/\/agrund.com\/index.php\/minas-trend-as-novidades-da-primavera-verao-201516\/luiza-2\/\" data-orig-file=\"https:\/\/i0.wp.com\/agrund.com\/wp-content\/uploads\/sites\/6\/2015\/04\/Luiza-2.jpg?fit=1200%2C800&amp;ssl=1\" data-orig-size=\"1200,800\" data-comments-opened=\"1\" data-image-meta=\"{&quot;aperture&quot;:&quot;0&quot;,&quot;credit&quot;:&quot;&quot;,&quot;camera&quot;:&quot;&quot;,&quot;caption&quot;:&quot;&quot;,&quot;created_timestamp&quot;:&quot;0&quot;,&quot;copyright&quot;:&quot;copyright: Barbara  Dutra   barbaradutrafotos@gmail.com&quot;,&quot;focal_length&quot;:&quot;0&quot;,&quot;iso&quot;:&quot;0&quot;,&quot;shutter_speed&quot;:&quot;0&quot;,&quot;title&quot;:&quot;&quot;,&quot;orientation&quot;:&quot;0&quot;}\" data-image-title=\"Luiza 2\" data-image-description=\"\" data-image-caption=\"&lt;p&gt;Luiza Barcelos&lt;\/p&gt;\n\" data-medium-file=\"https:\/\/i0.wp.com\/agrund.com\/wp-content\/uploads\/sites\/6\/2015\/04\/Luiza-2.jpg?fit=300%2C200&amp;ssl=1\" data-large-file=\"https:\/\/i0.wp.com\/agrund.com\/wp-content\/uploads\/sites\/6\/2015\/04\/Luiza-2.jpg?fit=1024%2C683&amp;ssl=1\" decoding=\"async\" loading=\"lazy\" class=\"wp-image-126445\" src=\"https:\/\/i0.wp.com\/www.agrund.com\/wp-content\/uploads\/sites\/6\/2015\/04\/Luiza-2.jpg?resize=560%2C373\" alt=\"Luiza Barcelos\" width=\"560\" height=\"373\" srcset=\"https:\/\/i0.wp.com\/agrund.com\/wp-content\/uploads\/sites\/6\/2015\/04\/Luiza-2.jpg?w=1200&amp;ssl=1 1200w, https:\/\/i0.wp.com\/agrund.com\/wp-content\/uploads\/sites\/6\/2015\/04\/Luiza-2.jpg?resize=300%2C200&amp;ssl=1 300w, https:\/\/i0.wp.com\/agrund.com\/wp-content\/uploads\/sites\/6\/2015\/04\/Luiza-2.jpg?resize=1024%2C683&amp;ssl=1 1024w\" sizes=\"(max-width: 560px) 100vw, 560px\" data-recalc-dims=\"1\" \/><\/a><p id=\"caption-attachment-126445\" class=\"wp-caption-text\">Luiza Barcelos<\/p><\/div>\n<p>&nbsp;<\/p>\n<div id=\"attachment_126444\" style=\"width: 570px\" class=\"wp-caption aligncenter\"><a href=\"https:\/\/i0.wp.com\/www.agrund.com\/wp-content\/uploads\/sites\/6\/2015\/04\/Luiza-1.jpg\"><img aria-describedby=\"caption-attachment-126444\" data-attachment-id=\"126444\" data-permalink=\"https:\/\/agrund.com\/index.php\/minas-trend-as-novidades-da-primavera-verao-201516\/luiza-1\/\" data-orig-file=\"https:\/\/i0.wp.com\/agrund.com\/wp-content\/uploads\/sites\/6\/2015\/04\/Luiza-1.jpg?fit=1200%2C800&amp;ssl=1\" data-orig-size=\"1200,800\" data-comments-opened=\"1\" data-image-meta=\"{&quot;aperture&quot;:&quot;0&quot;,&quot;credit&quot;:&quot;&quot;,&quot;camera&quot;:&quot;&quot;,&quot;caption&quot;:&quot;&quot;,&quot;created_timestamp&quot;:&quot;0&quot;,&quot;copyright&quot;:&quot;copyright: Barbara  Dutra   barbaradutrafotos@gmail.com&quot;,&quot;focal_length&quot;:&quot;0&quot;,&quot;iso&quot;:&quot;0&quot;,&quot;shutter_speed&quot;:&quot;0&quot;,&quot;title&quot;:&quot;&quot;,&quot;orientation&quot;:&quot;0&quot;}\" data-image-title=\"Luiza 1\" data-image-description=\"\" data-image-caption=\"&lt;p&gt;Luiza Barcelos&lt;\/p&gt;\n\" data-medium-file=\"https:\/\/i0.wp.com\/agrund.com\/wp-content\/uploads\/sites\/6\/2015\/04\/Luiza-1.jpg?fit=300%2C200&amp;ssl=1\" data-large-file=\"https:\/\/i0.wp.com\/agrund.com\/wp-content\/uploads\/sites\/6\/2015\/04\/Luiza-1.jpg?fit=1024%2C683&amp;ssl=1\" decoding=\"async\" loading=\"lazy\" class=\"wp-image-126444\" src=\"https:\/\/i0.wp.com\/www.agrund.com\/wp-content\/uploads\/sites\/6\/2015\/04\/Luiza-1.jpg?resize=560%2C373\" alt=\"Luiza Barcelos\" width=\"560\" height=\"373\" srcset=\"https:\/\/i0.wp.com\/agrund.com\/wp-content\/uploads\/sites\/6\/2015\/04\/Luiza-1.jpg?w=1200&amp;ssl=1 1200w, https:\/\/i0.wp.com\/agrund.com\/wp-content\/uploads\/sites\/6\/2015\/04\/Luiza-1.jpg?resize=300%2C200&amp;ssl=1 300w, https:\/\/i0.wp.com\/agrund.com\/wp-content\/uploads\/sites\/6\/2015\/04\/Luiza-1.jpg?resize=1024%2C683&amp;ssl=1 1024w\" sizes=\"(max-width: 560px) 100vw, 560px\" data-recalc-dims=\"1\" \/><\/a><p id=\"caption-attachment-126444\" class=\"wp-caption-text\">Luiza Barcelos<\/p><\/div>\n<p>Imagens: Divulga\u00e7\u00e3o\/Ag\u00eancia Fotosite.<\/p>\n","protected":false},"excerpt":{"rendered":"<p>Agrund.com desembarcou em Belo Horizonte para o Minas Trend Preview de primavera-ver\u00e3o 2015\/16. E dessa vez o evento est\u00e1 maior do que nunca: com uma megaestrutura armada no Expominas, a 16\u00ba edi\u00e7\u00e3o da feira que celebra a moda mineira consagra o potencial criativo e comercial dessa regi\u00e3o do pa\u00eds, dando mais visibilidade para marcas de [&hellip;]<\/p>\n","protected":false},"author":8,"featured_media":126446,"comment_status":"open","ping_status":"open","sticky":false,"template":"","format":"standard","meta":{"jetpack_post_was_ever_published":false,"_jetpack_newsletter_access":"","jetpack_publicize_message":"Essa edi\u00e7\u00e3o do Minas Trend est\u00e1 cheia de desfiles, exposi\u00e7\u00f5es e palestras pra quem ama moda. Fique por dentro do evento: http:\/\/wp.me\/p3Hz0n-wTm","jetpack_is_tweetstorm":false,"jetpack_publicize_feature_enabled":true,"jetpack_social_post_already_shared":true,"jetpack_social_options":{"image_generator_settings":{"template":"highway","enabled":false}}},"categories":[9],"tags":[],"jetpack_publicize_connections":[],"jetpack_featured_media_url":"https:\/\/i0.wp.com\/agrund.com\/wp-content\/uploads\/sites\/6\/2015\/04\/slideminasm.jpg?fit=960%2C300&ssl=1","jetpack_sharing_enabled":true,"jetpack_shortlink":"https:\/\/wp.me\/p3Hz0n-wTm","jetpack_likes_enabled":true,"_links":{"self":[{"href":"https:\/\/agrund.com\/index.php\/wp-json\/wp\/v2\/posts\/126440"}],"collection":[{"href":"https:\/\/agrund.com\/index.php\/wp-json\/wp\/v2\/posts"}],"about":[{"href":"https:\/\/agrund.com\/index.php\/wp-json\/wp\/v2\/types\/post"}],"author":[{"embeddable":true,"href":"https:\/\/agrund.com\/index.php\/wp-json\/wp\/v2\/users\/8"}],"replies":[{"embeddable":true,"href":"https:\/\/agrund.com\/index.php\/wp-json\/wp\/v2\/comments?post=126440"}],"version-history":[{"count":0,"href":"https:\/\/agrund.com\/index.php\/wp-json\/wp\/v2\/posts\/126440\/revisions"}],"wp:featuredmedia":[{"embeddable":true,"href":"https:\/\/agrund.com\/index.php\/wp-json\/wp\/v2\/media\/126446"}],"wp:attachment":[{"href":"https:\/\/agrund.com\/index.php\/wp-json\/wp\/v2\/media?parent=126440"}],"wp:term":[{"taxonomy":"category","embeddable":true,"href":"https:\/\/agrund.com\/index.php\/wp-json\/wp\/v2\/categories?post=126440"},{"taxonomy":"post_tag","embeddable":true,"href":"https:\/\/agrund.com\/index.php\/wp-json\/wp\/v2\/tags?post=126440"}],"curies":[{"name":"wp","href":"https:\/\/api.w.org\/{rel}","templated":true}]}}