{"id":126425,"date":"2015-04-07T14:00:02","date_gmt":"2015-04-07T17:00:02","guid":{"rendered":"http:\/\/www.agrund.com\/?p=126425"},"modified":"2015-04-07T14:00:14","modified_gmt":"2015-04-07T17:00:14","slug":"minas-trend-clima-tropical-marca-o-desfile-de-abertura","status":"publish","type":"post","link":"https:\/\/agrund.com\/index.php\/minas-trend-clima-tropical-marca-o-desfile-de-abertura\/","title":{"rendered":"Minas Trend :: Clima tropical marca o desfile de abertura"},"content":{"rendered":"<p>J\u00e1 \u00e9 tradi\u00e7\u00e3o: a cada edi\u00e7\u00e3o do Minas Trend rola um megadesfile com pe\u00e7as de diversas marcas orquestradas sob o olhar afiado de Paulo Martinez no styling \u2013 tudo a fim de dar vida ao tema do evento e abrir a passarela mineira para os dois dias de apresenta\u00e7\u00f5es das cole\u00e7\u00f5es de diversas marcas. Dessa vez, buscando traduzir o lema &#8220;Viva Ciclicamente&#8221; (uma escolha que demonstra o otimismo do segmento de moda em renovar-se e manter-se forte frente ao atual cen\u00e1rio econ\u00f4mico do pa\u00eds), Paulo pareceu ter procurado refer\u00eancias em diferentes d\u00e9cadas a fim de juntar tudo em 36 looks que deixam um perfume tropical no ar, ora com cara de balne\u00e1rio, ora resgatando o glamour das divas dos anos 1940 e 1950 combinado com anabelas de corda, chap\u00e9us e ant\u00farios em uma cartela de cores baseada no amarelo, no laranja e no vermelho.<\/p>\n<p>Quer mais? O casting ainda contou com nomes como Daiane Conterato, Cris Herrmann, Drielly Oliveira, Clarice Vitkauskas, Bruna Ludtke e Fabi Mayer \u2013 modelos brasileiras que ganharam o mundo. Veja na galeria:<\/p>\n<div id=\"attachment_126426\" style=\"width: 560px\" class=\"wp-caption aligncenter\"><a href=\"https:\/\/i0.wp.com\/www.agrund.com\/wp-content\/uploads\/sites\/6\/2015\/04\/Abertura-1.jpg\"><img aria-describedby=\"caption-attachment-126426\" data-attachment-id=\"126426\" data-permalink=\"https:\/\/agrund.com\/index.php\/minas-trend-clima-tropical-marca-o-desfile-de-abertura\/abertura-1\/\" data-orig-file=\"https:\/\/i0.wp.com\/agrund.com\/wp-content\/uploads\/sites\/6\/2015\/04\/Abertura-1.jpg?fit=799%2C1200&amp;ssl=1\" data-orig-size=\"799,1200\" data-comments-opened=\"1\" data-image-meta=\"{&quot;aperture&quot;:&quot;0&quot;,&quot;credit&quot;:&quot;&quot;,&quot;camera&quot;:&quot;&quot;,&quot;caption&quot;:&quot;&quot;,&quot;created_timestamp&quot;:&quot;0&quot;,&quot;copyright&quot;:&quot;&quot;,&quot;focal_length&quot;:&quot;0&quot;,&quot;iso&quot;:&quot;0&quot;,&quot;shutter_speed&quot;:&quot;0&quot;,&quot;title&quot;:&quot;&quot;,&quot;orientation&quot;:&quot;0&quot;}\" data-image-title=\"Minas Trend :: Clima tropical marca o desfile de abertura\" data-image-description=\"\" data-image-caption=\"&lt;p&gt;Minas Trend :: Clima tropical marca o desfile de abertura &lt;\/p&gt;\n\" data-medium-file=\"https:\/\/i0.wp.com\/agrund.com\/wp-content\/uploads\/sites\/6\/2015\/04\/Abertura-1.jpg?fit=200%2C300&amp;ssl=1\" data-large-file=\"https:\/\/i0.wp.com\/agrund.com\/wp-content\/uploads\/sites\/6\/2015\/04\/Abertura-1.jpg?fit=682%2C1024&amp;ssl=1\" decoding=\"async\" loading=\"lazy\" class=\"wp-image-126426\" src=\"https:\/\/i0.wp.com\/www.agrund.com\/wp-content\/uploads\/sites\/6\/2015\/04\/Abertura-1.jpg?resize=550%2C826\" alt=\"Minas Trend :: Clima tropical marca o desfile de abertura \" width=\"550\" height=\"826\" srcset=\"https:\/\/i0.wp.com\/agrund.com\/wp-content\/uploads\/sites\/6\/2015\/04\/Abertura-1.jpg?w=799&amp;ssl=1 799w, https:\/\/i0.wp.com\/agrund.com\/wp-content\/uploads\/sites\/6\/2015\/04\/Abertura-1.jpg?resize=200%2C300&amp;ssl=1 200w, https:\/\/i0.wp.com\/agrund.com\/wp-content\/uploads\/sites\/6\/2015\/04\/Abertura-1.jpg?resize=682%2C1024&amp;ssl=1 682w\" sizes=\"(max-width: 550px) 100vw, 550px\" data-recalc-dims=\"1\" \/><\/a><p id=\"caption-attachment-126426\" class=\"wp-caption-text\">Minas Trend :: Clima tropical marca o desfile de abertura<\/p><\/div>\n<div id=\"attachment_126427\" style=\"width: 560px\" class=\"wp-caption aligncenter\"><a href=\"https:\/\/i0.wp.com\/www.agrund.com\/wp-content\/uploads\/sites\/6\/2015\/04\/Abertura-2.jpg\"><img aria-describedby=\"caption-attachment-126427\" data-attachment-id=\"126427\" data-permalink=\"https:\/\/agrund.com\/index.php\/minas-trend-clima-tropical-marca-o-desfile-de-abertura\/abertura\/\" data-orig-file=\"https:\/\/i0.wp.com\/agrund.com\/wp-content\/uploads\/sites\/6\/2015\/04\/Abertura-2.jpg?fit=799%2C1200&amp;ssl=1\" data-orig-size=\"799,1200\" data-comments-opened=\"1\" data-image-meta=\"{&quot;aperture&quot;:&quot;0&quot;,&quot;credit&quot;:&quot;Ze Takahashi\\\/FOTOSITE&quot;,&quot;camera&quot;:&quot;&quot;,&quot;caption&quot;:&quot;Abertura\\n\\nMinas Trend - Verao 2016 \\n\\nFoto : Ze Takahashi\\\/ FOTOSITE&quot;,&quot;created_timestamp&quot;:&quot;0&quot;,&quot;copyright&quot;:&quot;FOTOSITE&quot;,&quot;focal_length&quot;:&quot;0&quot;,&quot;iso&quot;:&quot;0&quot;,&quot;shutter_speed&quot;:&quot;0&quot;,&quot;title&quot;:&quot;Abertura&quot;,&quot;orientation&quot;:&quot;0&quot;}\" data-image-title=\"Minas Trend :: Clima tropical marca o desfile de abertura\" data-image-description=\"&lt;p&gt;Abertura&lt;\/p&gt;\n&lt;p&gt;Minas Trend &#8211; Verao 2016 &lt;\/p&gt;\n&lt;p&gt;Foto : Ze Takahashi\/ FOTOSITE&lt;\/p&gt;\n\" data-image-caption=\"&lt;p&gt;Minas Trend :: Clima tropical marca o desfile de abertura &lt;\/p&gt;\n\" data-medium-file=\"https:\/\/i0.wp.com\/agrund.com\/wp-content\/uploads\/sites\/6\/2015\/04\/Abertura-2.jpg?fit=200%2C300&amp;ssl=1\" data-large-file=\"https:\/\/i0.wp.com\/agrund.com\/wp-content\/uploads\/sites\/6\/2015\/04\/Abertura-2.jpg?fit=682%2C1024&amp;ssl=1\" decoding=\"async\" loading=\"lazy\" class=\"wp-image-126427\" src=\"https:\/\/i0.wp.com\/www.agrund.com\/wp-content\/uploads\/sites\/6\/2015\/04\/Abertura-2.jpg?resize=550%2C826\" alt=\"Minas Trend :: Clima tropical marca o desfile de abertura \" width=\"550\" height=\"826\" srcset=\"https:\/\/i0.wp.com\/agrund.com\/wp-content\/uploads\/sites\/6\/2015\/04\/Abertura-2.jpg?w=799&amp;ssl=1 799w, https:\/\/i0.wp.com\/agrund.com\/wp-content\/uploads\/sites\/6\/2015\/04\/Abertura-2.jpg?resize=200%2C300&amp;ssl=1 200w, https:\/\/i0.wp.com\/agrund.com\/wp-content\/uploads\/sites\/6\/2015\/04\/Abertura-2.jpg?resize=682%2C1024&amp;ssl=1 682w\" sizes=\"(max-width: 550px) 100vw, 550px\" data-recalc-dims=\"1\" \/><\/a><p id=\"caption-attachment-126427\" class=\"wp-caption-text\">Minas Trend :: Clima tropical marca o desfile de abertura<\/p><\/div>\n<div id=\"attachment_126428\" style=\"width: 560px\" class=\"wp-caption aligncenter\"><a href=\"https:\/\/i0.wp.com\/www.agrund.com\/wp-content\/uploads\/sites\/6\/2015\/04\/Abertura-3.jpg\"><img aria-describedby=\"caption-attachment-126428\" data-attachment-id=\"126428\" data-permalink=\"https:\/\/agrund.com\/index.php\/minas-trend-clima-tropical-marca-o-desfile-de-abertura\/abertura-2\/\" data-orig-file=\"https:\/\/i0.wp.com\/agrund.com\/wp-content\/uploads\/sites\/6\/2015\/04\/Abertura-3.jpg?fit=799%2C1200&amp;ssl=1\" data-orig-size=\"799,1200\" data-comments-opened=\"1\" data-image-meta=\"{&quot;aperture&quot;:&quot;0&quot;,&quot;credit&quot;:&quot;Ze Takahashi\\\/FOTOSITE&quot;,&quot;camera&quot;:&quot;&quot;,&quot;caption&quot;:&quot;Abertura\\n\\nMinas Trend - Verao 2016 \\n\\nFoto : Ze Takahashi\\\/ FOTOSITE&quot;,&quot;created_timestamp&quot;:&quot;0&quot;,&quot;copyright&quot;:&quot;FOTOSITE&quot;,&quot;focal_length&quot;:&quot;0&quot;,&quot;iso&quot;:&quot;0&quot;,&quot;shutter_speed&quot;:&quot;0&quot;,&quot;title&quot;:&quot;Abertura&quot;,&quot;orientation&quot;:&quot;0&quot;}\" data-image-title=\"Minas Trend :: Clima tropical marca o desfile de abertura\" data-image-description=\"&lt;p&gt;Abertura&lt;\/p&gt;\n&lt;p&gt;Minas Trend &#8211; Verao 2016 &lt;\/p&gt;\n&lt;p&gt;Foto : Ze Takahashi\/ FOTOSITE&lt;\/p&gt;\n\" data-image-caption=\"&lt;p&gt;Minas Trend :: Clima tropical marca o desfile de abertura &lt;\/p&gt;\n\" data-medium-file=\"https:\/\/i0.wp.com\/agrund.com\/wp-content\/uploads\/sites\/6\/2015\/04\/Abertura-3.jpg?fit=200%2C300&amp;ssl=1\" data-large-file=\"https:\/\/i0.wp.com\/agrund.com\/wp-content\/uploads\/sites\/6\/2015\/04\/Abertura-3.jpg?fit=682%2C1024&amp;ssl=1\" decoding=\"async\" loading=\"lazy\" class=\"wp-image-126428\" src=\"https:\/\/i0.wp.com\/www.agrund.com\/wp-content\/uploads\/sites\/6\/2015\/04\/Abertura-3.jpg?resize=550%2C826\" alt=\"Minas Trend :: Clima tropical marca o desfile de abertura \" width=\"550\" height=\"826\" srcset=\"https:\/\/i0.wp.com\/agrund.com\/wp-content\/uploads\/sites\/6\/2015\/04\/Abertura-3.jpg?w=799&amp;ssl=1 799w, https:\/\/i0.wp.com\/agrund.com\/wp-content\/uploads\/sites\/6\/2015\/04\/Abertura-3.jpg?resize=200%2C300&amp;ssl=1 200w, https:\/\/i0.wp.com\/agrund.com\/wp-content\/uploads\/sites\/6\/2015\/04\/Abertura-3.jpg?resize=682%2C1024&amp;ssl=1 682w\" sizes=\"(max-width: 550px) 100vw, 550px\" data-recalc-dims=\"1\" \/><\/a><p id=\"caption-attachment-126428\" class=\"wp-caption-text\">Minas Trend :: Clima tropical marca o desfile de abertura<\/p><\/div>\n<div id=\"attachment_126429\" style=\"width: 560px\" class=\"wp-caption aligncenter\"><a href=\"https:\/\/i0.wp.com\/www.agrund.com\/wp-content\/uploads\/sites\/6\/2015\/04\/Abertura-4.jpg\"><img aria-describedby=\"caption-attachment-126429\" data-attachment-id=\"126429\" data-permalink=\"https:\/\/agrund.com\/index.php\/minas-trend-clima-tropical-marca-o-desfile-de-abertura\/abertura-3\/\" data-orig-file=\"https:\/\/i0.wp.com\/agrund.com\/wp-content\/uploads\/sites\/6\/2015\/04\/Abertura-4.jpg?fit=799%2C1200&amp;ssl=1\" data-orig-size=\"799,1200\" data-comments-opened=\"1\" data-image-meta=\"{&quot;aperture&quot;:&quot;0&quot;,&quot;credit&quot;:&quot;Ze Takahashi\\\/FOTOSITE&quot;,&quot;camera&quot;:&quot;&quot;,&quot;caption&quot;:&quot;Abertura\\n\\nMinas Trend - Verao 2016 \\n\\nFoto : Ze Takahashi\\\/ FOTOSITE&quot;,&quot;created_timestamp&quot;:&quot;0&quot;,&quot;copyright&quot;:&quot;FOTOSITE&quot;,&quot;focal_length&quot;:&quot;0&quot;,&quot;iso&quot;:&quot;0&quot;,&quot;shutter_speed&quot;:&quot;0&quot;,&quot;title&quot;:&quot;Abertura&quot;,&quot;orientation&quot;:&quot;0&quot;}\" data-image-title=\"Minas Trend :: Clima tropical marca o desfile de abertura\" data-image-description=\"&lt;p&gt;Abertura&lt;\/p&gt;\n&lt;p&gt;Minas Trend &#8211; Verao 2016 &lt;\/p&gt;\n&lt;p&gt;Foto : Ze Takahashi\/ FOTOSITE&lt;\/p&gt;\n\" data-image-caption=\"&lt;p&gt;Minas Trend :: Clima tropical marca o desfile de abertura &lt;\/p&gt;\n\" data-medium-file=\"https:\/\/i0.wp.com\/agrund.com\/wp-content\/uploads\/sites\/6\/2015\/04\/Abertura-4.jpg?fit=200%2C300&amp;ssl=1\" data-large-file=\"https:\/\/i0.wp.com\/agrund.com\/wp-content\/uploads\/sites\/6\/2015\/04\/Abertura-4.jpg?fit=682%2C1024&amp;ssl=1\" decoding=\"async\" loading=\"lazy\" class=\"wp-image-126429\" src=\"https:\/\/i0.wp.com\/www.agrund.com\/wp-content\/uploads\/sites\/6\/2015\/04\/Abertura-4.jpg?resize=550%2C826\" alt=\"Minas Trend :: Clima tropical marca o desfile de abertura \" width=\"550\" height=\"826\" srcset=\"https:\/\/i0.wp.com\/agrund.com\/wp-content\/uploads\/sites\/6\/2015\/04\/Abertura-4.jpg?w=799&amp;ssl=1 799w, https:\/\/i0.wp.com\/agrund.com\/wp-content\/uploads\/sites\/6\/2015\/04\/Abertura-4.jpg?resize=200%2C300&amp;ssl=1 200w, https:\/\/i0.wp.com\/agrund.com\/wp-content\/uploads\/sites\/6\/2015\/04\/Abertura-4.jpg?resize=682%2C1024&amp;ssl=1 682w\" sizes=\"(max-width: 550px) 100vw, 550px\" data-recalc-dims=\"1\" \/><\/a><p id=\"caption-attachment-126429\" class=\"wp-caption-text\">Minas Trend :: Clima tropical marca o desfile de abertura<\/p><\/div>\n<div id=\"attachment_126430\" style=\"width: 560px\" class=\"wp-caption aligncenter\"><a href=\"https:\/\/i0.wp.com\/www.agrund.com\/wp-content\/uploads\/sites\/6\/2015\/04\/Abertura-5.jpg\"><img aria-describedby=\"caption-attachment-126430\" data-attachment-id=\"126430\" data-permalink=\"https:\/\/agrund.com\/index.php\/minas-trend-clima-tropical-marca-o-desfile-de-abertura\/abertura-4\/\" data-orig-file=\"https:\/\/i0.wp.com\/agrund.com\/wp-content\/uploads\/sites\/6\/2015\/04\/Abertura-5.jpg?fit=799%2C1200&amp;ssl=1\" data-orig-size=\"799,1200\" data-comments-opened=\"1\" data-image-meta=\"{&quot;aperture&quot;:&quot;0&quot;,&quot;credit&quot;:&quot;Ze Takahashi\\\/FOTOSITE&quot;,&quot;camera&quot;:&quot;&quot;,&quot;caption&quot;:&quot;Abertura\\n\\nMinas Trend - Verao 2016 \\n\\nFoto : Ze Takahashi\\\/ FOTOSITE&quot;,&quot;created_timestamp&quot;:&quot;0&quot;,&quot;copyright&quot;:&quot;FOTOSITE&quot;,&quot;focal_length&quot;:&quot;0&quot;,&quot;iso&quot;:&quot;0&quot;,&quot;shutter_speed&quot;:&quot;0&quot;,&quot;title&quot;:&quot;Abertura&quot;,&quot;orientation&quot;:&quot;0&quot;}\" data-image-title=\"Minas Trend :: Clima tropical marca o desfile de abertura\" data-image-description=\"&lt;p&gt;Abertura&lt;\/p&gt;\n&lt;p&gt;Minas Trend &#8211; Verao 2016 &lt;\/p&gt;\n&lt;p&gt;Foto : Ze Takahashi\/ FOTOSITE&lt;\/p&gt;\n\" data-image-caption=\"&lt;p&gt;Minas Trend :: Clima tropical marca o desfile de abertura &lt;\/p&gt;\n\" data-medium-file=\"https:\/\/i0.wp.com\/agrund.com\/wp-content\/uploads\/sites\/6\/2015\/04\/Abertura-5.jpg?fit=200%2C300&amp;ssl=1\" data-large-file=\"https:\/\/i0.wp.com\/agrund.com\/wp-content\/uploads\/sites\/6\/2015\/04\/Abertura-5.jpg?fit=682%2C1024&amp;ssl=1\" decoding=\"async\" loading=\"lazy\" class=\"wp-image-126430\" src=\"https:\/\/i0.wp.com\/www.agrund.com\/wp-content\/uploads\/sites\/6\/2015\/04\/Abertura-5.jpg?resize=550%2C826\" alt=\"Minas Trend :: Clima tropical marca o desfile de abertura \" width=\"550\" height=\"826\" srcset=\"https:\/\/i0.wp.com\/agrund.com\/wp-content\/uploads\/sites\/6\/2015\/04\/Abertura-5.jpg?w=799&amp;ssl=1 799w, https:\/\/i0.wp.com\/agrund.com\/wp-content\/uploads\/sites\/6\/2015\/04\/Abertura-5.jpg?resize=200%2C300&amp;ssl=1 200w, https:\/\/i0.wp.com\/agrund.com\/wp-content\/uploads\/sites\/6\/2015\/04\/Abertura-5.jpg?resize=682%2C1024&amp;ssl=1 682w\" sizes=\"(max-width: 550px) 100vw, 550px\" data-recalc-dims=\"1\" \/><\/a><p id=\"caption-attachment-126430\" class=\"wp-caption-text\">Minas Trend :: Clima tropical marca o desfile de abertura<\/p><\/div>\n<div id=\"attachment_126431\" style=\"width: 560px\" class=\"wp-caption aligncenter\"><a href=\"https:\/\/i0.wp.com\/www.agrund.com\/wp-content\/uploads\/sites\/6\/2015\/04\/Abertura-6.jpg\"><img aria-describedby=\"caption-attachment-126431\" data-attachment-id=\"126431\" data-permalink=\"https:\/\/agrund.com\/index.php\/minas-trend-clima-tropical-marca-o-desfile-de-abertura\/abertura-5\/\" data-orig-file=\"https:\/\/i0.wp.com\/agrund.com\/wp-content\/uploads\/sites\/6\/2015\/04\/Abertura-6.jpg?fit=799%2C1200&amp;ssl=1\" data-orig-size=\"799,1200\" data-comments-opened=\"1\" data-image-meta=\"{&quot;aperture&quot;:&quot;0&quot;,&quot;credit&quot;:&quot;Ze Takahashi\\\/FOTOSITE&quot;,&quot;camera&quot;:&quot;&quot;,&quot;caption&quot;:&quot;Abertura\\n\\nMinas Trend - Verao 2016 \\n\\nFoto : Ze Takahashi\\\/ FOTOSITE&quot;,&quot;created_timestamp&quot;:&quot;0&quot;,&quot;copyright&quot;:&quot;FOTOSITE&quot;,&quot;focal_length&quot;:&quot;0&quot;,&quot;iso&quot;:&quot;0&quot;,&quot;shutter_speed&quot;:&quot;0&quot;,&quot;title&quot;:&quot;Abertura&quot;,&quot;orientation&quot;:&quot;0&quot;}\" data-image-title=\"Minas Trend :: Clima tropical marca o desfile de abertura\" data-image-description=\"&lt;p&gt;Abertura&lt;\/p&gt;\n&lt;p&gt;Minas Trend &#8211; Verao 2016 &lt;\/p&gt;\n&lt;p&gt;Foto : Ze Takahashi\/ FOTOSITE&lt;\/p&gt;\n\" data-image-caption=\"&lt;p&gt;Minas Trend :: Clima tropical marca o desfile de abertura &lt;\/p&gt;\n\" data-medium-file=\"https:\/\/i0.wp.com\/agrund.com\/wp-content\/uploads\/sites\/6\/2015\/04\/Abertura-6.jpg?fit=200%2C300&amp;ssl=1\" data-large-file=\"https:\/\/i0.wp.com\/agrund.com\/wp-content\/uploads\/sites\/6\/2015\/04\/Abertura-6.jpg?fit=682%2C1024&amp;ssl=1\" decoding=\"async\" loading=\"lazy\" class=\"wp-image-126431\" src=\"https:\/\/i0.wp.com\/www.agrund.com\/wp-content\/uploads\/sites\/6\/2015\/04\/Abertura-6.jpg?resize=550%2C826\" alt=\"Minas Trend :: Clima tropical marca o desfile de abertura \" width=\"550\" height=\"826\" srcset=\"https:\/\/i0.wp.com\/agrund.com\/wp-content\/uploads\/sites\/6\/2015\/04\/Abertura-6.jpg?w=799&amp;ssl=1 799w, https:\/\/i0.wp.com\/agrund.com\/wp-content\/uploads\/sites\/6\/2015\/04\/Abertura-6.jpg?resize=200%2C300&amp;ssl=1 200w, https:\/\/i0.wp.com\/agrund.com\/wp-content\/uploads\/sites\/6\/2015\/04\/Abertura-6.jpg?resize=682%2C1024&amp;ssl=1 682w\" sizes=\"(max-width: 550px) 100vw, 550px\" data-recalc-dims=\"1\" \/><\/a><p id=\"caption-attachment-126431\" class=\"wp-caption-text\">Minas Trend :: Clima tropical marca o desfile de abertura<\/p><\/div>\n<div id=\"attachment_126432\" style=\"width: 560px\" class=\"wp-caption aligncenter\"><a href=\"https:\/\/i0.wp.com\/www.agrund.com\/wp-content\/uploads\/sites\/6\/2015\/04\/Abertura-7.jpg\"><img aria-describedby=\"caption-attachment-126432\" data-attachment-id=\"126432\" data-permalink=\"https:\/\/agrund.com\/index.php\/minas-trend-clima-tropical-marca-o-desfile-de-abertura\/abertura-6\/\" data-orig-file=\"https:\/\/i0.wp.com\/agrund.com\/wp-content\/uploads\/sites\/6\/2015\/04\/Abertura-7.jpg?fit=799%2C1200&amp;ssl=1\" data-orig-size=\"799,1200\" data-comments-opened=\"1\" data-image-meta=\"{&quot;aperture&quot;:&quot;0&quot;,&quot;credit&quot;:&quot;Ze Takahashi\\\/FOTOSITE&quot;,&quot;camera&quot;:&quot;&quot;,&quot;caption&quot;:&quot;Abertura\\n\\nMinas Trend - Verao 2016 \\n\\nFoto : Ze Takahashi\\\/ FOTOSITE&quot;,&quot;created_timestamp&quot;:&quot;0&quot;,&quot;copyright&quot;:&quot;FOTOSITE&quot;,&quot;focal_length&quot;:&quot;0&quot;,&quot;iso&quot;:&quot;0&quot;,&quot;shutter_speed&quot;:&quot;0&quot;,&quot;title&quot;:&quot;Abertura&quot;,&quot;orientation&quot;:&quot;0&quot;}\" data-image-title=\"Minas Trend :: Clima tropical marca o desfile de abertura\" data-image-description=\"&lt;p&gt;Abertura&lt;\/p&gt;\n&lt;p&gt;Minas Trend &#8211; Verao 2016 &lt;\/p&gt;\n&lt;p&gt;Foto : Ze Takahashi\/ FOTOSITE&lt;\/p&gt;\n\" data-image-caption=\"&lt;p&gt;Minas Trend :: Clima tropical marca o desfile de abertura &lt;\/p&gt;\n\" data-medium-file=\"https:\/\/i0.wp.com\/agrund.com\/wp-content\/uploads\/sites\/6\/2015\/04\/Abertura-7.jpg?fit=200%2C300&amp;ssl=1\" data-large-file=\"https:\/\/i0.wp.com\/agrund.com\/wp-content\/uploads\/sites\/6\/2015\/04\/Abertura-7.jpg?fit=682%2C1024&amp;ssl=1\" decoding=\"async\" loading=\"lazy\" class=\"wp-image-126432\" src=\"https:\/\/i0.wp.com\/www.agrund.com\/wp-content\/uploads\/sites\/6\/2015\/04\/Abertura-7.jpg?resize=550%2C826\" alt=\"Minas Trend :: Clima tropical marca o desfile de abertura \" width=\"550\" height=\"826\" srcset=\"https:\/\/i0.wp.com\/agrund.com\/wp-content\/uploads\/sites\/6\/2015\/04\/Abertura-7.jpg?w=799&amp;ssl=1 799w, https:\/\/i0.wp.com\/agrund.com\/wp-content\/uploads\/sites\/6\/2015\/04\/Abertura-7.jpg?resize=200%2C300&amp;ssl=1 200w, https:\/\/i0.wp.com\/agrund.com\/wp-content\/uploads\/sites\/6\/2015\/04\/Abertura-7.jpg?resize=682%2C1024&amp;ssl=1 682w\" sizes=\"(max-width: 550px) 100vw, 550px\" data-recalc-dims=\"1\" \/><\/a><p id=\"caption-attachment-126432\" class=\"wp-caption-text\">Minas Trend :: Clima tropical marca o desfile de abertura<\/p><\/div>\n<div id=\"attachment_126433\" style=\"width: 560px\" class=\"wp-caption aligncenter\"><a href=\"https:\/\/i0.wp.com\/www.agrund.com\/wp-content\/uploads\/sites\/6\/2015\/04\/Abertura-8.jpg\"><img aria-describedby=\"caption-attachment-126433\" data-attachment-id=\"126433\" data-permalink=\"https:\/\/agrund.com\/index.php\/minas-trend-clima-tropical-marca-o-desfile-de-abertura\/abertura-7\/\" data-orig-file=\"https:\/\/i0.wp.com\/agrund.com\/wp-content\/uploads\/sites\/6\/2015\/04\/Abertura-8.jpg?fit=799%2C1200&amp;ssl=1\" data-orig-size=\"799,1200\" data-comments-opened=\"1\" data-image-meta=\"{&quot;aperture&quot;:&quot;0&quot;,&quot;credit&quot;:&quot;Ze Takahashi\\\/FOTOSITE&quot;,&quot;camera&quot;:&quot;&quot;,&quot;caption&quot;:&quot;Abertura\\n\\nMinas Trend - Verao 2016 \\n\\nFoto : Ze Takahashi\\\/ FOTOSITE&quot;,&quot;created_timestamp&quot;:&quot;0&quot;,&quot;copyright&quot;:&quot;FOTOSITE&quot;,&quot;focal_length&quot;:&quot;0&quot;,&quot;iso&quot;:&quot;0&quot;,&quot;shutter_speed&quot;:&quot;0&quot;,&quot;title&quot;:&quot;Abertura&quot;,&quot;orientation&quot;:&quot;0&quot;}\" data-image-title=\"Minas Trend :: Clima tropical marca o desfile de abertura\" data-image-description=\"&lt;p&gt;Abertura&lt;\/p&gt;\n&lt;p&gt;Minas Trend &#8211; Verao 2016 &lt;\/p&gt;\n&lt;p&gt;Foto : Ze Takahashi\/ FOTOSITE&lt;\/p&gt;\n\" data-image-caption=\"&lt;p&gt;Minas Trend :: Clima tropical marca o desfile de abertura &lt;\/p&gt;\n\" data-medium-file=\"https:\/\/i0.wp.com\/agrund.com\/wp-content\/uploads\/sites\/6\/2015\/04\/Abertura-8.jpg?fit=200%2C300&amp;ssl=1\" data-large-file=\"https:\/\/i0.wp.com\/agrund.com\/wp-content\/uploads\/sites\/6\/2015\/04\/Abertura-8.jpg?fit=682%2C1024&amp;ssl=1\" decoding=\"async\" loading=\"lazy\" class=\"wp-image-126433\" src=\"https:\/\/i0.wp.com\/www.agrund.com\/wp-content\/uploads\/sites\/6\/2015\/04\/Abertura-8.jpg?resize=550%2C826\" alt=\"Minas Trend :: Clima tropical marca o desfile de abertura \" width=\"550\" height=\"826\" srcset=\"https:\/\/i0.wp.com\/agrund.com\/wp-content\/uploads\/sites\/6\/2015\/04\/Abertura-8.jpg?w=799&amp;ssl=1 799w, https:\/\/i0.wp.com\/agrund.com\/wp-content\/uploads\/sites\/6\/2015\/04\/Abertura-8.jpg?resize=200%2C300&amp;ssl=1 200w, https:\/\/i0.wp.com\/agrund.com\/wp-content\/uploads\/sites\/6\/2015\/04\/Abertura-8.jpg?resize=682%2C1024&amp;ssl=1 682w\" sizes=\"(max-width: 550px) 100vw, 550px\" data-recalc-dims=\"1\" \/><\/a><p id=\"caption-attachment-126433\" class=\"wp-caption-text\">Minas Trend :: Clima tropical marca o desfile de abertura<\/p><\/div>\n<div id=\"attachment_126434\" style=\"width: 560px\" class=\"wp-caption aligncenter\"><a href=\"https:\/\/i0.wp.com\/www.agrund.com\/wp-content\/uploads\/sites\/6\/2015\/04\/Abertura-9.jpg\"><img aria-describedby=\"caption-attachment-126434\" data-attachment-id=\"126434\" data-permalink=\"https:\/\/agrund.com\/index.php\/minas-trend-clima-tropical-marca-o-desfile-de-abertura\/abertura-8\/\" data-orig-file=\"https:\/\/i0.wp.com\/agrund.com\/wp-content\/uploads\/sites\/6\/2015\/04\/Abertura-9.jpg?fit=799%2C1200&amp;ssl=1\" data-orig-size=\"799,1200\" data-comments-opened=\"1\" data-image-meta=\"{&quot;aperture&quot;:&quot;0&quot;,&quot;credit&quot;:&quot;Ze Takahashi\\\/FOTOSITE&quot;,&quot;camera&quot;:&quot;&quot;,&quot;caption&quot;:&quot;Abertura\\n\\nMinas Trend - Verao 2016 \\n\\nFoto : Ze Takahashi\\\/ FOTOSITE&quot;,&quot;created_timestamp&quot;:&quot;0&quot;,&quot;copyright&quot;:&quot;FOTOSITE&quot;,&quot;focal_length&quot;:&quot;0&quot;,&quot;iso&quot;:&quot;0&quot;,&quot;shutter_speed&quot;:&quot;0&quot;,&quot;title&quot;:&quot;Abertura&quot;,&quot;orientation&quot;:&quot;0&quot;}\" data-image-title=\"Minas Trend :: Clima tropical marca o desfile de abertura\" data-image-description=\"&lt;p&gt;Abertura&lt;\/p&gt;\n&lt;p&gt;Minas Trend &#8211; Verao 2016 &lt;\/p&gt;\n&lt;p&gt;Foto : Ze Takahashi\/ FOTOSITE&lt;\/p&gt;\n\" data-image-caption=\"&lt;p&gt;Minas Trend :: Clima tropical marca o desfile de abertura &lt;\/p&gt;\n\" data-medium-file=\"https:\/\/i0.wp.com\/agrund.com\/wp-content\/uploads\/sites\/6\/2015\/04\/Abertura-9.jpg?fit=200%2C300&amp;ssl=1\" data-large-file=\"https:\/\/i0.wp.com\/agrund.com\/wp-content\/uploads\/sites\/6\/2015\/04\/Abertura-9.jpg?fit=682%2C1024&amp;ssl=1\" decoding=\"async\" loading=\"lazy\" class=\"wp-image-126434\" src=\"https:\/\/i0.wp.com\/www.agrund.com\/wp-content\/uploads\/sites\/6\/2015\/04\/Abertura-9.jpg?resize=550%2C826\" alt=\"Minas Trend :: Clima tropical marca o desfile de abertura \" width=\"550\" height=\"826\" srcset=\"https:\/\/i0.wp.com\/agrund.com\/wp-content\/uploads\/sites\/6\/2015\/04\/Abertura-9.jpg?w=799&amp;ssl=1 799w, https:\/\/i0.wp.com\/agrund.com\/wp-content\/uploads\/sites\/6\/2015\/04\/Abertura-9.jpg?resize=200%2C300&amp;ssl=1 200w, https:\/\/i0.wp.com\/agrund.com\/wp-content\/uploads\/sites\/6\/2015\/04\/Abertura-9.jpg?resize=682%2C1024&amp;ssl=1 682w\" sizes=\"(max-width: 550px) 100vw, 550px\" data-recalc-dims=\"1\" \/><\/a><p id=\"caption-attachment-126434\" class=\"wp-caption-text\">Minas Trend :: Clima tropical marca o desfile de abertura<\/p><\/div>\n<div id=\"attachment_126435\" style=\"width: 560px\" class=\"wp-caption aligncenter\"><a href=\"https:\/\/i0.wp.com\/www.agrund.com\/wp-content\/uploads\/sites\/6\/2015\/04\/Abertura-10.jpg\"><img aria-describedby=\"caption-attachment-126435\" data-attachment-id=\"126435\" data-permalink=\"https:\/\/agrund.com\/index.php\/minas-trend-clima-tropical-marca-o-desfile-de-abertura\/abertura-9\/\" data-orig-file=\"https:\/\/i0.wp.com\/agrund.com\/wp-content\/uploads\/sites\/6\/2015\/04\/Abertura-10.jpg?fit=799%2C1200&amp;ssl=1\" data-orig-size=\"799,1200\" data-comments-opened=\"1\" data-image-meta=\"{&quot;aperture&quot;:&quot;0&quot;,&quot;credit&quot;:&quot;Ze Takahashi\\\/FOTOSITE&quot;,&quot;camera&quot;:&quot;&quot;,&quot;caption&quot;:&quot;Abertura\\n\\nMinas Trend - Verao 2016 \\n\\nFoto : Ze Takahashi\\\/ FOTOSITE&quot;,&quot;created_timestamp&quot;:&quot;0&quot;,&quot;copyright&quot;:&quot;FOTOSITE&quot;,&quot;focal_length&quot;:&quot;0&quot;,&quot;iso&quot;:&quot;0&quot;,&quot;shutter_speed&quot;:&quot;0&quot;,&quot;title&quot;:&quot;Abertura&quot;,&quot;orientation&quot;:&quot;0&quot;}\" data-image-title=\"Minas Trend :: Clima tropical marca o desfile de abertura\" data-image-description=\"&lt;p&gt;Abertura&lt;\/p&gt;\n&lt;p&gt;Minas Trend &#8211; Verao 2016 &lt;\/p&gt;\n&lt;p&gt;Foto : Ze Takahashi\/ FOTOSITE&lt;\/p&gt;\n\" data-image-caption=\"&lt;p&gt;Minas Trend :: Clima tropical marca o desfile de abertura &lt;\/p&gt;\n\" data-medium-file=\"https:\/\/i0.wp.com\/agrund.com\/wp-content\/uploads\/sites\/6\/2015\/04\/Abertura-10.jpg?fit=200%2C300&amp;ssl=1\" data-large-file=\"https:\/\/i0.wp.com\/agrund.com\/wp-content\/uploads\/sites\/6\/2015\/04\/Abertura-10.jpg?fit=682%2C1024&amp;ssl=1\" decoding=\"async\" loading=\"lazy\" class=\"wp-image-126435\" src=\"https:\/\/i0.wp.com\/www.agrund.com\/wp-content\/uploads\/sites\/6\/2015\/04\/Abertura-10.jpg?resize=550%2C826\" alt=\"Minas Trend :: Clima tropical marca o desfile de abertura \" width=\"550\" height=\"826\" srcset=\"https:\/\/i0.wp.com\/agrund.com\/wp-content\/uploads\/sites\/6\/2015\/04\/Abertura-10.jpg?w=799&amp;ssl=1 799w, https:\/\/i0.wp.com\/agrund.com\/wp-content\/uploads\/sites\/6\/2015\/04\/Abertura-10.jpg?resize=200%2C300&amp;ssl=1 200w, https:\/\/i0.wp.com\/agrund.com\/wp-content\/uploads\/sites\/6\/2015\/04\/Abertura-10.jpg?resize=682%2C1024&amp;ssl=1 682w\" sizes=\"(max-width: 550px) 100vw, 550px\" data-recalc-dims=\"1\" \/><\/a><p id=\"caption-attachment-126435\" class=\"wp-caption-text\">Minas Trend :: Clima tropical marca o desfile de abertura<\/p><\/div>\n<div id=\"attachment_126436\" style=\"width: 560px\" class=\"wp-caption aligncenter\"><a href=\"https:\/\/i0.wp.com\/www.agrund.com\/wp-content\/uploads\/sites\/6\/2015\/04\/Abertura-11.jpg\"><img aria-describedby=\"caption-attachment-126436\" data-attachment-id=\"126436\" data-permalink=\"https:\/\/agrund.com\/index.php\/minas-trend-clima-tropical-marca-o-desfile-de-abertura\/abertura-10\/\" data-orig-file=\"https:\/\/i0.wp.com\/agrund.com\/wp-content\/uploads\/sites\/6\/2015\/04\/Abertura-11.jpg?fit=799%2C1200&amp;ssl=1\" data-orig-size=\"799,1200\" data-comments-opened=\"1\" data-image-meta=\"{&quot;aperture&quot;:&quot;0&quot;,&quot;credit&quot;:&quot;Ze Takahashi\\\/FOTOSITE&quot;,&quot;camera&quot;:&quot;&quot;,&quot;caption&quot;:&quot;Abertura\\n\\nMinas Trend - Verao 2016 \\n\\nFoto : Ze Takahashi\\\/ FOTOSITE&quot;,&quot;created_timestamp&quot;:&quot;0&quot;,&quot;copyright&quot;:&quot;FOTOSITE&quot;,&quot;focal_length&quot;:&quot;0&quot;,&quot;iso&quot;:&quot;0&quot;,&quot;shutter_speed&quot;:&quot;0&quot;,&quot;title&quot;:&quot;Abertura&quot;,&quot;orientation&quot;:&quot;0&quot;}\" data-image-title=\"Minas Trend :: Clima tropical marca o desfile de abertura\" data-image-description=\"&lt;p&gt;Abertura&lt;\/p&gt;\n&lt;p&gt;Minas Trend &#8211; Verao 2016 &lt;\/p&gt;\n&lt;p&gt;Foto : Ze Takahashi\/ FOTOSITE&lt;\/p&gt;\n\" data-image-caption=\"&lt;p&gt;Minas Trend :: Clima tropical marca o desfile de abertura &lt;\/p&gt;\n\" data-medium-file=\"https:\/\/i0.wp.com\/agrund.com\/wp-content\/uploads\/sites\/6\/2015\/04\/Abertura-11.jpg?fit=200%2C300&amp;ssl=1\" data-large-file=\"https:\/\/i0.wp.com\/agrund.com\/wp-content\/uploads\/sites\/6\/2015\/04\/Abertura-11.jpg?fit=682%2C1024&amp;ssl=1\" decoding=\"async\" loading=\"lazy\" class=\"wp-image-126436\" src=\"https:\/\/i0.wp.com\/www.agrund.com\/wp-content\/uploads\/sites\/6\/2015\/04\/Abertura-11.jpg?resize=550%2C826\" alt=\"Minas Trend :: Clima tropical marca o desfile de abertura \" width=\"550\" height=\"826\" srcset=\"https:\/\/i0.wp.com\/agrund.com\/wp-content\/uploads\/sites\/6\/2015\/04\/Abertura-11.jpg?w=799&amp;ssl=1 799w, https:\/\/i0.wp.com\/agrund.com\/wp-content\/uploads\/sites\/6\/2015\/04\/Abertura-11.jpg?resize=200%2C300&amp;ssl=1 200w, https:\/\/i0.wp.com\/agrund.com\/wp-content\/uploads\/sites\/6\/2015\/04\/Abertura-11.jpg?resize=682%2C1024&amp;ssl=1 682w\" sizes=\"(max-width: 550px) 100vw, 550px\" data-recalc-dims=\"1\" \/><\/a><p id=\"caption-attachment-126436\" class=\"wp-caption-text\">Minas Trend :: Clima tropical marca o desfile de abertura<\/p><\/div>\n<div id=\"attachment_126437\" style=\"width: 560px\" class=\"wp-caption aligncenter\"><a href=\"https:\/\/i0.wp.com\/www.agrund.com\/wp-content\/uploads\/sites\/6\/2015\/04\/Abertura-12.jpg\"><img aria-describedby=\"caption-attachment-126437\" data-attachment-id=\"126437\" data-permalink=\"https:\/\/agrund.com\/index.php\/minas-trend-clima-tropical-marca-o-desfile-de-abertura\/abertura-11\/\" data-orig-file=\"https:\/\/i0.wp.com\/agrund.com\/wp-content\/uploads\/sites\/6\/2015\/04\/Abertura-12.jpg?fit=799%2C1200&amp;ssl=1\" data-orig-size=\"799,1200\" data-comments-opened=\"1\" data-image-meta=\"{&quot;aperture&quot;:&quot;0&quot;,&quot;credit&quot;:&quot;Ze Takahashi\\\/FOTOSITE&quot;,&quot;camera&quot;:&quot;&quot;,&quot;caption&quot;:&quot;Abertura\\n\\nMinas Trend - Verao 2016 \\n\\nFoto : Ze Takahashi\\\/ FOTOSITE&quot;,&quot;created_timestamp&quot;:&quot;0&quot;,&quot;copyright&quot;:&quot;FOTOSITE&quot;,&quot;focal_length&quot;:&quot;0&quot;,&quot;iso&quot;:&quot;0&quot;,&quot;shutter_speed&quot;:&quot;0&quot;,&quot;title&quot;:&quot;Abertura&quot;,&quot;orientation&quot;:&quot;0&quot;}\" data-image-title=\"Minas Trend :: Clima tropical marca o desfile de abertura\" data-image-description=\"&lt;p&gt;Abertura&lt;\/p&gt;\n&lt;p&gt;Minas Trend &#8211; Verao 2016 &lt;\/p&gt;\n&lt;p&gt;Foto : Ze Takahashi\/ FOTOSITE&lt;\/p&gt;\n\" data-image-caption=\"&lt;p&gt;Minas Trend :: Clima tropical marca o desfile de abertura &lt;\/p&gt;\n\" data-medium-file=\"https:\/\/i0.wp.com\/agrund.com\/wp-content\/uploads\/sites\/6\/2015\/04\/Abertura-12.jpg?fit=200%2C300&amp;ssl=1\" data-large-file=\"https:\/\/i0.wp.com\/agrund.com\/wp-content\/uploads\/sites\/6\/2015\/04\/Abertura-12.jpg?fit=682%2C1024&amp;ssl=1\" decoding=\"async\" loading=\"lazy\" class=\"wp-image-126437\" src=\"https:\/\/i0.wp.com\/www.agrund.com\/wp-content\/uploads\/sites\/6\/2015\/04\/Abertura-12.jpg?resize=550%2C826\" alt=\"Minas Trend :: Clima tropical marca o desfile de abertura \" width=\"550\" height=\"826\" srcset=\"https:\/\/i0.wp.com\/agrund.com\/wp-content\/uploads\/sites\/6\/2015\/04\/Abertura-12.jpg?w=799&amp;ssl=1 799w, https:\/\/i0.wp.com\/agrund.com\/wp-content\/uploads\/sites\/6\/2015\/04\/Abertura-12.jpg?resize=200%2C300&amp;ssl=1 200w, https:\/\/i0.wp.com\/agrund.com\/wp-content\/uploads\/sites\/6\/2015\/04\/Abertura-12.jpg?resize=682%2C1024&amp;ssl=1 682w\" sizes=\"(max-width: 550px) 100vw, 550px\" data-recalc-dims=\"1\" \/><\/a><p id=\"caption-attachment-126437\" class=\"wp-caption-text\">Minas Trend :: Clima tropical marca o desfile de abertura<\/p><\/div>\n<p>Imagens: Divulga\u00e7\u00e3o\/Ag\u00eancia Fotosite.<\/p>\n","protected":false},"excerpt":{"rendered":"<p>J\u00e1 \u00e9 tradi\u00e7\u00e3o: a cada edi\u00e7\u00e3o do Minas Trend rola um megadesfile com pe\u00e7as de diversas marcas orquestradas sob o olhar afiado de Paulo Martinez no styling \u2013 tudo a fim de dar vida ao tema do evento e abrir a passarela mineira para os dois dias de apresenta\u00e7\u00f5es das cole\u00e7\u00f5es de diversas marcas. Dessa [&hellip;]<\/p>\n","protected":false},"author":8,"featured_media":126438,"comment_status":"open","ping_status":"open","sticky":false,"template":"","format":"standard","meta":{"jetpack_post_was_ever_published":false,"_jetpack_newsletter_access":"","jetpack_publicize_message":"Veja as fotos do desfile de abertura do Minas Trend com styling afiado de Paulo Martinez: http:\/\/wp.me\/p3Hz0n-wT7","jetpack_is_tweetstorm":false,"jetpack_publicize_feature_enabled":true,"jetpack_social_post_already_shared":true,"jetpack_social_options":{"image_generator_settings":{"template":"highway","enabled":false}}},"categories":[9],"tags":[],"jetpack_publicize_connections":[],"jetpack_featured_media_url":"https:\/\/i0.wp.com\/agrund.com\/wp-content\/uploads\/sites\/6\/2015\/04\/slideminas.jpg?fit=960%2C300&ssl=1","jetpack_sharing_enabled":true,"jetpack_shortlink":"https:\/\/wp.me\/p3Hz0n-wT7","jetpack_likes_enabled":true,"_links":{"self":[{"href":"https:\/\/agrund.com\/index.php\/wp-json\/wp\/v2\/posts\/126425"}],"collection":[{"href":"https:\/\/agrund.com\/index.php\/wp-json\/wp\/v2\/posts"}],"about":[{"href":"https:\/\/agrund.com\/index.php\/wp-json\/wp\/v2\/types\/post"}],"author":[{"embeddable":true,"href":"https:\/\/agrund.com\/index.php\/wp-json\/wp\/v2\/users\/8"}],"replies":[{"embeddable":true,"href":"https:\/\/agrund.com\/index.php\/wp-json\/wp\/v2\/comments?post=126425"}],"version-history":[{"count":0,"href":"https:\/\/agrund.com\/index.php\/wp-json\/wp\/v2\/posts\/126425\/revisions"}],"wp:featuredmedia":[{"embeddable":true,"href":"https:\/\/agrund.com\/index.php\/wp-json\/wp\/v2\/media\/126438"}],"wp:attachment":[{"href":"https:\/\/agrund.com\/index.php\/wp-json\/wp\/v2\/media?parent=126425"}],"wp:term":[{"taxonomy":"category","embeddable":true,"href":"https:\/\/agrund.com\/index.php\/wp-json\/wp\/v2\/categories?post=126425"},{"taxonomy":"post_tag","embeddable":true,"href":"https:\/\/agrund.com\/index.php\/wp-json\/wp\/v2\/tags?post=126425"}],"curies":[{"name":"wp","href":"https:\/\/api.w.org\/{rel}","templated":true}]}}