{"id":126352,"date":"2015-04-06T21:00:21","date_gmt":"2015-04-07T00:00:21","guid":{"rendered":"http:\/\/www.agrund.com\/?p=126352"},"modified":"2015-04-06T18:41:58","modified_gmt":"2015-04-06T21:41:58","slug":"madonna-na-capa-da-cosmopolitan","status":"publish","type":"post","link":"https:\/\/agrund.com\/index.php\/madonna-na-capa-da-cosmopolitan\/","title":{"rendered":"Madonna na capa da &#8220;Cosmopolitan&#8221;"},"content":{"rendered":"<p>A &#8220;Cosmopolitan&#8221; surpreendeu ao revelar que sua nova garota da capa \u00e9 ningu\u00e9m menos que Madonna! A edi\u00e7\u00e3o de maio comemora o 50\u00ba anivers\u00e1rio da revista em grande estilo, trazendo a rainha do pop no posto de destaque com figurino inspirado no seu mais recente \u00e1lbum, o &#8220;Rebel Heart&#8221;. Vale dizer que esse \u00e9 o primeiro clique da cantora para a Cosmopolitan em 25 anos, desde que ela estrelou a capa da publica\u00e7\u00e3o em 1990. Veja o resultado na galeria:<\/p>\n<div id=\"attachment_126353\" style=\"width: 570px\" class=\"wp-caption aligncenter\"><a href=\"https:\/\/i0.wp.com\/www.agrund.com\/wp-content\/uploads\/sites\/6\/2015\/04\/cosmopolitan-may-2015-cover-madonna.jpg\"><img aria-describedby=\"caption-attachment-126353\" data-attachment-id=\"126353\" data-permalink=\"https:\/\/agrund.com\/index.php\/madonna-na-capa-da-cosmopolitan\/cosmopolitan-may-2015-cover-madonna\/\" data-orig-file=\"https:\/\/i0.wp.com\/agrund.com\/wp-content\/uploads\/sites\/6\/2015\/04\/cosmopolitan-may-2015-cover-madonna.jpg?fit=800%2C1140&amp;ssl=1\" data-orig-size=\"800,1140\" data-comments-opened=\"1\" data-image-meta=\"{&quot;aperture&quot;:&quot;0&quot;,&quot;credit&quot;:&quot;&quot;,&quot;camera&quot;:&quot;&quot;,&quot;caption&quot;:&quot;&quot;,&quot;created_timestamp&quot;:&quot;0&quot;,&quot;copyright&quot;:&quot;&quot;,&quot;focal_length&quot;:&quot;0&quot;,&quot;iso&quot;:&quot;0&quot;,&quot;shutter_speed&quot;:&quot;0&quot;,&quot;title&quot;:&quot;&quot;,&quot;orientation&quot;:&quot;0&quot;}\" data-image-title=\"Madonna na capa da &#8220;Cosmopolitan&#8221;\" data-image-description=\"\" data-image-caption=\"&lt;p&gt;Madonna na capa da &#8220;Cosmopolitan&#8221; &lt;\/p&gt;\n\" data-medium-file=\"https:\/\/i0.wp.com\/agrund.com\/wp-content\/uploads\/sites\/6\/2015\/04\/cosmopolitan-may-2015-cover-madonna.jpg?fit=211%2C300&amp;ssl=1\" data-large-file=\"https:\/\/i0.wp.com\/agrund.com\/wp-content\/uploads\/sites\/6\/2015\/04\/cosmopolitan-may-2015-cover-madonna.jpg?fit=719%2C1024&amp;ssl=1\" decoding=\"async\" loading=\"lazy\" class=\"wp-image-126353\" src=\"https:\/\/i0.wp.com\/www.agrund.com\/wp-content\/uploads\/sites\/6\/2015\/04\/cosmopolitan-may-2015-cover-madonna.jpg?resize=560%2C798\" alt=\"Madonna na capa da &quot;Cosmopolitan&quot; \" width=\"560\" height=\"798\" srcset=\"https:\/\/i0.wp.com\/agrund.com\/wp-content\/uploads\/sites\/6\/2015\/04\/cosmopolitan-may-2015-cover-madonna.jpg?w=800&amp;ssl=1 800w, https:\/\/i0.wp.com\/agrund.com\/wp-content\/uploads\/sites\/6\/2015\/04\/cosmopolitan-may-2015-cover-madonna.jpg?resize=211%2C300&amp;ssl=1 211w, https:\/\/i0.wp.com\/agrund.com\/wp-content\/uploads\/sites\/6\/2015\/04\/cosmopolitan-may-2015-cover-madonna.jpg?resize=719%2C1024&amp;ssl=1 719w\" sizes=\"(max-width: 560px) 100vw, 560px\" data-recalc-dims=\"1\" \/><\/a><p id=\"caption-attachment-126353\" class=\"wp-caption-text\">Madonna na capa da &#8220;Cosmopolitan&#8221;<\/p><\/div>\n<div id=\"attachment_126354\" style=\"width: 570px\" class=\"wp-caption aligncenter\"><a href=\"https:\/\/i0.wp.com\/www.agrund.com\/wp-content\/uploads\/sites\/6\/2015\/04\/madonna-cosmopolitan-may-1990-cover.jpg\"><img aria-describedby=\"caption-attachment-126354\" data-attachment-id=\"126354\" data-permalink=\"https:\/\/agrund.com\/index.php\/madonna-na-capa-da-cosmopolitan\/madonna-cosmopolitan-may-1990-cover\/\" data-orig-file=\"https:\/\/i0.wp.com\/agrund.com\/wp-content\/uploads\/sites\/6\/2015\/04\/madonna-cosmopolitan-may-1990-cover.jpg?fit=800%2C1098&amp;ssl=1\" data-orig-size=\"800,1098\" data-comments-opened=\"1\" data-image-meta=\"{&quot;aperture&quot;:&quot;0&quot;,&quot;credit&quot;:&quot;&quot;,&quot;camera&quot;:&quot;&quot;,&quot;caption&quot;:&quot;&quot;,&quot;created_timestamp&quot;:&quot;0&quot;,&quot;copyright&quot;:&quot;&quot;,&quot;focal_length&quot;:&quot;0&quot;,&quot;iso&quot;:&quot;0&quot;,&quot;shutter_speed&quot;:&quot;0&quot;,&quot;title&quot;:&quot;&quot;,&quot;orientation&quot;:&quot;0&quot;}\" data-image-title=\"Madonna na capa da &#8220;Cosmopolitan&#8221;\" data-image-description=\"\" data-image-caption=\"&lt;p&gt;Madonna na capa da &#8220;Cosmopolitan&#8221; &lt;\/p&gt;\n\" data-medium-file=\"https:\/\/i0.wp.com\/agrund.com\/wp-content\/uploads\/sites\/6\/2015\/04\/madonna-cosmopolitan-may-1990-cover.jpg?fit=219%2C300&amp;ssl=1\" data-large-file=\"https:\/\/i0.wp.com\/agrund.com\/wp-content\/uploads\/sites\/6\/2015\/04\/madonna-cosmopolitan-may-1990-cover.jpg?fit=746%2C1024&amp;ssl=1\" decoding=\"async\" loading=\"lazy\" class=\"wp-image-126354\" src=\"https:\/\/i0.wp.com\/www.agrund.com\/wp-content\/uploads\/sites\/6\/2015\/04\/madonna-cosmopolitan-may-1990-cover.jpg?resize=560%2C769\" alt=\"Madonna na capa da &quot;Cosmopolitan&quot; \" width=\"560\" height=\"769\" srcset=\"https:\/\/i0.wp.com\/agrund.com\/wp-content\/uploads\/sites\/6\/2015\/04\/madonna-cosmopolitan-may-1990-cover.jpg?w=800&amp;ssl=1 800w, https:\/\/i0.wp.com\/agrund.com\/wp-content\/uploads\/sites\/6\/2015\/04\/madonna-cosmopolitan-may-1990-cover.jpg?resize=219%2C300&amp;ssl=1 219w, https:\/\/i0.wp.com\/agrund.com\/wp-content\/uploads\/sites\/6\/2015\/04\/madonna-cosmopolitan-may-1990-cover.jpg?resize=746%2C1024&amp;ssl=1 746w\" sizes=\"(max-width: 560px) 100vw, 560px\" data-recalc-dims=\"1\" \/><\/a><p id=\"caption-attachment-126354\" class=\"wp-caption-text\">Madonna na capa da &#8220;Cosmopolitan&#8221;<\/p><\/div>\n<p>Imagens: Reprodu\u00e7\u00e3o.<\/p>\n<p>&nbsp;<\/p>\n","protected":false},"excerpt":{"rendered":"<p>A &#8220;Cosmopolitan&#8221; surpreendeu ao revelar que sua nova garota da capa \u00e9 ningu\u00e9m menos que Madonna! A edi\u00e7\u00e3o de maio comemora o 50\u00ba anivers\u00e1rio da revista em grande estilo, trazendo a rainha do pop no posto de destaque com figurino inspirado no seu mais recente \u00e1lbum, o &#8220;Rebel Heart&#8221;. Vale dizer que esse \u00e9 o [&hellip;]<\/p>\n","protected":false},"author":8,"featured_media":126355,"comment_status":"open","ping_status":"open","sticky":false,"template":"","format":"standard","meta":{"jetpack_post_was_ever_published":false,"_jetpack_newsletter_access":"","jetpack_publicize_message":"A \"Cosmopolitan\" comemora 50 anos de publica\u00e7\u00e3o colocando Madonna no posto de estrela de maio: http:\/\/wp.me\/p3Hz0n-wRW","jetpack_is_tweetstorm":false,"jetpack_publicize_feature_enabled":true,"jetpack_social_post_already_shared":true,"jetpack_social_options":{"image_generator_settings":{"template":"highway","enabled":false}}},"categories":[2],"tags":[],"jetpack_publicize_connections":[],"jetpack_featured_media_url":"https:\/\/i0.wp.com\/agrund.com\/wp-content\/uploads\/sites\/6\/2015\/04\/slide29.jpg?fit=960%2C300&ssl=1","jetpack_sharing_enabled":true,"jetpack_shortlink":"https:\/\/wp.me\/p3Hz0n-wRW","jetpack_likes_enabled":true,"_links":{"self":[{"href":"https:\/\/agrund.com\/index.php\/wp-json\/wp\/v2\/posts\/126352"}],"collection":[{"href":"https:\/\/agrund.com\/index.php\/wp-json\/wp\/v2\/posts"}],"about":[{"href":"https:\/\/agrund.com\/index.php\/wp-json\/wp\/v2\/types\/post"}],"author":[{"embeddable":true,"href":"https:\/\/agrund.com\/index.php\/wp-json\/wp\/v2\/users\/8"}],"replies":[{"embeddable":true,"href":"https:\/\/agrund.com\/index.php\/wp-json\/wp\/v2\/comments?post=126352"}],"version-history":[{"count":0,"href":"https:\/\/agrund.com\/index.php\/wp-json\/wp\/v2\/posts\/126352\/revisions"}],"wp:featuredmedia":[{"embeddable":true,"href":"https:\/\/agrund.com\/index.php\/wp-json\/wp\/v2\/media\/126355"}],"wp:attachment":[{"href":"https:\/\/agrund.com\/index.php\/wp-json\/wp\/v2\/media?parent=126352"}],"wp:term":[{"taxonomy":"category","embeddable":true,"href":"https:\/\/agrund.com\/index.php\/wp-json\/wp\/v2\/categories?post=126352"},{"taxonomy":"post_tag","embeddable":true,"href":"https:\/\/agrund.com\/index.php\/wp-json\/wp\/v2\/tags?post=126352"}],"curies":[{"name":"wp","href":"https:\/\/api.w.org\/{rel}","templated":true}]}}