{"id":126280,"date":"2015-04-03T16:00:03","date_gmt":"2015-04-03T19:00:03","guid":{"rendered":"http:\/\/www.agrund.com\/?p=126280"},"modified":"2015-04-03T09:30:55","modified_gmt":"2015-04-03T12:30:55","slug":"a-rotina-de-beleza-de-anja-rubik","status":"publish","type":"post","link":"https:\/\/agrund.com\/index.php\/a-rotina-de-beleza-de-anja-rubik\/","title":{"rendered":"A rotina de beleza de Anja Rubik"},"content":{"rendered":"<div id=\"attachment_126281\" style=\"width: 570px\" class=\"wp-caption aligncenter\"><a href=\"https:\/\/i0.wp.com\/www.agrund.com\/wp-content\/uploads\/sites\/6\/2015\/04\/Anja-Rubik-for-Giuseppe-Zanotti-ad.jpg\"><img aria-describedby=\"caption-attachment-126281\" data-attachment-id=\"126281\" data-permalink=\"https:\/\/agrund.com\/index.php\/a-rotina-de-beleza-de-anja-rubik\/anja-rubik-for-giuseppe-zanotti-ad\/\" data-orig-file=\"https:\/\/i0.wp.com\/agrund.com\/wp-content\/uploads\/sites\/6\/2015\/04\/Anja-Rubik-for-Giuseppe-Zanotti-ad.jpg?fit=940%2C1225&amp;ssl=1\" data-orig-size=\"940,1225\" data-comments-opened=\"1\" data-image-meta=\"{&quot;aperture&quot;:&quot;0&quot;,&quot;credit&quot;:&quot;&quot;,&quot;camera&quot;:&quot;&quot;,&quot;caption&quot;:&quot;&quot;,&quot;created_timestamp&quot;:&quot;0&quot;,&quot;copyright&quot;:&quot;&quot;,&quot;focal_length&quot;:&quot;0&quot;,&quot;iso&quot;:&quot;0&quot;,&quot;shutter_speed&quot;:&quot;0&quot;,&quot;title&quot;:&quot;&quot;,&quot;orientation&quot;:&quot;0&quot;}\" data-image-title=\"A rotina de beleza de Anja Rubik\" data-image-description=\"\" data-image-caption=\"&lt;p&gt;A rotina de beleza de Anja Rubik &lt;\/p&gt;\n\" data-medium-file=\"https:\/\/i0.wp.com\/agrund.com\/wp-content\/uploads\/sites\/6\/2015\/04\/Anja-Rubik-for-Giuseppe-Zanotti-ad.jpg?fit=230%2C300&amp;ssl=1\" data-large-file=\"https:\/\/i0.wp.com\/agrund.com\/wp-content\/uploads\/sites\/6\/2015\/04\/Anja-Rubik-for-Giuseppe-Zanotti-ad.jpg?fit=786%2C1024&amp;ssl=1\" decoding=\"async\" loading=\"lazy\" class=\"wp-image-126281\" src=\"https:\/\/i0.wp.com\/www.agrund.com\/wp-content\/uploads\/sites\/6\/2015\/04\/Anja-Rubik-for-Giuseppe-Zanotti-ad.jpg?resize=560%2C730\" alt=\"A rotina de beleza de Anja Rubik \" width=\"560\" height=\"730\" srcset=\"https:\/\/i0.wp.com\/agrund.com\/wp-content\/uploads\/sites\/6\/2015\/04\/Anja-Rubik-for-Giuseppe-Zanotti-ad.jpg?w=940&amp;ssl=1 940w, https:\/\/i0.wp.com\/agrund.com\/wp-content\/uploads\/sites\/6\/2015\/04\/Anja-Rubik-for-Giuseppe-Zanotti-ad.jpg?resize=230%2C300&amp;ssl=1 230w, https:\/\/i0.wp.com\/agrund.com\/wp-content\/uploads\/sites\/6\/2015\/04\/Anja-Rubik-for-Giuseppe-Zanotti-ad.jpg?resize=786%2C1024&amp;ssl=1 786w\" sizes=\"(max-width: 560px) 100vw, 560px\" data-recalc-dims=\"1\" \/><\/a><p id=\"caption-attachment-126281\" class=\"wp-caption-text\">A rotina de beleza de Anja Rubik<\/p><\/div>\n<p>Anja Rubik, uma das modelos queridinhas de Karl Lagerfeld e estrela do &#8220;Calend\u00e1rio Pirelli&#8221; e de campanhas de marcas como a Fendi, revelou sua rotina de beleza para o site &#8220;The Cut&#8221;. E engana-se quem pensa que a top \u00e9 daquelas vidradas em academia: para come\u00e7ar, Anja diz que toma muita \u00e1gua e smoothies \u2013 bebidas geladas feitas com \u00e1gua, \u00e1gua de c\u00f4co e leite. Al\u00e9m disso ela tamb\u00e9m \u00e9 vegetariana e dispensa carne e peixes, completando a dieta com muitas frutas.<\/p>\n<p>Nas atividades f\u00edsicas, Anja diz que \u00e9 amante da academia e de banhos russos para relaxar. Mas o mais legal \u00e9 o m\u00e9todo que ela faz uso depois de se exercitar: assim que termina suas sequ\u00eancias, a modelo fica por 12 minutos na saua e imediatamente mergulha em uma piscina gelada por 20 segundos, o que faz com que as veias dilatem e melhorem a circula\u00e7\u00e3o. E a\u00ed, vai aderir?<\/p>\n<p>&nbsp;<\/p>\n<p>Imagem: Reprodu\u00e7\u00e3o.<\/p>\n","protected":false},"excerpt":{"rendered":"<p>Anja Rubik, uma das modelos queridinhas de Karl Lagerfeld e estrela do &#8220;Calend\u00e1rio Pirelli&#8221; e de campanhas de marcas como a Fendi, revelou sua rotina de beleza para o site &#8220;The Cut&#8221;. E engana-se quem pensa que a top \u00e9 daquelas vidradas em academia: para come\u00e7ar, Anja diz que toma muita \u00e1gua e smoothies \u2013 [&hellip;]<\/p>\n","protected":false},"author":8,"featured_media":126282,"comment_status":"open","ping_status":"open","sticky":false,"template":"","format":"standard","meta":{"jetpack_post_was_ever_published":false,"_jetpack_newsletter_access":"","jetpack_publicize_message":"Agrund.com conta os segredos da rotina de beleza da top Anja Rubik, uma das queridinhas de Karl Lagerfeld: http:\/\/wp.me\/p3Hz0n-wQM","jetpack_is_tweetstorm":false,"jetpack_publicize_feature_enabled":true,"jetpack_social_post_already_shared":true,"jetpack_social_options":{"image_generator_settings":{"template":"highway","enabled":false}}},"categories":[2],"tags":[],"jetpack_publicize_connections":[],"jetpack_featured_media_url":"https:\/\/i0.wp.com\/agrund.com\/wp-content\/uploads\/sites\/6\/2015\/04\/slide23.jpg?fit=960%2C300&ssl=1","jetpack_sharing_enabled":true,"jetpack_shortlink":"https:\/\/wp.me\/p3Hz0n-wQM","jetpack_likes_enabled":true,"_links":{"self":[{"href":"https:\/\/agrund.com\/index.php\/wp-json\/wp\/v2\/posts\/126280"}],"collection":[{"href":"https:\/\/agrund.com\/index.php\/wp-json\/wp\/v2\/posts"}],"about":[{"href":"https:\/\/agrund.com\/index.php\/wp-json\/wp\/v2\/types\/post"}],"author":[{"embeddable":true,"href":"https:\/\/agrund.com\/index.php\/wp-json\/wp\/v2\/users\/8"}],"replies":[{"embeddable":true,"href":"https:\/\/agrund.com\/index.php\/wp-json\/wp\/v2\/comments?post=126280"}],"version-history":[{"count":0,"href":"https:\/\/agrund.com\/index.php\/wp-json\/wp\/v2\/posts\/126280\/revisions"}],"wp:featuredmedia":[{"embeddable":true,"href":"https:\/\/agrund.com\/index.php\/wp-json\/wp\/v2\/media\/126282"}],"wp:attachment":[{"href":"https:\/\/agrund.com\/index.php\/wp-json\/wp\/v2\/media?parent=126280"}],"wp:term":[{"taxonomy":"category","embeddable":true,"href":"https:\/\/agrund.com\/index.php\/wp-json\/wp\/v2\/categories?post=126280"},{"taxonomy":"post_tag","embeddable":true,"href":"https:\/\/agrund.com\/index.php\/wp-json\/wp\/v2\/tags?post=126280"}],"curies":[{"name":"wp","href":"https:\/\/api.w.org\/{rel}","templated":true}]}}