{"id":126238,"date":"2015-04-02T18:00:21","date_gmt":"2015-04-02T21:00:21","guid":{"rendered":"http:\/\/www.agrund.com\/?p=126238"},"modified":"2015-04-02T15:36:07","modified_gmt":"2015-04-02T18:36:07","slug":"chanel-a-um-clique","status":"publish","type":"post","link":"https:\/\/agrund.com\/index.php\/chanel-a-um-clique\/","title":{"rendered":"Chanel a um clique"},"content":{"rendered":"<p>Hoje em dia as compras pela internet s\u00f3 aumentam e nenhuma marca quer ficar de fora dessa onda. Pois at\u00e9 a Chanel decidiu aderir \u00e0 tend\u00eancia: a grife acaba de anunciar que vai lan\u00e7ar um e-commerce, cuja abertura oficial est\u00e1 prevista para 2016. A loja online deve contar com roupas e acess\u00f3rios da marca fundada por Coco Chanel junto de produtos assinados por nomes parceiros da etiqueta francesa, como os chap\u00e9us da Maison Michel, as luvas da Causse e os cashmeres da Barrie Knitwear \u2013 tudo a um clique!<\/p>\n<div id=\"attachment_126239\" style=\"width: 570px\" class=\"wp-caption aligncenter\"><a href=\"https:\/\/i0.wp.com\/www.agrund.com\/wp-content\/uploads\/sites\/6\/2015\/04\/chanele-ss-2015-collection_paris-street-style-september-2014_chanel-spring-collection_fabulous-muses-3.jpg\"><img aria-describedby=\"caption-attachment-126239\" data-attachment-id=\"126239\" data-permalink=\"https:\/\/agrund.com\/index.php\/chanel-a-um-clique\/chanele-ss-2015-collection_paris-street-style-september-2014_chanel-spring-collection_fabulous-muses-3\/\" data-orig-file=\"https:\/\/i0.wp.com\/agrund.com\/wp-content\/uploads\/sites\/6\/2015\/04\/chanele-ss-2015-collection_paris-street-style-september-2014_chanel-spring-collection_fabulous-muses-3.jpg?fit=1600%2C1065&amp;ssl=1\" data-orig-size=\"1600,1065\" data-comments-opened=\"1\" data-image-meta=\"{&quot;aperture&quot;:&quot;0&quot;,&quot;credit&quot;:&quot;&quot;,&quot;camera&quot;:&quot;&quot;,&quot;caption&quot;:&quot;&quot;,&quot;created_timestamp&quot;:&quot;0&quot;,&quot;copyright&quot;:&quot;&quot;,&quot;focal_length&quot;:&quot;0&quot;,&quot;iso&quot;:&quot;0&quot;,&quot;shutter_speed&quot;:&quot;0&quot;,&quot;title&quot;:&quot;&quot;,&quot;orientation&quot;:&quot;0&quot;}\" data-image-title=\"Chanel a um clique\" data-image-description=\"\" data-image-caption=\"&lt;p&gt;Chanel a um clique  &lt;\/p&gt;\n\" data-medium-file=\"https:\/\/i0.wp.com\/agrund.com\/wp-content\/uploads\/sites\/6\/2015\/04\/chanele-ss-2015-collection_paris-street-style-september-2014_chanel-spring-collection_fabulous-muses-3.jpg?fit=300%2C200&amp;ssl=1\" data-large-file=\"https:\/\/i0.wp.com\/agrund.com\/wp-content\/uploads\/sites\/6\/2015\/04\/chanele-ss-2015-collection_paris-street-style-september-2014_chanel-spring-collection_fabulous-muses-3.jpg?fit=1024%2C682&amp;ssl=1\" decoding=\"async\" loading=\"lazy\" class=\"wp-image-126239\" src=\"https:\/\/i0.wp.com\/www.agrund.com\/wp-content\/uploads\/sites\/6\/2015\/04\/chanele-ss-2015-collection_paris-street-style-september-2014_chanel-spring-collection_fabulous-muses-3.jpg?resize=560%2C373\" alt=\"Chanel a um clique  \" width=\"560\" height=\"373\" srcset=\"https:\/\/i0.wp.com\/agrund.com\/wp-content\/uploads\/sites\/6\/2015\/04\/chanele-ss-2015-collection_paris-street-style-september-2014_chanel-spring-collection_fabulous-muses-3.jpg?w=1600&amp;ssl=1 1600w, https:\/\/i0.wp.com\/agrund.com\/wp-content\/uploads\/sites\/6\/2015\/04\/chanele-ss-2015-collection_paris-street-style-september-2014_chanel-spring-collection_fabulous-muses-3.jpg?resize=300%2C200&amp;ssl=1 300w, https:\/\/i0.wp.com\/agrund.com\/wp-content\/uploads\/sites\/6\/2015\/04\/chanele-ss-2015-collection_paris-street-style-september-2014_chanel-spring-collection_fabulous-muses-3.jpg?resize=1024%2C682&amp;ssl=1 1024w\" sizes=\"(max-width: 560px) 100vw, 560px\" data-recalc-dims=\"1\" \/><\/a><p id=\"caption-attachment-126239\" class=\"wp-caption-text\">Chanel a um clique<\/p><\/div>\n<p>Imagem: Reprodu\u00e7\u00e3o.<\/p>\n","protected":false},"excerpt":{"rendered":"<p>Hoje em dia as compras pela internet s\u00f3 aumentam e nenhuma marca quer ficar de fora dessa onda. Pois at\u00e9 a Chanel decidiu aderir \u00e0 tend\u00eancia: a grife acaba de anunciar que vai lan\u00e7ar um e-commerce, cuja abertura oficial est\u00e1 prevista para 2016. A loja online deve contar com roupas e acess\u00f3rios da marca fundada [&hellip;]<\/p>\n","protected":false},"author":8,"featured_media":126240,"comment_status":"open","ping_status":"open","sticky":false,"template":"","format":"standard","meta":{"jetpack_post_was_ever_published":false,"_jetpack_newsletter_access":"","jetpack_publicize_message":"At\u00e9 a Chanel vai entrar no mundo dos e-commerces: http:\/\/wp.me\/p3Hz0n-wQ6","jetpack_is_tweetstorm":false,"jetpack_publicize_feature_enabled":true,"jetpack_social_post_already_shared":true,"jetpack_social_options":{"image_generator_settings":{"template":"highway","enabled":false}}},"categories":[2],"tags":[],"jetpack_publicize_connections":[],"jetpack_featured_media_url":"https:\/\/i0.wp.com\/agrund.com\/wp-content\/uploads\/sites\/6\/2015\/04\/slide16.jpg?fit=960%2C300&ssl=1","jetpack_sharing_enabled":true,"jetpack_shortlink":"https:\/\/wp.me\/p3Hz0n-wQ6","jetpack_likes_enabled":true,"_links":{"self":[{"href":"https:\/\/agrund.com\/index.php\/wp-json\/wp\/v2\/posts\/126238"}],"collection":[{"href":"https:\/\/agrund.com\/index.php\/wp-json\/wp\/v2\/posts"}],"about":[{"href":"https:\/\/agrund.com\/index.php\/wp-json\/wp\/v2\/types\/post"}],"author":[{"embeddable":true,"href":"https:\/\/agrund.com\/index.php\/wp-json\/wp\/v2\/users\/8"}],"replies":[{"embeddable":true,"href":"https:\/\/agrund.com\/index.php\/wp-json\/wp\/v2\/comments?post=126238"}],"version-history":[{"count":0,"href":"https:\/\/agrund.com\/index.php\/wp-json\/wp\/v2\/posts\/126238\/revisions"}],"wp:featuredmedia":[{"embeddable":true,"href":"https:\/\/agrund.com\/index.php\/wp-json\/wp\/v2\/media\/126240"}],"wp:attachment":[{"href":"https:\/\/agrund.com\/index.php\/wp-json\/wp\/v2\/media?parent=126238"}],"wp:term":[{"taxonomy":"category","embeddable":true,"href":"https:\/\/agrund.com\/index.php\/wp-json\/wp\/v2\/categories?post=126238"},{"taxonomy":"post_tag","embeddable":true,"href":"https:\/\/agrund.com\/index.php\/wp-json\/wp\/v2\/tags?post=126238"}],"curies":[{"name":"wp","href":"https:\/\/api.w.org\/{rel}","templated":true}]}}