{"id":126226,"date":"2015-04-02T13:00:51","date_gmt":"2015-04-02T16:00:51","guid":{"rendered":"http:\/\/www.agrund.com\/?p=126226"},"modified":"2015-04-02T09:22:43","modified_gmt":"2015-04-02T12:22:43","slug":"o-novo-visual-de-katy-perry-2","status":"publish","type":"post","link":"https:\/\/agrund.com\/index.php\/o-novo-visual-de-katy-perry-2\/","title":{"rendered":"O novo visual de Katy Perry"},"content":{"rendered":"<p>Depois de pintar os cabelos de roxo (reveja <a href=\"http:\/\/www.agrund.com\/os-novos-visuais-de-kim-kardashian-rita-ora-e-katy-perry\/\" target=\"_blank\">AQUI<\/a>), Katy Perry decidiu radicalizar novamente: para a surpresa de todos, a cantora publicou uma selfie no Instagram na qual aparece com os fios pretos supercurtos seguidos da legenda &#8220;Pedi o corte da Kris Jenner!&#8221;. Para quem n\u00e3o lembra, Kris \u00e9 a matriarca da fam\u00edlia Kardashian-Jenner, uma das queridinhas nos EUA atualmente. E a\u00ed, ser\u00e1 que Katy cortou as madeixas de verdade ou s\u00f3 colocou uma peruca pra fazer charme?<\/p>\n<div id=\"attachment_126227\" style=\"width: 570px\" class=\"wp-caption aligncenter\"><a href=\"https:\/\/i0.wp.com\/www.agrund.com\/wp-content\/uploads\/sites\/6\/2015\/04\/katy-perry-cabelo-580x577.jpg\"><img aria-describedby=\"caption-attachment-126227\" data-attachment-id=\"126227\" data-permalink=\"https:\/\/agrund.com\/index.php\/o-novo-visual-de-katy-perry-2\/katy-perry-cabelo-580x577\/\" data-orig-file=\"https:\/\/i0.wp.com\/agrund.com\/wp-content\/uploads\/sites\/6\/2015\/04\/katy-perry-cabelo-580x577.jpg?fit=580%2C577&amp;ssl=1\" data-orig-size=\"580,577\" data-comments-opened=\"1\" data-image-meta=\"{&quot;aperture&quot;:&quot;0&quot;,&quot;credit&quot;:&quot;&quot;,&quot;camera&quot;:&quot;&quot;,&quot;caption&quot;:&quot;&quot;,&quot;created_timestamp&quot;:&quot;0&quot;,&quot;copyright&quot;:&quot;&quot;,&quot;focal_length&quot;:&quot;0&quot;,&quot;iso&quot;:&quot;0&quot;,&quot;shutter_speed&quot;:&quot;0&quot;,&quot;title&quot;:&quot;&quot;,&quot;orientation&quot;:&quot;0&quot;}\" data-image-title=\"O novo visual de Katy Perry\" data-image-description=\"\" data-image-caption=\"&lt;p&gt;O novo visual de Katy Perry &lt;\/p&gt;\n\" data-medium-file=\"https:\/\/i0.wp.com\/agrund.com\/wp-content\/uploads\/sites\/6\/2015\/04\/katy-perry-cabelo-580x577.jpg?fit=300%2C298&amp;ssl=1\" data-large-file=\"https:\/\/i0.wp.com\/agrund.com\/wp-content\/uploads\/sites\/6\/2015\/04\/katy-perry-cabelo-580x577.jpg?fit=580%2C577&amp;ssl=1\" decoding=\"async\" loading=\"lazy\" class=\"wp-image-126227\" src=\"https:\/\/i0.wp.com\/www.agrund.com\/wp-content\/uploads\/sites\/6\/2015\/04\/katy-perry-cabelo-580x577.jpg?resize=560%2C557\" alt=\"O novo visual de Katy Perry \" width=\"560\" height=\"557\" srcset=\"https:\/\/i0.wp.com\/agrund.com\/wp-content\/uploads\/sites\/6\/2015\/04\/katy-perry-cabelo-580x577.jpg?resize=580%2C577&amp;ssl=1 580w, https:\/\/i0.wp.com\/agrund.com\/wp-content\/uploads\/sites\/6\/2015\/04\/katy-perry-cabelo-580x577.jpg?resize=150%2C150&amp;ssl=1 150w, https:\/\/i0.wp.com\/agrund.com\/wp-content\/uploads\/sites\/6\/2015\/04\/katy-perry-cabelo-580x577.jpg?resize=300%2C298&amp;ssl=1 300w\" sizes=\"(max-width: 560px) 100vw, 560px\" data-recalc-dims=\"1\" \/><\/a><p id=\"caption-attachment-126227\" class=\"wp-caption-text\">O novo visual de Katy Perry<\/p><\/div>\n<p>Imagens: Reprodu\u00e7\u00e3o.<\/p>\n","protected":false},"excerpt":{"rendered":"<p>Depois de pintar os cabelos de roxo (reveja AQUI), Katy Perry decidiu radicalizar novamente: para a surpresa de todos, a cantora publicou uma selfie no Instagram na qual aparece com os fios pretos supercurtos seguidos da legenda &#8220;Pedi o corte da Kris Jenner!&#8221;. Para quem n\u00e3o lembra, Kris \u00e9 a matriarca da fam\u00edlia Kardashian-Jenner, uma [&hellip;]<\/p>\n","protected":false},"author":8,"featured_media":126228,"comment_status":"open","ping_status":"open","sticky":false,"template":"","format":"standard","meta":{"jetpack_post_was_ever_published":false,"_jetpack_newsletter_access":"","jetpack_publicize_message":"E o novo visual da Katy Perry? Agrund.com ainda est\u00e1 na d\u00favida se \u00e9 corte ou peruca: http:\/\/wp.me\/p3Hz0n-wPU","jetpack_is_tweetstorm":false,"jetpack_publicize_feature_enabled":true,"jetpack_social_post_already_shared":true,"jetpack_social_options":{"image_generator_settings":{"template":"highway","enabled":false}}},"categories":[2],"tags":[],"jetpack_publicize_connections":[],"jetpack_featured_media_url":"https:\/\/i0.wp.com\/agrund.com\/wp-content\/uploads\/sites\/6\/2015\/04\/slide13.jpg?fit=960%2C300&ssl=1","jetpack_sharing_enabled":true,"jetpack_shortlink":"https:\/\/wp.me\/p3Hz0n-wPU","jetpack_likes_enabled":true,"_links":{"self":[{"href":"https:\/\/agrund.com\/index.php\/wp-json\/wp\/v2\/posts\/126226"}],"collection":[{"href":"https:\/\/agrund.com\/index.php\/wp-json\/wp\/v2\/posts"}],"about":[{"href":"https:\/\/agrund.com\/index.php\/wp-json\/wp\/v2\/types\/post"}],"author":[{"embeddable":true,"href":"https:\/\/agrund.com\/index.php\/wp-json\/wp\/v2\/users\/8"}],"replies":[{"embeddable":true,"href":"https:\/\/agrund.com\/index.php\/wp-json\/wp\/v2\/comments?post=126226"}],"version-history":[{"count":0,"href":"https:\/\/agrund.com\/index.php\/wp-json\/wp\/v2\/posts\/126226\/revisions"}],"wp:featuredmedia":[{"embeddable":true,"href":"https:\/\/agrund.com\/index.php\/wp-json\/wp\/v2\/media\/126228"}],"wp:attachment":[{"href":"https:\/\/agrund.com\/index.php\/wp-json\/wp\/v2\/media?parent=126226"}],"wp:term":[{"taxonomy":"category","embeddable":true,"href":"https:\/\/agrund.com\/index.php\/wp-json\/wp\/v2\/categories?post=126226"},{"taxonomy":"post_tag","embeddable":true,"href":"https:\/\/agrund.com\/index.php\/wp-json\/wp\/v2\/tags?post=126226"}],"curies":[{"name":"wp","href":"https:\/\/api.w.org\/{rel}","templated":true}]}}