{"id":126211,"date":"2015-04-01T20:00:53","date_gmt":"2015-04-01T23:00:53","guid":{"rendered":"http:\/\/www.agrund.com\/?p=126211"},"modified":"2015-04-01T19:26:41","modified_gmt":"2015-04-01T22:26:41","slug":"fragrancia-para-o-altar","status":"publish","type":"post","link":"https:\/\/agrund.com\/index.php\/fragrancia-para-o-altar\/","title":{"rendered":"Fragr\u00e2ncia para o altar"},"content":{"rendered":"<p>A Guerlain lan\u00e7ou um perfume especial para o momento das noivas dizerem sim no altar. Batizada Le Bouquet de la Marri\u00e9e (O buqu\u00ea da Noiva, em portugu\u00eas), a fragr\u00e2ncia foi desenvolvida pensando no aroma delicado de um buqu\u00ea com flores de laranjeira e rosas combinadas com notas de baunilha, patchouli e incenso. Para completar, o frasco ainda \u00e9 decorado com flores e rendas brancas e a caixa do produto traz um segundo vidro com o mesmo perfume em tamanho menor \u2013 esse para a noiva guardar como uma lembra\u00e7a particular do seu casamento. Legal, n\u00e9? Veja na galeria:<\/p>\n<div id=\"attachment_126212\" style=\"width: 570px\" class=\"wp-caption aligncenter\"><a href=\"https:\/\/i0.wp.com\/www.agrund.com\/wp-content\/uploads\/sites\/6\/2015\/04\/Mariage-la-collaboration-couture-de-Delphine-Manivet-et-Guerlain_visuel_article2.jpg\"><img aria-describedby=\"caption-attachment-126212\" data-attachment-id=\"126212\" data-permalink=\"https:\/\/agrund.com\/index.php\/fragrancia-para-o-altar\/mariage-la-collaboration-couture-de-delphine-manivet-et-guerlain_visuel_article2\/\" data-orig-file=\"https:\/\/i0.wp.com\/agrund.com\/wp-content\/uploads\/sites\/6\/2015\/04\/Mariage-la-collaboration-couture-de-Delphine-Manivet-et-Guerlain_visuel_article2.jpg?fit=620%2C620&amp;ssl=1\" data-orig-size=\"620,620\" data-comments-opened=\"1\" data-image-meta=\"{&quot;aperture&quot;:&quot;0&quot;,&quot;credit&quot;:&quot;&quot;,&quot;camera&quot;:&quot;&quot;,&quot;caption&quot;:&quot;&quot;,&quot;created_timestamp&quot;:&quot;0&quot;,&quot;copyright&quot;:&quot;&quot;,&quot;focal_length&quot;:&quot;0&quot;,&quot;iso&quot;:&quot;0&quot;,&quot;shutter_speed&quot;:&quot;0&quot;,&quot;title&quot;:&quot;&quot;,&quot;orientation&quot;:&quot;0&quot;}\" data-image-title=\"Fragr\u00e2ncia para o altar\" data-image-description=\"\" data-image-caption=\"&lt;p&gt;Fragr\u00e2ncia para o altar  &lt;\/p&gt;\n\" data-medium-file=\"https:\/\/i0.wp.com\/agrund.com\/wp-content\/uploads\/sites\/6\/2015\/04\/Mariage-la-collaboration-couture-de-Delphine-Manivet-et-Guerlain_visuel_article2.jpg?fit=300%2C300&amp;ssl=1\" data-large-file=\"https:\/\/i0.wp.com\/agrund.com\/wp-content\/uploads\/sites\/6\/2015\/04\/Mariage-la-collaboration-couture-de-Delphine-Manivet-et-Guerlain_visuel_article2.jpg?fit=620%2C620&amp;ssl=1\" decoding=\"async\" loading=\"lazy\" class=\"wp-image-126212\" src=\"https:\/\/i0.wp.com\/www.agrund.com\/wp-content\/uploads\/sites\/6\/2015\/04\/Mariage-la-collaboration-couture-de-Delphine-Manivet-et-Guerlain_visuel_article2.jpg?resize=560%2C560\" alt=\"Fragr\u00e2ncia para o altar  \" width=\"560\" height=\"560\" srcset=\"https:\/\/i0.wp.com\/agrund.com\/wp-content\/uploads\/sites\/6\/2015\/04\/Mariage-la-collaboration-couture-de-Delphine-Manivet-et-Guerlain_visuel_article2.jpg?w=620&amp;ssl=1 620w, https:\/\/i0.wp.com\/agrund.com\/wp-content\/uploads\/sites\/6\/2015\/04\/Mariage-la-collaboration-couture-de-Delphine-Manivet-et-Guerlain_visuel_article2.jpg?resize=150%2C150&amp;ssl=1 150w, https:\/\/i0.wp.com\/agrund.com\/wp-content\/uploads\/sites\/6\/2015\/04\/Mariage-la-collaboration-couture-de-Delphine-Manivet-et-Guerlain_visuel_article2.jpg?resize=300%2C300&amp;ssl=1 300w\" sizes=\"(max-width: 560px) 100vw, 560px\" data-recalc-dims=\"1\" \/><\/a><p id=\"caption-attachment-126212\" class=\"wp-caption-text\">Fragr\u00e2ncia para o altar<\/p><\/div>\n<div id=\"attachment_126213\" style=\"width: 570px\" class=\"wp-caption aligncenter\"><a href=\"https:\/\/i0.wp.com\/www.agrund.com\/wp-content\/uploads\/sites\/6\/2015\/04\/Parfums-Guerlain-e1425893175471.jpg\"><img aria-describedby=\"caption-attachment-126213\" data-attachment-id=\"126213\" data-permalink=\"https:\/\/agrund.com\/index.php\/fragrancia-para-o-altar\/parfums-guerlain-e1425893175471\/\" data-orig-file=\"https:\/\/i0.wp.com\/agrund.com\/wp-content\/uploads\/sites\/6\/2015\/04\/Parfums-Guerlain-e1425893175471.jpg?fit=550%2C550&amp;ssl=1\" data-orig-size=\"550,550\" data-comments-opened=\"1\" data-image-meta=\"{&quot;aperture&quot;:&quot;0&quot;,&quot;credit&quot;:&quot;&quot;,&quot;camera&quot;:&quot;&quot;,&quot;caption&quot;:&quot;&quot;,&quot;created_timestamp&quot;:&quot;0&quot;,&quot;copyright&quot;:&quot;&quot;,&quot;focal_length&quot;:&quot;0&quot;,&quot;iso&quot;:&quot;0&quot;,&quot;shutter_speed&quot;:&quot;0&quot;,&quot;title&quot;:&quot;&quot;,&quot;orientation&quot;:&quot;0&quot;}\" data-image-title=\"Fragr\u00e2ncia para o altar\" data-image-description=\"\" data-image-caption=\"&lt;p&gt;Fragr\u00e2ncia para o altar  &lt;\/p&gt;\n\" data-medium-file=\"https:\/\/i0.wp.com\/agrund.com\/wp-content\/uploads\/sites\/6\/2015\/04\/Parfums-Guerlain-e1425893175471.jpg?fit=300%2C300&amp;ssl=1\" data-large-file=\"https:\/\/i0.wp.com\/agrund.com\/wp-content\/uploads\/sites\/6\/2015\/04\/Parfums-Guerlain-e1425893175471.jpg?fit=550%2C550&amp;ssl=1\" decoding=\"async\" loading=\"lazy\" class=\"wp-image-126213\" src=\"https:\/\/i0.wp.com\/www.agrund.com\/wp-content\/uploads\/sites\/6\/2015\/04\/Parfums-Guerlain-e1425893175471.jpg?resize=560%2C560\" alt=\"Fragr\u00e2ncia para o altar  \" width=\"560\" height=\"560\" srcset=\"https:\/\/i0.wp.com\/agrund.com\/wp-content\/uploads\/sites\/6\/2015\/04\/Parfums-Guerlain-e1425893175471.jpg?w=550&amp;ssl=1 550w, https:\/\/i0.wp.com\/agrund.com\/wp-content\/uploads\/sites\/6\/2015\/04\/Parfums-Guerlain-e1425893175471.jpg?resize=150%2C150&amp;ssl=1 150w, https:\/\/i0.wp.com\/agrund.com\/wp-content\/uploads\/sites\/6\/2015\/04\/Parfums-Guerlain-e1425893175471.jpg?resize=300%2C300&amp;ssl=1 300w\" sizes=\"(max-width: 560px) 100vw, 560px\" data-recalc-dims=\"1\" \/><\/a><p id=\"caption-attachment-126213\" class=\"wp-caption-text\">Fragr\u00e2ncia para o altar<\/p><\/div>\n<p>&nbsp;<\/p>\n<p>Imagens: Reprodu\u00e7\u00e3o.<\/p>\n","protected":false},"excerpt":{"rendered":"<p>A Guerlain lan\u00e7ou um perfume especial para o momento das noivas dizerem sim no altar. Batizada Le Bouquet de la Marri\u00e9e (O buqu\u00ea da Noiva, em portugu\u00eas), a fragr\u00e2ncia foi desenvolvida pensando no aroma delicado de um buqu\u00ea com flores de laranjeira e rosas combinadas com notas de baunilha, patchouli e incenso. Para completar, o [&hellip;]<\/p>\n","protected":false},"author":8,"featured_media":126214,"comment_status":"open","ping_status":"open","sticky":false,"template":"","format":"standard","meta":{"jetpack_post_was_ever_published":false,"_jetpack_newsletter_access":"","jetpack_publicize_message":"Vai casar? A Guerlain lan\u00e7ou um perfume especial para as noivas! http:\/\/wp.me\/p3Hz0n-wPF","jetpack_is_tweetstorm":false,"jetpack_publicize_feature_enabled":true,"jetpack_social_post_already_shared":true,"jetpack_social_options":{"image_generator_settings":{"template":"highway","enabled":false}}},"categories":[2],"tags":[],"jetpack_publicize_connections":[],"jetpack_featured_media_url":"https:\/\/i0.wp.com\/agrund.com\/wp-content\/uploads\/sites\/6\/2015\/04\/slide10.jpg?fit=960%2C300&ssl=1","jetpack_sharing_enabled":true,"jetpack_shortlink":"https:\/\/wp.me\/p3Hz0n-wPF","jetpack_likes_enabled":true,"_links":{"self":[{"href":"https:\/\/agrund.com\/index.php\/wp-json\/wp\/v2\/posts\/126211"}],"collection":[{"href":"https:\/\/agrund.com\/index.php\/wp-json\/wp\/v2\/posts"}],"about":[{"href":"https:\/\/agrund.com\/index.php\/wp-json\/wp\/v2\/types\/post"}],"author":[{"embeddable":true,"href":"https:\/\/agrund.com\/index.php\/wp-json\/wp\/v2\/users\/8"}],"replies":[{"embeddable":true,"href":"https:\/\/agrund.com\/index.php\/wp-json\/wp\/v2\/comments?post=126211"}],"version-history":[{"count":0,"href":"https:\/\/agrund.com\/index.php\/wp-json\/wp\/v2\/posts\/126211\/revisions"}],"wp:featuredmedia":[{"embeddable":true,"href":"https:\/\/agrund.com\/index.php\/wp-json\/wp\/v2\/media\/126214"}],"wp:attachment":[{"href":"https:\/\/agrund.com\/index.php\/wp-json\/wp\/v2\/media?parent=126211"}],"wp:term":[{"taxonomy":"category","embeddable":true,"href":"https:\/\/agrund.com\/index.php\/wp-json\/wp\/v2\/categories?post=126211"},{"taxonomy":"post_tag","embeddable":true,"href":"https:\/\/agrund.com\/index.php\/wp-json\/wp\/v2\/tags?post=126211"}],"curies":[{"name":"wp","href":"https:\/\/api.w.org\/{rel}","templated":true}]}}