{"id":126186,"date":"2015-04-01T16:00:02","date_gmt":"2015-04-01T19:00:02","guid":{"rendered":"http:\/\/www.agrund.com\/?p=126186"},"modified":"2015-04-01T13:01:06","modified_gmt":"2015-04-01T16:01:06","slug":"m-a-c-lanca-linha-inspirada-no-coachella","status":"publish","type":"post","link":"https:\/\/agrund.com\/index.php\/m-a-c-lanca-linha-inspirada-no-coachella\/","title":{"rendered":"M.A.C lan\u00e7a linha inspirada no Coachella"},"content":{"rendered":"<p>Todos que amam maquiagem comemoram quando a M.A.C anuncia uma nova parceria, n\u00e9? Pois dessa vez a marca convocou a DJ americana Mia Moretti para desenvolver uma cole\u00e7\u00e3o inspirada no famoso festival Coachella! A linha conta com produtos em cores chamativas como o pink, o roxo, o vermelho, o coral e o verde-lim\u00e3o, tons que aparecem desde os batons at\u00e9 a paleta de sombras. Interessou? Veja a novidade em detalhes na galeria:<\/p>\n<div id=\"attachment_126188\" style=\"width: 570px\" class=\"wp-caption aligncenter\"><a href=\"https:\/\/i0.wp.com\/www.agrund.com\/wp-content\/uploads\/sites\/6\/2015\/04\/m_a_c_lance_une_collection_avec_mia_moretti_8243_north_635x0.jpg\"><img aria-describedby=\"caption-attachment-126188\" data-attachment-id=\"126188\" data-permalink=\"https:\/\/agrund.com\/index.php\/m-a-c-lanca-linha-inspirada-no-coachella\/m_a_c_lance_une_collection_avec_mia_moretti_8243_north_635x0\/\" data-orig-file=\"https:\/\/i0.wp.com\/agrund.com\/wp-content\/uploads\/sites\/6\/2015\/04\/m_a_c_lance_une_collection_avec_mia_moretti_8243_north_635x0.jpg?fit=635%2C635&amp;ssl=1\" data-orig-size=\"635,635\" data-comments-opened=\"1\" data-image-meta=\"{&quot;aperture&quot;:&quot;0&quot;,&quot;credit&quot;:&quot;&quot;,&quot;camera&quot;:&quot;&quot;,&quot;caption&quot;:&quot;&quot;,&quot;created_timestamp&quot;:&quot;0&quot;,&quot;copyright&quot;:&quot;&quot;,&quot;focal_length&quot;:&quot;0&quot;,&quot;iso&quot;:&quot;0&quot;,&quot;shutter_speed&quot;:&quot;0&quot;,&quot;title&quot;:&quot;&quot;,&quot;orientation&quot;:&quot;0&quot;}\" data-image-title=\"M.A.C lan\u00e7a linha inspirada no Coachella\" data-image-description=\"\" data-image-caption=\"&lt;p&gt;M.A.C lan\u00e7a linha inspirada no Coachella &lt;\/p&gt;\n\" data-medium-file=\"https:\/\/i0.wp.com\/agrund.com\/wp-content\/uploads\/sites\/6\/2015\/04\/m_a_c_lance_une_collection_avec_mia_moretti_8243_north_635x0.jpg?fit=300%2C300&amp;ssl=1\" data-large-file=\"https:\/\/i0.wp.com\/agrund.com\/wp-content\/uploads\/sites\/6\/2015\/04\/m_a_c_lance_une_collection_avec_mia_moretti_8243_north_635x0.jpg?fit=635%2C635&amp;ssl=1\" decoding=\"async\" loading=\"lazy\" class=\"wp-image-126188\" src=\"https:\/\/i0.wp.com\/www.agrund.com\/wp-content\/uploads\/sites\/6\/2015\/04\/m_a_c_lance_une_collection_avec_mia_moretti_8243_north_635x0.jpg?resize=560%2C560\" alt=\"M.A.C lan\u00e7a linha inspirada no Coachella \" width=\"560\" height=\"560\" srcset=\"https:\/\/i0.wp.com\/agrund.com\/wp-content\/uploads\/sites\/6\/2015\/04\/m_a_c_lance_une_collection_avec_mia_moretti_8243_north_635x0.jpg?w=635&amp;ssl=1 635w, https:\/\/i0.wp.com\/agrund.com\/wp-content\/uploads\/sites\/6\/2015\/04\/m_a_c_lance_une_collection_avec_mia_moretti_8243_north_635x0.jpg?resize=150%2C150&amp;ssl=1 150w, https:\/\/i0.wp.com\/agrund.com\/wp-content\/uploads\/sites\/6\/2015\/04\/m_a_c_lance_une_collection_avec_mia_moretti_8243_north_635x0.jpg?resize=300%2C300&amp;ssl=1 300w\" sizes=\"(max-width: 560px) 100vw, 560px\" data-recalc-dims=\"1\" \/><\/a><p id=\"caption-attachment-126188\" class=\"wp-caption-text\">M.A.C lan\u00e7a linha inspirada no Coachella<\/p><\/div>\n<div id=\"attachment_126187\" style=\"width: 570px\" class=\"wp-caption aligncenter\"><a href=\"https:\/\/i0.wp.com\/www.agrund.com\/wp-content\/uploads\/sites\/6\/2015\/04\/m_a_c_lance_une_collection_avec_mia_moretti_6736.jpg\"><img aria-describedby=\"caption-attachment-126187\" data-attachment-id=\"126187\" data-permalink=\"https:\/\/agrund.com\/index.php\/m-a-c-lanca-linha-inspirada-no-coachella\/m_a_c_lance_une_collection_avec_mia_moretti_6736\/\" data-orig-file=\"https:\/\/i0.wp.com\/agrund.com\/wp-content\/uploads\/sites\/6\/2015\/04\/m_a_c_lance_une_collection_avec_mia_moretti_6736.jpg?fit=646%2C252&amp;ssl=1\" data-orig-size=\"646,252\" data-comments-opened=\"1\" data-image-meta=\"{&quot;aperture&quot;:&quot;0&quot;,&quot;credit&quot;:&quot;&quot;,&quot;camera&quot;:&quot;&quot;,&quot;caption&quot;:&quot;&quot;,&quot;created_timestamp&quot;:&quot;0&quot;,&quot;copyright&quot;:&quot;&quot;,&quot;focal_length&quot;:&quot;0&quot;,&quot;iso&quot;:&quot;0&quot;,&quot;shutter_speed&quot;:&quot;0&quot;,&quot;title&quot;:&quot;&quot;,&quot;orientation&quot;:&quot;0&quot;}\" data-image-title=\"M.A.C lan\u00e7a linha inspirada no Coachella\" data-image-description=\"\" data-image-caption=\"&lt;p&gt;M.A.C lan\u00e7a linha inspirada no Coachella &lt;\/p&gt;\n\" data-medium-file=\"https:\/\/i0.wp.com\/agrund.com\/wp-content\/uploads\/sites\/6\/2015\/04\/m_a_c_lance_une_collection_avec_mia_moretti_6736.jpg?fit=300%2C117&amp;ssl=1\" data-large-file=\"https:\/\/i0.wp.com\/agrund.com\/wp-content\/uploads\/sites\/6\/2015\/04\/m_a_c_lance_une_collection_avec_mia_moretti_6736.jpg?fit=646%2C252&amp;ssl=1\" decoding=\"async\" loading=\"lazy\" class=\"wp-image-126187\" src=\"https:\/\/i0.wp.com\/www.agrund.com\/wp-content\/uploads\/sites\/6\/2015\/04\/m_a_c_lance_une_collection_avec_mia_moretti_6736.jpg?resize=560%2C218\" alt=\"M.A.C lan\u00e7a linha inspirada no Coachella \" width=\"560\" height=\"218\" srcset=\"https:\/\/i0.wp.com\/agrund.com\/wp-content\/uploads\/sites\/6\/2015\/04\/m_a_c_lance_une_collection_avec_mia_moretti_6736.jpg?w=646&amp;ssl=1 646w, https:\/\/i0.wp.com\/agrund.com\/wp-content\/uploads\/sites\/6\/2015\/04\/m_a_c_lance_une_collection_avec_mia_moretti_6736.jpg?resize=300%2C117&amp;ssl=1 300w\" sizes=\"(max-width: 560px) 100vw, 560px\" data-recalc-dims=\"1\" \/><\/a><p id=\"caption-attachment-126187\" class=\"wp-caption-text\">M.A.C lan\u00e7a linha inspirada no Coachella<\/p><\/div>\n<p>Imagens: Reprodu\u00e7\u00e3o.<\/p>\n","protected":false},"excerpt":{"rendered":"<p>Todos que amam maquiagem comemoram quando a M.A.C anuncia uma nova parceria, n\u00e9? Pois dessa vez a marca convocou a DJ americana Mia Moretti para desenvolver uma cole\u00e7\u00e3o inspirada no famoso festival Coachella! A linha conta com produtos em cores chamativas como o pink, o roxo, o vermelho, o coral e o verde-lim\u00e3o, tons que [&hellip;]<\/p>\n","protected":false},"author":8,"featured_media":126189,"comment_status":"open","ping_status":"open","sticky":false,"template":"","format":"standard","meta":{"jetpack_post_was_ever_published":false,"_jetpack_newsletter_access":"","jetpack_publicize_message":"E a cole\u00e7\u00e3o da M.A.C inspirada no Coachella? Agrund.com mostra os detalhes: http:\/\/wp.me\/p3Hz0n-wPg","jetpack_is_tweetstorm":false,"jetpack_publicize_feature_enabled":true,"jetpack_social_post_already_shared":true,"jetpack_social_options":{"image_generator_settings":{"template":"highway","enabled":false}}},"categories":[2],"tags":[],"jetpack_publicize_connections":[],"jetpack_featured_media_url":"https:\/\/i0.wp.com\/agrund.com\/wp-content\/uploads\/sites\/6\/2015\/04\/slide6.jpg?fit=960%2C300&ssl=1","jetpack_sharing_enabled":true,"jetpack_shortlink":"https:\/\/wp.me\/p3Hz0n-wPg","jetpack_likes_enabled":true,"_links":{"self":[{"href":"https:\/\/agrund.com\/index.php\/wp-json\/wp\/v2\/posts\/126186"}],"collection":[{"href":"https:\/\/agrund.com\/index.php\/wp-json\/wp\/v2\/posts"}],"about":[{"href":"https:\/\/agrund.com\/index.php\/wp-json\/wp\/v2\/types\/post"}],"author":[{"embeddable":true,"href":"https:\/\/agrund.com\/index.php\/wp-json\/wp\/v2\/users\/8"}],"replies":[{"embeddable":true,"href":"https:\/\/agrund.com\/index.php\/wp-json\/wp\/v2\/comments?post=126186"}],"version-history":[{"count":0,"href":"https:\/\/agrund.com\/index.php\/wp-json\/wp\/v2\/posts\/126186\/revisions"}],"wp:featuredmedia":[{"embeddable":true,"href":"https:\/\/agrund.com\/index.php\/wp-json\/wp\/v2\/media\/126189"}],"wp:attachment":[{"href":"https:\/\/agrund.com\/index.php\/wp-json\/wp\/v2\/media?parent=126186"}],"wp:term":[{"taxonomy":"category","embeddable":true,"href":"https:\/\/agrund.com\/index.php\/wp-json\/wp\/v2\/categories?post=126186"},{"taxonomy":"post_tag","embeddable":true,"href":"https:\/\/agrund.com\/index.php\/wp-json\/wp\/v2\/tags?post=126186"}],"curies":[{"name":"wp","href":"https:\/\/api.w.org\/{rel}","templated":true}]}}