{"id":126151,"date":"2015-04-01T10:00:26","date_gmt":"2015-04-01T13:00:26","guid":{"rendered":"http:\/\/www.agrund.com\/?p=126151"},"modified":"2015-04-01T09:56:40","modified_gmt":"2015-04-01T12:56:40","slug":"video-os-lencos-dancantes-da-hermes","status":"publish","type":"post","link":"https:\/\/agrund.com\/index.php\/video-os-lencos-dancantes-da-hermes\/","title":{"rendered":"V\u00eddeo :: Os len\u00e7os dan\u00e7antes da Herm\u00e8s"},"content":{"rendered":"<div id=\"attachment_126152\" style=\"width: 570px\" class=\"wp-caption aligncenter\"><a href=\"https:\/\/i0.wp.com\/www.agrund.com\/wp-content\/uploads\/sites\/6\/2015\/04\/maxresdefault.jpg\"><img aria-describedby=\"caption-attachment-126152\" data-attachment-id=\"126152\" data-permalink=\"https:\/\/agrund.com\/index.php\/video-os-lencos-dancantes-da-hermes\/maxresdefault\/\" data-orig-file=\"https:\/\/i0.wp.com\/agrund.com\/wp-content\/uploads\/sites\/6\/2015\/04\/maxresdefault.jpg?fit=1920%2C720&amp;ssl=1\" data-orig-size=\"1920,720\" data-comments-opened=\"1\" data-image-meta=\"{&quot;aperture&quot;:&quot;0&quot;,&quot;credit&quot;:&quot;&quot;,&quot;camera&quot;:&quot;&quot;,&quot;caption&quot;:&quot;&quot;,&quot;created_timestamp&quot;:&quot;0&quot;,&quot;copyright&quot;:&quot;&quot;,&quot;focal_length&quot;:&quot;0&quot;,&quot;iso&quot;:&quot;0&quot;,&quot;shutter_speed&quot;:&quot;0&quot;,&quot;title&quot;:&quot;&quot;,&quot;orientation&quot;:&quot;0&quot;}\" data-image-title=\"V\u00eddeo :: Os len\u00e7os dan\u00e7antes da Herm\u00e8s\" data-image-description=\"\" data-image-caption=\"&lt;p&gt;V\u00eddeo :: Os len\u00e7os dan\u00e7antes da Herm\u00e8s &lt;\/p&gt;\n\" data-medium-file=\"https:\/\/i0.wp.com\/agrund.com\/wp-content\/uploads\/sites\/6\/2015\/04\/maxresdefault.jpg?fit=300%2C113&amp;ssl=1\" data-large-file=\"https:\/\/i0.wp.com\/agrund.com\/wp-content\/uploads\/sites\/6\/2015\/04\/maxresdefault.jpg?fit=1024%2C384&amp;ssl=1\" decoding=\"async\" loading=\"lazy\" class=\"wp-image-126152\" src=\"https:\/\/i0.wp.com\/www.agrund.com\/wp-content\/uploads\/sites\/6\/2015\/04\/maxresdefault.jpg?resize=560%2C210\" alt=\"V\u00eddeo :: Os len\u00e7os dan\u00e7antes da Herm\u00e8s \" width=\"560\" height=\"210\" srcset=\"https:\/\/i0.wp.com\/agrund.com\/wp-content\/uploads\/sites\/6\/2015\/04\/maxresdefault.jpg?w=1920&amp;ssl=1 1920w, https:\/\/i0.wp.com\/agrund.com\/wp-content\/uploads\/sites\/6\/2015\/04\/maxresdefault.jpg?resize=300%2C113&amp;ssl=1 300w, https:\/\/i0.wp.com\/agrund.com\/wp-content\/uploads\/sites\/6\/2015\/04\/maxresdefault.jpg?resize=1024%2C384&amp;ssl=1 1024w\" sizes=\"(max-width: 560px) 100vw, 560px\" data-recalc-dims=\"1\" \/><\/a><p id=\"caption-attachment-126152\" class=\"wp-caption-text\">V\u00eddeo :: Os len\u00e7os dan\u00e7antes da Herm\u00e8s<\/p><\/div>\n<p>A Herm\u00e8s acaba de lan\u00e7ar uma nova cole\u00e7\u00e3o dos seus tradicionais len\u00e7os carr\u00e9, tidos como os mais famosos e caros no mundo todo. E para marcar a chegada dos modelos, a grife francesa convidou o fot\u00f3grafo Charlie Engman, conhecido pelo estilo moderno e um tanto quanto surreal, para dirigir um v\u00eddeo de divulga\u00e7\u00e3o da novidade. Em pouco mais de um minuto e meio, o profissional baseado em NY mostra os itens da marca em montagens descoladas de alma pop que brincam com o efeito marionete, fazendo os len\u00e7os dan\u00e7arem ao som de &#8220;E.V.A.&#8221; de Jean Jacques Perrey. D\u00ea play e confira:<\/p>\n<span class=\"embed-youtube\" style=\"text-align:center; display: block;\"><iframe class=\"youtube-player\" width=\"560\" height=\"315\" src=\"https:\/\/www.youtube.com\/embed\/2AngmKmQ4nE?version=3&#038;rel=1&#038;showsearch=0&#038;showinfo=1&#038;iv_load_policy=1&#038;fs=1&#038;hl=pt-BR&#038;autohide=2&#038;wmode=transparent\" allowfullscreen=\"true\" style=\"border:0;\" sandbox=\"allow-scripts allow-same-origin allow-popups allow-presentation\"><\/iframe><\/span>\n<p>Imagem e V\u00eddeo: Reprodu\u00e7\u00e3o.<\/p>\n","protected":false},"excerpt":{"rendered":"<p>A Herm\u00e8s acaba de lan\u00e7ar uma nova cole\u00e7\u00e3o dos seus tradicionais len\u00e7os carr\u00e9, tidos como os mais famosos e caros no mundo todo. E para marcar a chegada dos modelos, a grife francesa convidou o fot\u00f3grafo Charlie Engman, conhecido pelo estilo moderno e um tanto quanto surreal, para dirigir um v\u00eddeo de divulga\u00e7\u00e3o da novidade. [&hellip;]<\/p>\n","protected":false},"author":8,"featured_media":126153,"comment_status":"open","ping_status":"open","sticky":false,"template":"","format":"standard","meta":{"jetpack_post_was_ever_published":false,"_jetpack_newsletter_access":"","jetpack_publicize_message":"A Herm\u00e8s colocou seus famosos len\u00e7os para dan\u00e7ar em um novo v\u00eddeo pop dirigido por Charlie Engman: http:\/\/wp.me\/p3Hz0n-wOH","jetpack_is_tweetstorm":false,"jetpack_publicize_feature_enabled":true,"jetpack_social_post_already_shared":true,"jetpack_social_options":{"image_generator_settings":{"template":"highway","enabled":false}}},"categories":[2],"tags":[],"jetpack_publicize_connections":[],"jetpack_featured_media_url":"https:\/\/i0.wp.com\/agrund.com\/wp-content\/uploads\/sites\/6\/2015\/04\/slide.jpg?fit=960%2C300&ssl=1","jetpack_sharing_enabled":true,"jetpack_shortlink":"https:\/\/wp.me\/p3Hz0n-wOH","jetpack_likes_enabled":true,"_links":{"self":[{"href":"https:\/\/agrund.com\/index.php\/wp-json\/wp\/v2\/posts\/126151"}],"collection":[{"href":"https:\/\/agrund.com\/index.php\/wp-json\/wp\/v2\/posts"}],"about":[{"href":"https:\/\/agrund.com\/index.php\/wp-json\/wp\/v2\/types\/post"}],"author":[{"embeddable":true,"href":"https:\/\/agrund.com\/index.php\/wp-json\/wp\/v2\/users\/8"}],"replies":[{"embeddable":true,"href":"https:\/\/agrund.com\/index.php\/wp-json\/wp\/v2\/comments?post=126151"}],"version-history":[{"count":0,"href":"https:\/\/agrund.com\/index.php\/wp-json\/wp\/v2\/posts\/126151\/revisions"}],"wp:featuredmedia":[{"embeddable":true,"href":"https:\/\/agrund.com\/index.php\/wp-json\/wp\/v2\/media\/126153"}],"wp:attachment":[{"href":"https:\/\/agrund.com\/index.php\/wp-json\/wp\/v2\/media?parent=126151"}],"wp:term":[{"taxonomy":"category","embeddable":true,"href":"https:\/\/agrund.com\/index.php\/wp-json\/wp\/v2\/categories?post=126151"},{"taxonomy":"post_tag","embeddable":true,"href":"https:\/\/agrund.com\/index.php\/wp-json\/wp\/v2\/tags?post=126151"}],"curies":[{"name":"wp","href":"https:\/\/api.w.org\/{rel}","templated":true}]}}