{"id":126048,"date":"2015-03-30T13:00:24","date_gmt":"2015-03-30T16:00:24","guid":{"rendered":"http:\/\/www.agrund.com\/?p=126048"},"modified":"2015-03-30T08:44:49","modified_gmt":"2015-03-30T11:44:49","slug":"video-007-contra-spectre-ganha-trailer","status":"publish","type":"post","link":"https:\/\/agrund.com\/index.php\/video-007-contra-spectre-ganha-trailer\/","title":{"rendered":"V\u00eddeo :: &#8220;007 Contra SPECTRE&#8221; ganha trailer"},"content":{"rendered":"<div id=\"attachment_126050\" style=\"width: 570px\" class=\"wp-caption aligncenter\"><a href=\"https:\/\/i0.wp.com\/www.agrund.com\/wp-content\/uploads\/sites\/6\/2015\/03\/bond.png\"><img aria-describedby=\"caption-attachment-126050\" data-attachment-id=\"126050\" data-permalink=\"https:\/\/agrund.com\/index.php\/video-007-contra-spectre-ganha-trailer\/bond\/\" data-orig-file=\"https:\/\/i0.wp.com\/agrund.com\/wp-content\/uploads\/sites\/6\/2015\/03\/bond.png?fit=1200%2C700&amp;ssl=1\" data-orig-size=\"1200,700\" data-comments-opened=\"1\" data-image-meta=\"{&quot;aperture&quot;:&quot;0&quot;,&quot;credit&quot;:&quot;&quot;,&quot;camera&quot;:&quot;&quot;,&quot;caption&quot;:&quot;&quot;,&quot;created_timestamp&quot;:&quot;0&quot;,&quot;copyright&quot;:&quot;&quot;,&quot;focal_length&quot;:&quot;0&quot;,&quot;iso&quot;:&quot;0&quot;,&quot;shutter_speed&quot;:&quot;0&quot;,&quot;title&quot;:&quot;&quot;,&quot;orientation&quot;:&quot;0&quot;}\" data-image-title=\"V\u00eddeo :: &#8220;007 Contra SPECTRE&#8221; ganha trailer\" data-image-description=\"\" data-image-caption=\"&lt;p&gt;V\u00eddeo :: &#8220;007 Contra SPECTRE&#8221; ganha trailer&lt;\/p&gt;\n\" data-medium-file=\"https:\/\/i0.wp.com\/agrund.com\/wp-content\/uploads\/sites\/6\/2015\/03\/bond.png?fit=300%2C175&amp;ssl=1\" data-large-file=\"https:\/\/i0.wp.com\/agrund.com\/wp-content\/uploads\/sites\/6\/2015\/03\/bond.png?fit=1024%2C597&amp;ssl=1\" decoding=\"async\" loading=\"lazy\" class=\"wp-image-126050\" src=\"https:\/\/i0.wp.com\/www.agrund.com\/wp-content\/uploads\/sites\/6\/2015\/03\/bond.png?resize=560%2C327\" alt=\"V\u00eddeo :: &quot;007 Contra SPECTRE&quot; ganha trailer\" width=\"560\" height=\"327\" srcset=\"https:\/\/i0.wp.com\/agrund.com\/wp-content\/uploads\/sites\/6\/2015\/03\/bond.png?w=1200&amp;ssl=1 1200w, https:\/\/i0.wp.com\/agrund.com\/wp-content\/uploads\/sites\/6\/2015\/03\/bond.png?resize=300%2C175&amp;ssl=1 300w, https:\/\/i0.wp.com\/agrund.com\/wp-content\/uploads\/sites\/6\/2015\/03\/bond.png?resize=1024%2C597&amp;ssl=1 1024w\" sizes=\"(max-width: 560px) 100vw, 560px\" data-recalc-dims=\"1\" \/><\/a><p id=\"caption-attachment-126050\" class=\"wp-caption-text\">V\u00eddeo :: &#8220;007 Contra SPECTRE&#8221; ganha trailer<\/p><\/div>\n<p>Agrund.com mostrou o primeiro p\u00f4ster de &#8220;007 Contra SPECTRE&#8221; h\u00e1 alguns dias <a href=\"http:\/\/www.agrund.com\/007-spectre-ganha-poster-oficial\/\" target=\"_blank\">AQUI<\/a>. Agora o longa, com lan\u00e7amento mundial previsto para 5\/11, acaba de ter o primeiro trailer oficial divulgado. No v\u00eddeo em quest\u00e3o James Bond (vivido por Daniel Craig) entra em contato com um segredo latente do seu passado que faz com que o agente v\u00e1 ao encontro dos membros da SPECTRE \u2013 organiza\u00e7\u00e3o criminosa que representa um enorme perigo para ele e para o mundo. D\u00ea play e confira:<\/p>\n<span class=\"embed-youtube\" style=\"text-align:center; display: block;\"><iframe class=\"youtube-player\" width=\"560\" height=\"315\" src=\"https:\/\/www.youtube.com\/embed\/sYp6GpBlb7I?version=3&#038;rel=1&#038;showsearch=0&#038;showinfo=1&#038;iv_load_policy=1&#038;fs=1&#038;hl=pt-BR&#038;autohide=2&#038;wmode=transparent\" allowfullscreen=\"true\" style=\"border:0;\" sandbox=\"allow-scripts allow-same-origin allow-popups allow-presentation\"><\/iframe><\/span>\n<p>Vale lembrar que a SPECTRE (acr\u00f4nimo de &#8220;Special Executive for Counter-intelligence, Terrorism, Revenge and Extortion&#8221; \u2013 algo como &#8220;Executivos Especiais para Contra-Intelig\u00eancia, Terrorismo, Vingan\u00e7a e Extors\u00e3o&#8221;) estava fora da mira de Hollywood desde os filmes mais antigos da franquia 007, nos quais ela era representada por Ernst Stavro Blofeld principalmente em um cen\u00e1rio relacionado \u00e0 Guerra Fria em longas como &#8220;Com 007 S\u00f3 Se Vive Duas Vezes&#8221;, &#8220;007 Contra a Chantagem At\u00f4mica&#8221; e &#8220;Moscou Contra 007&#8221;. Esse promete!<\/p>\n<p>Imagem e V\u00eddeo: Reprodu\u00e7\u00e3o.<\/p>\n","protected":false},"excerpt":{"rendered":"<p>Agrund.com mostrou o primeiro p\u00f4ster de &#8220;007 Contra SPECTRE&#8221; h\u00e1 alguns dias AQUI. Agora o longa, com lan\u00e7amento mundial previsto para 5\/11, acaba de ter o primeiro trailer oficial divulgado. No v\u00eddeo em quest\u00e3o James Bond (vivido por Daniel Craig) entra em contato com um segredo latente do seu passado que faz com que o [&hellip;]<\/p>\n","protected":false},"author":8,"featured_media":126051,"comment_status":"open","ping_status":"open","sticky":false,"template":"","format":"standard","meta":{"jetpack_post_was_ever_published":false,"_jetpack_newsletter_access":"","jetpack_publicize_message":"Clima de mist\u00e9rio toma conta do novo trailer de \"007 Contra SPECTRE\". D\u00ea play: http:\/\/wp.me\/p3Hz0n-wN2","jetpack_is_tweetstorm":false,"jetpack_publicize_feature_enabled":true,"jetpack_social_post_already_shared":true,"jetpack_social_options":{"image_generator_settings":{"template":"highway","enabled":false}}},"categories":[2],"tags":[],"jetpack_publicize_connections":[],"jetpack_featured_media_url":"https:\/\/i0.wp.com\/agrund.com\/wp-content\/uploads\/sites\/6\/2015\/03\/slide133.jpg?fit=960%2C300&ssl=1","jetpack_sharing_enabled":true,"jetpack_shortlink":"https:\/\/wp.me\/p3Hz0n-wN2","jetpack_likes_enabled":true,"_links":{"self":[{"href":"https:\/\/agrund.com\/index.php\/wp-json\/wp\/v2\/posts\/126048"}],"collection":[{"href":"https:\/\/agrund.com\/index.php\/wp-json\/wp\/v2\/posts"}],"about":[{"href":"https:\/\/agrund.com\/index.php\/wp-json\/wp\/v2\/types\/post"}],"author":[{"embeddable":true,"href":"https:\/\/agrund.com\/index.php\/wp-json\/wp\/v2\/users\/8"}],"replies":[{"embeddable":true,"href":"https:\/\/agrund.com\/index.php\/wp-json\/wp\/v2\/comments?post=126048"}],"version-history":[{"count":0,"href":"https:\/\/agrund.com\/index.php\/wp-json\/wp\/v2\/posts\/126048\/revisions"}],"wp:featuredmedia":[{"embeddable":true,"href":"https:\/\/agrund.com\/index.php\/wp-json\/wp\/v2\/media\/126051"}],"wp:attachment":[{"href":"https:\/\/agrund.com\/index.php\/wp-json\/wp\/v2\/media?parent=126048"}],"wp:term":[{"taxonomy":"category","embeddable":true,"href":"https:\/\/agrund.com\/index.php\/wp-json\/wp\/v2\/categories?post=126048"},{"taxonomy":"post_tag","embeddable":true,"href":"https:\/\/agrund.com\/index.php\/wp-json\/wp\/v2\/tags?post=126048"}],"curies":[{"name":"wp","href":"https:\/\/api.w.org\/{rel}","templated":true}]}}