{"id":125992,"date":"2015-03-27T15:00:41","date_gmt":"2015-03-27T18:00:41","guid":{"rendered":"http:\/\/www.agrund.com\/?p=125992"},"modified":"2015-03-27T15:06:00","modified_gmt":"2015-03-27T18:06:00","slug":"nova-linha-couture-chega-ao-mercado","status":"publish","type":"post","link":"https:\/\/agrund.com\/index.php\/nova-linha-couture-chega-ao-mercado\/","title":{"rendered":"Nova linha couture chega ao mercado"},"content":{"rendered":"<p>Lembra da cole\u00e7\u00e3o de moda festa da TVZ lan\u00e7ada com o Samuel Cirnansck que mostramos <a href=\"http:\/\/www.agrund.com\/moda-a-nova-parceria-de-samuel-cirnansck-e-a-ausencia-no-sp-fashion-week\/\" target=\"_blank\">AQUI<\/a>? Parece que o investimento da marca nesse ramo deu certo: a etiqueta, presente h\u00e1 25 anos no mercado, acaba e anunciar uma nova linha couture. O segmento ter\u00e1 quatro cole\u00e7\u00f5es por ano e procura levar materiais e t\u00e9cnicas de alta-costura (como os bordados \u00e0 m\u00e3o) \u00e0s clientes por pre\u00e7os mais acess\u00edveis \u2013 todos os itens ter\u00e3o valores que variam entre R$699 e R$1.500. E n\u00e3o pense que os lan\u00e7amentos ficam s\u00f3 nos longos, viu? A linha tamb\u00e9m vai contar com acess\u00f3rios e at\u00e9 macac\u00f5es para as mais modernas!<\/p>\n<p>O lan\u00e7amento da TVZ Couture rola em abril nas lojas da marca e voc\u00ea v\u00ea um preview do que vem por a\u00ed na galeria:<\/p>\n<div id=\"attachment_125993\" style=\"width: 560px\" class=\"wp-caption aligncenter\"><a href=\"https:\/\/i0.wp.com\/www.agrund.com\/wp-content\/uploads\/sites\/6\/2015\/03\/TVZ_27_02_2015180803_A.jpg\"><img aria-describedby=\"caption-attachment-125993\" data-attachment-id=\"125993\" data-permalink=\"https:\/\/agrund.com\/index.php\/nova-linha-couture-chega-ao-mercado\/tvz_27_02_2015180803_a\/\" data-orig-file=\"https:\/\/i0.wp.com\/agrund.com\/wp-content\/uploads\/sites\/6\/2015\/03\/TVZ_27_02_2015180803_A.jpg?fit=4268%2C5588&amp;ssl=1\" data-orig-size=\"4268,5588\" data-comments-opened=\"1\" data-image-meta=\"{&quot;aperture&quot;:&quot;0&quot;,&quot;credit&quot;:&quot;&quot;,&quot;camera&quot;:&quot;&quot;,&quot;caption&quot;:&quot;&quot;,&quot;created_timestamp&quot;:&quot;1425068214&quot;,&quot;copyright&quot;:&quot;&quot;,&quot;focal_length&quot;:&quot;0&quot;,&quot;iso&quot;:&quot;0&quot;,&quot;shutter_speed&quot;:&quot;0&quot;,&quot;title&quot;:&quot;&quot;,&quot;orientation&quot;:&quot;0&quot;}\" data-image-title=\"Nova linha couture chega ao mercado\" data-image-description=\"\" data-image-caption=\"&lt;p&gt;Nova linha couture chega ao mercado &lt;\/p&gt;\n\" data-medium-file=\"https:\/\/i0.wp.com\/agrund.com\/wp-content\/uploads\/sites\/6\/2015\/03\/TVZ_27_02_2015180803_A.jpg?fit=229%2C300&amp;ssl=1\" data-large-file=\"https:\/\/i0.wp.com\/agrund.com\/wp-content\/uploads\/sites\/6\/2015\/03\/TVZ_27_02_2015180803_A.jpg?fit=782%2C1024&amp;ssl=1\" decoding=\"async\" loading=\"lazy\" class=\"wp-image-125993\" src=\"https:\/\/i0.wp.com\/www.agrund.com\/wp-content\/uploads\/sites\/6\/2015\/03\/TVZ_27_02_2015180803_A.jpg?resize=550%2C720\" alt=\"Nova linha couture chega ao mercado \" width=\"550\" height=\"720\" srcset=\"https:\/\/i0.wp.com\/agrund.com\/wp-content\/uploads\/sites\/6\/2015\/03\/TVZ_27_02_2015180803_A.jpg?w=4268&amp;ssl=1 4268w, https:\/\/i0.wp.com\/agrund.com\/wp-content\/uploads\/sites\/6\/2015\/03\/TVZ_27_02_2015180803_A.jpg?resize=229%2C300&amp;ssl=1 229w, https:\/\/i0.wp.com\/agrund.com\/wp-content\/uploads\/sites\/6\/2015\/03\/TVZ_27_02_2015180803_A.jpg?resize=782%2C1024&amp;ssl=1 782w, https:\/\/i0.wp.com\/agrund.com\/wp-content\/uploads\/sites\/6\/2015\/03\/TVZ_27_02_2015180803_A.jpg?w=2000&amp;ssl=1 2000w, https:\/\/i0.wp.com\/agrund.com\/wp-content\/uploads\/sites\/6\/2015\/03\/TVZ_27_02_2015180803_A.jpg?w=3000&amp;ssl=1 3000w\" sizes=\"(max-width: 550px) 100vw, 550px\" data-recalc-dims=\"1\" \/><\/a><p id=\"caption-attachment-125993\" class=\"wp-caption-text\">Nova linha couture chega ao mercado<\/p><\/div>\n<div id=\"attachment_125994\" style=\"width: 560px\" class=\"wp-caption aligncenter\"><a href=\"https:\/\/i0.wp.com\/www.agrund.com\/wp-content\/uploads\/sites\/6\/2015\/03\/TVZ_27_02_2015180877_A.jpg\"><img aria-describedby=\"caption-attachment-125994\" data-attachment-id=\"125994\" data-permalink=\"https:\/\/agrund.com\/index.php\/nova-linha-couture-chega-ao-mercado\/tvz_27_02_2015180877_a\/\" data-orig-file=\"https:\/\/i0.wp.com\/agrund.com\/wp-content\/uploads\/sites\/6\/2015\/03\/TVZ_27_02_2015180877_A.jpg?fit=3973%2C5203&amp;ssl=1\" data-orig-size=\"3973,5203\" data-comments-opened=\"1\" data-image-meta=\"{&quot;aperture&quot;:&quot;0&quot;,&quot;credit&quot;:&quot;&quot;,&quot;camera&quot;:&quot;&quot;,&quot;caption&quot;:&quot;&quot;,&quot;created_timestamp&quot;:&quot;1425078042&quot;,&quot;copyright&quot;:&quot;&quot;,&quot;focal_length&quot;:&quot;0&quot;,&quot;iso&quot;:&quot;0&quot;,&quot;shutter_speed&quot;:&quot;0&quot;,&quot;title&quot;:&quot;&quot;,&quot;orientation&quot;:&quot;0&quot;}\" data-image-title=\"Nova linha couture chega ao mercado\" data-image-description=\"\" data-image-caption=\"&lt;p&gt;Nova linha couture chega ao mercado &lt;\/p&gt;\n\" data-medium-file=\"https:\/\/i0.wp.com\/agrund.com\/wp-content\/uploads\/sites\/6\/2015\/03\/TVZ_27_02_2015180877_A.jpg?fit=229%2C300&amp;ssl=1\" data-large-file=\"https:\/\/i0.wp.com\/agrund.com\/wp-content\/uploads\/sites\/6\/2015\/03\/TVZ_27_02_2015180877_A.jpg?fit=782%2C1024&amp;ssl=1\" decoding=\"async\" loading=\"lazy\" class=\"wp-image-125994\" src=\"https:\/\/i0.wp.com\/www.agrund.com\/wp-content\/uploads\/sites\/6\/2015\/03\/TVZ_27_02_2015180877_A.jpg?resize=550%2C720\" alt=\"Nova linha couture chega ao mercado \" width=\"550\" height=\"720\" srcset=\"https:\/\/i0.wp.com\/agrund.com\/wp-content\/uploads\/sites\/6\/2015\/03\/TVZ_27_02_2015180877_A.jpg?w=3973&amp;ssl=1 3973w, https:\/\/i0.wp.com\/agrund.com\/wp-content\/uploads\/sites\/6\/2015\/03\/TVZ_27_02_2015180877_A.jpg?resize=229%2C300&amp;ssl=1 229w, https:\/\/i0.wp.com\/agrund.com\/wp-content\/uploads\/sites\/6\/2015\/03\/TVZ_27_02_2015180877_A.jpg?resize=782%2C1024&amp;ssl=1 782w, https:\/\/i0.wp.com\/agrund.com\/wp-content\/uploads\/sites\/6\/2015\/03\/TVZ_27_02_2015180877_A.jpg?w=2000&amp;ssl=1 2000w, https:\/\/i0.wp.com\/agrund.com\/wp-content\/uploads\/sites\/6\/2015\/03\/TVZ_27_02_2015180877_A.jpg?w=3000&amp;ssl=1 3000w\" sizes=\"(max-width: 550px) 100vw, 550px\" data-recalc-dims=\"1\" \/><\/a><p id=\"caption-attachment-125994\" class=\"wp-caption-text\">Nova linha couture chega ao mercado<\/p><\/div>\n<div id=\"attachment_125995\" style=\"width: 560px\" class=\"wp-caption aligncenter\"><a href=\"https:\/\/i0.wp.com\/www.agrund.com\/wp-content\/uploads\/sites\/6\/2015\/03\/TVZ_27_02_2015180803_B.jpg\"><img aria-describedby=\"caption-attachment-125995\" data-attachment-id=\"125995\" data-permalink=\"https:\/\/agrund.com\/index.php\/nova-linha-couture-chega-ao-mercado\/tvz_27_02_2015180803_b\/\" data-orig-file=\"https:\/\/i0.wp.com\/agrund.com\/wp-content\/uploads\/sites\/6\/2015\/03\/TVZ_27_02_2015180803_B.jpg?fit=1000%2C1310&amp;ssl=1\" data-orig-size=\"1000,1310\" data-comments-opened=\"1\" data-image-meta=\"{&quot;aperture&quot;:&quot;0&quot;,&quot;credit&quot;:&quot;&quot;,&quot;camera&quot;:&quot;&quot;,&quot;caption&quot;:&quot;&quot;,&quot;created_timestamp&quot;:&quot;0&quot;,&quot;copyright&quot;:&quot;&quot;,&quot;focal_length&quot;:&quot;0&quot;,&quot;iso&quot;:&quot;0&quot;,&quot;shutter_speed&quot;:&quot;0&quot;,&quot;title&quot;:&quot;&quot;,&quot;orientation&quot;:&quot;0&quot;}\" data-image-title=\"Nova linha couture chega ao mercado\" data-image-description=\"\" data-image-caption=\"&lt;p&gt;Nova linha couture chega ao mercado &lt;\/p&gt;\n\" data-medium-file=\"https:\/\/i0.wp.com\/agrund.com\/wp-content\/uploads\/sites\/6\/2015\/03\/TVZ_27_02_2015180803_B.jpg?fit=229%2C300&amp;ssl=1\" data-large-file=\"https:\/\/i0.wp.com\/agrund.com\/wp-content\/uploads\/sites\/6\/2015\/03\/TVZ_27_02_2015180803_B.jpg?fit=782%2C1024&amp;ssl=1\" decoding=\"async\" loading=\"lazy\" class=\"wp-image-125995\" src=\"https:\/\/i0.wp.com\/www.agrund.com\/wp-content\/uploads\/sites\/6\/2015\/03\/TVZ_27_02_2015180803_B.jpg?resize=550%2C720\" alt=\"Nova linha couture chega ao mercado \" width=\"550\" height=\"720\" srcset=\"https:\/\/i0.wp.com\/agrund.com\/wp-content\/uploads\/sites\/6\/2015\/03\/TVZ_27_02_2015180803_B.jpg?w=1000&amp;ssl=1 1000w, https:\/\/i0.wp.com\/agrund.com\/wp-content\/uploads\/sites\/6\/2015\/03\/TVZ_27_02_2015180803_B.jpg?resize=229%2C300&amp;ssl=1 229w, https:\/\/i0.wp.com\/agrund.com\/wp-content\/uploads\/sites\/6\/2015\/03\/TVZ_27_02_2015180803_B.jpg?resize=782%2C1024&amp;ssl=1 782w\" sizes=\"(max-width: 550px) 100vw, 550px\" data-recalc-dims=\"1\" \/><\/a><p id=\"caption-attachment-125995\" class=\"wp-caption-text\">Nova linha couture chega ao mercado<\/p><\/div>\n<p>&nbsp;<\/p>\n<p>Imagens: Divulga\u00e7\u00e3o.<\/p>\n","protected":false},"excerpt":{"rendered":"<p>Lembra da cole\u00e7\u00e3o de moda festa da TVZ lan\u00e7ada com o Samuel Cirnansck que mostramos AQUI? Parece que o investimento da marca nesse ramo deu certo: a etiqueta, presente h\u00e1 25 anos no mercado, acaba e anunciar uma nova linha couture. O segmento ter\u00e1 quatro cole\u00e7\u00f5es por ano e procura levar materiais e t\u00e9cnicas de [&hellip;]<\/p>\n","protected":false},"author":8,"featured_media":125996,"comment_status":"open","ping_status":"open","sticky":false,"template":"","format":"standard","meta":{"jetpack_post_was_ever_published":false,"_jetpack_newsletter_access":"","jetpack_publicize_message":"Novidade especial pra quem gosta de moda festa: tem uma linha couture chegando ao mercado... http:\/\/wp.me\/p3Hz0n-wM8","jetpack_is_tweetstorm":false,"jetpack_publicize_feature_enabled":true,"jetpack_social_post_already_shared":true,"jetpack_social_options":{"image_generator_settings":{"template":"highway","enabled":false}}},"categories":[2],"tags":[],"jetpack_publicize_connections":[],"jetpack_featured_media_url":"https:\/\/i0.wp.com\/agrund.com\/wp-content\/uploads\/sites\/6\/2015\/03\/slidecouture.jpg?fit=960%2C300&ssl=1","jetpack_sharing_enabled":true,"jetpack_shortlink":"https:\/\/wp.me\/p3Hz0n-wM8","jetpack_likes_enabled":true,"_links":{"self":[{"href":"https:\/\/agrund.com\/index.php\/wp-json\/wp\/v2\/posts\/125992"}],"collection":[{"href":"https:\/\/agrund.com\/index.php\/wp-json\/wp\/v2\/posts"}],"about":[{"href":"https:\/\/agrund.com\/index.php\/wp-json\/wp\/v2\/types\/post"}],"author":[{"embeddable":true,"href":"https:\/\/agrund.com\/index.php\/wp-json\/wp\/v2\/users\/8"}],"replies":[{"embeddable":true,"href":"https:\/\/agrund.com\/index.php\/wp-json\/wp\/v2\/comments?post=125992"}],"version-history":[{"count":0,"href":"https:\/\/agrund.com\/index.php\/wp-json\/wp\/v2\/posts\/125992\/revisions"}],"wp:featuredmedia":[{"embeddable":true,"href":"https:\/\/agrund.com\/index.php\/wp-json\/wp\/v2\/media\/125996"}],"wp:attachment":[{"href":"https:\/\/agrund.com\/index.php\/wp-json\/wp\/v2\/media?parent=125992"}],"wp:term":[{"taxonomy":"category","embeddable":true,"href":"https:\/\/agrund.com\/index.php\/wp-json\/wp\/v2\/categories?post=125992"},{"taxonomy":"post_tag","embeddable":true,"href":"https:\/\/agrund.com\/index.php\/wp-json\/wp\/v2\/tags?post=125992"}],"curies":[{"name":"wp","href":"https:\/\/api.w.org\/{rel}","templated":true}]}}