{"id":125973,"date":"2015-03-27T12:00:20","date_gmt":"2015-03-27T15:00:20","guid":{"rendered":"http:\/\/www.agrund.com\/?p=125973"},"modified":"2015-03-27T12:15:35","modified_gmt":"2015-03-27T15:15:35","slug":"ca-e-vicunha-juntas-em-linha-de-jeanswear","status":"publish","type":"post","link":"https:\/\/agrund.com\/index.php\/ca-e-vicunha-juntas-em-linha-de-jeanswear\/","title":{"rendered":"C&amp;A e Vicunha juntas em linha de jeanswear"},"content":{"rendered":"<div id=\"attachment_125977\" style=\"width: 560px\" class=\"wp-caption aligncenter\"><a href=\"https:\/\/i0.wp.com\/www.agrund.com\/wp-content\/uploads\/sites\/6\/2015\/03\/FOTO-ABRE.jpg\"><img aria-describedby=\"caption-attachment-125977\" data-attachment-id=\"125977\" data-permalink=\"https:\/\/agrund.com\/index.php\/ca-e-vicunha-juntas-em-linha-de-jeanswear\/foto-abre\/\" data-orig-file=\"https:\/\/i0.wp.com\/agrund.com\/wp-content\/uploads\/sites\/6\/2015\/03\/FOTO-ABRE.jpg?fit=2859%2C2859&amp;ssl=1\" data-orig-size=\"2859,2859\" data-comments-opened=\"1\" data-image-meta=\"{&quot;aperture&quot;:&quot;0&quot;,&quot;credit&quot;:&quot;&quot;,&quot;camera&quot;:&quot;&quot;,&quot;caption&quot;:&quot;&quot;,&quot;created_timestamp&quot;:&quot;1422881179&quot;,&quot;copyright&quot;:&quot;&quot;,&quot;focal_length&quot;:&quot;0&quot;,&quot;iso&quot;:&quot;0&quot;,&quot;shutter_speed&quot;:&quot;0&quot;,&quot;title&quot;:&quot;&quot;,&quot;orientation&quot;:&quot;0&quot;}\" data-image-title=\"C&amp;amp;A e Vicunha juntas em linha de jeanswear\" data-image-description=\"\" data-image-caption=\"&lt;p&gt;C&amp;amp;A e Vicunha juntas em linha de jeanswear &lt;\/p&gt;\n\" data-medium-file=\"https:\/\/i0.wp.com\/agrund.com\/wp-content\/uploads\/sites\/6\/2015\/03\/FOTO-ABRE.jpg?fit=300%2C300&amp;ssl=1\" data-large-file=\"https:\/\/i0.wp.com\/agrund.com\/wp-content\/uploads\/sites\/6\/2015\/03\/FOTO-ABRE.jpg?fit=1024%2C1024&amp;ssl=1\" decoding=\"async\" loading=\"lazy\" class=\"wp-image-125977\" src=\"https:\/\/i0.wp.com\/www.agrund.com\/wp-content\/uploads\/sites\/6\/2015\/03\/FOTO-ABRE.jpg?resize=550%2C550\" alt=\"C&amp;A e Vicunha juntas em linha de jeanswear \" width=\"550\" height=\"550\" srcset=\"https:\/\/i0.wp.com\/agrund.com\/wp-content\/uploads\/sites\/6\/2015\/03\/FOTO-ABRE.jpg?w=2859&amp;ssl=1 2859w, https:\/\/i0.wp.com\/agrund.com\/wp-content\/uploads\/sites\/6\/2015\/03\/FOTO-ABRE.jpg?resize=150%2C150&amp;ssl=1 150w, https:\/\/i0.wp.com\/agrund.com\/wp-content\/uploads\/sites\/6\/2015\/03\/FOTO-ABRE.jpg?resize=300%2C300&amp;ssl=1 300w, https:\/\/i0.wp.com\/agrund.com\/wp-content\/uploads\/sites\/6\/2015\/03\/FOTO-ABRE.jpg?resize=1024%2C1024&amp;ssl=1 1024w, https:\/\/i0.wp.com\/agrund.com\/wp-content\/uploads\/sites\/6\/2015\/03\/FOTO-ABRE.jpg?w=2000&amp;ssl=1 2000w\" sizes=\"(max-width: 550px) 100vw, 550px\" data-recalc-dims=\"1\" \/><\/a><p id=\"caption-attachment-125977\" class=\"wp-caption-text\">C&amp;A e Vicunha juntas em linha de jeanswear<\/p><\/div>\n<p>A C&amp;A e a Vicunha T\u00eaxtil juntaram-se em uma cole\u00e7\u00e3o in\u00e9dita de pe\u00e7as femininas e masculinas focadas no jeanswear. A linha, que j\u00e1 est\u00e1 dispon\u00edvel em 61 lojas da rede de fast-fashion, conta com itens em diferentes lavagens e estilos que v\u00e3o do denim cl\u00e1ssico para os mais tradicionais at\u00e9 os destroyed para quem gosta de um look mais urbano. \u200bE n\u00e3o pense que a novidade vale s\u00f3 para as cal\u00e7as: al\u00e9m delas entram na jogada camisas, bermudas, jaquetas e at\u00e9 coletes \u2013 tudo com pre\u00e7os variando entre R$69,90 e R$179. Veja uma sele\u00e7\u00e3o das pe\u00e7as na galeria:<\/p>\n<div id=\"attachment_125974\" style=\"width: 560px\" class=\"wp-caption aligncenter\"><a href=\"https:\/\/i0.wp.com\/www.agrund.com\/wp-content\/uploads\/sites\/6\/2015\/03\/1-Camisa-jeans-R119.jpg\"><img aria-describedby=\"caption-attachment-125974\" data-attachment-id=\"125974\" data-permalink=\"https:\/\/agrund.com\/index.php\/ca-e-vicunha-juntas-em-linha-de-jeanswear\/1-camisa-jeans-r119\/\" data-orig-file=\"https:\/\/i0.wp.com\/agrund.com\/wp-content\/uploads\/sites\/6\/2015\/03\/1-Camisa-jeans-R119.jpg?fit=3693%2C3693&amp;ssl=1\" data-orig-size=\"3693,3693\" data-comments-opened=\"1\" data-image-meta=\"{&quot;aperture&quot;:&quot;0&quot;,&quot;credit&quot;:&quot;&quot;,&quot;camera&quot;:&quot;&quot;,&quot;caption&quot;:&quot;&quot;,&quot;created_timestamp&quot;:&quot;1422880045&quot;,&quot;copyright&quot;:&quot;&quot;,&quot;focal_length&quot;:&quot;0&quot;,&quot;iso&quot;:&quot;0&quot;,&quot;shutter_speed&quot;:&quot;0&quot;,&quot;title&quot;:&quot;&quot;,&quot;orientation&quot;:&quot;0&quot;}\" data-image-title=\"1- Camisa jeans (R$119)\" data-image-description=\"\" data-image-caption=\"&lt;p&gt;1- Camisa jeans (R$119)&lt;\/p&gt;\n\" data-medium-file=\"https:\/\/i0.wp.com\/agrund.com\/wp-content\/uploads\/sites\/6\/2015\/03\/1-Camisa-jeans-R119.jpg?fit=300%2C300&amp;ssl=1\" data-large-file=\"https:\/\/i0.wp.com\/agrund.com\/wp-content\/uploads\/sites\/6\/2015\/03\/1-Camisa-jeans-R119.jpg?fit=1024%2C1024&amp;ssl=1\" decoding=\"async\" loading=\"lazy\" class=\"wp-image-125974\" src=\"https:\/\/i0.wp.com\/www.agrund.com\/wp-content\/uploads\/sites\/6\/2015\/03\/1-Camisa-jeans-R119.jpg?resize=550%2C550\" alt=\"1- Camisa jeans (R$119)\" width=\"550\" height=\"550\" srcset=\"https:\/\/i0.wp.com\/agrund.com\/wp-content\/uploads\/sites\/6\/2015\/03\/1-Camisa-jeans-R119.jpg?w=3693&amp;ssl=1 3693w, https:\/\/i0.wp.com\/agrund.com\/wp-content\/uploads\/sites\/6\/2015\/03\/1-Camisa-jeans-R119.jpg?resize=150%2C150&amp;ssl=1 150w, https:\/\/i0.wp.com\/agrund.com\/wp-content\/uploads\/sites\/6\/2015\/03\/1-Camisa-jeans-R119.jpg?resize=300%2C300&amp;ssl=1 300w, https:\/\/i0.wp.com\/agrund.com\/wp-content\/uploads\/sites\/6\/2015\/03\/1-Camisa-jeans-R119.jpg?resize=1024%2C1024&amp;ssl=1 1024w, https:\/\/i0.wp.com\/agrund.com\/wp-content\/uploads\/sites\/6\/2015\/03\/1-Camisa-jeans-R119.jpg?w=2000&amp;ssl=1 2000w, https:\/\/i0.wp.com\/agrund.com\/wp-content\/uploads\/sites\/6\/2015\/03\/1-Camisa-jeans-R119.jpg?w=3000&amp;ssl=1 3000w\" sizes=\"(max-width: 550px) 100vw, 550px\" data-recalc-dims=\"1\" \/><\/a><p id=\"caption-attachment-125974\" class=\"wp-caption-text\">1- Camisa jeans (R$119)<\/p><\/div>\n<div id=\"attachment_125978\" style=\"width: 560px\" class=\"wp-caption aligncenter\"><a href=\"https:\/\/i0.wp.com\/www.agrund.com\/wp-content\/uploads\/sites\/6\/2015\/03\/2-Saia-jeans-R9990.jpg\"><img aria-describedby=\"caption-attachment-125978\" data-attachment-id=\"125978\" data-permalink=\"https:\/\/agrund.com\/index.php\/ca-e-vicunha-juntas-em-linha-de-jeanswear\/2-saia-jeans-r9990\/\" data-orig-file=\"https:\/\/i0.wp.com\/agrund.com\/wp-content\/uploads\/sites\/6\/2015\/03\/2-Saia-jeans-R9990.jpg?fit=550%2C550&amp;ssl=1\" data-orig-size=\"550,550\" data-comments-opened=\"1\" data-image-meta=\"{&quot;aperture&quot;:&quot;0&quot;,&quot;credit&quot;:&quot;&quot;,&quot;camera&quot;:&quot;&quot;,&quot;caption&quot;:&quot;&quot;,&quot;created_timestamp&quot;:&quot;0&quot;,&quot;copyright&quot;:&quot;&quot;,&quot;focal_length&quot;:&quot;0&quot;,&quot;iso&quot;:&quot;0&quot;,&quot;shutter_speed&quot;:&quot;0&quot;,&quot;title&quot;:&quot;&quot;,&quot;orientation&quot;:&quot;0&quot;}\" data-image-title=\"2- Saia jeans (R$99,90)\" data-image-description=\"\" data-image-caption=\"&lt;p&gt;2- Saia jeans (R$99,90)&lt;\/p&gt;\n\" data-medium-file=\"https:\/\/i0.wp.com\/agrund.com\/wp-content\/uploads\/sites\/6\/2015\/03\/2-Saia-jeans-R9990.jpg?fit=300%2C300&amp;ssl=1\" data-large-file=\"https:\/\/i0.wp.com\/agrund.com\/wp-content\/uploads\/sites\/6\/2015\/03\/2-Saia-jeans-R9990.jpg?fit=550%2C550&amp;ssl=1\" decoding=\"async\" loading=\"lazy\" class=\"size-full wp-image-125978\" src=\"https:\/\/i0.wp.com\/www.agrund.com\/wp-content\/uploads\/sites\/6\/2015\/03\/2-Saia-jeans-R9990.jpg?resize=550%2C550\" alt=\"2- Saia jeans (R$99,90)\" width=\"550\" height=\"550\" srcset=\"https:\/\/i0.wp.com\/agrund.com\/wp-content\/uploads\/sites\/6\/2015\/03\/2-Saia-jeans-R9990.jpg?w=550&amp;ssl=1 550w, https:\/\/i0.wp.com\/agrund.com\/wp-content\/uploads\/sites\/6\/2015\/03\/2-Saia-jeans-R9990.jpg?resize=150%2C150&amp;ssl=1 150w, https:\/\/i0.wp.com\/agrund.com\/wp-content\/uploads\/sites\/6\/2015\/03\/2-Saia-jeans-R9990.jpg?resize=300%2C300&amp;ssl=1 300w\" sizes=\"(max-width: 550px) 100vw, 550px\" data-recalc-dims=\"1\" \/><\/a><p id=\"caption-attachment-125978\" class=\"wp-caption-text\">2- Saia jeans (R$99,90)<\/p><\/div>\n<div id=\"attachment_125975\" style=\"width: 560px\" class=\"wp-caption aligncenter\"><a href=\"https:\/\/i0.wp.com\/www.agrund.com\/wp-content\/uploads\/sites\/6\/2015\/03\/3-Colete-R139.jpg\"><img aria-describedby=\"caption-attachment-125975\" data-attachment-id=\"125975\" data-permalink=\"https:\/\/agrund.com\/index.php\/ca-e-vicunha-juntas-em-linha-de-jeanswear\/3-colete-r139\/\" data-orig-file=\"https:\/\/i0.wp.com\/agrund.com\/wp-content\/uploads\/sites\/6\/2015\/03\/3-Colete-R139.jpg?fit=2611%2C2611&amp;ssl=1\" data-orig-size=\"2611,2611\" data-comments-opened=\"1\" data-image-meta=\"{&quot;aperture&quot;:&quot;0&quot;,&quot;credit&quot;:&quot;&quot;,&quot;camera&quot;:&quot;&quot;,&quot;caption&quot;:&quot;&quot;,&quot;created_timestamp&quot;:&quot;1422879865&quot;,&quot;copyright&quot;:&quot;&quot;,&quot;focal_length&quot;:&quot;0&quot;,&quot;iso&quot;:&quot;0&quot;,&quot;shutter_speed&quot;:&quot;0&quot;,&quot;title&quot;:&quot;&quot;,&quot;orientation&quot;:&quot;0&quot;}\" data-image-title=\"3- Colete (R$139)\" data-image-description=\"\" data-image-caption=\"&lt;p&gt;3- Colete (R$139)&lt;\/p&gt;\n\" data-medium-file=\"https:\/\/i0.wp.com\/agrund.com\/wp-content\/uploads\/sites\/6\/2015\/03\/3-Colete-R139.jpg?fit=300%2C300&amp;ssl=1\" data-large-file=\"https:\/\/i0.wp.com\/agrund.com\/wp-content\/uploads\/sites\/6\/2015\/03\/3-Colete-R139.jpg?fit=1024%2C1024&amp;ssl=1\" decoding=\"async\" loading=\"lazy\" class=\"wp-image-125975\" src=\"https:\/\/i0.wp.com\/www.agrund.com\/wp-content\/uploads\/sites\/6\/2015\/03\/3-Colete-R139.jpg?resize=550%2C550\" alt=\"3- Colete (R$139)\" width=\"550\" height=\"550\" srcset=\"https:\/\/i0.wp.com\/agrund.com\/wp-content\/uploads\/sites\/6\/2015\/03\/3-Colete-R139.jpg?w=2611&amp;ssl=1 2611w, https:\/\/i0.wp.com\/agrund.com\/wp-content\/uploads\/sites\/6\/2015\/03\/3-Colete-R139.jpg?resize=150%2C150&amp;ssl=1 150w, https:\/\/i0.wp.com\/agrund.com\/wp-content\/uploads\/sites\/6\/2015\/03\/3-Colete-R139.jpg?resize=300%2C300&amp;ssl=1 300w, https:\/\/i0.wp.com\/agrund.com\/wp-content\/uploads\/sites\/6\/2015\/03\/3-Colete-R139.jpg?resize=1024%2C1024&amp;ssl=1 1024w, https:\/\/i0.wp.com\/agrund.com\/wp-content\/uploads\/sites\/6\/2015\/03\/3-Colete-R139.jpg?w=2000&amp;ssl=1 2000w\" sizes=\"(max-width: 550px) 100vw, 550px\" data-recalc-dims=\"1\" \/><\/a><p id=\"caption-attachment-125975\" class=\"wp-caption-text\">3- Colete (R$139)<\/p><\/div>\n<div id=\"attachment_125976\" style=\"width: 560px\" class=\"wp-caption aligncenter\"><a href=\"https:\/\/i0.wp.com\/www.agrund.com\/wp-content\/uploads\/sites\/6\/2015\/03\/4-Shorts-R9990.jpg\"><img aria-describedby=\"caption-attachment-125976\" data-attachment-id=\"125976\" data-permalink=\"https:\/\/agrund.com\/index.php\/ca-e-vicunha-juntas-em-linha-de-jeanswear\/4-shorts-r9990\/\" data-orig-file=\"https:\/\/i0.wp.com\/agrund.com\/wp-content\/uploads\/sites\/6\/2015\/03\/4-Shorts-R9990.jpg?fit=2240%2C2240&amp;ssl=1\" data-orig-size=\"2240,2240\" data-comments-opened=\"1\" data-image-meta=\"{&quot;aperture&quot;:&quot;0&quot;,&quot;credit&quot;:&quot;&quot;,&quot;camera&quot;:&quot;&quot;,&quot;caption&quot;:&quot;&quot;,&quot;created_timestamp&quot;:&quot;1422868421&quot;,&quot;copyright&quot;:&quot;&quot;,&quot;focal_length&quot;:&quot;0&quot;,&quot;iso&quot;:&quot;0&quot;,&quot;shutter_speed&quot;:&quot;0&quot;,&quot;title&quot;:&quot;&quot;,&quot;orientation&quot;:&quot;0&quot;}\" data-image-title=\"4- Shorts (R$99,90)\" data-image-description=\"\" data-image-caption=\"&lt;p&gt;4- Shorts (R$99,90)&lt;\/p&gt;\n\" data-medium-file=\"https:\/\/i0.wp.com\/agrund.com\/wp-content\/uploads\/sites\/6\/2015\/03\/4-Shorts-R9990.jpg?fit=300%2C300&amp;ssl=1\" data-large-file=\"https:\/\/i0.wp.com\/agrund.com\/wp-content\/uploads\/sites\/6\/2015\/03\/4-Shorts-R9990.jpg?fit=1024%2C1024&amp;ssl=1\" decoding=\"async\" loading=\"lazy\" class=\"wp-image-125976\" src=\"https:\/\/i0.wp.com\/www.agrund.com\/wp-content\/uploads\/sites\/6\/2015\/03\/4-Shorts-R9990.jpg?resize=550%2C550\" alt=\"4- Shorts (R$99,90)\" width=\"550\" height=\"550\" srcset=\"https:\/\/i0.wp.com\/agrund.com\/wp-content\/uploads\/sites\/6\/2015\/03\/4-Shorts-R9990.jpg?w=2240&amp;ssl=1 2240w, https:\/\/i0.wp.com\/agrund.com\/wp-content\/uploads\/sites\/6\/2015\/03\/4-Shorts-R9990.jpg?resize=150%2C150&amp;ssl=1 150w, https:\/\/i0.wp.com\/agrund.com\/wp-content\/uploads\/sites\/6\/2015\/03\/4-Shorts-R9990.jpg?resize=300%2C300&amp;ssl=1 300w, https:\/\/i0.wp.com\/agrund.com\/wp-content\/uploads\/sites\/6\/2015\/03\/4-Shorts-R9990.jpg?resize=1024%2C1024&amp;ssl=1 1024w, https:\/\/i0.wp.com\/agrund.com\/wp-content\/uploads\/sites\/6\/2015\/03\/4-Shorts-R9990.jpg?w=2000&amp;ssl=1 2000w\" sizes=\"(max-width: 550px) 100vw, 550px\" data-recalc-dims=\"1\" \/><\/a><p id=\"caption-attachment-125976\" class=\"wp-caption-text\">4- Shorts (R$99,90)<\/p><\/div>\n<div id=\"attachment_125979\" style=\"width: 560px\" class=\"wp-caption aligncenter\"><a href=\"https:\/\/i0.wp.com\/www.agrund.com\/wp-content\/uploads\/sites\/6\/2015\/03\/5-Flare-R159.jpg\"><img aria-describedby=\"caption-attachment-125979\" data-attachment-id=\"125979\" data-permalink=\"https:\/\/agrund.com\/index.php\/ca-e-vicunha-juntas-em-linha-de-jeanswear\/5-flare-r159\/\" data-orig-file=\"https:\/\/i0.wp.com\/agrund.com\/wp-content\/uploads\/sites\/6\/2015\/03\/5-Flare-R159.jpg?fit=550%2C550&amp;ssl=1\" data-orig-size=\"550,550\" data-comments-opened=\"1\" data-image-meta=\"{&quot;aperture&quot;:&quot;0&quot;,&quot;credit&quot;:&quot;&quot;,&quot;camera&quot;:&quot;&quot;,&quot;caption&quot;:&quot;&quot;,&quot;created_timestamp&quot;:&quot;0&quot;,&quot;copyright&quot;:&quot;&quot;,&quot;focal_length&quot;:&quot;0&quot;,&quot;iso&quot;:&quot;0&quot;,&quot;shutter_speed&quot;:&quot;0&quot;,&quot;title&quot;:&quot;&quot;,&quot;orientation&quot;:&quot;0&quot;}\" data-image-title=\"5- Flare (R$159)\" data-image-description=\"\" data-image-caption=\"&lt;p&gt;5- Flare (R$159)&lt;\/p&gt;\n\" data-medium-file=\"https:\/\/i0.wp.com\/agrund.com\/wp-content\/uploads\/sites\/6\/2015\/03\/5-Flare-R159.jpg?fit=300%2C300&amp;ssl=1\" data-large-file=\"https:\/\/i0.wp.com\/agrund.com\/wp-content\/uploads\/sites\/6\/2015\/03\/5-Flare-R159.jpg?fit=550%2C550&amp;ssl=1\" decoding=\"async\" loading=\"lazy\" class=\"size-full wp-image-125979\" src=\"https:\/\/i0.wp.com\/www.agrund.com\/wp-content\/uploads\/sites\/6\/2015\/03\/5-Flare-R159.jpg?resize=550%2C550\" alt=\"5- Flare (R$159)\" width=\"550\" height=\"550\" srcset=\"https:\/\/i0.wp.com\/agrund.com\/wp-content\/uploads\/sites\/6\/2015\/03\/5-Flare-R159.jpg?w=550&amp;ssl=1 550w, https:\/\/i0.wp.com\/agrund.com\/wp-content\/uploads\/sites\/6\/2015\/03\/5-Flare-R159.jpg?resize=150%2C150&amp;ssl=1 150w, https:\/\/i0.wp.com\/agrund.com\/wp-content\/uploads\/sites\/6\/2015\/03\/5-Flare-R159.jpg?resize=300%2C300&amp;ssl=1 300w\" sizes=\"(max-width: 550px) 100vw, 550px\" data-recalc-dims=\"1\" \/><\/a><p id=\"caption-attachment-125979\" class=\"wp-caption-text\">5- Flare (R$159)<\/p><\/div>\n<div id=\"attachment_125980\" style=\"width: 560px\" class=\"wp-caption aligncenter\"><a href=\"https:\/\/i0.wp.com\/www.agrund.com\/wp-content\/uploads\/sites\/6\/2015\/03\/6-Jaqueta-R179.jpg\"><img aria-describedby=\"caption-attachment-125980\" data-attachment-id=\"125980\" data-permalink=\"https:\/\/agrund.com\/index.php\/ca-e-vicunha-juntas-em-linha-de-jeanswear\/6-jaqueta-r179\/\" data-orig-file=\"https:\/\/i0.wp.com\/agrund.com\/wp-content\/uploads\/sites\/6\/2015\/03\/6-Jaqueta-R179.jpg?fit=550%2C550&amp;ssl=1\" data-orig-size=\"550,550\" data-comments-opened=\"1\" data-image-meta=\"{&quot;aperture&quot;:&quot;0&quot;,&quot;credit&quot;:&quot;&quot;,&quot;camera&quot;:&quot;&quot;,&quot;caption&quot;:&quot;&quot;,&quot;created_timestamp&quot;:&quot;0&quot;,&quot;copyright&quot;:&quot;&quot;,&quot;focal_length&quot;:&quot;0&quot;,&quot;iso&quot;:&quot;0&quot;,&quot;shutter_speed&quot;:&quot;0&quot;,&quot;title&quot;:&quot;&quot;,&quot;orientation&quot;:&quot;0&quot;}\" data-image-title=\"6- Jaqueta (R$179)\" data-image-description=\"\" data-image-caption=\"&lt;p&gt;6- Jaqueta (R$179)&lt;\/p&gt;\n\" data-medium-file=\"https:\/\/i0.wp.com\/agrund.com\/wp-content\/uploads\/sites\/6\/2015\/03\/6-Jaqueta-R179.jpg?fit=300%2C300&amp;ssl=1\" data-large-file=\"https:\/\/i0.wp.com\/agrund.com\/wp-content\/uploads\/sites\/6\/2015\/03\/6-Jaqueta-R179.jpg?fit=550%2C550&amp;ssl=1\" decoding=\"async\" loading=\"lazy\" class=\"size-full wp-image-125980\" src=\"https:\/\/i0.wp.com\/www.agrund.com\/wp-content\/uploads\/sites\/6\/2015\/03\/6-Jaqueta-R179.jpg?resize=550%2C550\" alt=\"6- Jaqueta (R$179)\" width=\"550\" height=\"550\" srcset=\"https:\/\/i0.wp.com\/agrund.com\/wp-content\/uploads\/sites\/6\/2015\/03\/6-Jaqueta-R179.jpg?w=550&amp;ssl=1 550w, https:\/\/i0.wp.com\/agrund.com\/wp-content\/uploads\/sites\/6\/2015\/03\/6-Jaqueta-R179.jpg?resize=150%2C150&amp;ssl=1 150w, https:\/\/i0.wp.com\/agrund.com\/wp-content\/uploads\/sites\/6\/2015\/03\/6-Jaqueta-R179.jpg?resize=300%2C300&amp;ssl=1 300w\" sizes=\"(max-width: 550px) 100vw, 550px\" data-recalc-dims=\"1\" \/><\/a><p id=\"caption-attachment-125980\" class=\"wp-caption-text\">6- Jaqueta (R$179)<\/p><\/div>\n<div id=\"attachment_125981\" style=\"width: 560px\" class=\"wp-caption aligncenter\"><a href=\"https:\/\/i0.wp.com\/www.agrund.com\/wp-content\/uploads\/sites\/6\/2015\/03\/7-Cal\u00e7a-jeans-R159.jpg\"><img aria-describedby=\"caption-attachment-125981\" data-attachment-id=\"125981\" data-permalink=\"https:\/\/agrund.com\/index.php\/ca-e-vicunha-juntas-em-linha-de-jeanswear\/7-calca-jeans-r159\/\" data-orig-file=\"https:\/\/i0.wp.com\/agrund.com\/wp-content\/uploads\/sites\/6\/2015\/03\/7-Cal\u00e7a-jeans-R159.jpg?fit=550%2C550&amp;ssl=1\" data-orig-size=\"550,550\" data-comments-opened=\"1\" data-image-meta=\"{&quot;aperture&quot;:&quot;0&quot;,&quot;credit&quot;:&quot;&quot;,&quot;camera&quot;:&quot;&quot;,&quot;caption&quot;:&quot;&quot;,&quot;created_timestamp&quot;:&quot;0&quot;,&quot;copyright&quot;:&quot;&quot;,&quot;focal_length&quot;:&quot;0&quot;,&quot;iso&quot;:&quot;0&quot;,&quot;shutter_speed&quot;:&quot;0&quot;,&quot;title&quot;:&quot;&quot;,&quot;orientation&quot;:&quot;0&quot;}\" data-image-title=\"7- Cal\u00e7a jeans (R$159)\" data-image-description=\"\" data-image-caption=\"&lt;p&gt;7- Cal\u00e7a jeans (R$159)&lt;\/p&gt;\n\" data-medium-file=\"https:\/\/i0.wp.com\/agrund.com\/wp-content\/uploads\/sites\/6\/2015\/03\/7-Cal\u00e7a-jeans-R159.jpg?fit=300%2C300&amp;ssl=1\" data-large-file=\"https:\/\/i0.wp.com\/agrund.com\/wp-content\/uploads\/sites\/6\/2015\/03\/7-Cal\u00e7a-jeans-R159.jpg?fit=550%2C550&amp;ssl=1\" decoding=\"async\" loading=\"lazy\" class=\"size-full wp-image-125981\" src=\"https:\/\/i0.wp.com\/www.agrund.com\/wp-content\/uploads\/sites\/6\/2015\/03\/7-Cal\u00e7a-jeans-R159.jpg?resize=550%2C550\" alt=\"7- Cal\u00e7a jeans (R$159)\" width=\"550\" height=\"550\" srcset=\"https:\/\/i0.wp.com\/agrund.com\/wp-content\/uploads\/sites\/6\/2015\/03\/7-Cal\u00e7a-jeans-R159.jpg?w=550&amp;ssl=1 550w, https:\/\/i0.wp.com\/agrund.com\/wp-content\/uploads\/sites\/6\/2015\/03\/7-Cal\u00e7a-jeans-R159.jpg?resize=150%2C150&amp;ssl=1 150w, https:\/\/i0.wp.com\/agrund.com\/wp-content\/uploads\/sites\/6\/2015\/03\/7-Cal\u00e7a-jeans-R159.jpg?resize=300%2C300&amp;ssl=1 300w\" sizes=\"(max-width: 550px) 100vw, 550px\" data-recalc-dims=\"1\" \/><\/a><p id=\"caption-attachment-125981\" class=\"wp-caption-text\">7- Cal\u00e7a jeans (R$159)<\/p><\/div>\n<p>&nbsp;<\/p>\n<p>Imagens: Divulga\u00e7\u00e3o.<\/p>\n","protected":false},"excerpt":{"rendered":"<p>A C&amp;A e a Vicunha T\u00eaxtil juntaram-se em uma cole\u00e7\u00e3o in\u00e9dita de pe\u00e7as femininas e masculinas focadas no jeanswear. A linha, que j\u00e1 est\u00e1 dispon\u00edvel em 61 lojas da rede de fast-fashion, conta com itens em diferentes lavagens e estilos que v\u00e3o do denim cl\u00e1ssico para os mais tradicionais at\u00e9 os destroyed para quem gosta [&hellip;]<\/p>\n","protected":false},"author":8,"featured_media":125982,"comment_status":"open","ping_status":"open","sticky":false,"template":"","format":"standard","meta":{"jetpack_post_was_ever_published":false,"_jetpack_newsletter_access":"","jetpack_publicize_message":"Essa \u00e9 pra quem gosta de jeans: agrund.com mostra as pe\u00e7as da cole\u00e7\u00e3o da C&A em parceria com a Vicunha! http:\/\/wp.me\/p3Hz0n-wLP","jetpack_is_tweetstorm":false,"jetpack_publicize_feature_enabled":true,"jetpack_social_post_already_shared":true,"jetpack_social_options":{"image_generator_settings":{"template":"highway","enabled":false}}},"categories":[2],"tags":[],"jetpack_publicize_connections":[],"jetpack_featured_media_url":"https:\/\/i0.wp.com\/agrund.com\/wp-content\/uploads\/sites\/6\/2015\/03\/slide126.jpg?fit=960%2C300&ssl=1","jetpack_sharing_enabled":true,"jetpack_shortlink":"https:\/\/wp.me\/p3Hz0n-wLP","jetpack_likes_enabled":true,"_links":{"self":[{"href":"https:\/\/agrund.com\/index.php\/wp-json\/wp\/v2\/posts\/125973"}],"collection":[{"href":"https:\/\/agrund.com\/index.php\/wp-json\/wp\/v2\/posts"}],"about":[{"href":"https:\/\/agrund.com\/index.php\/wp-json\/wp\/v2\/types\/post"}],"author":[{"embeddable":true,"href":"https:\/\/agrund.com\/index.php\/wp-json\/wp\/v2\/users\/8"}],"replies":[{"embeddable":true,"href":"https:\/\/agrund.com\/index.php\/wp-json\/wp\/v2\/comments?post=125973"}],"version-history":[{"count":0,"href":"https:\/\/agrund.com\/index.php\/wp-json\/wp\/v2\/posts\/125973\/revisions"}],"wp:featuredmedia":[{"embeddable":true,"href":"https:\/\/agrund.com\/index.php\/wp-json\/wp\/v2\/media\/125982"}],"wp:attachment":[{"href":"https:\/\/agrund.com\/index.php\/wp-json\/wp\/v2\/media?parent=125973"}],"wp:term":[{"taxonomy":"category","embeddable":true,"href":"https:\/\/agrund.com\/index.php\/wp-json\/wp\/v2\/categories?post=125973"},{"taxonomy":"post_tag","embeddable":true,"href":"https:\/\/agrund.com\/index.php\/wp-json\/wp\/v2\/tags?post=125973"}],"curies":[{"name":"wp","href":"https:\/\/api.w.org\/{rel}","templated":true}]}}