{"id":125832,"date":"2015-03-25T12:00:44","date_gmt":"2015-03-25T15:00:44","guid":{"rendered":"http:\/\/www.agrund.com\/?p=125832"},"modified":"2015-03-25T08:05:25","modified_gmt":"2015-03-25T11:05:25","slug":"rita-ora-e-a-garota-propaganda-da-coca-cola","status":"publish","type":"post","link":"https:\/\/agrund.com\/index.php\/rita-ora-e-a-garota-propaganda-da-coca-cola\/","title":{"rendered":"Rita Ora \u00e9 a garota-propaganda da Coca-Cola"},"content":{"rendered":"<p>Para comemorar os 100 anos de sua garrafa de vidro, a Coca-Cola n\u00e3o poderia deixar de fazer um grande evento n\u00e3o \u00e9 mesmo? A marca convocou Rita Ora para inaugurar o bar &#8220;Cola-Cola Contour 100 Bar&#8221;, em Londres, e ela\u00a0apareceu deslumbrante.<br \/>\nNa chegada a cantora usou um vestido longo vermelho da Veni Vici Couture digno de um tapete vermelho do Oscar, e depois dentro do bar trocou para outro longo sexy da grife Sorapol. Um detalhe que chamou a aten\u00e7\u00e3o do Agrund.com foi o sapato da cantora, que assinado por Sophia Webster ele era estampado com o logo da marca de bebidas. Veja na galeria abaixo e conte qual seu look preferido!<\/p>\n<div id=\"attachment_125836\" style=\"width: 570px\" class=\"wp-caption aligncenter\"><a href=\"https:\/\/i0.wp.com\/www.agrund.com\/wp-content\/uploads\/sites\/6\/2015\/03\/rita-ora-red-veni-vici-dress.jpg\"><img aria-describedby=\"caption-attachment-125836\" data-attachment-id=\"125836\" data-permalink=\"https:\/\/agrund.com\/index.php\/rita-ora-e-a-garota-propaganda-da-coca-cola\/rita-ora-red-veni-vici-dress\/\" data-orig-file=\"https:\/\/i0.wp.com\/agrund.com\/wp-content\/uploads\/sites\/6\/2015\/03\/rita-ora-red-veni-vici-dress.jpg?fit=800%2C1204&amp;ssl=1\" data-orig-size=\"800,1204\" data-comments-opened=\"1\" data-image-meta=\"{&quot;aperture&quot;:&quot;0&quot;,&quot;credit&quot;:&quot;&quot;,&quot;camera&quot;:&quot;&quot;,&quot;caption&quot;:&quot;&quot;,&quot;created_timestamp&quot;:&quot;0&quot;,&quot;copyright&quot;:&quot;&quot;,&quot;focal_length&quot;:&quot;0&quot;,&quot;iso&quot;:&quot;0&quot;,&quot;shutter_speed&quot;:&quot;0&quot;,&quot;title&quot;:&quot;&quot;,&quot;orientation&quot;:&quot;0&quot;}\" data-image-title=\"Rita Ora \u00e9 a garota-propaganda da Coca-Cola\" data-image-description=\"\" data-image-caption=\"&lt;p&gt;Rita Ora \u00e9 a garota-propaganda da Coca-Cola&lt;\/p&gt;\n\" data-medium-file=\"https:\/\/i0.wp.com\/agrund.com\/wp-content\/uploads\/sites\/6\/2015\/03\/rita-ora-red-veni-vici-dress.jpg?fit=199%2C300&amp;ssl=1\" data-large-file=\"https:\/\/i0.wp.com\/agrund.com\/wp-content\/uploads\/sites\/6\/2015\/03\/rita-ora-red-veni-vici-dress.jpg?fit=680%2C1024&amp;ssl=1\" decoding=\"async\" loading=\"lazy\" class=\"wp-image-125836\" src=\"https:\/\/i0.wp.com\/www.agrund.com\/wp-content\/uploads\/sites\/6\/2015\/03\/rita-ora-red-veni-vici-dress.jpg?resize=560%2C843\" alt=\"Rita Ora \u00e9 a garota-propaganda da Coca-Cola\" width=\"560\" height=\"843\" srcset=\"https:\/\/i0.wp.com\/agrund.com\/wp-content\/uploads\/sites\/6\/2015\/03\/rita-ora-red-veni-vici-dress.jpg?w=800&amp;ssl=1 800w, https:\/\/i0.wp.com\/agrund.com\/wp-content\/uploads\/sites\/6\/2015\/03\/rita-ora-red-veni-vici-dress.jpg?resize=199%2C300&amp;ssl=1 199w, https:\/\/i0.wp.com\/agrund.com\/wp-content\/uploads\/sites\/6\/2015\/03\/rita-ora-red-veni-vici-dress.jpg?resize=680%2C1024&amp;ssl=1 680w\" sizes=\"(max-width: 560px) 100vw, 560px\" data-recalc-dims=\"1\" \/><\/a><p id=\"caption-attachment-125836\" class=\"wp-caption-text\">Rita Ora \u00e9 a garota-propaganda da Coca-Cola<\/p><\/div>\n<div id=\"attachment_125834\" style=\"width: 570px\" class=\"wp-caption aligncenter\"><a href=\"https:\/\/i0.wp.com\/www.agrund.com\/wp-content\/uploads\/sites\/6\/2015\/03\/rita-ora-red-lipstick-dress.jpg\"><img aria-describedby=\"caption-attachment-125834\" data-attachment-id=\"125834\" data-permalink=\"https:\/\/agrund.com\/index.php\/rita-ora-e-a-garota-propaganda-da-coca-cola\/rita-ora-red-lipstick-dress\/\" data-orig-file=\"https:\/\/i0.wp.com\/agrund.com\/wp-content\/uploads\/sites\/6\/2015\/03\/rita-ora-red-lipstick-dress.jpg?fit=800%2C1204&amp;ssl=1\" data-orig-size=\"800,1204\" data-comments-opened=\"1\" data-image-meta=\"{&quot;aperture&quot;:&quot;0&quot;,&quot;credit&quot;:&quot;&quot;,&quot;camera&quot;:&quot;&quot;,&quot;caption&quot;:&quot;&quot;,&quot;created_timestamp&quot;:&quot;0&quot;,&quot;copyright&quot;:&quot;&quot;,&quot;focal_length&quot;:&quot;0&quot;,&quot;iso&quot;:&quot;0&quot;,&quot;shutter_speed&quot;:&quot;0&quot;,&quot;title&quot;:&quot;&quot;,&quot;orientation&quot;:&quot;0&quot;}\" data-image-title=\"Rita Ora \u00e9 a garota-propaganda da Coca-Cola\" data-image-description=\"\" data-image-caption=\"&lt;p&gt;Rita Ora \u00e9 a garota-propaganda da Coca-Cola&lt;\/p&gt;\n\" data-medium-file=\"https:\/\/i0.wp.com\/agrund.com\/wp-content\/uploads\/sites\/6\/2015\/03\/rita-ora-red-lipstick-dress.jpg?fit=199%2C300&amp;ssl=1\" data-large-file=\"https:\/\/i0.wp.com\/agrund.com\/wp-content\/uploads\/sites\/6\/2015\/03\/rita-ora-red-lipstick-dress.jpg?fit=680%2C1024&amp;ssl=1\" decoding=\"async\" loading=\"lazy\" class=\"wp-image-125834\" src=\"https:\/\/i0.wp.com\/www.agrund.com\/wp-content\/uploads\/sites\/6\/2015\/03\/rita-ora-red-lipstick-dress.jpg?resize=560%2C843\" alt=\"Rita Ora \u00e9 a garota-propaganda da Coca-Cola\" width=\"560\" height=\"843\" srcset=\"https:\/\/i0.wp.com\/agrund.com\/wp-content\/uploads\/sites\/6\/2015\/03\/rita-ora-red-lipstick-dress.jpg?w=800&amp;ssl=1 800w, https:\/\/i0.wp.com\/agrund.com\/wp-content\/uploads\/sites\/6\/2015\/03\/rita-ora-red-lipstick-dress.jpg?resize=199%2C300&amp;ssl=1 199w, https:\/\/i0.wp.com\/agrund.com\/wp-content\/uploads\/sites\/6\/2015\/03\/rita-ora-red-lipstick-dress.jpg?resize=680%2C1024&amp;ssl=1 680w\" sizes=\"(max-width: 560px) 100vw, 560px\" data-recalc-dims=\"1\" \/><\/a><p id=\"caption-attachment-125834\" class=\"wp-caption-text\">Rita Ora \u00e9 a garota-propaganda da Coca-Cola<\/p><\/div>\n<div id=\"attachment_125833\" style=\"width: 570px\" class=\"wp-caption aligncenter\"><a href=\"https:\/\/i0.wp.com\/www.agrund.com\/wp-content\/uploads\/sites\/6\/2015\/03\/ad_163482140.jpg\"><img aria-describedby=\"caption-attachment-125833\" data-attachment-id=\"125833\" data-permalink=\"https:\/\/agrund.com\/index.php\/rita-ora-e-a-garota-propaganda-da-coca-cola\/ad_163482140\/\" data-orig-file=\"https:\/\/i0.wp.com\/agrund.com\/wp-content\/uploads\/sites\/6\/2015\/03\/ad_163482140.jpg?fit=730%2C1000&amp;ssl=1\" data-orig-size=\"730,1000\" data-comments-opened=\"1\" data-image-meta=\"{&quot;aperture&quot;:&quot;0&quot;,&quot;credit&quot;:&quot;XPOSUREPHOTOS.COM&quot;,&quot;camera&quot;:&quot;&quot;,&quot;caption&quot;:&quot;19 Mar 2015 - LONDON - UK  SINGER RITA ORA OPENS THE COCA-COLA CONTOUR CENTENARY BAR TO CELEBRATE 100 YEARS OF THE COCA-COLA CONTOUR BOTTLE IN SOHO, LONDON.  BYLINE MUST READ: TIMMS\\\/XPOSUREPHOTOS.COM  BYLINE MUST READ : XPOSUREPHOTOS.COM  ***UK CLIENTS - PICTURES CONTAINING CHILDREN PLEASE PIXELATE FACE PRIOR TO PUBLICATION ***  **UK CLIENTS MUST CALL PRIOR TO TV OR ONLINE USAGE PLEASE TELEPHONE   44 208 344 2007 **&quot;,&quot;created_timestamp&quot;:&quot;0&quot;,&quot;copyright&quot;:&quot;&quot;,&quot;focal_length&quot;:&quot;0&quot;,&quot;iso&quot;:&quot;0&quot;,&quot;shutter_speed&quot;:&quot;0&quot;,&quot;title&quot;:&quot;&quot;,&quot;orientation&quot;:&quot;0&quot;}\" data-image-title=\"Rita Ora \u00e9 a garota-propaganda da Coca-Cola\" data-image-description=\"&lt;p&gt;19 Mar 2015 &#8211; LONDON &#8211; UK  SINGER RITA ORA OPENS THE COCA-COLA CONTOUR CENTENARY BAR TO CELEBRATE 100 YEARS OF THE COCA-COLA CONTOUR BOTTLE IN SOHO, LONDON.  BYLINE MUST READ: TIMMS\/XPOSUREPHOTOS.COM  BYLINE MUST READ : XPOSUREPHOTOS.COM  ***UK CLIENTS &#8211; PICTURES CONTAINING CHILDREN PLEASE PIXELATE FACE PRIOR TO PUBLICATION ***  **UK CLIENTS MUST CALL PRIOR TO TV OR ONLINE USAGE PLEASE TELEPHONE   44 208 344 2007 **&lt;\/p&gt;\n\" data-image-caption=\"&lt;p&gt;Rita Ora \u00e9 a garota-propaganda da Coca-Cola&lt;\/p&gt;\n\" data-medium-file=\"https:\/\/i0.wp.com\/agrund.com\/wp-content\/uploads\/sites\/6\/2015\/03\/ad_163482140.jpg?fit=219%2C300&amp;ssl=1\" data-large-file=\"https:\/\/i0.wp.com\/agrund.com\/wp-content\/uploads\/sites\/6\/2015\/03\/ad_163482140.jpg?fit=730%2C1000&amp;ssl=1\" decoding=\"async\" loading=\"lazy\" class=\"wp-image-125833\" src=\"https:\/\/i0.wp.com\/www.agrund.com\/wp-content\/uploads\/sites\/6\/2015\/03\/ad_163482140.jpg?resize=560%2C767\" alt=\"Rita Ora \u00e9 a garota-propaganda da Coca-Cola\" width=\"560\" height=\"767\" srcset=\"https:\/\/i0.wp.com\/agrund.com\/wp-content\/uploads\/sites\/6\/2015\/03\/ad_163482140.jpg?w=730&amp;ssl=1 730w, https:\/\/i0.wp.com\/agrund.com\/wp-content\/uploads\/sites\/6\/2015\/03\/ad_163482140.jpg?resize=219%2C300&amp;ssl=1 219w\" sizes=\"(max-width: 560px) 100vw, 560px\" data-recalc-dims=\"1\" \/><\/a><p id=\"caption-attachment-125833\" class=\"wp-caption-text\">Rita Ora \u00e9 a garota-propaganda da Coca-Cola<\/p><\/div>\n<div id=\"attachment_125835\" style=\"width: 570px\" class=\"wp-caption aligncenter\"><a href=\"https:\/\/i0.wp.com\/www.agrund.com\/wp-content\/uploads\/sites\/6\/2015\/03\/rita-ora-red-sorapol-gown.jpg\"><img aria-describedby=\"caption-attachment-125835\" data-attachment-id=\"125835\" data-permalink=\"https:\/\/agrund.com\/index.php\/rita-ora-e-a-garota-propaganda-da-coca-cola\/rita-ora-red-sorapol-gown\/\" data-orig-file=\"https:\/\/i0.wp.com\/agrund.com\/wp-content\/uploads\/sites\/6\/2015\/03\/rita-ora-red-sorapol-gown.jpg?fit=800%2C533&amp;ssl=1\" data-orig-size=\"800,533\" data-comments-opened=\"1\" data-image-meta=\"{&quot;aperture&quot;:&quot;0&quot;,&quot;credit&quot;:&quot;&quot;,&quot;camera&quot;:&quot;&quot;,&quot;caption&quot;:&quot;&quot;,&quot;created_timestamp&quot;:&quot;0&quot;,&quot;copyright&quot;:&quot;&quot;,&quot;focal_length&quot;:&quot;0&quot;,&quot;iso&quot;:&quot;0&quot;,&quot;shutter_speed&quot;:&quot;0&quot;,&quot;title&quot;:&quot;&quot;,&quot;orientation&quot;:&quot;0&quot;}\" data-image-title=\"Rita Ora \u00e9 a garota-propaganda da Coca-Cola\" data-image-description=\"\" data-image-caption=\"&lt;p&gt;Rita Ora \u00e9 a garota-propaganda da Coca-Cola&lt;\/p&gt;\n\" data-medium-file=\"https:\/\/i0.wp.com\/agrund.com\/wp-content\/uploads\/sites\/6\/2015\/03\/rita-ora-red-sorapol-gown.jpg?fit=300%2C200&amp;ssl=1\" data-large-file=\"https:\/\/i0.wp.com\/agrund.com\/wp-content\/uploads\/sites\/6\/2015\/03\/rita-ora-red-sorapol-gown.jpg?fit=800%2C533&amp;ssl=1\" decoding=\"async\" loading=\"lazy\" class=\"wp-image-125835\" src=\"https:\/\/i0.wp.com\/www.agrund.com\/wp-content\/uploads\/sites\/6\/2015\/03\/rita-ora-red-sorapol-gown.jpg?resize=560%2C373\" alt=\"Rita Ora \u00e9 a garota-propaganda da Coca-Cola\" width=\"560\" height=\"373\" srcset=\"https:\/\/i0.wp.com\/agrund.com\/wp-content\/uploads\/sites\/6\/2015\/03\/rita-ora-red-sorapol-gown.jpg?w=800&amp;ssl=1 800w, https:\/\/i0.wp.com\/agrund.com\/wp-content\/uploads\/sites\/6\/2015\/03\/rita-ora-red-sorapol-gown.jpg?resize=300%2C200&amp;ssl=1 300w\" sizes=\"(max-width: 560px) 100vw, 560px\" data-recalc-dims=\"1\" \/><\/a><p id=\"caption-attachment-125835\" class=\"wp-caption-text\">Rita Ora \u00e9 a garota-propaganda da Coca-Cola<\/p><\/div>\n","protected":false},"excerpt":{"rendered":"<p>Para comemorar os 100 anos de sua garrafa de vidro, a Coca-Cola n\u00e3o poderia deixar de fazer um grande evento n\u00e3o \u00e9 mesmo? A marca convocou Rita Ora para inaugurar o bar &#8220;Cola-Cola Contour 100 Bar&#8221;, em Londres, e ela\u00a0apareceu deslumbrante. Na chegada a cantora usou um vestido longo vermelho da Veni Vici Couture digno [&hellip;]<\/p>\n","protected":false},"author":8,"featured_media":125838,"comment_status":"open","ping_status":"open","sticky":false,"template":"","format":"standard","meta":{"jetpack_post_was_ever_published":false,"_jetpack_newsletter_access":"","jetpack_publicize_message":"Rita Ora aparece como garota-propaganda da Coca-Cola http:\/\/wp.me\/p3Hz0n-wJy","jetpack_is_tweetstorm":false,"jetpack_publicize_feature_enabled":true,"jetpack_social_post_already_shared":true,"jetpack_social_options":{"image_generator_settings":{"template":"highway","enabled":false}}},"categories":[2],"tags":[],"jetpack_publicize_connections":[],"jetpack_featured_media_url":"https:\/\/i0.wp.com\/agrund.com\/wp-content\/uploads\/sites\/6\/2015\/03\/slide114.jpg?fit=960%2C300&ssl=1","jetpack_sharing_enabled":true,"jetpack_shortlink":"https:\/\/wp.me\/p3Hz0n-wJy","jetpack_likes_enabled":true,"_links":{"self":[{"href":"https:\/\/agrund.com\/index.php\/wp-json\/wp\/v2\/posts\/125832"}],"collection":[{"href":"https:\/\/agrund.com\/index.php\/wp-json\/wp\/v2\/posts"}],"about":[{"href":"https:\/\/agrund.com\/index.php\/wp-json\/wp\/v2\/types\/post"}],"author":[{"embeddable":true,"href":"https:\/\/agrund.com\/index.php\/wp-json\/wp\/v2\/users\/8"}],"replies":[{"embeddable":true,"href":"https:\/\/agrund.com\/index.php\/wp-json\/wp\/v2\/comments?post=125832"}],"version-history":[{"count":0,"href":"https:\/\/agrund.com\/index.php\/wp-json\/wp\/v2\/posts\/125832\/revisions"}],"wp:featuredmedia":[{"embeddable":true,"href":"https:\/\/agrund.com\/index.php\/wp-json\/wp\/v2\/media\/125838"}],"wp:attachment":[{"href":"https:\/\/agrund.com\/index.php\/wp-json\/wp\/v2\/media?parent=125832"}],"wp:term":[{"taxonomy":"category","embeddable":true,"href":"https:\/\/agrund.com\/index.php\/wp-json\/wp\/v2\/categories?post=125832"},{"taxonomy":"post_tag","embeddable":true,"href":"https:\/\/agrund.com\/index.php\/wp-json\/wp\/v2\/tags?post=125832"}],"curies":[{"name":"wp","href":"https:\/\/api.w.org\/{rel}","templated":true}]}}