{"id":125810,"date":"2015-03-24T13:00:59","date_gmt":"2015-03-24T16:00:59","guid":{"rendered":"http:\/\/www.agrund.com\/?p=125810"},"modified":"2015-03-24T13:13:56","modified_gmt":"2015-03-24T16:13:56","slug":"beyonce-e-a-nova-designer-de-sapatos","status":"publish","type":"post","link":"https:\/\/agrund.com\/index.php\/beyonce-e-a-nova-designer-de-sapatos\/","title":{"rendered":"Beyonc\u00e9 \u00e9 a nova designer de sapatos"},"content":{"rendered":"<p>Os f\u00e3s do estilo da rainha do pop Beyonc\u00e9 j\u00e1 podem comemorar pois ela vai lan\u00e7ar um sapato em parceia com Giuseppe Zanotti. Durante uma entrevista ao site da Forbes, o designer contou que desenvolveu um par de sapatos junto com a cantora e que ele ser\u00e1 lan\u00e7ado\u00a0daqui duas semanas! Ficou curiosa? Ent\u00e3o saiba que o modelo n\u00e3o ser\u00e1 nada b\u00e1sico, e ter\u00e1 plataformas pesadas e um salto bem fino.<br \/>\n\u201cBeyonc\u00e9 tem ideias muito claras e sabe exatamente o que quer\u201d, afirmou Giuseppe sem poupar elogios \u00e0 cantora.<\/p>\n<div id=\"attachment_125811\" style=\"width: 570px\" class=\"wp-caption aligncenter\"><a href=\"https:\/\/i0.wp.com\/www.agrund.com\/wp-content\/uploads\/sites\/6\/2015\/03\/454109058.jpg\"><img aria-describedby=\"caption-attachment-125811\" data-attachment-id=\"125811\" data-permalink=\"https:\/\/agrund.com\/index.php\/beyonce-e-a-nova-designer-de-sapatos\/2014-mtv-video-music-awards-roaming-show\/\" data-orig-file=\"https:\/\/i0.wp.com\/agrund.com\/wp-content\/uploads\/sites\/6\/2015\/03\/454109058.jpg?fit=2000%2C1510&amp;ssl=1\" data-orig-size=\"2000,1510\" data-comments-opened=\"1\" data-image-meta=\"{&quot;aperture&quot;:&quot;0&quot;,&quot;credit&quot;:&quot;Getty Images for MTV&quot;,&quot;camera&quot;:&quot;&quot;,&quot;caption&quot;:&quot;INGLEWOOD, CA - AUGUST 24:  Singer Beyonce performs onstage during the 2014 MTV Video Music Awards at The Forum on August 24, 2014 in Inglewood, California.  (Photo by Kevin Winter\\\/MTV1415\\\/Getty Images for MTV)&quot;,&quot;created_timestamp&quot;:&quot;0&quot;,&quot;copyright&quot;:&quot;2014 Kevin Winter\\\/MTV1415&quot;,&quot;focal_length&quot;:&quot;0&quot;,&quot;iso&quot;:&quot;0&quot;,&quot;shutter_speed&quot;:&quot;0&quot;,&quot;title&quot;:&quot;2014 MTV Video Music Awards - Roaming Show&quot;,&quot;orientation&quot;:&quot;0&quot;}\" data-image-title=\"2014 MTV Video Music Awards &#8211; Roaming Show\" data-image-description=\"&lt;p&gt;INGLEWOOD, CA &#8211; AUGUST 24:  Singer Beyonce performs onstage during the 2014 MTV Video Music Awards at The Forum on August 24, 2014 in Inglewood, California.  (Photo by Kevin Winter\/MTV1415\/Getty Images for MTV)&lt;\/p&gt;\n\" data-image-caption=\"&lt;p&gt;Beyonc\u00e9 \u00e9 a nova designer de sapatos&lt;\/p&gt;\n\" data-medium-file=\"https:\/\/i0.wp.com\/agrund.com\/wp-content\/uploads\/sites\/6\/2015\/03\/454109058.jpg?fit=300%2C227&amp;ssl=1\" data-large-file=\"https:\/\/i0.wp.com\/agrund.com\/wp-content\/uploads\/sites\/6\/2015\/03\/454109058.jpg?fit=1024%2C773&amp;ssl=1\" decoding=\"async\" loading=\"lazy\" class=\"wp-image-125811\" src=\"https:\/\/i0.wp.com\/www.agrund.com\/wp-content\/uploads\/sites\/6\/2015\/03\/454109058.jpg?resize=560%2C423\" alt=\"Beyonc\u00e9 \u00e9 a nova designer de sapatos\" width=\"560\" height=\"423\" srcset=\"https:\/\/i0.wp.com\/agrund.com\/wp-content\/uploads\/sites\/6\/2015\/03\/454109058.jpg?w=2000&amp;ssl=1 2000w, https:\/\/i0.wp.com\/agrund.com\/wp-content\/uploads\/sites\/6\/2015\/03\/454109058.jpg?resize=300%2C227&amp;ssl=1 300w, https:\/\/i0.wp.com\/agrund.com\/wp-content\/uploads\/sites\/6\/2015\/03\/454109058.jpg?resize=1024%2C773&amp;ssl=1 1024w\" sizes=\"(max-width: 560px) 100vw, 560px\" data-recalc-dims=\"1\" \/><\/a><p id=\"caption-attachment-125811\" class=\"wp-caption-text\">Beyonc\u00e9 \u00e9 a nova designer de sapatos<\/p><\/div>\n<p>&nbsp;<\/p>\n<p>Imagem: Reprodu\u00e7\u00e3o.<\/p>\n","protected":false},"excerpt":{"rendered":"<p>Os f\u00e3s do estilo da rainha do pop Beyonc\u00e9 j\u00e1 podem comemorar pois ela vai lan\u00e7ar um sapato em parceia com Giuseppe Zanotti. Durante uma entrevista ao site da Forbes, o designer contou que desenvolveu um par de sapatos junto com a cantora e que ele ser\u00e1 lan\u00e7ado\u00a0daqui duas semanas! Ficou curiosa? Ent\u00e3o saiba que [&hellip;]<\/p>\n","protected":false},"author":8,"featured_media":125812,"comment_status":"open","ping_status":"open","sticky":false,"template":"","format":"standard","meta":{"jetpack_post_was_ever_published":false,"_jetpack_newsletter_access":"","jetpack_publicize_message":"Beyonc\u00e9 vai lan\u00e7ar um sapato em parceria com Giuseppe Zanotti: http:\/\/wp.me\/p3Hz0n-wJc","jetpack_is_tweetstorm":false,"jetpack_publicize_feature_enabled":true,"jetpack_social_post_already_shared":true,"jetpack_social_options":{"image_generator_settings":{"template":"highway","enabled":false}}},"categories":[2],"tags":[],"jetpack_publicize_connections":[],"jetpack_featured_media_url":"https:\/\/i0.wp.com\/agrund.com\/wp-content\/uploads\/sites\/6\/2015\/03\/slide110.jpg?fit=960%2C300&ssl=1","jetpack_sharing_enabled":true,"jetpack_shortlink":"https:\/\/wp.me\/p3Hz0n-wJc","jetpack_likes_enabled":true,"_links":{"self":[{"href":"https:\/\/agrund.com\/index.php\/wp-json\/wp\/v2\/posts\/125810"}],"collection":[{"href":"https:\/\/agrund.com\/index.php\/wp-json\/wp\/v2\/posts"}],"about":[{"href":"https:\/\/agrund.com\/index.php\/wp-json\/wp\/v2\/types\/post"}],"author":[{"embeddable":true,"href":"https:\/\/agrund.com\/index.php\/wp-json\/wp\/v2\/users\/8"}],"replies":[{"embeddable":true,"href":"https:\/\/agrund.com\/index.php\/wp-json\/wp\/v2\/comments?post=125810"}],"version-history":[{"count":0,"href":"https:\/\/agrund.com\/index.php\/wp-json\/wp\/v2\/posts\/125810\/revisions"}],"wp:featuredmedia":[{"embeddable":true,"href":"https:\/\/agrund.com\/index.php\/wp-json\/wp\/v2\/media\/125812"}],"wp:attachment":[{"href":"https:\/\/agrund.com\/index.php\/wp-json\/wp\/v2\/media?parent=125810"}],"wp:term":[{"taxonomy":"category","embeddable":true,"href":"https:\/\/agrund.com\/index.php\/wp-json\/wp\/v2\/categories?post=125810"},{"taxonomy":"post_tag","embeddable":true,"href":"https:\/\/agrund.com\/index.php\/wp-json\/wp\/v2\/tags?post=125810"}],"curies":[{"name":"wp","href":"https:\/\/api.w.org\/{rel}","templated":true}]}}